{"id":162943,"date":"2025-10-15T15:45:52","date_gmt":"2025-10-15T15:45:52","guid":{"rendered":"https:\/\/www.nettali.com\/?p=162943"},"modified":"2025-10-15T15:45:52","modified_gmt":"2025-10-15T15:45:52","slug":"affaire-omart-city-deux-ans-de-prison-ferme-pour-le-promoteur-abdoulaye-mamadou-guisse","status":"publish","type":"post","link":"https:\/\/www.nettali.com\/2025\/10\/15\/affaire-omart-city-deux-ans-de-prison-ferme-pour-le-promoteur-abdoulaye-mamadou-guisse\/","title":{"rendered":"AFFAIRE OMART CITY - Deux ans de prison ferme pour le promoteur Abdoulaye Mamadou Guiss\u00e9"},"content":{"rendered":"<p data-start=\"206\" data-end=\"449\"><strong>NETTALI.COM - Le tribunal de Pikine-Gu\u00e9diawaye a rendu, ce mardi, son verdict dans l\u2019affaire dite \u00ab Omart City \u00bb, une vaste escroquerie immobili\u00e8re ayant pi\u00e9g\u00e9 des centaines de S\u00e9n\u00e9galais s\u00e9duits par la promesse de logements sociaux \u00e0 prix abordables.<\/strong><\/p>\n<p data-start=\"451\" data-end=\"863\">Abdoulaye Mamadou Guiss\u00e9, pr\u00e9sident de la soci\u00e9t\u00e9 Omart City S\u00e9n\u00e9gal, a \u00e9t\u00e9 reconnu coupable d\u2019escroquerie et condamn\u00e9 \u00e0 deux ans de prison ferme, l\u00e0 o\u00f9 le parquet avait requis trois ans. Le tribunal a \u00e9galement ordonn\u00e9 le remboursement des sommes vers\u00e9es par les parties civiles, estim\u00e9es entre 5 500 et 6 000 francs CFA par victime.<\/p>\n<p data-start=\"865\" data-end=\"1283\">Son collaborateur, pr\u00e9sent\u00e9 comme directeur de cabinet, Pape Boubacar Camara, a \u00e9t\u00e9 condamn\u00e9 \u00e0 un an de prison, dont six mois ferme, pour sa participation aux faits. En revanche, Khady Faye, accus\u00e9e d\u2019avoir usurp\u00e9 l\u2019identit\u00e9 d\u2019une pr\u00e9tendue proche du pr\u00e9sident Bassirou Diomaye Faye, a \u00e9t\u00e9 relax\u00e9e, malgr\u00e9 les r\u00e9quisitions du minist\u00e8re public qui r\u00e9clamait deux ans ferme contre elle.<\/p>\n<p data-start=\"1285\" data-end=\"1468\">L\u2019audience a aussi permis de mesurer l\u2019ampleur du pr\u00e9judice, avec pr\u00e8s de 200 nouvelles victimes venues se constituer parties civiles, s\u2019ajoutant \u00e0 celles d\u00e9j\u00e0 enregistr\u00e9es.<\/p>\n<p data-start=\"1470\" data-end=\"1771\">Ce verdict marque une \u00e9tape cl\u00e9 dans un dossier qui a profond\u00e9ment choqu\u00e9 l\u2019opinion publique, tant par le caract\u00e8re organis\u00e9 de l\u2019escroquerie que par l\u2019ampleur des pertes subies par des familles modestes, aujourd\u2019hui priv\u00e9es de leurs \u00e9conomies et de leur r\u00eave d\u2019acc\u00e8s \u00e0 la propri\u00e9t\u00e9.<\/p>\n<div class='share-to-whatsapp-wrapper'><div class='share-on-whsp'>PARTAGER SUR : <\/div><a data-text='AFFAIRE OMART CITY - Deux ans de prison ferme pour le promoteur Abdoulaye Mamadou Guiss\u00e9' data-link='https:\/\/www.nettali.com\/2025\/10\/15\/affaire-omart-city-deux-ans-de-prison-ferme-pour-le-promoteur-abdoulaye-mamadou-guisse\/' class='whatsapp-button whatsapp-share'>WhatsApp<\/a><div class='clear '><\/div><\/div>","protected":false},"excerpt":{"rendered":"<p>NETTALI.COM - Le tribunal de Pikine-Gu\u00e9diawaye a rendu, ce mardi, son verdict dans l\u2019affaire dite \u00ab Omart City \u00bb, une vaste escroquerie immobili\u00e8re ayant pi\u00e9g\u00e9 des centaines de S\u00e9n\u00e9galais s\u00e9duits par la promesse de logements sociaux \u00e0 prix abordables. Abdoulaye Mamadou Guiss\u00e9, pr\u00e9sident de la soci\u00e9t\u00e9 Omart City S\u00e9n\u00e9gal, a \u00e9t\u00e9 reconnu coupable d\u2019escroquerie et [&hellip;]<\/p>\n","protected":false},"author":4,"featured_media":144946,"comment_status":"open","ping_status":"open","sticky":false,"template":"","format":"standard","meta":{"_et_pb_use_builder":"","_et_pb_old_content":""},"categories":[3],"tags":[],"yoast_head":"<!-- This site is optimized with the Yoast SEO Premium plugin v17.8 (Yoast SEO v17.8) - https:\/\/yoast.com\/wordpress\/plugins\/seo\/ -->\n<title>AFFAIRE OMART CITY - Deux ans de prison ferme pour le promoteur Abdoulaye Mamadou Guiss\u00e9 | Nettali.com<\/title>\n<meta name=\"robots\" content=\"index, follow, max-snippet:-1, max-image-preview:large, max-video-preview:-1\" \/>\n<link rel=\"canonical\" href=\"https:\/\/www.nettali.com\/2025\/10\/15\/affaire-omart-city-deux-ans-de-prison-ferme-pour-le-promoteur-abdoulaye-mamadou-guisse\/\" \/>\n<meta property=\"og:locale\" content=\"fr_FR\" \/>\n<meta property=\"og:type\" content=\"article\" \/>\n<meta property=\"og:title\" content=\"AFFAIRE OMART CITY - Deux ans de prison ferme pour le promoteur Abdoulaye Mamadou Guiss\u00e9\" \/>\n<meta property=\"og:description\" content=\"NETTALI.COM - Le tribunal de Pikine-Gu\u00e9diawaye a rendu, ce mardi, son verdict dans l\u2019affaire dite \u00ab Omart City \u00bb, une vaste escroquerie immobili\u00e8re ayant pi\u00e9g\u00e9 des centaines de S\u00e9n\u00e9galais s\u00e9duits par la promesse de logements sociaux \u00e0 prix abordables. Abdoulaye Mamadou Guiss\u00e9, pr\u00e9sident de la soci\u00e9t\u00e9 Omart City S\u00e9n\u00e9gal, a \u00e9t\u00e9 reconnu coupable d\u2019escroquerie et [&hellip;]\" \/>\n<meta property=\"og:url\" content=\"https:\/\/www.nettali.com\/2025\/10\/15\/affaire-omart-city-deux-ans-de-prison-ferme-pour-le-promoteur-abdoulaye-mamadou-guisse\/\" \/>\n<meta property=\"og:site_name\" content=\"Nettali.com\" \/>\n<meta property=\"article:publisher\" content=\"https:\/\/www.facebook.com\/nettalicom\" \/>\n<meta property=\"article:published_time\" content=\"2025-10-15T15:45:52+00:00\" \/>\n<meta property=\"og:image\" content=\"https:\/\/www.nettali.com\/wp-content\/uploads\/2024\/12\/abdoulaye-mamadou-guisse-1.jpg\" \/>\n\t<meta property=\"og:image:width\" content=\"727\" \/>\n\t<meta property=\"og:image:height\" content=\"486\" \/>\n<meta name=\"twitter:card\" content=\"summary_large_image\" \/>\n<meta name=\"twitter:label1\" content=\"\u00c9crit par\" \/>\n\t<meta name=\"twitter:data1\" content=\"Daouda\" \/>\n\t<meta name=\"twitter:label2\" content=\"Dur\u00e9e de lecture estim\u00e9e\" \/>\n\t<meta name=\"twitter:data2\" content=\"2 minutes\" \/>\n<script type=\"application\/ld+json\" class=\"yoast-schema-graph\">{\"@context\":\"https:\/\/schema.org\",\"@graph\":[{\"@type\":\"WebSite\",\"@id\":\"https:\/\/www.nettali.com\/#website\",\"url\":\"https:\/\/www.nettali.com\/\",\"name\":\"Nettali.com\",\"description\":\"Le rendez-vous critique du Net\",\"potentialAction\":[{\"@type\":\"SearchAction\",\"target\":{\"@type\":\"EntryPoint\",\"urlTemplate\":\"https:\/\/www.nettali.com\/?s={search_term_string}\"},\"query-input\":\"required name=search_term_string\"}],\"inLanguage\":\"fr-FR\"},{\"@type\":\"ImageObject\",\"@id\":\"https:\/\/www.nettali.com\/2025\/10\/15\/affaire-omart-city-deux-ans-de-prison-ferme-pour-le-promoteur-abdoulaye-mamadou-guisse\/#primaryimage\",\"inLanguage\":\"fr-FR\",\"url\":\"https:\/\/www.nettali.com\/wp-content\/uploads\/2024\/12\/abdoulaye-mamadou-guisse-1.jpg\",\"contentUrl\":\"https:\/\/www.nettali.com\/wp-content\/uploads\/2024\/12\/abdoulaye-mamadou-guisse-1.jpg\",\"width\":727,\"height\":486},{\"@type\":\"WebPage\",\"@id\":\"https:\/\/www.nettali.com\/2025\/10\/15\/affaire-omart-city-deux-ans-de-prison-ferme-pour-le-promoteur-abdoulaye-mamadou-guisse\/#webpage\",\"url\":\"https:\/\/www.nettali.com\/2025\/10\/15\/affaire-omart-city-deux-ans-de-prison-ferme-pour-le-promoteur-abdoulaye-mamadou-guisse\/\",\"name\":\"AFFAIRE OMART CITY - Deux ans de prison ferme pour le promoteur Abdoulaye Mamadou Guiss\\u00e9 | Nettali.com\",\"isPartOf\":{\"@id\":\"https:\/\/www.nettali.com\/#website\"},\"primaryImageOfPage\":{\"@id\":\"https:\/\/www.nettali.com\/2025\/10\/15\/affaire-omart-city-deux-ans-de-prison-ferme-pour-le-promoteur-abdoulaye-mamadou-guisse\/#primaryimage\"},\"datePublished\":\"2025-10-15T15:45:52+00:00\",\"dateModified\":\"2025-10-15T15:45:52+00:00\",\"author\":{\"@id\":\"https:\/\/www.nettali.com\/#\/schema\/person\/3317e0bb3aa1da309fbf7b2780901bf4\"},\"breadcrumb\":{\"@id\":\"https:\/\/www.nettali.com\/2025\/10\/15\/affaire-omart-city-deux-ans-de-prison-ferme-pour-le-promoteur-abdoulaye-mamadou-guisse\/#breadcrumb\"},\"inLanguage\":\"fr-FR\",\"potentialAction\":[{\"@type\":\"ReadAction\",\"target\":[\"https:\/\/www.nettali.com\/2025\/10\/15\/affaire-omart-city-deux-ans-de-prison-ferme-pour-le-promoteur-abdoulaye-mamadou-guisse\/\"]}]},{\"@type\":\"BreadcrumbList\",\"@id\":\"https:\/\/www.nettali.com\/2025\/10\/15\/affaire-omart-city-deux-ans-de-prison-ferme-pour-le-promoteur-abdoulaye-mamadou-guisse\/#breadcrumb\",\"itemListElement\":[{\"@type\":\"ListItem\",\"position\":1,\"name\":\"Accueil\",\"item\":\"https:\/\/www.nettali.com\/\"},{\"@type\":\"ListItem\",\"position\":2,\"name\":\"AFFAIRE OMART CITY - Deux ans de prison ferme pour le promoteur Abdoulaye Mamadou Guiss\\u00e9\"}]},{\"@type\":\"Person\",\"@id\":\"https:\/\/www.nettali.com\/#\/schema\/person\/3317e0bb3aa1da309fbf7b2780901bf4\",\"name\":\"Daouda\",\"image\":{\"@type\":\"ImageObject\",\"@id\":\"https:\/\/www.nettali.com\/#personlogo\",\"inLanguage\":\"fr-FR\",\"url\":\"https:\/\/secure.gravatar.com\/avatar\/8d143b5a49345098ddcfee1c49c2f47c?s=96&d=mm&r=g\",\"contentUrl\":\"https:\/\/secure.gravatar.com\/avatar\/8d143b5a49345098ddcfee1c49c2f47c?s=96&d=mm&r=g\",\"caption\":\"Daouda\"},\"sameAs\":[\"https:\/\/www.nettali.com\"]}]}<\/script>\n<!-- \/ Yoast SEO Premium plugin. -->","yoast_head_json":{"title":"AFFAIRE OMART CITY - Deux ans de prison ferme pour le promoteur Abdoulaye Mamadou Guiss\u00e9 | Nettali.com","robots":{"index":"index","follow":"follow","max-snippet":"max-snippet:-1","max-image-preview":"max-image-preview:large","max-video-preview":"max-video-preview:-1"},"canonical":"https:\/\/www.nettali.com\/2025\/10\/15\/affaire-omart-city-deux-ans-de-prison-ferme-pour-le-promoteur-abdoulaye-mamadou-guisse\/","og_locale":"fr_FR","og_type":"article","og_title":"AFFAIRE OMART CITY - Deux ans de prison ferme pour le promoteur Abdoulaye Mamadou Guiss\u00e9","og_description":"NETTALI.COM - Le tribunal de Pikine-Gu\u00e9diawaye a rendu, ce mardi, son verdict dans l\u2019affaire dite \u00ab Omart City \u00bb, une vaste escroquerie immobili\u00e8re ayant pi\u00e9g\u00e9 des centaines de S\u00e9n\u00e9galais s\u00e9duits par la promesse de logements sociaux \u00e0 prix abordables. Abdoulaye Mamadou Guiss\u00e9, pr\u00e9sident de la soci\u00e9t\u00e9 Omart City S\u00e9n\u00e9gal, a \u00e9t\u00e9 reconnu coupable d\u2019escroquerie et [&hellip;]","og_url":"https:\/\/www.nettali.com\/2025\/10\/15\/affaire-omart-city-deux-ans-de-prison-ferme-pour-le-promoteur-abdoulaye-mamadou-guisse\/","og_site_name":"Nettali.com","article_publisher":"https:\/\/www.facebook.com\/nettalicom","article_published_time":"2025-10-15T15:45:52+00:00","og_image":[{"width":727,"height":486,"url":"https:\/\/www.nettali.com\/wp-content\/uploads\/2024\/12\/abdoulaye-mamadou-guisse-1.jpg","type":"image\/jpeg"}],"twitter_card":"summary_large_image","twitter_misc":{"\u00c9crit par":"Daouda","Dur\u00e9e de lecture estim\u00e9e":"2 minutes"},"schema":{"@context":"https:\/\/schema.org","@graph":[{"@type":"WebSite","@id":"https:\/\/www.nettali.com\/#website","url":"https:\/\/www.nettali.com\/","name":"Nettali.com","description":"Le rendez-vous critique du Net","potentialAction":[{"@type":"SearchAction","target":{"@type":"EntryPoint","urlTemplate":"https:\/\/www.nettali.com\/?s={search_term_string}"},"query-input":"required name=search_term_string"}],"inLanguage":"fr-FR"},{"@type":"ImageObject","@id":"https:\/\/www.nettali.com\/2025\/10\/15\/affaire-omart-city-deux-ans-de-prison-ferme-pour-le-promoteur-abdoulaye-mamadou-guisse\/#primaryimage","inLanguage":"fr-FR","url":"https:\/\/www.nettali.com\/wp-content\/uploads\/2024\/12\/abdoulaye-mamadou-guisse-1.jpg","contentUrl":"https:\/\/www.nettali.com\/wp-content\/uploads\/2024\/12\/abdoulaye-mamadou-guisse-1.jpg","width":727,"height":486},{"@type":"WebPage","@id":"https:\/\/www.nettali.com\/2025\/10\/15\/affaire-omart-city-deux-ans-de-prison-ferme-pour-le-promoteur-abdoulaye-mamadou-guisse\/#webpage","url":"https:\/\/www.nettali.com\/2025\/10\/15\/affaire-omart-city-deux-ans-de-prison-ferme-pour-le-promoteur-abdoulaye-mamadou-guisse\/","name":"AFFAIRE OMART CITY - Deux ans de prison ferme pour le promoteur Abdoulaye Mamadou Guiss\u00e9 | Nettali.com","isPartOf":{"@id":"https:\/\/www.nettali.com\/#website"},"primaryImageOfPage":{"@id":"https:\/\/www.nettali.com\/2025\/10\/15\/affaire-omart-city-deux-ans-de-prison-ferme-pour-le-promoteur-abdoulaye-mamadou-guisse\/#primaryimage"},"datePublished":"2025-10-15T15:45:52+00:00","dateModified":"2025-10-15T15:45:52+00:00","author":{"@id":"https:\/\/www.nettali.com\/#\/schema\/person\/3317e0bb3aa1da309fbf7b2780901bf4"},"breadcrumb":{"@id":"https:\/\/www.nettali.com\/2025\/10\/15\/affaire-omart-city-deux-ans-de-prison-ferme-pour-le-promoteur-abdoulaye-mamadou-guisse\/#breadcrumb"},"inLanguage":"fr-FR","potentialAction":[{"@type":"ReadAction","target":["https:\/\/www.nettali.com\/2025\/10\/15\/affaire-omart-city-deux-ans-de-prison-ferme-pour-le-promoteur-abdoulaye-mamadou-guisse\/"]}]},{"@type":"BreadcrumbList","@id":"https:\/\/www.nettali.com\/2025\/10\/15\/affaire-omart-city-deux-ans-de-prison-ferme-pour-le-promoteur-abdoulaye-mamadou-guisse\/#breadcrumb","itemListElement":[{"@type":"ListItem","position":1,"name":"Accueil","item":"https:\/\/www.nettali.com\/"},{"@type":"ListItem","position":2,"name":"AFFAIRE OMART CITY - Deux ans de prison ferme pour le promoteur Abdoulaye Mamadou Guiss\u00e9"}]},{"@type":"Person","@id":"https:\/\/www.nettali.com\/#\/schema\/person\/3317e0bb3aa1da309fbf7b2780901bf4","name":"Daouda","image":{"@type":"ImageObject","@id":"https:\/\/www.nettali.com\/#personlogo","inLanguage":"fr-FR","url":"https:\/\/secure.gravatar.com\/avatar\/8d143b5a49345098ddcfee1c49c2f47c?s=96&d=mm&r=g","contentUrl":"https:\/\/secure.gravatar.com\/avatar\/8d143b5a49345098ddcfee1c49c2f47c?s=96&d=mm&r=g","caption":"Daouda"},"sameAs":["https:\/\/www.nettali.com"]}]}},"_links":{"self":[{"href":"https:\/\/www.nettali.com\/rest\/wp\/v2\/posts\/162943"}],"collection":[{"href":"https:\/\/www.nettali.com\/rest\/wp\/v2\/posts"}],"about":[{"href":"https:\/\/www.nettali.com\/rest\/wp\/v2\/types\/post"}],"author":[{"embeddable":true,"href":"https:\/\/www.nettali.com\/rest\/wp\/v2\/users\/4"}],"replies":[{"embeddable":true,"href":"https:\/\/www.nettali.com\/rest\/wp\/v2\/comments?post=162943"}],"version-history":[{"count":1,"href":"https:\/\/www.nettali.com\/rest\/wp\/v2\/posts\/162943\/revisions"}],"predecessor-version":[{"id":162944,"href":"https:\/\/www.nettali.com\/rest\/wp\/v2\/posts\/162943\/revisions\/162944"}],"wp:featuredmedia":[{"embeddable":true,"href":"https:\/\/www.nettali.com\/rest\/wp\/v2\/media\/144946"}],"wp:attachment":[{"href":"https:\/\/www.nettali.com\/rest\/wp\/v2\/media?parent=162943"}],"wp:term":[{"taxonomy":"category","embeddable":true,"href":"https:\/\/www.nettali.com\/rest\/wp\/v2\/categories?post=162943"},{"taxonomy":"post_tag","embeddable":true,"href":"https:\/\/www.nettali.com\/rest\/wp\/v2\/tags?post=162943"}],"curies":[{"name":"wp","href":"https:\/\/api.w.org\/{rel}","templated":true}]}}