{"id":162939,"date":"2025-10-15T15:38:07","date_gmt":"2025-10-15T15:38:07","guid":{"rendered":"https:\/\/www.nettali.com\/?p=162939"},"modified":"2025-10-15T15:38:07","modified_gmt":"2025-10-15T15:38:07","slug":"fatick-un-nouveau-cas-de-fievre-de-la-vallee-du-rift-confirme-a-dioffior","status":"publish","type":"post","link":"https:\/\/www.nettali.com\/2025\/10\/15\/fatick-un-nouveau-cas-de-fievre-de-la-vallee-du-rift-confirme-a-dioffior\/","title":{"rendered":"FATICK - Un nouveau cas de fi\u00e8vre de la Vall\u00e9e du Rift confirm\u00e9 \u00e0 Dioffior"},"content":{"rendered":"<p data-start=\"207\" data-end=\"397\"><strong>NETTALI.COM - Un nouveau cas de fi\u00e8vre de la Vall\u00e9e du Rift (FVR) a \u00e9t\u00e9 confirm\u00e9 \u00e0 Dioffior, dans la r\u00e9gion de Fatick, a annonc\u00e9 le docteur Assane Ndiaye, directeur r\u00e9gional de la sant\u00e9.<\/strong><\/p>\n<p data-start=\"399\" data-end=\"676\">Le patient, un \u00e9leveur \u00e2g\u00e9 d\u2019une quarantaine d\u2019ann\u00e9es, revient r\u00e9cemment de Dahra Djolof, dans le nord-ouest du pays. Ce cas est le deuxi\u00e8me signal\u00e9 dans la r\u00e9gion m\u00e9dicale de Fatick, apr\u00e8s une premi\u00e8re infection d\u00e9tect\u00e9e la semaine derni\u00e8re dans la m\u00eame commune.<\/p>\n<p data-start=\"678\" data-end=\"877\">Selon le docteur Ndiaye, une \u00e9quipe d\u2019investigation a \u00e9t\u00e9 d\u00e9p\u00each\u00e9e sur place pour renforcer la surveillance \u00e9pid\u00e9miologique et assurer la prise en charge du patient et de son entourage.<\/p>\n<div class='share-to-whatsapp-wrapper'><div class='share-on-whsp'>PARTAGER SUR : <\/div><a data-text='FATICK - Un nouveau cas de fi\u00e8vre de la Vall\u00e9e du Rift confirm\u00e9 \u00e0 Dioffior' data-link='https:\/\/www.nettali.com\/2025\/10\/15\/fatick-un-nouveau-cas-de-fievre-de-la-vallee-du-rift-confirme-a-dioffior\/' class='whatsapp-button whatsapp-share'>WhatsApp<\/a><div class='clear '><\/div><\/div>","protected":false},"excerpt":{"rendered":"<p>NETTALI.COM - Un nouveau cas de fi\u00e8vre de la Vall\u00e9e du Rift (FVR) a \u00e9t\u00e9 confirm\u00e9 \u00e0 Dioffior, dans la r\u00e9gion de Fatick, a annonc\u00e9 le docteur Assane Ndiaye, directeur r\u00e9gional de la sant\u00e9. Le patient, un \u00e9leveur \u00e2g\u00e9 d\u2019une quarantaine d\u2019ann\u00e9es, revient r\u00e9cemment de Dahra Djolof, dans le nord-ouest du pays. Ce cas est [&hellip;]<\/p>\n","protected":false},"author":4,"featured_media":162940,"comment_status":"open","ping_status":"open","sticky":false,"template":"","format":"standard","meta":{"_et_pb_use_builder":"","_et_pb_old_content":""},"categories":[3],"tags":[],"yoast_head":"<!-- This site is optimized with the Yoast SEO Premium plugin v17.8 (Yoast SEO v17.8) - https:\/\/yoast.com\/wordpress\/plugins\/seo\/ -->\n<title>FATICK - Un nouveau cas de fi\u00e8vre de la Vall\u00e9e du Rift confirm\u00e9 \u00e0 Dioffior | Nettali.com<\/title>\n<meta name=\"robots\" content=\"index, follow, max-snippet:-1, max-image-preview:large, max-video-preview:-1\" \/>\n<link rel=\"canonical\" href=\"https:\/\/www.nettali.com\/2025\/10\/15\/fatick-un-nouveau-cas-de-fievre-de-la-vallee-du-rift-confirme-a-dioffior\/\" \/>\n<meta property=\"og:locale\" content=\"fr_FR\" \/>\n<meta property=\"og:type\" content=\"article\" \/>\n<meta property=\"og:title\" content=\"FATICK - Un nouveau cas de fi\u00e8vre de la Vall\u00e9e du Rift confirm\u00e9 \u00e0 Dioffior\" \/>\n<meta property=\"og:description\" content=\"NETTALI.COM - Un nouveau cas de fi\u00e8vre de la Vall\u00e9e du Rift (FVR) a \u00e9t\u00e9 confirm\u00e9 \u00e0 Dioffior, dans la r\u00e9gion de Fatick, a annonc\u00e9 le docteur Assane Ndiaye, directeur r\u00e9gional de la sant\u00e9. Le patient, un \u00e9leveur \u00e2g\u00e9 d\u2019une quarantaine d\u2019ann\u00e9es, revient r\u00e9cemment de Dahra Djolof, dans le nord-ouest du pays. Ce cas est [&hellip;]\" \/>\n<meta property=\"og:url\" content=\"https:\/\/www.nettali.com\/2025\/10\/15\/fatick-un-nouveau-cas-de-fievre-de-la-vallee-du-rift-confirme-a-dioffior\/\" \/>\n<meta property=\"og:site_name\" content=\"Nettali.com\" \/>\n<meta property=\"article:publisher\" content=\"https:\/\/www.facebook.com\/nettalicom\" \/>\n<meta property=\"article:published_time\" content=\"2025-10-15T15:38:07+00:00\" \/>\n<meta property=\"og:image\" content=\"https:\/\/www.nettali.com\/wp-content\/uploads\/2025\/10\/fie\u0300vre.png\" \/>\n\t<meta property=\"og:image:width\" content=\"598\" \/>\n\t<meta property=\"og:image:height\" content=\"333\" \/>\n<meta name=\"twitter:card\" content=\"summary_large_image\" \/>\n<meta name=\"twitter:label1\" content=\"\u00c9crit par\" \/>\n\t<meta name=\"twitter:data1\" content=\"Daouda\" \/>\n\t<meta name=\"twitter:label2\" content=\"Dur\u00e9e de lecture estim\u00e9e\" \/>\n\t<meta name=\"twitter:data2\" content=\"1 minute\" \/>\n<script type=\"application\/ld+json\" class=\"yoast-schema-graph\">{\"@context\":\"https:\/\/schema.org\",\"@graph\":[{\"@type\":\"WebSite\",\"@id\":\"https:\/\/www.nettali.com\/#website\",\"url\":\"https:\/\/www.nettali.com\/\",\"name\":\"Nettali.com\",\"description\":\"Le rendez-vous critique du Net\",\"potentialAction\":[{\"@type\":\"SearchAction\",\"target\":{\"@type\":\"EntryPoint\",\"urlTemplate\":\"https:\/\/www.nettali.com\/?s={search_term_string}\"},\"query-input\":\"required name=search_term_string\"}],\"inLanguage\":\"fr-FR\"},{\"@type\":\"ImageObject\",\"@id\":\"https:\/\/www.nettali.com\/2025\/10\/15\/fatick-un-nouveau-cas-de-fievre-de-la-vallee-du-rift-confirme-a-dioffior\/#primaryimage\",\"inLanguage\":\"fr-FR\",\"url\":\"https:\/\/www.nettali.com\/wp-content\/uploads\/2025\/10\/fie\\u0300vre.png\",\"contentUrl\":\"https:\/\/www.nettali.com\/wp-content\/uploads\/2025\/10\/fie\\u0300vre.png\",\"width\":598,\"height\":333},{\"@type\":\"WebPage\",\"@id\":\"https:\/\/www.nettali.com\/2025\/10\/15\/fatick-un-nouveau-cas-de-fievre-de-la-vallee-du-rift-confirme-a-dioffior\/#webpage\",\"url\":\"https:\/\/www.nettali.com\/2025\/10\/15\/fatick-un-nouveau-cas-de-fievre-de-la-vallee-du-rift-confirme-a-dioffior\/\",\"name\":\"FATICK - Un nouveau cas de fi\\u00e8vre de la Vall\\u00e9e du Rift confirm\\u00e9 \\u00e0 Dioffior | Nettali.com\",\"isPartOf\":{\"@id\":\"https:\/\/www.nettali.com\/#website\"},\"primaryImageOfPage\":{\"@id\":\"https:\/\/www.nettali.com\/2025\/10\/15\/fatick-un-nouveau-cas-de-fievre-de-la-vallee-du-rift-confirme-a-dioffior\/#primaryimage\"},\"datePublished\":\"2025-10-15T15:38:07+00:00\",\"dateModified\":\"2025-10-15T15:38:07+00:00\",\"author\":{\"@id\":\"https:\/\/www.nettali.com\/#\/schema\/person\/3317e0bb3aa1da309fbf7b2780901bf4\"},\"breadcrumb\":{\"@id\":\"https:\/\/www.nettali.com\/2025\/10\/15\/fatick-un-nouveau-cas-de-fievre-de-la-vallee-du-rift-confirme-a-dioffior\/#breadcrumb\"},\"inLanguage\":\"fr-FR\",\"potentialAction\":[{\"@type\":\"ReadAction\",\"target\":[\"https:\/\/www.nettali.com\/2025\/10\/15\/fatick-un-nouveau-cas-de-fievre-de-la-vallee-du-rift-confirme-a-dioffior\/\"]}]},{\"@type\":\"BreadcrumbList\",\"@id\":\"https:\/\/www.nettali.com\/2025\/10\/15\/fatick-un-nouveau-cas-de-fievre-de-la-vallee-du-rift-confirme-a-dioffior\/#breadcrumb\",\"itemListElement\":[{\"@type\":\"ListItem\",\"position\":1,\"name\":\"Accueil\",\"item\":\"https:\/\/www.nettali.com\/\"},{\"@type\":\"ListItem\",\"position\":2,\"name\":\"FATICK - Un nouveau cas de fi\\u00e8vre de la Vall\\u00e9e du Rift confirm\\u00e9 \\u00e0 Dioffior\"}]},{\"@type\":\"Person\",\"@id\":\"https:\/\/www.nettali.com\/#\/schema\/person\/3317e0bb3aa1da309fbf7b2780901bf4\",\"name\":\"Daouda\",\"image\":{\"@type\":\"ImageObject\",\"@id\":\"https:\/\/www.nettali.com\/#personlogo\",\"inLanguage\":\"fr-FR\",\"url\":\"https:\/\/secure.gravatar.com\/avatar\/8d143b5a49345098ddcfee1c49c2f47c?s=96&d=mm&r=g\",\"contentUrl\":\"https:\/\/secure.gravatar.com\/avatar\/8d143b5a49345098ddcfee1c49c2f47c?s=96&d=mm&r=g\",\"caption\":\"Daouda\"},\"sameAs\":[\"https:\/\/www.nettali.com\"]}]}<\/script>\n<!-- \/ Yoast SEO Premium plugin. -->","yoast_head_json":{"title":"FATICK - Un nouveau cas de fi\u00e8vre de la Vall\u00e9e du Rift confirm\u00e9 \u00e0 Dioffior | Nettali.com","robots":{"index":"index","follow":"follow","max-snippet":"max-snippet:-1","max-image-preview":"max-image-preview:large","max-video-preview":"max-video-preview:-1"},"canonical":"https:\/\/www.nettali.com\/2025\/10\/15\/fatick-un-nouveau-cas-de-fievre-de-la-vallee-du-rift-confirme-a-dioffior\/","og_locale":"fr_FR","og_type":"article","og_title":"FATICK - Un nouveau cas de fi\u00e8vre de la Vall\u00e9e du Rift confirm\u00e9 \u00e0 Dioffior","og_description":"NETTALI.COM - Un nouveau cas de fi\u00e8vre de la Vall\u00e9e du Rift (FVR) a \u00e9t\u00e9 confirm\u00e9 \u00e0 Dioffior, dans la r\u00e9gion de Fatick, a annonc\u00e9 le docteur Assane Ndiaye, directeur r\u00e9gional de la sant\u00e9. Le patient, un \u00e9leveur \u00e2g\u00e9 d\u2019une quarantaine d\u2019ann\u00e9es, revient r\u00e9cemment de Dahra Djolof, dans le nord-ouest du pays. Ce cas est [&hellip;]","og_url":"https:\/\/www.nettali.com\/2025\/10\/15\/fatick-un-nouveau-cas-de-fievre-de-la-vallee-du-rift-confirme-a-dioffior\/","og_site_name":"Nettali.com","article_publisher":"https:\/\/www.facebook.com\/nettalicom","article_published_time":"2025-10-15T15:38:07+00:00","og_image":[{"width":598,"height":333,"url":"https:\/\/www.nettali.com\/wp-content\/uploads\/2025\/10\/fie\u0300vre.png","type":"image\/png"}],"twitter_card":"summary_large_image","twitter_misc":{"\u00c9crit par":"Daouda","Dur\u00e9e de lecture estim\u00e9e":"1 minute"},"schema":{"@context":"https:\/\/schema.org","@graph":[{"@type":"WebSite","@id":"https:\/\/www.nettali.com\/#website","url":"https:\/\/www.nettali.com\/","name":"Nettali.com","description":"Le rendez-vous critique du Net","potentialAction":[{"@type":"SearchAction","target":{"@type":"EntryPoint","urlTemplate":"https:\/\/www.nettali.com\/?s={search_term_string}"},"query-input":"required name=search_term_string"}],"inLanguage":"fr-FR"},{"@type":"ImageObject","@id":"https:\/\/www.nettali.com\/2025\/10\/15\/fatick-un-nouveau-cas-de-fievre-de-la-vallee-du-rift-confirme-a-dioffior\/#primaryimage","inLanguage":"fr-FR","url":"https:\/\/www.nettali.com\/wp-content\/uploads\/2025\/10\/fie\u0300vre.png","contentUrl":"https:\/\/www.nettali.com\/wp-content\/uploads\/2025\/10\/fie\u0300vre.png","width":598,"height":333},{"@type":"WebPage","@id":"https:\/\/www.nettali.com\/2025\/10\/15\/fatick-un-nouveau-cas-de-fievre-de-la-vallee-du-rift-confirme-a-dioffior\/#webpage","url":"https:\/\/www.nettali.com\/2025\/10\/15\/fatick-un-nouveau-cas-de-fievre-de-la-vallee-du-rift-confirme-a-dioffior\/","name":"FATICK - Un nouveau cas de fi\u00e8vre de la Vall\u00e9e du Rift confirm\u00e9 \u00e0 Dioffior | Nettali.com","isPartOf":{"@id":"https:\/\/www.nettali.com\/#website"},"primaryImageOfPage":{"@id":"https:\/\/www.nettali.com\/2025\/10\/15\/fatick-un-nouveau-cas-de-fievre-de-la-vallee-du-rift-confirme-a-dioffior\/#primaryimage"},"datePublished":"2025-10-15T15:38:07+00:00","dateModified":"2025-10-15T15:38:07+00:00","author":{"@id":"https:\/\/www.nettali.com\/#\/schema\/person\/3317e0bb3aa1da309fbf7b2780901bf4"},"breadcrumb":{"@id":"https:\/\/www.nettali.com\/2025\/10\/15\/fatick-un-nouveau-cas-de-fievre-de-la-vallee-du-rift-confirme-a-dioffior\/#breadcrumb"},"inLanguage":"fr-FR","potentialAction":[{"@type":"ReadAction","target":["https:\/\/www.nettali.com\/2025\/10\/15\/fatick-un-nouveau-cas-de-fievre-de-la-vallee-du-rift-confirme-a-dioffior\/"]}]},{"@type":"BreadcrumbList","@id":"https:\/\/www.nettali.com\/2025\/10\/15\/fatick-un-nouveau-cas-de-fievre-de-la-vallee-du-rift-confirme-a-dioffior\/#breadcrumb","itemListElement":[{"@type":"ListItem","position":1,"name":"Accueil","item":"https:\/\/www.nettali.com\/"},{"@type":"ListItem","position":2,"name":"FATICK - Un nouveau cas de fi\u00e8vre de la Vall\u00e9e du Rift confirm\u00e9 \u00e0 Dioffior"}]},{"@type":"Person","@id":"https:\/\/www.nettali.com\/#\/schema\/person\/3317e0bb3aa1da309fbf7b2780901bf4","name":"Daouda","image":{"@type":"ImageObject","@id":"https:\/\/www.nettali.com\/#personlogo","inLanguage":"fr-FR","url":"https:\/\/secure.gravatar.com\/avatar\/8d143b5a49345098ddcfee1c49c2f47c?s=96&d=mm&r=g","contentUrl":"https:\/\/secure.gravatar.com\/avatar\/8d143b5a49345098ddcfee1c49c2f47c?s=96&d=mm&r=g","caption":"Daouda"},"sameAs":["https:\/\/www.nettali.com"]}]}},"_links":{"self":[{"href":"https:\/\/www.nettali.com\/rest\/wp\/v2\/posts\/162939"}],"collection":[{"href":"https:\/\/www.nettali.com\/rest\/wp\/v2\/posts"}],"about":[{"href":"https:\/\/www.nettali.com\/rest\/wp\/v2\/types\/post"}],"author":[{"embeddable":true,"href":"https:\/\/www.nettali.com\/rest\/wp\/v2\/users\/4"}],"replies":[{"embeddable":true,"href":"https:\/\/www.nettali.com\/rest\/wp\/v2\/comments?post=162939"}],"version-history":[{"count":1,"href":"https:\/\/www.nettali.com\/rest\/wp\/v2\/posts\/162939\/revisions"}],"predecessor-version":[{"id":162941,"href":"https:\/\/www.nettali.com\/rest\/wp\/v2\/posts\/162939\/revisions\/162941"}],"wp:featuredmedia":[{"embeddable":true,"href":"https:\/\/www.nettali.com\/rest\/wp\/v2\/media\/162940"}],"wp:attachment":[{"href":"https:\/\/www.nettali.com\/rest\/wp\/v2\/media?parent=162939"}],"wp:term":[{"taxonomy":"category","embeddable":true,"href":"https:\/\/www.nettali.com\/rest\/wp\/v2\/categories?post=162939"},{"taxonomy":"post_tag","embeddable":true,"href":"https:\/\/www.nettali.com\/rest\/wp\/v2\/tags?post=162939"}],"curies":[{"name":"wp","href":"https:\/\/api.w.org\/{rel}","templated":true}]}}