{"id":162928,"date":"2025-10-15T14:27:28","date_gmt":"2025-10-15T14:27:28","guid":{"rendered":"https:\/\/www.nettali.com\/?p=162928"},"modified":"2025-10-17T06:48:17","modified_gmt":"2025-10-17T06:48:17","slug":"negociations-entre-le-senegal-et-le-fmi-ce-qui-a-ete-retenu","status":"publish","type":"post","link":"https:\/\/www.nettali.com\/2025\/10\/15\/negociations-entre-le-senegal-et-le-fmi-ce-qui-a-ete-retenu\/","title":{"rendered":"NEGOCIATIONS ENTRE LE S\u00c9N\u00c9GAL ET LE FMI - Ce qui a \u00e9t\u00e9 retenu !"},"content":{"rendered":"<p data-start=\"257\" data-end=\"600\"><strong>NETTALI.COM - La d\u00e9l\u00e9gation gouvernementale s\u00e9n\u00e9galaise, conduite par Cheikh Diba, ministre des Finances et du Budget, a rencontr\u00e9 ce mercredi \u00e0 Washington la Directrice g\u00e9n\u00e9rale du Fonds mon\u00e9taire international (FMI), Kristalina Georgieva, dans le cadre des discussions en cours visant la conclusion d\u2019un nouveau programme de coop\u00e9ration.<\/strong><\/p>\n<p data-start=\"602\" data-end=\"914\">Selon un communiqu\u00e9 du minist\u00e8re, la rencontre a permis de constater une convergence de vues sur les prochaines \u00e9tapes, notamment la tenue prochaine d\u2019une r\u00e9union du Conseil d\u2019administration du FMI pour statuer sur le misreporting (erreur de d\u00e9claration) et approuver le nouveau cadre de programme.<\/p>\n<p data-start=\"916\" data-end=\"1249\">Le minist\u00e8re pr\u00e9cise que les deux parties ont pris des engagements r\u00e9ciproques, et qu\u2019\u00e0 l\u2019issue de la finalisation des discussions techniques, le dossier sera conjointement soumis au Conseil d\u2019administration. Une mission du FMI est attendue \u00e0 Dakar la semaine prochaine pour parachever les travaux entam\u00e9s \u00e0 Washington.<\/p>\n<p data-start=\"1251\" data-end=\"1500\">La d\u00e9l\u00e9gation s\u00e9n\u00e9galaise a \u00e9galement salu\u00e9 la posture jug\u00e9e constructive de Kristalina Georgieva, ainsi que les messages contenus dans son communiqu\u00e9 publi\u00e9 \u00e0 l\u2019issue de la r\u00e9union informelle du Conseil d\u2019administration, le 3 octobre dernier.<\/p>\n<p data-start=\"1502\" data-end=\"1677\"><em>\u00ab Les parties se sont engag\u00e9es \u00e0 ouvrir une nouvelle page dans le partenariat entre le S\u00e9n\u00e9gal et le FMI \u00bb<\/em>, conclut le communiqu\u00e9 du minist\u00e8re des Finances et du Budget.<\/p>\n<div class='share-to-whatsapp-wrapper'><div class='share-on-whsp'>PARTAGER SUR : <\/div><a data-text='NEGOCIATIONS ENTRE LE S\u00c9N\u00c9GAL ET LE FMI - Ce qui a \u00e9t\u00e9 retenu !' data-link='https:\/\/www.nettali.com\/2025\/10\/15\/negociations-entre-le-senegal-et-le-fmi-ce-qui-a-ete-retenu\/' class='whatsapp-button whatsapp-share'>WhatsApp<\/a><div class='clear '><\/div><\/div>","protected":false},"excerpt":{"rendered":"<p>NETTALI.COM - La d\u00e9l\u00e9gation gouvernementale s\u00e9n\u00e9galaise, conduite par Cheikh Diba, ministre des Finances et du Budget, a rencontr\u00e9 ce mercredi \u00e0 Washington la Directrice g\u00e9n\u00e9rale du Fonds mon\u00e9taire international (FMI), Kristalina Georgieva, dans le cadre des discussions en cours visant la conclusion d\u2019un nouveau programme de coop\u00e9ration. Selon un communiqu\u00e9 du minist\u00e8re, la rencontre a [&hellip;]<\/p>\n","protected":false},"author":4,"featured_media":162951,"comment_status":"open","ping_status":"open","sticky":false,"template":"","format":"standard","meta":{"_et_pb_use_builder":"","_et_pb_old_content":""},"categories":[4],"tags":[],"yoast_head":"<!-- This site is optimized with the Yoast SEO Premium plugin v17.8 (Yoast SEO v17.8) - https:\/\/yoast.com\/wordpress\/plugins\/seo\/ -->\n<title>NEGOCIATIONS ENTRE LE S\u00c9N\u00c9GAL ET LE FMI - Ce qui a \u00e9t\u00e9 retenu ! | Nettali.com<\/title>\n<meta name=\"robots\" content=\"index, follow, max-snippet:-1, max-image-preview:large, max-video-preview:-1\" \/>\n<link rel=\"canonical\" href=\"https:\/\/www.nettali.com\/2025\/10\/15\/negociations-entre-le-senegal-et-le-fmi-ce-qui-a-ete-retenu\/\" \/>\n<meta property=\"og:locale\" content=\"fr_FR\" \/>\n<meta property=\"og:type\" content=\"article\" \/>\n<meta property=\"og:title\" content=\"NEGOCIATIONS ENTRE LE S\u00c9N\u00c9GAL ET LE FMI - Ce qui a \u00e9t\u00e9 retenu !\" \/>\n<meta property=\"og:description\" content=\"NETTALI.COM - La d\u00e9l\u00e9gation gouvernementale s\u00e9n\u00e9galaise, conduite par Cheikh Diba, ministre des Finances et du Budget, a rencontr\u00e9 ce mercredi \u00e0 Washington la Directrice g\u00e9n\u00e9rale du Fonds mon\u00e9taire international (FMI), Kristalina Georgieva, dans le cadre des discussions en cours visant la conclusion d\u2019un nouveau programme de coop\u00e9ration. Selon un communiqu\u00e9 du minist\u00e8re, la rencontre a [&hellip;]\" \/>\n<meta property=\"og:url\" content=\"https:\/\/www.nettali.com\/2025\/10\/15\/negociations-entre-le-senegal-et-le-fmi-ce-qui-a-ete-retenu\/\" \/>\n<meta property=\"og:site_name\" content=\"Nettali.com\" \/>\n<meta property=\"article:publisher\" content=\"https:\/\/www.facebook.com\/nettalicom\" \/>\n<meta property=\"article:published_time\" content=\"2025-10-15T14:27:28+00:00\" \/>\n<meta property=\"article:modified_time\" content=\"2025-10-17T06:48:17+00:00\" \/>\n<meta property=\"og:image\" content=\"https:\/\/www.nettali.com\/wp-content\/uploads\/2025\/10\/FMII.jpg\" \/>\n\t<meta property=\"og:image:width\" content=\"1070\" \/>\n\t<meta property=\"og:image:height\" content=\"713\" \/>\n<meta name=\"twitter:card\" content=\"summary_large_image\" \/>\n<meta name=\"twitter:label1\" content=\"\u00c9crit par\" \/>\n\t<meta name=\"twitter:data1\" content=\"Daouda\" \/>\n\t<meta name=\"twitter:label2\" content=\"Dur\u00e9e de lecture estim\u00e9e\" \/>\n\t<meta name=\"twitter:data2\" content=\"2 minutes\" \/>\n<script type=\"application\/ld+json\" class=\"yoast-schema-graph\">{\"@context\":\"https:\/\/schema.org\",\"@graph\":[{\"@type\":\"WebSite\",\"@id\":\"https:\/\/www.nettali.com\/#website\",\"url\":\"https:\/\/www.nettali.com\/\",\"name\":\"Nettali.com\",\"description\":\"Le rendez-vous critique du Net\",\"potentialAction\":[{\"@type\":\"SearchAction\",\"target\":{\"@type\":\"EntryPoint\",\"urlTemplate\":\"https:\/\/www.nettali.com\/?s={search_term_string}\"},\"query-input\":\"required name=search_term_string\"}],\"inLanguage\":\"fr-FR\"},{\"@type\":\"ImageObject\",\"@id\":\"https:\/\/www.nettali.com\/2025\/10\/15\/negociations-entre-le-senegal-et-le-fmi-ce-qui-a-ete-retenu\/#primaryimage\",\"inLanguage\":\"fr-FR\",\"url\":\"https:\/\/www.nettali.com\/wp-content\/uploads\/2025\/10\/FMII.jpg\",\"contentUrl\":\"https:\/\/www.nettali.com\/wp-content\/uploads\/2025\/10\/FMII.jpg\",\"width\":1070,\"height\":713},{\"@type\":\"WebPage\",\"@id\":\"https:\/\/www.nettali.com\/2025\/10\/15\/negociations-entre-le-senegal-et-le-fmi-ce-qui-a-ete-retenu\/#webpage\",\"url\":\"https:\/\/www.nettali.com\/2025\/10\/15\/negociations-entre-le-senegal-et-le-fmi-ce-qui-a-ete-retenu\/\",\"name\":\"NEGOCIATIONS ENTRE LE S\\u00c9N\\u00c9GAL ET LE FMI - Ce qui a \\u00e9t\\u00e9 retenu ! | Nettali.com\",\"isPartOf\":{\"@id\":\"https:\/\/www.nettali.com\/#website\"},\"primaryImageOfPage\":{\"@id\":\"https:\/\/www.nettali.com\/2025\/10\/15\/negociations-entre-le-senegal-et-le-fmi-ce-qui-a-ete-retenu\/#primaryimage\"},\"datePublished\":\"2025-10-15T14:27:28+00:00\",\"dateModified\":\"2025-10-17T06:48:17+00:00\",\"author\":{\"@id\":\"https:\/\/www.nettali.com\/#\/schema\/person\/3317e0bb3aa1da309fbf7b2780901bf4\"},\"breadcrumb\":{\"@id\":\"https:\/\/www.nettali.com\/2025\/10\/15\/negociations-entre-le-senegal-et-le-fmi-ce-qui-a-ete-retenu\/#breadcrumb\"},\"inLanguage\":\"fr-FR\",\"potentialAction\":[{\"@type\":\"ReadAction\",\"target\":[\"https:\/\/www.nettali.com\/2025\/10\/15\/negociations-entre-le-senegal-et-le-fmi-ce-qui-a-ete-retenu\/\"]}]},{\"@type\":\"BreadcrumbList\",\"@id\":\"https:\/\/www.nettali.com\/2025\/10\/15\/negociations-entre-le-senegal-et-le-fmi-ce-qui-a-ete-retenu\/#breadcrumb\",\"itemListElement\":[{\"@type\":\"ListItem\",\"position\":1,\"name\":\"Accueil\",\"item\":\"https:\/\/www.nettali.com\/\"},{\"@type\":\"ListItem\",\"position\":2,\"name\":\"NEGOCIATIONS ENTRE LE S\\u00c9N\\u00c9GAL ET LE FMI - Ce qui a \\u00e9t\\u00e9 retenu !\"}]},{\"@type\":\"Person\",\"@id\":\"https:\/\/www.nettali.com\/#\/schema\/person\/3317e0bb3aa1da309fbf7b2780901bf4\",\"name\":\"Daouda\",\"image\":{\"@type\":\"ImageObject\",\"@id\":\"https:\/\/www.nettali.com\/#personlogo\",\"inLanguage\":\"fr-FR\",\"url\":\"https:\/\/secure.gravatar.com\/avatar\/8d143b5a49345098ddcfee1c49c2f47c?s=96&d=mm&r=g\",\"contentUrl\":\"https:\/\/secure.gravatar.com\/avatar\/8d143b5a49345098ddcfee1c49c2f47c?s=96&d=mm&r=g\",\"caption\":\"Daouda\"},\"sameAs\":[\"https:\/\/www.nettali.com\"]}]}<\/script>\n<!-- \/ Yoast SEO Premium plugin. -->","yoast_head_json":{"title":"NEGOCIATIONS ENTRE LE S\u00c9N\u00c9GAL ET LE FMI - Ce qui a \u00e9t\u00e9 retenu ! | Nettali.com","robots":{"index":"index","follow":"follow","max-snippet":"max-snippet:-1","max-image-preview":"max-image-preview:large","max-video-preview":"max-video-preview:-1"},"canonical":"https:\/\/www.nettali.com\/2025\/10\/15\/negociations-entre-le-senegal-et-le-fmi-ce-qui-a-ete-retenu\/","og_locale":"fr_FR","og_type":"article","og_title":"NEGOCIATIONS ENTRE LE S\u00c9N\u00c9GAL ET LE FMI - Ce qui a \u00e9t\u00e9 retenu !","og_description":"NETTALI.COM - La d\u00e9l\u00e9gation gouvernementale s\u00e9n\u00e9galaise, conduite par Cheikh Diba, ministre des Finances et du Budget, a rencontr\u00e9 ce mercredi \u00e0 Washington la Directrice g\u00e9n\u00e9rale du Fonds mon\u00e9taire international (FMI), Kristalina Georgieva, dans le cadre des discussions en cours visant la conclusion d\u2019un nouveau programme de coop\u00e9ration. Selon un communiqu\u00e9 du minist\u00e8re, la rencontre a [&hellip;]","og_url":"https:\/\/www.nettali.com\/2025\/10\/15\/negociations-entre-le-senegal-et-le-fmi-ce-qui-a-ete-retenu\/","og_site_name":"Nettali.com","article_publisher":"https:\/\/www.facebook.com\/nettalicom","article_published_time":"2025-10-15T14:27:28+00:00","article_modified_time":"2025-10-17T06:48:17+00:00","og_image":[{"width":1070,"height":713,"url":"https:\/\/www.nettali.com\/wp-content\/uploads\/2025\/10\/FMII.jpg","type":"image\/jpeg"}],"twitter_card":"summary_large_image","twitter_misc":{"\u00c9crit par":"Daouda","Dur\u00e9e de lecture estim\u00e9e":"2 minutes"},"schema":{"@context":"https:\/\/schema.org","@graph":[{"@type":"WebSite","@id":"https:\/\/www.nettali.com\/#website","url":"https:\/\/www.nettali.com\/","name":"Nettali.com","description":"Le rendez-vous critique du Net","potentialAction":[{"@type":"SearchAction","target":{"@type":"EntryPoint","urlTemplate":"https:\/\/www.nettali.com\/?s={search_term_string}"},"query-input":"required name=search_term_string"}],"inLanguage":"fr-FR"},{"@type":"ImageObject","@id":"https:\/\/www.nettali.com\/2025\/10\/15\/negociations-entre-le-senegal-et-le-fmi-ce-qui-a-ete-retenu\/#primaryimage","inLanguage":"fr-FR","url":"https:\/\/www.nettali.com\/wp-content\/uploads\/2025\/10\/FMII.jpg","contentUrl":"https:\/\/www.nettali.com\/wp-content\/uploads\/2025\/10\/FMII.jpg","width":1070,"height":713},{"@type":"WebPage","@id":"https:\/\/www.nettali.com\/2025\/10\/15\/negociations-entre-le-senegal-et-le-fmi-ce-qui-a-ete-retenu\/#webpage","url":"https:\/\/www.nettali.com\/2025\/10\/15\/negociations-entre-le-senegal-et-le-fmi-ce-qui-a-ete-retenu\/","name":"NEGOCIATIONS ENTRE LE S\u00c9N\u00c9GAL ET LE FMI - Ce qui a \u00e9t\u00e9 retenu ! | Nettali.com","isPartOf":{"@id":"https:\/\/www.nettali.com\/#website"},"primaryImageOfPage":{"@id":"https:\/\/www.nettali.com\/2025\/10\/15\/negociations-entre-le-senegal-et-le-fmi-ce-qui-a-ete-retenu\/#primaryimage"},"datePublished":"2025-10-15T14:27:28+00:00","dateModified":"2025-10-17T06:48:17+00:00","author":{"@id":"https:\/\/www.nettali.com\/#\/schema\/person\/3317e0bb3aa1da309fbf7b2780901bf4"},"breadcrumb":{"@id":"https:\/\/www.nettali.com\/2025\/10\/15\/negociations-entre-le-senegal-et-le-fmi-ce-qui-a-ete-retenu\/#breadcrumb"},"inLanguage":"fr-FR","potentialAction":[{"@type":"ReadAction","target":["https:\/\/www.nettali.com\/2025\/10\/15\/negociations-entre-le-senegal-et-le-fmi-ce-qui-a-ete-retenu\/"]}]},{"@type":"BreadcrumbList","@id":"https:\/\/www.nettali.com\/2025\/10\/15\/negociations-entre-le-senegal-et-le-fmi-ce-qui-a-ete-retenu\/#breadcrumb","itemListElement":[{"@type":"ListItem","position":1,"name":"Accueil","item":"https:\/\/www.nettali.com\/"},{"@type":"ListItem","position":2,"name":"NEGOCIATIONS ENTRE LE S\u00c9N\u00c9GAL ET LE FMI - Ce qui a \u00e9t\u00e9 retenu !"}]},{"@type":"Person","@id":"https:\/\/www.nettali.com\/#\/schema\/person\/3317e0bb3aa1da309fbf7b2780901bf4","name":"Daouda","image":{"@type":"ImageObject","@id":"https:\/\/www.nettali.com\/#personlogo","inLanguage":"fr-FR","url":"https:\/\/secure.gravatar.com\/avatar\/8d143b5a49345098ddcfee1c49c2f47c?s=96&d=mm&r=g","contentUrl":"https:\/\/secure.gravatar.com\/avatar\/8d143b5a49345098ddcfee1c49c2f47c?s=96&d=mm&r=g","caption":"Daouda"},"sameAs":["https:\/\/www.nettali.com"]}]}},"_links":{"self":[{"href":"https:\/\/www.nettali.com\/rest\/wp\/v2\/posts\/162928"}],"collection":[{"href":"https:\/\/www.nettali.com\/rest\/wp\/v2\/posts"}],"about":[{"href":"https:\/\/www.nettali.com\/rest\/wp\/v2\/types\/post"}],"author":[{"embeddable":true,"href":"https:\/\/www.nettali.com\/rest\/wp\/v2\/users\/4"}],"replies":[{"embeddable":true,"href":"https:\/\/www.nettali.com\/rest\/wp\/v2\/comments?post=162928"}],"version-history":[{"count":1,"href":"https:\/\/www.nettali.com\/rest\/wp\/v2\/posts\/162928\/revisions"}],"predecessor-version":[{"id":162929,"href":"https:\/\/www.nettali.com\/rest\/wp\/v2\/posts\/162928\/revisions\/162929"}],"wp:featuredmedia":[{"embeddable":true,"href":"https:\/\/www.nettali.com\/rest\/wp\/v2\/media\/162951"}],"wp:attachment":[{"href":"https:\/\/www.nettali.com\/rest\/wp\/v2\/media?parent=162928"}],"wp:term":[{"taxonomy":"category","embeddable":true,"href":"https:\/\/www.nettali.com\/rest\/wp\/v2\/categories?post=162928"},{"taxonomy":"post_tag","embeddable":true,"href":"https:\/\/www.nettali.com\/rest\/wp\/v2\/tags?post=162928"}],"curies":[{"name":"wp","href":"https:\/\/api.w.org\/{rel}","templated":true}]}}