{"id":162926,"date":"2025-10-15T14:58:07","date_gmt":"2025-10-15T14:58:07","guid":{"rendered":"https:\/\/www.nettali.com\/?p=162926"},"modified":"2025-10-15T14:58:07","modified_gmt":"2025-10-15T14:58:07","slug":"propos-offensants-a-lendroit-du-pm-gainde-macky-bou-djiguene-risque-six-mois-ferme","status":"publish","type":"post","link":"https:\/\/www.nettali.com\/2025\/10\/15\/propos-offensants-a-lendroit-du-pm-gainde-macky-bou-djiguene-risque-six-mois-ferme\/","title":{"rendered":"PROPOS OFFENSANTS A L'ENDROIT DU PM-\u00ab Gaind\u00e9 Macky bou djigu\u00e9ne \u00bb risque six mois ferme"},"content":{"rendered":"<p><strong>NETTALI.COM- 6 mois de prison ferme, c\u2019est \u00a0la peine que le parquet a requise ce mercredi 15 octobre 2025 contre Daba Mbodji. La dame surnomm\u00e9e \u00ab Gaind\u00e9 Macky bou djigu\u00e9ne \u00bb est poursuivie pour avoir prof\u00e9r\u00e9 des propos injurieux \u00e0 l\u2019endroit du Premier ministre Ousmane Sonko, lors d\u2019un live sur Tik Tok.<\/strong><\/p>\n<p><strong>\u00a0<\/strong>Poursuivie pour offense \u00e0 une personne exer\u00e7ant tout ou une partie des pr\u00e9rogatives du chef de l\u2019Etat, en l\u2019occurrence le Premier Ministre, insultes \u00e0 l\u2019\u00e9gard d\u2019un groupe par le biais informatique et discours contraires aux bonnes m\u0153urs, Daba Mbodji, alias \u00ab\u00a0Gaind\u00e9 Macky bou djigu\u00e9ne\u00a0\u00bb, a comparu ce mercredi 15 octobre 2025 devant le tribunal des flagrants d\u00e9lits de Dakar.<\/p>\n<p>Dans un \u00ab live \u00bb sur Tik Tok et diffus\u00e9 \u00e0 l\u2019audience, elle injurie copieusement \u00ab le leader \u00a0\u00bb du Pastef et certains de ses partisans, sans citer le premier nomm\u00e9.<\/p>\n<p>Mais, lorsqu\u2019elle a \u00e9t\u00e9 interrog\u00e9e sur ses propos, elle a d\u00e9clar\u00e9 avoir apport\u00e9 la r\u00e9plique \u00e0 ses adversaires politiques. La pr\u00e9venue a all\u00e9gu\u00e9 que ces derniers l\u2019ont provoqu\u00e9e en publiant ses vid\u00e9os intimes destin\u00e9es \u00e0 son ex-petit ami. \u00ab <em>Je suis sortie avec lui pendant 3 ans. C\u2019est moi qui danse dans la vid\u00e9o. Mais il l\u2019a vendue aux militants du Pastef et certains ont fait un montage avec des nudit\u00e9s, disant qu\u2019il s\u2019agit de moi <\/em>\u00bb, s\u2019est plainte la commer\u00e7ante \u00e2g\u00e9e de 46 ans. \u200bElle a ajout\u00e9 qu'un ami l\u2019avait invit\u00e9e dans un direct sur TikTok pour qu\u2019elle s\u2019explique sur les faits, mais un militant du Pastef l\u2019a insult\u00e9e ainsi que son leader, Macky Sall. C\u2019est en r\u00e9action \u00e0 cette insulte qu\u2019elle a ripost\u00e9 en insultant leur leader. Toutefois, dit-elle au parquet, \u00ab <em>je n\u2019ai pas cit\u00e9 de nom<\/em> \u00bb.<\/p>\n<p>Cela n\u2019a pas emp\u00each\u00e9 le maitre des poursuites de demander sa condamnation \u00e0 6 mois ferme pour les d\u00e9lits d\u2019offense et de discours contraires aux bonnes m\u0153urs. En revanche, il a demand\u00e9 que la pr\u00e9venue soit relax\u00e9e pour les insultes.<\/p>\n<p>Mes El Hadji Amadou Sall et Oumar Yom ont sollicit\u00e9 une application bienveillante de la loi p\u00e9nale pour le discours contraires aux bonnes m\u0153urs et la relaxe pour les 2 autres infractions.<\/p>\n<p>\u00ab Gaind\u00e9 Macky bou djigu\u00e9ne \u00bb sera \u00e9difi\u00e9e sur son sort le 20 octobre 2025.<\/p>\n<div class='share-to-whatsapp-wrapper'><div class='share-on-whsp'>PARTAGER SUR : <\/div><a data-text='PROPOS OFFENSANTS A L'ENDROIT DU PM-\u00ab Gaind\u00e9 Macky bou djigu\u00e9ne \u00bb risque six mois ferme' data-link='https:\/\/www.nettali.com\/2025\/10\/15\/propos-offensants-a-lendroit-du-pm-gainde-macky-bou-djiguene-risque-six-mois-ferme\/' class='whatsapp-button whatsapp-share'>WhatsApp<\/a><div class='clear '><\/div><\/div>","protected":false},"excerpt":{"rendered":"<p>NETTALI.COM- 6 mois de prison ferme, c\u2019est \u00a0la peine que le parquet a requise ce mercredi 15 octobre 2025 contre Daba Mbodji. La dame surnomm\u00e9e \u00ab Gaind\u00e9 Macky bou djigu\u00e9ne \u00bb est poursuivie pour avoir prof\u00e9r\u00e9 des propos injurieux \u00e0 l\u2019endroit du Premier ministre Ousmane Sonko, lors d\u2019un live sur Tik Tok. \u00a0Poursuivie pour offense [&hellip;]<\/p>\n","protected":false},"author":6,"featured_media":162927,"comment_status":"open","ping_status":"open","sticky":false,"template":"","format":"standard","meta":{"_et_pb_use_builder":"","_et_pb_old_content":""},"categories":[3],"tags":[],"yoast_head":"<!-- This site is optimized with the Yoast SEO Premium plugin v17.8 (Yoast SEO v17.8) - https:\/\/yoast.com\/wordpress\/plugins\/seo\/ -->\n<title>PROPOS OFFENSANTS A L&#039;ENDROIT DU PM-\u00ab Gaind\u00e9 Macky bou djigu\u00e9ne \u00bb risque six mois ferme | Nettali.com<\/title>\n<meta name=\"robots\" content=\"index, follow, max-snippet:-1, max-image-preview:large, max-video-preview:-1\" \/>\n<link rel=\"canonical\" href=\"https:\/\/www.nettali.com\/2025\/10\/15\/propos-offensants-a-lendroit-du-pm-gainde-macky-bou-djiguene-risque-six-mois-ferme\/\" \/>\n<meta property=\"og:locale\" content=\"fr_FR\" \/>\n<meta property=\"og:type\" content=\"article\" \/>\n<meta property=\"og:title\" content=\"PROPOS OFFENSANTS A L&#039;ENDROIT DU PM-\u00ab Gaind\u00e9 Macky bou djigu\u00e9ne \u00bb risque six mois ferme\" \/>\n<meta property=\"og:description\" content=\"NETTALI.COM- 6 mois de prison ferme, c\u2019est \u00a0la peine que le parquet a requise ce mercredi 15 octobre 2025 contre Daba Mbodji. La dame surnomm\u00e9e \u00ab Gaind\u00e9 Macky bou djigu\u00e9ne \u00bb est poursuivie pour avoir prof\u00e9r\u00e9 des propos injurieux \u00e0 l\u2019endroit du Premier ministre Ousmane Sonko, lors d\u2019un live sur Tik Tok. \u00a0Poursuivie pour offense [&hellip;]\" \/>\n<meta property=\"og:url\" content=\"https:\/\/www.nettali.com\/2025\/10\/15\/propos-offensants-a-lendroit-du-pm-gainde-macky-bou-djiguene-risque-six-mois-ferme\/\" \/>\n<meta property=\"og:site_name\" content=\"Nettali.com\" \/>\n<meta property=\"article:publisher\" content=\"https:\/\/www.facebook.com\/nettalicom\" \/>\n<meta property=\"article:published_time\" content=\"2025-10-15T14:58:07+00:00\" \/>\n<meta property=\"og:image\" content=\"https:\/\/www.nettali.com\/wp-content\/uploads\/2025\/10\/Daba.jpeg\" \/>\n\t<meta property=\"og:image:width\" content=\"1260\" \/>\n\t<meta property=\"og:image:height\" content=\"800\" \/>\n<meta name=\"twitter:card\" content=\"summary_large_image\" \/>\n<meta name=\"twitter:label1\" content=\"\u00c9crit par\" \/>\n\t<meta name=\"twitter:data1\" content=\"Fatou\" \/>\n\t<meta name=\"twitter:label2\" content=\"Dur\u00e9e de lecture estim\u00e9e\" \/>\n\t<meta name=\"twitter:data2\" content=\"2 minutes\" \/>\n<script type=\"application\/ld+json\" class=\"yoast-schema-graph\">{\"@context\":\"https:\/\/schema.org\",\"@graph\":[{\"@type\":\"WebSite\",\"@id\":\"https:\/\/www.nettali.com\/#website\",\"url\":\"https:\/\/www.nettali.com\/\",\"name\":\"Nettali.com\",\"description\":\"Le rendez-vous critique du Net\",\"potentialAction\":[{\"@type\":\"SearchAction\",\"target\":{\"@type\":\"EntryPoint\",\"urlTemplate\":\"https:\/\/www.nettali.com\/?s={search_term_string}\"},\"query-input\":\"required name=search_term_string\"}],\"inLanguage\":\"fr-FR\"},{\"@type\":\"ImageObject\",\"@id\":\"https:\/\/www.nettali.com\/2025\/10\/15\/propos-offensants-a-lendroit-du-pm-gainde-macky-bou-djiguene-risque-six-mois-ferme\/#primaryimage\",\"inLanguage\":\"fr-FR\",\"url\":\"https:\/\/www.nettali.com\/wp-content\/uploads\/2025\/10\/Daba.jpeg\",\"contentUrl\":\"https:\/\/www.nettali.com\/wp-content\/uploads\/2025\/10\/Daba.jpeg\",\"width\":1260,\"height\":800},{\"@type\":\"WebPage\",\"@id\":\"https:\/\/www.nettali.com\/2025\/10\/15\/propos-offensants-a-lendroit-du-pm-gainde-macky-bou-djiguene-risque-six-mois-ferme\/#webpage\",\"url\":\"https:\/\/www.nettali.com\/2025\/10\/15\/propos-offensants-a-lendroit-du-pm-gainde-macky-bou-djiguene-risque-six-mois-ferme\/\",\"name\":\"PROPOS OFFENSANTS A L'ENDROIT DU PM-\\u00ab Gaind\\u00e9 Macky bou djigu\\u00e9ne \\u00bb risque six mois ferme | Nettali.com\",\"isPartOf\":{\"@id\":\"https:\/\/www.nettali.com\/#website\"},\"primaryImageOfPage\":{\"@id\":\"https:\/\/www.nettali.com\/2025\/10\/15\/propos-offensants-a-lendroit-du-pm-gainde-macky-bou-djiguene-risque-six-mois-ferme\/#primaryimage\"},\"datePublished\":\"2025-10-15T14:58:07+00:00\",\"dateModified\":\"2025-10-15T14:58:07+00:00\",\"author\":{\"@id\":\"https:\/\/www.nettali.com\/#\/schema\/person\/418274a86bdf87caff7a3ef476bd0bbf\"},\"breadcrumb\":{\"@id\":\"https:\/\/www.nettali.com\/2025\/10\/15\/propos-offensants-a-lendroit-du-pm-gainde-macky-bou-djiguene-risque-six-mois-ferme\/#breadcrumb\"},\"inLanguage\":\"fr-FR\",\"potentialAction\":[{\"@type\":\"ReadAction\",\"target\":[\"https:\/\/www.nettali.com\/2025\/10\/15\/propos-offensants-a-lendroit-du-pm-gainde-macky-bou-djiguene-risque-six-mois-ferme\/\"]}]},{\"@type\":\"BreadcrumbList\",\"@id\":\"https:\/\/www.nettali.com\/2025\/10\/15\/propos-offensants-a-lendroit-du-pm-gainde-macky-bou-djiguene-risque-six-mois-ferme\/#breadcrumb\",\"itemListElement\":[{\"@type\":\"ListItem\",\"position\":1,\"name\":\"Accueil\",\"item\":\"https:\/\/www.nettali.com\/\"},{\"@type\":\"ListItem\",\"position\":2,\"name\":\"PROPOS OFFENSANTS A L'ENDROIT DU PM-\\u00ab Gaind\\u00e9 Macky bou djigu\\u00e9ne \\u00bb risque six mois ferme\"}]},{\"@type\":\"Person\",\"@id\":\"https:\/\/www.nettali.com\/#\/schema\/person\/418274a86bdf87caff7a3ef476bd0bbf\",\"name\":\"Fatou\",\"image\":{\"@type\":\"ImageObject\",\"@id\":\"https:\/\/www.nettali.com\/#personlogo\",\"inLanguage\":\"fr-FR\",\"url\":\"https:\/\/secure.gravatar.com\/avatar\/5a9442a2bee7b4dcf167cab035858e9a?s=96&d=mm&r=g\",\"contentUrl\":\"https:\/\/secure.gravatar.com\/avatar\/5a9442a2bee7b4dcf167cab035858e9a?s=96&d=mm&r=g\",\"caption\":\"Fatou\"},\"sameAs\":[\"https:\/\/www.nettali.com\"]}]}<\/script>\n<!-- \/ Yoast SEO Premium plugin. -->","yoast_head_json":{"title":"PROPOS OFFENSANTS A L'ENDROIT DU PM-\u00ab Gaind\u00e9 Macky bou djigu\u00e9ne \u00bb risque six mois ferme | Nettali.com","robots":{"index":"index","follow":"follow","max-snippet":"max-snippet:-1","max-image-preview":"max-image-preview:large","max-video-preview":"max-video-preview:-1"},"canonical":"https:\/\/www.nettali.com\/2025\/10\/15\/propos-offensants-a-lendroit-du-pm-gainde-macky-bou-djiguene-risque-six-mois-ferme\/","og_locale":"fr_FR","og_type":"article","og_title":"PROPOS OFFENSANTS A L'ENDROIT DU PM-\u00ab Gaind\u00e9 Macky bou djigu\u00e9ne \u00bb risque six mois ferme","og_description":"NETTALI.COM- 6 mois de prison ferme, c\u2019est \u00a0la peine que le parquet a requise ce mercredi 15 octobre 2025 contre Daba Mbodji. La dame surnomm\u00e9e \u00ab Gaind\u00e9 Macky bou djigu\u00e9ne \u00bb est poursuivie pour avoir prof\u00e9r\u00e9 des propos injurieux \u00e0 l\u2019endroit du Premier ministre Ousmane Sonko, lors d\u2019un live sur Tik Tok. \u00a0Poursuivie pour offense [&hellip;]","og_url":"https:\/\/www.nettali.com\/2025\/10\/15\/propos-offensants-a-lendroit-du-pm-gainde-macky-bou-djiguene-risque-six-mois-ferme\/","og_site_name":"Nettali.com","article_publisher":"https:\/\/www.facebook.com\/nettalicom","article_published_time":"2025-10-15T14:58:07+00:00","og_image":[{"width":1260,"height":800,"url":"https:\/\/www.nettali.com\/wp-content\/uploads\/2025\/10\/Daba.jpeg","type":"image\/jpeg"}],"twitter_card":"summary_large_image","twitter_misc":{"\u00c9crit par":"Fatou","Dur\u00e9e de lecture estim\u00e9e":"2 minutes"},"schema":{"@context":"https:\/\/schema.org","@graph":[{"@type":"WebSite","@id":"https:\/\/www.nettali.com\/#website","url":"https:\/\/www.nettali.com\/","name":"Nettali.com","description":"Le rendez-vous critique du Net","potentialAction":[{"@type":"SearchAction","target":{"@type":"EntryPoint","urlTemplate":"https:\/\/www.nettali.com\/?s={search_term_string}"},"query-input":"required name=search_term_string"}],"inLanguage":"fr-FR"},{"@type":"ImageObject","@id":"https:\/\/www.nettali.com\/2025\/10\/15\/propos-offensants-a-lendroit-du-pm-gainde-macky-bou-djiguene-risque-six-mois-ferme\/#primaryimage","inLanguage":"fr-FR","url":"https:\/\/www.nettali.com\/wp-content\/uploads\/2025\/10\/Daba.jpeg","contentUrl":"https:\/\/www.nettali.com\/wp-content\/uploads\/2025\/10\/Daba.jpeg","width":1260,"height":800},{"@type":"WebPage","@id":"https:\/\/www.nettali.com\/2025\/10\/15\/propos-offensants-a-lendroit-du-pm-gainde-macky-bou-djiguene-risque-six-mois-ferme\/#webpage","url":"https:\/\/www.nettali.com\/2025\/10\/15\/propos-offensants-a-lendroit-du-pm-gainde-macky-bou-djiguene-risque-six-mois-ferme\/","name":"PROPOS OFFENSANTS A L'ENDROIT DU PM-\u00ab Gaind\u00e9 Macky bou djigu\u00e9ne \u00bb risque six mois ferme | Nettali.com","isPartOf":{"@id":"https:\/\/www.nettali.com\/#website"},"primaryImageOfPage":{"@id":"https:\/\/www.nettali.com\/2025\/10\/15\/propos-offensants-a-lendroit-du-pm-gainde-macky-bou-djiguene-risque-six-mois-ferme\/#primaryimage"},"datePublished":"2025-10-15T14:58:07+00:00","dateModified":"2025-10-15T14:58:07+00:00","author":{"@id":"https:\/\/www.nettali.com\/#\/schema\/person\/418274a86bdf87caff7a3ef476bd0bbf"},"breadcrumb":{"@id":"https:\/\/www.nettali.com\/2025\/10\/15\/propos-offensants-a-lendroit-du-pm-gainde-macky-bou-djiguene-risque-six-mois-ferme\/#breadcrumb"},"inLanguage":"fr-FR","potentialAction":[{"@type":"ReadAction","target":["https:\/\/www.nettali.com\/2025\/10\/15\/propos-offensants-a-lendroit-du-pm-gainde-macky-bou-djiguene-risque-six-mois-ferme\/"]}]},{"@type":"BreadcrumbList","@id":"https:\/\/www.nettali.com\/2025\/10\/15\/propos-offensants-a-lendroit-du-pm-gainde-macky-bou-djiguene-risque-six-mois-ferme\/#breadcrumb","itemListElement":[{"@type":"ListItem","position":1,"name":"Accueil","item":"https:\/\/www.nettali.com\/"},{"@type":"ListItem","position":2,"name":"PROPOS OFFENSANTS A L'ENDROIT DU PM-\u00ab Gaind\u00e9 Macky bou djigu\u00e9ne \u00bb risque six mois ferme"}]},{"@type":"Person","@id":"https:\/\/www.nettali.com\/#\/schema\/person\/418274a86bdf87caff7a3ef476bd0bbf","name":"Fatou","image":{"@type":"ImageObject","@id":"https:\/\/www.nettali.com\/#personlogo","inLanguage":"fr-FR","url":"https:\/\/secure.gravatar.com\/avatar\/5a9442a2bee7b4dcf167cab035858e9a?s=96&d=mm&r=g","contentUrl":"https:\/\/secure.gravatar.com\/avatar\/5a9442a2bee7b4dcf167cab035858e9a?s=96&d=mm&r=g","caption":"Fatou"},"sameAs":["https:\/\/www.nettali.com"]}]}},"_links":{"self":[{"href":"https:\/\/www.nettali.com\/rest\/wp\/v2\/posts\/162926"}],"collection":[{"href":"https:\/\/www.nettali.com\/rest\/wp\/v2\/posts"}],"about":[{"href":"https:\/\/www.nettali.com\/rest\/wp\/v2\/types\/post"}],"author":[{"embeddable":true,"href":"https:\/\/www.nettali.com\/rest\/wp\/v2\/users\/6"}],"replies":[{"embeddable":true,"href":"https:\/\/www.nettali.com\/rest\/wp\/v2\/comments?post=162926"}],"version-history":[{"count":3,"href":"https:\/\/www.nettali.com\/rest\/wp\/v2\/posts\/162926\/revisions"}],"predecessor-version":[{"id":162934,"href":"https:\/\/www.nettali.com\/rest\/wp\/v2\/posts\/162926\/revisions\/162934"}],"wp:featuredmedia":[{"embeddable":true,"href":"https:\/\/www.nettali.com\/rest\/wp\/v2\/media\/162927"}],"wp:attachment":[{"href":"https:\/\/www.nettali.com\/rest\/wp\/v2\/media?parent=162926"}],"wp:term":[{"taxonomy":"category","embeddable":true,"href":"https:\/\/www.nettali.com\/rest\/wp\/v2\/categories?post=162926"},{"taxonomy":"post_tag","embeddable":true,"href":"https:\/\/www.nettali.com\/rest\/wp\/v2\/tags?post=162926"}],"curies":[{"name":"wp","href":"https:\/\/api.w.org\/{rel}","templated":true}]}}