{"id":162923,"date":"2025-10-15T16:22:11","date_gmt":"2025-10-15T16:22:11","guid":{"rendered":"https:\/\/www.nettali.com\/?p=162923"},"modified":"2025-10-15T14:22:26","modified_gmt":"2025-10-15T14:22:26","slug":"education-apres-le-g7-le-sels-a-annonce-un-debrayage-et-une-greve-totale","status":"publish","type":"post","link":"https:\/\/www.nettali.com\/2025\/10\/15\/education-apres-le-g7-le-sels-a-annonce-un-debrayage-et-une-greve-totale\/","title":{"rendered":"EDUCATION- Apr\u00e8s le G7, le Sels\/A annonce un d\u00e9brayage et une gr\u00e8ve totale"},"content":{"rendered":"<p><strong>NETTALI.COM- La protestation se multiplie dans le secteur de l\u2019\u00e9ducation. Apr\u00e8s le G7, c\u2019est le Syndicat des enseignants libres du S\u00e9n\u00e9gal\/Authentique (SELS\/Authentique) qui annonce un d\u00e9brayage ce mercredi 15 Octobre et une gr\u00e8ve totale le jeudi 16 Octobre 2025. Les syndicalistes d\u00e9noncent le dilatoire de l\u2019Etat par rapport au respect des accords et la situation dans laquelle se trouvent certaines \u00e9coles inond\u00e9es. <\/strong><\/p>\n<p>\u00ab <em>Respect des accords : Halte au dilatoire, le passif social doit \u00eatre sold\u00e9<\/em> \u00bb. C\u2019est le cri du c\u0153ur du Syndicat des enseignants libres du S\u00e9n\u00e9gal\/Authentique (SELS\/Authentique). Dans un communiqu\u00e9, les syndicalistes, demandent \u00e0 l'\u00c9tat, \u00ab garant de la continuit\u00e9 \u00bb, de solder le passif social \u00ab a<em>u lieu de se cacher derri\u00e8re un pacte de stabilit\u00e9 sociale<\/em> \u00bb. Dans le m\u00eame ordre d\u2019id\u00e9es, ils mettent en demeure les nouvelles autorit\u00e9s de mat\u00e9rialiser les accords sign\u00e9s en mai 2022, qui vont bien au-del\u00e0 des augmentations salariales.<\/p>\n<p>Parmi les points non respect\u00e9s figurent la r\u00e9vision du statut des Enseignants d\u00e9cisionnaires (modification des d\u00e9crets 2006-392 et 74347), l'arr\u00eat de la surimposition sur les rappels et des lenteurs administratives, le paiement des classes sp\u00e9ciales et la revalorisation des indemnit\u00e9s li\u00e9es aux examens (CFEE, entr\u00e9e en 6e, BFEM) et l'ouverture de n\u00e9gociations sur la retraite \u00e0 65 ans et la revalorisation des pensions.<\/p>\n<p>Enfin, dans l'esprit du JUB, JUBAL, JUBANTI, le SELS\/A met les ministres concern\u00e9s devant leurs responsabilit\u00e9s pour l\u2019ex\u00e9cution de l\u2019arr\u00eat N\u00b0 10\/2024 de la Cour Supr\u00eame, qui a annul\u00e9 les r\u00e9sultats des \u00e9lections de repr\u00e9sentativit\u00e9 syndicale.<\/p>\n<p>Ainsi, pour exiger le r\u00e8glement du passif, le SELS\/A appelle ses militants \u00e0 la mobilisation et annonce un plan d\u2019action imm\u00e9diat. Il s\u2019agit d\u2019un d\u00e9brayage \u00e0 partir de ce mercredi 15 octobre 2025 et d\u2019une gr\u00e8ve totale le jeudi 16 Octobre<strong>. <\/strong><\/p>\n<p>Au-del\u00e0 de la question des accords, les syndicalistes sonnent l'alarme face \u00e0 l'urgence sanitaire et environnementale. En effet, dans un contexte de rentr\u00e9e scolaire 2025\/2026 d\u00e9j\u00e0 tendu par la double menace des \u00e9pid\u00e9mies de Fi\u00e8vre de la Vall\u00e9e du Rift et de MPOX, ainsi que par des inondations g\u00e9n\u00e9ralis\u00e9es, le SELS\/Authentique exprime sa vive inqui\u00e9tude et craint la propagation des \u00e9pid\u00e9mies. C\u2019est pourquoi, il presse le gouvernement d'intervenir \u00ab sur deux fronts \u00bb, notamment l'\u00e9radication des maladies et la gestion des inondations.<\/p>\n<p>D\u00e9non\u00e7ant la \u00ab lenteur des op\u00e9rations de pompage \u00bb, le syndicat souligne que de nombreux \u00e9tablissements risquent d'accuser un retard important dans l'application du programme, compromettant de fait le concept UBI TAY, JANG TAY. Le relogement des populations sinistr\u00e9es qui occupent actuellement les \u00e9coles est \u00e9galement une priorit\u00e9.<\/p>\n<p>Par ailleurs, le Sels\/Authentique \u00ab\u00a0<em>d\u00e9nonce avec la derni\u00e8re \u00e9nergie\u00a0<\/em>\u00bb la \u00ab\u00a0vague de licenciements abusifs\u00a0\u00bb de travailleurs, exigeant leur r\u00e9int\u00e9gration imm\u00e9diate.<\/p>\n<p>En fin, le syndicat salue les mesures d'all\u00e8gement prises par le minist\u00e8re de l'\u00c9ducation nationale (MEN), notamment la gratuit\u00e9 des inscriptions \u00e0 l\u2019\u00e9l\u00e9mentaire et la r\u00e9duction des frais dans le Moyen\/Secondaire. Il encourage \u00e9galement la poursuite des grandes r\u00e9formes annonc\u00e9es pour une \u00ab\u00a0\u00e9cole de qualit\u00e9\u00a0\u00bb.<\/p>\n<div class='share-to-whatsapp-wrapper'><div class='share-on-whsp'>PARTAGER SUR : <\/div><a data-text='EDUCATION- Apr\u00e8s le G7, le Sels\/A annonce un d\u00e9brayage et une gr\u00e8ve totale' data-link='https:\/\/www.nettali.com\/2025\/10\/15\/education-apres-le-g7-le-sels-a-annonce-un-debrayage-et-une-greve-totale\/' class='whatsapp-button whatsapp-share'>WhatsApp<\/a><div class='clear '><\/div><\/div>","protected":false},"excerpt":{"rendered":"<p>NETTALI.COM- La protestation se multiplie dans le secteur de l\u2019\u00e9ducation. Apr\u00e8s le G7, c\u2019est le Syndicat des enseignants libres du S\u00e9n\u00e9gal\/Authentique (SELS\/Authentique) qui annonce un d\u00e9brayage ce mercredi 15 Octobre et une gr\u00e8ve totale le jeudi 16 Octobre 2025. Les syndicalistes d\u00e9noncent le dilatoire de l\u2019Etat par rapport au respect des accords et la situation [&hellip;]<\/p>\n","protected":false},"author":6,"featured_media":162546,"comment_status":"open","ping_status":"open","sticky":false,"template":"","format":"standard","meta":{"_et_pb_use_builder":"","_et_pb_old_content":""},"categories":[3],"tags":[],"yoast_head":"<!-- This site is optimized with the Yoast SEO Premium plugin v17.8 (Yoast SEO v17.8) - https:\/\/yoast.com\/wordpress\/plugins\/seo\/ -->\n<title>EDUCATION- Apr\u00e8s le G7, le Sels\/A annonce un d\u00e9brayage et une gr\u00e8ve totale | Nettali.com<\/title>\n<meta name=\"robots\" content=\"index, follow, max-snippet:-1, max-image-preview:large, max-video-preview:-1\" \/>\n<link rel=\"canonical\" href=\"https:\/\/www.nettali.com\/2025\/10\/15\/education-apres-le-g7-le-sels-a-annonce-un-debrayage-et-une-greve-totale\/\" \/>\n<meta property=\"og:locale\" content=\"fr_FR\" \/>\n<meta property=\"og:type\" content=\"article\" \/>\n<meta property=\"og:title\" content=\"EDUCATION- Apr\u00e8s le G7, le Sels\/A annonce un d\u00e9brayage et une gr\u00e8ve totale\" \/>\n<meta property=\"og:description\" content=\"NETTALI.COM- La protestation se multiplie dans le secteur de l\u2019\u00e9ducation. Apr\u00e8s le G7, c\u2019est le Syndicat des enseignants libres du S\u00e9n\u00e9gal\/Authentique (SELS\/Authentique) qui annonce un d\u00e9brayage ce mercredi 15 Octobre et une gr\u00e8ve totale le jeudi 16 Octobre 2025. Les syndicalistes d\u00e9noncent le dilatoire de l\u2019Etat par rapport au respect des accords et la situation [&hellip;]\" \/>\n<meta property=\"og:url\" content=\"https:\/\/www.nettali.com\/2025\/10\/15\/education-apres-le-g7-le-sels-a-annonce-un-debrayage-et-une-greve-totale\/\" \/>\n<meta property=\"og:site_name\" content=\"Nettali.com\" \/>\n<meta property=\"article:publisher\" content=\"https:\/\/www.facebook.com\/nettalicom\" \/>\n<meta property=\"article:published_time\" content=\"2025-10-15T16:22:11+00:00\" \/>\n<meta property=\"article:modified_time\" content=\"2025-10-15T14:22:26+00:00\" \/>\n<meta property=\"og:image\" content=\"https:\/\/www.nettali.com\/wp-content\/uploads\/2025\/10\/ecole-eaux.jpg\" \/>\n\t<meta property=\"og:image:width\" content=\"600\" \/>\n\t<meta property=\"og:image:height\" content=\"357\" \/>\n<meta name=\"twitter:card\" content=\"summary_large_image\" \/>\n<meta name=\"twitter:label1\" content=\"\u00c9crit par\" \/>\n\t<meta name=\"twitter:data1\" content=\"Fatou\" \/>\n\t<meta name=\"twitter:label2\" content=\"Dur\u00e9e de lecture estim\u00e9e\" \/>\n\t<meta name=\"twitter:data2\" content=\"3 minutes\" \/>\n<script type=\"application\/ld+json\" class=\"yoast-schema-graph\">{\"@context\":\"https:\/\/schema.org\",\"@graph\":[{\"@type\":\"WebSite\",\"@id\":\"https:\/\/www.nettali.com\/#website\",\"url\":\"https:\/\/www.nettali.com\/\",\"name\":\"Nettali.com\",\"description\":\"Le rendez-vous critique du Net\",\"potentialAction\":[{\"@type\":\"SearchAction\",\"target\":{\"@type\":\"EntryPoint\",\"urlTemplate\":\"https:\/\/www.nettali.com\/?s={search_term_string}\"},\"query-input\":\"required name=search_term_string\"}],\"inLanguage\":\"fr-FR\"},{\"@type\":\"ImageObject\",\"@id\":\"https:\/\/www.nettali.com\/2025\/10\/15\/education-apres-le-g7-le-sels-a-annonce-un-debrayage-et-une-greve-totale\/#primaryimage\",\"inLanguage\":\"fr-FR\",\"url\":\"https:\/\/www.nettali.com\/wp-content\/uploads\/2025\/10\/ecole-eaux.jpg\",\"contentUrl\":\"https:\/\/www.nettali.com\/wp-content\/uploads\/2025\/10\/ecole-eaux.jpg\",\"width\":600,\"height\":357},{\"@type\":\"WebPage\",\"@id\":\"https:\/\/www.nettali.com\/2025\/10\/15\/education-apres-le-g7-le-sels-a-annonce-un-debrayage-et-une-greve-totale\/#webpage\",\"url\":\"https:\/\/www.nettali.com\/2025\/10\/15\/education-apres-le-g7-le-sels-a-annonce-un-debrayage-et-une-greve-totale\/\",\"name\":\"EDUCATION- Apr\\u00e8s le G7, le Sels\/A annonce un d\\u00e9brayage et une gr\\u00e8ve totale | Nettali.com\",\"isPartOf\":{\"@id\":\"https:\/\/www.nettali.com\/#website\"},\"primaryImageOfPage\":{\"@id\":\"https:\/\/www.nettali.com\/2025\/10\/15\/education-apres-le-g7-le-sels-a-annonce-un-debrayage-et-une-greve-totale\/#primaryimage\"},\"datePublished\":\"2025-10-15T16:22:11+00:00\",\"dateModified\":\"2025-10-15T14:22:26+00:00\",\"author\":{\"@id\":\"https:\/\/www.nettali.com\/#\/schema\/person\/418274a86bdf87caff7a3ef476bd0bbf\"},\"breadcrumb\":{\"@id\":\"https:\/\/www.nettali.com\/2025\/10\/15\/education-apres-le-g7-le-sels-a-annonce-un-debrayage-et-une-greve-totale\/#breadcrumb\"},\"inLanguage\":\"fr-FR\",\"potentialAction\":[{\"@type\":\"ReadAction\",\"target\":[\"https:\/\/www.nettali.com\/2025\/10\/15\/education-apres-le-g7-le-sels-a-annonce-un-debrayage-et-une-greve-totale\/\"]}]},{\"@type\":\"BreadcrumbList\",\"@id\":\"https:\/\/www.nettali.com\/2025\/10\/15\/education-apres-le-g7-le-sels-a-annonce-un-debrayage-et-une-greve-totale\/#breadcrumb\",\"itemListElement\":[{\"@type\":\"ListItem\",\"position\":1,\"name\":\"Accueil\",\"item\":\"https:\/\/www.nettali.com\/\"},{\"@type\":\"ListItem\",\"position\":2,\"name\":\"EDUCATION- Apr\\u00e8s le G7, le Sels\/A annonce un d\\u00e9brayage et une gr\\u00e8ve totale\"}]},{\"@type\":\"Person\",\"@id\":\"https:\/\/www.nettali.com\/#\/schema\/person\/418274a86bdf87caff7a3ef476bd0bbf\",\"name\":\"Fatou\",\"image\":{\"@type\":\"ImageObject\",\"@id\":\"https:\/\/www.nettali.com\/#personlogo\",\"inLanguage\":\"fr-FR\",\"url\":\"https:\/\/secure.gravatar.com\/avatar\/5a9442a2bee7b4dcf167cab035858e9a?s=96&d=mm&r=g\",\"contentUrl\":\"https:\/\/secure.gravatar.com\/avatar\/5a9442a2bee7b4dcf167cab035858e9a?s=96&d=mm&r=g\",\"caption\":\"Fatou\"},\"sameAs\":[\"https:\/\/www.nettali.com\"]}]}<\/script>\n<!-- \/ Yoast SEO Premium plugin. -->","yoast_head_json":{"title":"EDUCATION- Apr\u00e8s le G7, le Sels\/A annonce un d\u00e9brayage et une gr\u00e8ve totale | Nettali.com","robots":{"index":"index","follow":"follow","max-snippet":"max-snippet:-1","max-image-preview":"max-image-preview:large","max-video-preview":"max-video-preview:-1"},"canonical":"https:\/\/www.nettali.com\/2025\/10\/15\/education-apres-le-g7-le-sels-a-annonce-un-debrayage-et-une-greve-totale\/","og_locale":"fr_FR","og_type":"article","og_title":"EDUCATION- Apr\u00e8s le G7, le Sels\/A annonce un d\u00e9brayage et une gr\u00e8ve totale","og_description":"NETTALI.COM- La protestation se multiplie dans le secteur de l\u2019\u00e9ducation. Apr\u00e8s le G7, c\u2019est le Syndicat des enseignants libres du S\u00e9n\u00e9gal\/Authentique (SELS\/Authentique) qui annonce un d\u00e9brayage ce mercredi 15 Octobre et une gr\u00e8ve totale le jeudi 16 Octobre 2025. Les syndicalistes d\u00e9noncent le dilatoire de l\u2019Etat par rapport au respect des accords et la situation [&hellip;]","og_url":"https:\/\/www.nettali.com\/2025\/10\/15\/education-apres-le-g7-le-sels-a-annonce-un-debrayage-et-une-greve-totale\/","og_site_name":"Nettali.com","article_publisher":"https:\/\/www.facebook.com\/nettalicom","article_published_time":"2025-10-15T16:22:11+00:00","article_modified_time":"2025-10-15T14:22:26+00:00","og_image":[{"width":600,"height":357,"url":"https:\/\/www.nettali.com\/wp-content\/uploads\/2025\/10\/ecole-eaux.jpg","type":"image\/jpeg"}],"twitter_card":"summary_large_image","twitter_misc":{"\u00c9crit par":"Fatou","Dur\u00e9e de lecture estim\u00e9e":"3 minutes"},"schema":{"@context":"https:\/\/schema.org","@graph":[{"@type":"WebSite","@id":"https:\/\/www.nettali.com\/#website","url":"https:\/\/www.nettali.com\/","name":"Nettali.com","description":"Le rendez-vous critique du Net","potentialAction":[{"@type":"SearchAction","target":{"@type":"EntryPoint","urlTemplate":"https:\/\/www.nettali.com\/?s={search_term_string}"},"query-input":"required name=search_term_string"}],"inLanguage":"fr-FR"},{"@type":"ImageObject","@id":"https:\/\/www.nettali.com\/2025\/10\/15\/education-apres-le-g7-le-sels-a-annonce-un-debrayage-et-une-greve-totale\/#primaryimage","inLanguage":"fr-FR","url":"https:\/\/www.nettali.com\/wp-content\/uploads\/2025\/10\/ecole-eaux.jpg","contentUrl":"https:\/\/www.nettali.com\/wp-content\/uploads\/2025\/10\/ecole-eaux.jpg","width":600,"height":357},{"@type":"WebPage","@id":"https:\/\/www.nettali.com\/2025\/10\/15\/education-apres-le-g7-le-sels-a-annonce-un-debrayage-et-une-greve-totale\/#webpage","url":"https:\/\/www.nettali.com\/2025\/10\/15\/education-apres-le-g7-le-sels-a-annonce-un-debrayage-et-une-greve-totale\/","name":"EDUCATION- Apr\u00e8s le G7, le Sels\/A annonce un d\u00e9brayage et une gr\u00e8ve totale | Nettali.com","isPartOf":{"@id":"https:\/\/www.nettali.com\/#website"},"primaryImageOfPage":{"@id":"https:\/\/www.nettali.com\/2025\/10\/15\/education-apres-le-g7-le-sels-a-annonce-un-debrayage-et-une-greve-totale\/#primaryimage"},"datePublished":"2025-10-15T16:22:11+00:00","dateModified":"2025-10-15T14:22:26+00:00","author":{"@id":"https:\/\/www.nettali.com\/#\/schema\/person\/418274a86bdf87caff7a3ef476bd0bbf"},"breadcrumb":{"@id":"https:\/\/www.nettali.com\/2025\/10\/15\/education-apres-le-g7-le-sels-a-annonce-un-debrayage-et-une-greve-totale\/#breadcrumb"},"inLanguage":"fr-FR","potentialAction":[{"@type":"ReadAction","target":["https:\/\/www.nettali.com\/2025\/10\/15\/education-apres-le-g7-le-sels-a-annonce-un-debrayage-et-une-greve-totale\/"]}]},{"@type":"BreadcrumbList","@id":"https:\/\/www.nettali.com\/2025\/10\/15\/education-apres-le-g7-le-sels-a-annonce-un-debrayage-et-une-greve-totale\/#breadcrumb","itemListElement":[{"@type":"ListItem","position":1,"name":"Accueil","item":"https:\/\/www.nettali.com\/"},{"@type":"ListItem","position":2,"name":"EDUCATION- Apr\u00e8s le G7, le Sels\/A annonce un d\u00e9brayage et une gr\u00e8ve totale"}]},{"@type":"Person","@id":"https:\/\/www.nettali.com\/#\/schema\/person\/418274a86bdf87caff7a3ef476bd0bbf","name":"Fatou","image":{"@type":"ImageObject","@id":"https:\/\/www.nettali.com\/#personlogo","inLanguage":"fr-FR","url":"https:\/\/secure.gravatar.com\/avatar\/5a9442a2bee7b4dcf167cab035858e9a?s=96&d=mm&r=g","contentUrl":"https:\/\/secure.gravatar.com\/avatar\/5a9442a2bee7b4dcf167cab035858e9a?s=96&d=mm&r=g","caption":"Fatou"},"sameAs":["https:\/\/www.nettali.com"]}]}},"_links":{"self":[{"href":"https:\/\/www.nettali.com\/rest\/wp\/v2\/posts\/162923"}],"collection":[{"href":"https:\/\/www.nettali.com\/rest\/wp\/v2\/posts"}],"about":[{"href":"https:\/\/www.nettali.com\/rest\/wp\/v2\/types\/post"}],"author":[{"embeddable":true,"href":"https:\/\/www.nettali.com\/rest\/wp\/v2\/users\/6"}],"replies":[{"embeddable":true,"href":"https:\/\/www.nettali.com\/rest\/wp\/v2\/comments?post=162923"}],"version-history":[{"count":1,"href":"https:\/\/www.nettali.com\/rest\/wp\/v2\/posts\/162923\/revisions"}],"predecessor-version":[{"id":162924,"href":"https:\/\/www.nettali.com\/rest\/wp\/v2\/posts\/162923\/revisions\/162924"}],"wp:featuredmedia":[{"embeddable":true,"href":"https:\/\/www.nettali.com\/rest\/wp\/v2\/media\/162546"}],"wp:attachment":[{"href":"https:\/\/www.nettali.com\/rest\/wp\/v2\/media?parent=162923"}],"wp:term":[{"taxonomy":"category","embeddable":true,"href":"https:\/\/www.nettali.com\/rest\/wp\/v2\/categories?post=162923"},{"taxonomy":"post_tag","embeddable":true,"href":"https:\/\/www.nettali.com\/rest\/wp\/v2\/tags?post=162923"}],"curies":[{"name":"wp","href":"https:\/\/api.w.org\/{rel}","templated":true}]}}