{"id":162909,"date":"2025-10-15T15:00:03","date_gmt":"2025-10-15T15:00:03","guid":{"rendered":"https:\/\/www.nettali.com\/?p=162909"},"modified":"2025-10-15T15:38:57","modified_gmt":"2025-10-15T15:38:57","slug":"cameroun-samuel-etoo-a-pique-une-colere-noire","status":"publish","type":"post","link":"https:\/\/www.nettali.com\/2025\/10\/15\/cameroun-samuel-etoo-a-pique-une-colere-noire\/","title":{"rendered":"CAMEROUN - Samuel Eto\u2019o a piqu\u00e9 une col\u00e8re noire"},"content":{"rendered":"<p><strong>NETTALI.COM -<\/strong> Tenu en \u00e9chec \u00e0 domicile par l\u2019Angola (0-0), le Cameroun a vu le Cap-Vert se qualifier pour la premi\u00e8re Coupe du Monde. Deuxi\u00e8me du classement du groupe D, le pays des Lions Indomptables va donc devoir passer par les barrages pour esp\u00e9rer voir les Etats-Unis, le Canada ou le Mexique.<\/p>\n<p>Hier mardi, l\u2019ambiance \u00e9tait en tout cas \u00e9lectrique dans les tribunes pr\u00e9sidentielles du stade Ahmadou Ahidjo. En effet, un individu a film\u00e9 une sc\u00e8ne dans laquelle on entend un spectateur s\u2019en prendre \u00e0 Samuel Eto\u2019o fils, le pr\u00e9sident de la f\u00e9d\u00e9ration camerounaise.<\/p>\n<p>\u201c<em>Il faut qu\u2019il parte de l\u00e0. Imb\u00e9cile ! C\u2019est \u00e0 cause de lui qu\u2019on n\u2019est pas qualifi\u00e9s.<\/em>\u201d<\/p>\n<p>Face \u00e0 ces invectives, Eto\u2019o a alors piqu\u00e9 sa crise avant d\u2019\u00eatre retenu par plusieurs personnes.<\/p>\n<div class='share-to-whatsapp-wrapper'><div class='share-on-whsp'>PARTAGER SUR : <\/div><a data-text='CAMEROUN - Samuel Eto\u2019o a piqu\u00e9 une col\u00e8re noire' data-link='https:\/\/www.nettali.com\/2025\/10\/15\/cameroun-samuel-etoo-a-pique-une-colere-noire\/' class='whatsapp-button whatsapp-share'>WhatsApp<\/a><div class='clear '><\/div><\/div>","protected":false},"excerpt":{"rendered":"<p>NETTALI.COM - Tenu en \u00e9chec \u00e0 domicile par l\u2019Angola (0-0), le Cameroun a vu le Cap-Vert se qualifier pour la premi\u00e8re Coupe du Monde. Deuxi\u00e8me du classement du groupe D, le pays des Lions Indomptables va donc devoir passer par les barrages pour esp\u00e9rer voir les Etats-Unis, le Canada ou le Mexique. Hier mardi, l\u2019ambiance [&hellip;]<\/p>\n","protected":false},"author":2,"featured_media":162910,"comment_status":"open","ping_status":"open","sticky":false,"template":"","format":"standard","meta":{"_et_pb_use_builder":"","_et_pb_old_content":""},"categories":[6],"tags":[],"yoast_head":"<!-- This site is optimized with the Yoast SEO Premium plugin v17.8 (Yoast SEO v17.8) - https:\/\/yoast.com\/wordpress\/plugins\/seo\/ -->\n<title>CAMEROUN - Samuel Eto\u2019o a piqu\u00e9 une col\u00e8re noire | Nettali.com<\/title>\n<meta name=\"robots\" content=\"index, follow, max-snippet:-1, max-image-preview:large, max-video-preview:-1\" \/>\n<link rel=\"canonical\" href=\"https:\/\/www.nettali.com\/2025\/10\/15\/cameroun-samuel-etoo-a-pique-une-colere-noire\/\" \/>\n<meta property=\"og:locale\" content=\"fr_FR\" \/>\n<meta property=\"og:type\" content=\"article\" \/>\n<meta property=\"og:title\" content=\"CAMEROUN - Samuel Eto\u2019o a piqu\u00e9 une col\u00e8re noire\" \/>\n<meta property=\"og:description\" content=\"NETTALI.COM - Tenu en \u00e9chec \u00e0 domicile par l\u2019Angola (0-0), le Cameroun a vu le Cap-Vert se qualifier pour la premi\u00e8re Coupe du Monde. Deuxi\u00e8me du classement du groupe D, le pays des Lions Indomptables va donc devoir passer par les barrages pour esp\u00e9rer voir les Etats-Unis, le Canada ou le Mexique. Hier mardi, l\u2019ambiance [&hellip;]\" \/>\n<meta property=\"og:url\" content=\"https:\/\/www.nettali.com\/2025\/10\/15\/cameroun-samuel-etoo-a-pique-une-colere-noire\/\" \/>\n<meta property=\"og:site_name\" content=\"Nettali.com\" \/>\n<meta property=\"article:publisher\" content=\"https:\/\/www.facebook.com\/nettalicom\" \/>\n<meta property=\"article:published_time\" content=\"2025-10-15T15:00:03+00:00\" \/>\n<meta property=\"article:modified_time\" content=\"2025-10-15T15:38:57+00:00\" \/>\n<meta property=\"og:image\" content=\"https:\/\/www.nettali.com\/wp-content\/uploads\/2025\/10\/HLSQWP4KCBF5NPZUSKVZWU7ZQI-scaled.jpg\" \/>\n\t<meta property=\"og:image:width\" content=\"2560\" \/>\n\t<meta property=\"og:image:height\" content=\"1707\" \/>\n<meta name=\"twitter:card\" content=\"summary_large_image\" \/>\n<meta name=\"twitter:label1\" content=\"\u00c9crit par\" \/>\n\t<meta name=\"twitter:data1\" content=\"CK\" \/>\n\t<meta name=\"twitter:label2\" content=\"Dur\u00e9e de lecture estim\u00e9e\" \/>\n\t<meta name=\"twitter:data2\" content=\"1 minute\" \/>\n<script type=\"application\/ld+json\" class=\"yoast-schema-graph\">{\"@context\":\"https:\/\/schema.org\",\"@graph\":[{\"@type\":\"WebSite\",\"@id\":\"https:\/\/www.nettali.com\/#website\",\"url\":\"https:\/\/www.nettali.com\/\",\"name\":\"Nettali.com\",\"description\":\"Le rendez-vous critique du Net\",\"potentialAction\":[{\"@type\":\"SearchAction\",\"target\":{\"@type\":\"EntryPoint\",\"urlTemplate\":\"https:\/\/www.nettali.com\/?s={search_term_string}\"},\"query-input\":\"required name=search_term_string\"}],\"inLanguage\":\"fr-FR\"},{\"@type\":\"ImageObject\",\"@id\":\"https:\/\/www.nettali.com\/2025\/10\/15\/cameroun-samuel-etoo-a-pique-une-colere-noire\/#primaryimage\",\"inLanguage\":\"fr-FR\",\"url\":\"https:\/\/www.nettali.com\/wp-content\/uploads\/2025\/10\/HLSQWP4KCBF5NPZUSKVZWU7ZQI-scaled.jpg\",\"contentUrl\":\"https:\/\/www.nettali.com\/wp-content\/uploads\/2025\/10\/HLSQWP4KCBF5NPZUSKVZWU7ZQI-scaled.jpg\",\"width\":2560,\"height\":1707,\"caption\":\"Samuel ETO'O, former player prior the UEFA Champions League, Semi-Final, first leg match between AC Milan and Inter Milan at San Siro on May 11, 2023 in Milan, Italy. (Photo by Johnny Fidelin\/Icon Sport)\"},{\"@type\":\"WebPage\",\"@id\":\"https:\/\/www.nettali.com\/2025\/10\/15\/cameroun-samuel-etoo-a-pique-une-colere-noire\/#webpage\",\"url\":\"https:\/\/www.nettali.com\/2025\/10\/15\/cameroun-samuel-etoo-a-pique-une-colere-noire\/\",\"name\":\"CAMEROUN - Samuel Eto\\u2019o a piqu\\u00e9 une col\\u00e8re noire | Nettali.com\",\"isPartOf\":{\"@id\":\"https:\/\/www.nettali.com\/#website\"},\"primaryImageOfPage\":{\"@id\":\"https:\/\/www.nettali.com\/2025\/10\/15\/cameroun-samuel-etoo-a-pique-une-colere-noire\/#primaryimage\"},\"datePublished\":\"2025-10-15T15:00:03+00:00\",\"dateModified\":\"2025-10-15T15:38:57+00:00\",\"author\":{\"@id\":\"https:\/\/www.nettali.com\/#\/schema\/person\/d8ac7b7e27ddad43f1c0d2ef090d7f71\"},\"breadcrumb\":{\"@id\":\"https:\/\/www.nettali.com\/2025\/10\/15\/cameroun-samuel-etoo-a-pique-une-colere-noire\/#breadcrumb\"},\"inLanguage\":\"fr-FR\",\"potentialAction\":[{\"@type\":\"ReadAction\",\"target\":[\"https:\/\/www.nettali.com\/2025\/10\/15\/cameroun-samuel-etoo-a-pique-une-colere-noire\/\"]}]},{\"@type\":\"BreadcrumbList\",\"@id\":\"https:\/\/www.nettali.com\/2025\/10\/15\/cameroun-samuel-etoo-a-pique-une-colere-noire\/#breadcrumb\",\"itemListElement\":[{\"@type\":\"ListItem\",\"position\":1,\"name\":\"Accueil\",\"item\":\"https:\/\/www.nettali.com\/\"},{\"@type\":\"ListItem\",\"position\":2,\"name\":\"CAMEROUN - Samuel Eto\\u2019o a piqu\\u00e9 une col\\u00e8re noire\"}]},{\"@type\":\"Person\",\"@id\":\"https:\/\/www.nettali.com\/#\/schema\/person\/d8ac7b7e27ddad43f1c0d2ef090d7f71\",\"name\":\"CK\",\"image\":{\"@type\":\"ImageObject\",\"@id\":\"https:\/\/www.nettali.com\/#personlogo\",\"inLanguage\":\"fr-FR\",\"url\":\"https:\/\/secure.gravatar.com\/avatar\/1d8d5118b9327d94da7cd4ce7f17fec2?s=96&d=mm&r=g\",\"contentUrl\":\"https:\/\/secure.gravatar.com\/avatar\/1d8d5118b9327d94da7cd4ce7f17fec2?s=96&d=mm&r=g\",\"caption\":\"CK\"},\"sameAs\":[\"https:\/\/www.nettali.com\"]}]}<\/script>\n<!-- \/ Yoast SEO Premium plugin. -->","yoast_head_json":{"title":"CAMEROUN - Samuel Eto\u2019o a piqu\u00e9 une col\u00e8re noire | Nettali.com","robots":{"index":"index","follow":"follow","max-snippet":"max-snippet:-1","max-image-preview":"max-image-preview:large","max-video-preview":"max-video-preview:-1"},"canonical":"https:\/\/www.nettali.com\/2025\/10\/15\/cameroun-samuel-etoo-a-pique-une-colere-noire\/","og_locale":"fr_FR","og_type":"article","og_title":"CAMEROUN - Samuel Eto\u2019o a piqu\u00e9 une col\u00e8re noire","og_description":"NETTALI.COM - Tenu en \u00e9chec \u00e0 domicile par l\u2019Angola (0-0), le Cameroun a vu le Cap-Vert se qualifier pour la premi\u00e8re Coupe du Monde. Deuxi\u00e8me du classement du groupe D, le pays des Lions Indomptables va donc devoir passer par les barrages pour esp\u00e9rer voir les Etats-Unis, le Canada ou le Mexique. Hier mardi, l\u2019ambiance [&hellip;]","og_url":"https:\/\/www.nettali.com\/2025\/10\/15\/cameroun-samuel-etoo-a-pique-une-colere-noire\/","og_site_name":"Nettali.com","article_publisher":"https:\/\/www.facebook.com\/nettalicom","article_published_time":"2025-10-15T15:00:03+00:00","article_modified_time":"2025-10-15T15:38:57+00:00","og_image":[{"width":2560,"height":1707,"url":"https:\/\/www.nettali.com\/wp-content\/uploads\/2025\/10\/HLSQWP4KCBF5NPZUSKVZWU7ZQI-scaled.jpg","type":"image\/jpeg"}],"twitter_card":"summary_large_image","twitter_misc":{"\u00c9crit par":"CK","Dur\u00e9e de lecture estim\u00e9e":"1 minute"},"schema":{"@context":"https:\/\/schema.org","@graph":[{"@type":"WebSite","@id":"https:\/\/www.nettali.com\/#website","url":"https:\/\/www.nettali.com\/","name":"Nettali.com","description":"Le rendez-vous critique du Net","potentialAction":[{"@type":"SearchAction","target":{"@type":"EntryPoint","urlTemplate":"https:\/\/www.nettali.com\/?s={search_term_string}"},"query-input":"required name=search_term_string"}],"inLanguage":"fr-FR"},{"@type":"ImageObject","@id":"https:\/\/www.nettali.com\/2025\/10\/15\/cameroun-samuel-etoo-a-pique-une-colere-noire\/#primaryimage","inLanguage":"fr-FR","url":"https:\/\/www.nettali.com\/wp-content\/uploads\/2025\/10\/HLSQWP4KCBF5NPZUSKVZWU7ZQI-scaled.jpg","contentUrl":"https:\/\/www.nettali.com\/wp-content\/uploads\/2025\/10\/HLSQWP4KCBF5NPZUSKVZWU7ZQI-scaled.jpg","width":2560,"height":1707,"caption":"Samuel ETO'O, former player prior the UEFA Champions League, Semi-Final, first leg match between AC Milan and Inter Milan at San Siro on May 11, 2023 in Milan, Italy. (Photo by Johnny Fidelin\/Icon Sport)"},{"@type":"WebPage","@id":"https:\/\/www.nettali.com\/2025\/10\/15\/cameroun-samuel-etoo-a-pique-une-colere-noire\/#webpage","url":"https:\/\/www.nettali.com\/2025\/10\/15\/cameroun-samuel-etoo-a-pique-une-colere-noire\/","name":"CAMEROUN - Samuel Eto\u2019o a piqu\u00e9 une col\u00e8re noire | Nettali.com","isPartOf":{"@id":"https:\/\/www.nettali.com\/#website"},"primaryImageOfPage":{"@id":"https:\/\/www.nettali.com\/2025\/10\/15\/cameroun-samuel-etoo-a-pique-une-colere-noire\/#primaryimage"},"datePublished":"2025-10-15T15:00:03+00:00","dateModified":"2025-10-15T15:38:57+00:00","author":{"@id":"https:\/\/www.nettali.com\/#\/schema\/person\/d8ac7b7e27ddad43f1c0d2ef090d7f71"},"breadcrumb":{"@id":"https:\/\/www.nettali.com\/2025\/10\/15\/cameroun-samuel-etoo-a-pique-une-colere-noire\/#breadcrumb"},"inLanguage":"fr-FR","potentialAction":[{"@type":"ReadAction","target":["https:\/\/www.nettali.com\/2025\/10\/15\/cameroun-samuel-etoo-a-pique-une-colere-noire\/"]}]},{"@type":"BreadcrumbList","@id":"https:\/\/www.nettali.com\/2025\/10\/15\/cameroun-samuel-etoo-a-pique-une-colere-noire\/#breadcrumb","itemListElement":[{"@type":"ListItem","position":1,"name":"Accueil","item":"https:\/\/www.nettali.com\/"},{"@type":"ListItem","position":2,"name":"CAMEROUN - Samuel Eto\u2019o a piqu\u00e9 une col\u00e8re noire"}]},{"@type":"Person","@id":"https:\/\/www.nettali.com\/#\/schema\/person\/d8ac7b7e27ddad43f1c0d2ef090d7f71","name":"CK","image":{"@type":"ImageObject","@id":"https:\/\/www.nettali.com\/#personlogo","inLanguage":"fr-FR","url":"https:\/\/secure.gravatar.com\/avatar\/1d8d5118b9327d94da7cd4ce7f17fec2?s=96&d=mm&r=g","contentUrl":"https:\/\/secure.gravatar.com\/avatar\/1d8d5118b9327d94da7cd4ce7f17fec2?s=96&d=mm&r=g","caption":"CK"},"sameAs":["https:\/\/www.nettali.com"]}]}},"_links":{"self":[{"href":"https:\/\/www.nettali.com\/rest\/wp\/v2\/posts\/162909"}],"collection":[{"href":"https:\/\/www.nettali.com\/rest\/wp\/v2\/posts"}],"about":[{"href":"https:\/\/www.nettali.com\/rest\/wp\/v2\/types\/post"}],"author":[{"embeddable":true,"href":"https:\/\/www.nettali.com\/rest\/wp\/v2\/users\/2"}],"replies":[{"embeddable":true,"href":"https:\/\/www.nettali.com\/rest\/wp\/v2\/comments?post=162909"}],"version-history":[{"count":1,"href":"https:\/\/www.nettali.com\/rest\/wp\/v2\/posts\/162909\/revisions"}],"predecessor-version":[{"id":162911,"href":"https:\/\/www.nettali.com\/rest\/wp\/v2\/posts\/162909\/revisions\/162911"}],"wp:featuredmedia":[{"embeddable":true,"href":"https:\/\/www.nettali.com\/rest\/wp\/v2\/media\/162910"}],"wp:attachment":[{"href":"https:\/\/www.nettali.com\/rest\/wp\/v2\/media?parent=162909"}],"wp:term":[{"taxonomy":"category","embeddable":true,"href":"https:\/\/www.nettali.com\/rest\/wp\/v2\/categories?post=162909"},{"taxonomy":"post_tag","embeddable":true,"href":"https:\/\/www.nettali.com\/rest\/wp\/v2\/tags?post=162909"}],"curies":[{"name":"wp","href":"https:\/\/api.w.org\/{rel}","templated":true}]}}