{"id":162896,"date":"2025-10-15T10:51:05","date_gmt":"2025-10-15T10:51:05","guid":{"rendered":"https:\/\/www.nettali.com\/?p=162896"},"modified":"2025-10-15T06:51:32","modified_gmt":"2025-10-15T06:51:32","slug":"teddy-pellerin-pape-thiaw-est-souffrant-depuis-24-heures","status":"publish","type":"post","link":"https:\/\/www.nettali.com\/2025\/10\/15\/teddy-pellerin-pape-thiaw-est-souffrant-depuis-24-heures\/","title":{"rendered":"TEDDY PELLERIN - \"Pape Thiaw est souffrant depuis 24 heures\""},"content":{"rendered":"<p><strong>NETTALI.COM - Apr\u00e8s la belle victoire des Lions face \u00e0 la Mauritanie, Teddy Pellerin s\u2019est pr\u00e9sent\u00e9 en conf\u00e9rence de presse \u00e0 la place de Pape Thiaw. L\u2019entra\u00eeneur adjoint a donn\u00e9 la raison de l\u2019absence du s\u00e9lectionneur avant de se prononcer sur la qualification du S\u00e9n\u00e9gal au mondial 2026.<\/strong><\/p>\n<p>Teddy Pellerin a pr\u00e9cis\u00e9 que sa pr\u00e9sence devant les journalistes \u00e9tait due \u00e0 l\u2019indisponibilit\u00e9 de Pape Bouna Thiaw qui est souffrant. Selon l\u2019entra\u00eeneur adjoint des Lions, le technicien s\u00e9n\u00e9galais \u00e9tait mal en point et a pr\u00e9f\u00e9r\u00e9 ne pas venir s\u2019exprimer.<\/p>\n<p>\"<em>Vous \u00eates tous surpris de l\u2019absence de Pape Thiaw mais \u00e7a fait 24 heures qu\u2019il est souffrant. Il a eu de la fi\u00e8vre ce matin avant le match et il a \u00e9t\u00e9 pris en charge par le staff m\u00e9dical pour pouvoir assumer sa fonction. Mais il est toujours fi\u00e9vreux. Il a tout donn\u00e9 \u00e0 l\u2019image de l\u2019\u00e9quipe et l\u00e0 il est vraiment tr\u00e8s fatigu\u00e9. Il s\u2019excuse de ne pas pouvoir se pr\u00e9senter en conf\u00e9rence de presse<\/em>\", a-t-il fait savoir.<\/p>\n<div class='share-to-whatsapp-wrapper'><div class='share-on-whsp'>PARTAGER SUR : <\/div><a data-text='TEDDY PELLERIN - \"Pape Thiaw est souffrant depuis 24 heures\"' data-link='https:\/\/www.nettali.com\/2025\/10\/15\/teddy-pellerin-pape-thiaw-est-souffrant-depuis-24-heures\/' class='whatsapp-button whatsapp-share'>WhatsApp<\/a><div class='clear '><\/div><\/div>","protected":false},"excerpt":{"rendered":"<p>NETTALI.COM - Apr\u00e8s la belle victoire des Lions face \u00e0 la Mauritanie, Teddy Pellerin s\u2019est pr\u00e9sent\u00e9 en conf\u00e9rence de presse \u00e0 la place de Pape Thiaw. L\u2019entra\u00eeneur adjoint a donn\u00e9 la raison de l\u2019absence du s\u00e9lectionneur avant de se prononcer sur la qualification du S\u00e9n\u00e9gal au mondial 2026. Teddy Pellerin a pr\u00e9cis\u00e9 que sa pr\u00e9sence [&hellip;]<\/p>\n","protected":false},"author":5,"featured_media":162899,"comment_status":"open","ping_status":"open","sticky":false,"template":"","format":"standard","meta":{"_et_pb_use_builder":"","_et_pb_old_content":""},"categories":[6],"tags":[],"yoast_head":"<!-- This site is optimized with the Yoast SEO Premium plugin v17.8 (Yoast SEO v17.8) - https:\/\/yoast.com\/wordpress\/plugins\/seo\/ -->\n<title>TEDDY PELLERIN - &quot;Pape Thiaw est souffrant depuis 24 heures&quot; | Nettali.com<\/title>\n<meta name=\"robots\" content=\"index, follow, max-snippet:-1, max-image-preview:large, max-video-preview:-1\" \/>\n<link rel=\"canonical\" href=\"https:\/\/www.nettali.com\/2025\/10\/15\/teddy-pellerin-pape-thiaw-est-souffrant-depuis-24-heures\/\" \/>\n<meta property=\"og:locale\" content=\"fr_FR\" \/>\n<meta property=\"og:type\" content=\"article\" \/>\n<meta property=\"og:title\" content=\"TEDDY PELLERIN - &quot;Pape Thiaw est souffrant depuis 24 heures&quot;\" \/>\n<meta property=\"og:description\" content=\"NETTALI.COM - Apr\u00e8s la belle victoire des Lions face \u00e0 la Mauritanie, Teddy Pellerin s\u2019est pr\u00e9sent\u00e9 en conf\u00e9rence de presse \u00e0 la place de Pape Thiaw. L\u2019entra\u00eeneur adjoint a donn\u00e9 la raison de l\u2019absence du s\u00e9lectionneur avant de se prononcer sur la qualification du S\u00e9n\u00e9gal au mondial 2026. Teddy Pellerin a pr\u00e9cis\u00e9 que sa pr\u00e9sence [&hellip;]\" \/>\n<meta property=\"og:url\" content=\"https:\/\/www.nettali.com\/2025\/10\/15\/teddy-pellerin-pape-thiaw-est-souffrant-depuis-24-heures\/\" \/>\n<meta property=\"og:site_name\" content=\"Nettali.com\" \/>\n<meta property=\"article:publisher\" content=\"https:\/\/www.facebook.com\/nettalicom\" \/>\n<meta property=\"article:published_time\" content=\"2025-10-15T10:51:05+00:00\" \/>\n<meta property=\"article:modified_time\" content=\"2025-10-15T06:51:32+00:00\" \/>\n<meta property=\"og:image\" content=\"https:\/\/www.nettali.com\/wp-content\/uploads\/2025\/10\/WhatsApp-Image-2025-10-14-at-22.30.20.jpeg\" \/>\n\t<meta property=\"og:image:width\" content=\"828\" \/>\n\t<meta property=\"og:image:height\" content=\"431\" \/>\n<meta name=\"twitter:card\" content=\"summary_large_image\" \/>\n<meta name=\"twitter:label1\" content=\"\u00c9crit par\" \/>\n\t<meta name=\"twitter:data1\" content=\"Ibrahima\" \/>\n\t<meta name=\"twitter:label2\" content=\"Dur\u00e9e de lecture estim\u00e9e\" \/>\n\t<meta name=\"twitter:data2\" content=\"1 minute\" \/>\n<script type=\"application\/ld+json\" class=\"yoast-schema-graph\">{\"@context\":\"https:\/\/schema.org\",\"@graph\":[{\"@type\":\"WebSite\",\"@id\":\"https:\/\/www.nettali.com\/#website\",\"url\":\"https:\/\/www.nettali.com\/\",\"name\":\"Nettali.com\",\"description\":\"Le rendez-vous critique du Net\",\"potentialAction\":[{\"@type\":\"SearchAction\",\"target\":{\"@type\":\"EntryPoint\",\"urlTemplate\":\"https:\/\/www.nettali.com\/?s={search_term_string}\"},\"query-input\":\"required name=search_term_string\"}],\"inLanguage\":\"fr-FR\"},{\"@type\":\"ImageObject\",\"@id\":\"https:\/\/www.nettali.com\/2025\/10\/15\/teddy-pellerin-pape-thiaw-est-souffrant-depuis-24-heures\/#primaryimage\",\"inLanguage\":\"fr-FR\",\"url\":\"https:\/\/www.nettali.com\/wp-content\/uploads\/2025\/10\/WhatsApp-Image-2025-10-14-at-22.30.20.jpeg\",\"contentUrl\":\"https:\/\/www.nettali.com\/wp-content\/uploads\/2025\/10\/WhatsApp-Image-2025-10-14-at-22.30.20.jpeg\",\"width\":828,\"height\":431},{\"@type\":\"WebPage\",\"@id\":\"https:\/\/www.nettali.com\/2025\/10\/15\/teddy-pellerin-pape-thiaw-est-souffrant-depuis-24-heures\/#webpage\",\"url\":\"https:\/\/www.nettali.com\/2025\/10\/15\/teddy-pellerin-pape-thiaw-est-souffrant-depuis-24-heures\/\",\"name\":\"TEDDY PELLERIN - \\\"Pape Thiaw est souffrant depuis 24 heures\\\" | Nettali.com\",\"isPartOf\":{\"@id\":\"https:\/\/www.nettali.com\/#website\"},\"primaryImageOfPage\":{\"@id\":\"https:\/\/www.nettali.com\/2025\/10\/15\/teddy-pellerin-pape-thiaw-est-souffrant-depuis-24-heures\/#primaryimage\"},\"datePublished\":\"2025-10-15T10:51:05+00:00\",\"dateModified\":\"2025-10-15T06:51:32+00:00\",\"author\":{\"@id\":\"https:\/\/www.nettali.com\/#\/schema\/person\/bb147657c2986240405a608162b9bb23\"},\"breadcrumb\":{\"@id\":\"https:\/\/www.nettali.com\/2025\/10\/15\/teddy-pellerin-pape-thiaw-est-souffrant-depuis-24-heures\/#breadcrumb\"},\"inLanguage\":\"fr-FR\",\"potentialAction\":[{\"@type\":\"ReadAction\",\"target\":[\"https:\/\/www.nettali.com\/2025\/10\/15\/teddy-pellerin-pape-thiaw-est-souffrant-depuis-24-heures\/\"]}]},{\"@type\":\"BreadcrumbList\",\"@id\":\"https:\/\/www.nettali.com\/2025\/10\/15\/teddy-pellerin-pape-thiaw-est-souffrant-depuis-24-heures\/#breadcrumb\",\"itemListElement\":[{\"@type\":\"ListItem\",\"position\":1,\"name\":\"Accueil\",\"item\":\"https:\/\/www.nettali.com\/\"},{\"@type\":\"ListItem\",\"position\":2,\"name\":\"TEDDY PELLERIN - \\\"Pape Thiaw est souffrant depuis 24 heures\\\"\"}]},{\"@type\":\"Person\",\"@id\":\"https:\/\/www.nettali.com\/#\/schema\/person\/bb147657c2986240405a608162b9bb23\",\"name\":\"Ibrahima\",\"image\":{\"@type\":\"ImageObject\",\"@id\":\"https:\/\/www.nettali.com\/#personlogo\",\"inLanguage\":\"fr-FR\",\"url\":\"https:\/\/secure.gravatar.com\/avatar\/26a8a81f09f0dd7624c9d5c36c9ba3a2?s=96&d=mm&r=g\",\"contentUrl\":\"https:\/\/secure.gravatar.com\/avatar\/26a8a81f09f0dd7624c9d5c36c9ba3a2?s=96&d=mm&r=g\",\"caption\":\"Ibrahima\"},\"sameAs\":[\"https:\/\/www.nettali.com\"]}]}<\/script>\n<!-- \/ Yoast SEO Premium plugin. -->","yoast_head_json":{"title":"TEDDY PELLERIN - \"Pape Thiaw est souffrant depuis 24 heures\" | Nettali.com","robots":{"index":"index","follow":"follow","max-snippet":"max-snippet:-1","max-image-preview":"max-image-preview:large","max-video-preview":"max-video-preview:-1"},"canonical":"https:\/\/www.nettali.com\/2025\/10\/15\/teddy-pellerin-pape-thiaw-est-souffrant-depuis-24-heures\/","og_locale":"fr_FR","og_type":"article","og_title":"TEDDY PELLERIN - \"Pape Thiaw est souffrant depuis 24 heures\"","og_description":"NETTALI.COM - Apr\u00e8s la belle victoire des Lions face \u00e0 la Mauritanie, Teddy Pellerin s\u2019est pr\u00e9sent\u00e9 en conf\u00e9rence de presse \u00e0 la place de Pape Thiaw. L\u2019entra\u00eeneur adjoint a donn\u00e9 la raison de l\u2019absence du s\u00e9lectionneur avant de se prononcer sur la qualification du S\u00e9n\u00e9gal au mondial 2026. Teddy Pellerin a pr\u00e9cis\u00e9 que sa pr\u00e9sence [&hellip;]","og_url":"https:\/\/www.nettali.com\/2025\/10\/15\/teddy-pellerin-pape-thiaw-est-souffrant-depuis-24-heures\/","og_site_name":"Nettali.com","article_publisher":"https:\/\/www.facebook.com\/nettalicom","article_published_time":"2025-10-15T10:51:05+00:00","article_modified_time":"2025-10-15T06:51:32+00:00","og_image":[{"width":828,"height":431,"url":"https:\/\/www.nettali.com\/wp-content\/uploads\/2025\/10\/WhatsApp-Image-2025-10-14-at-22.30.20.jpeg","type":"image\/jpeg"}],"twitter_card":"summary_large_image","twitter_misc":{"\u00c9crit par":"Ibrahima","Dur\u00e9e de lecture estim\u00e9e":"1 minute"},"schema":{"@context":"https:\/\/schema.org","@graph":[{"@type":"WebSite","@id":"https:\/\/www.nettali.com\/#website","url":"https:\/\/www.nettali.com\/","name":"Nettali.com","description":"Le rendez-vous critique du Net","potentialAction":[{"@type":"SearchAction","target":{"@type":"EntryPoint","urlTemplate":"https:\/\/www.nettali.com\/?s={search_term_string}"},"query-input":"required name=search_term_string"}],"inLanguage":"fr-FR"},{"@type":"ImageObject","@id":"https:\/\/www.nettali.com\/2025\/10\/15\/teddy-pellerin-pape-thiaw-est-souffrant-depuis-24-heures\/#primaryimage","inLanguage":"fr-FR","url":"https:\/\/www.nettali.com\/wp-content\/uploads\/2025\/10\/WhatsApp-Image-2025-10-14-at-22.30.20.jpeg","contentUrl":"https:\/\/www.nettali.com\/wp-content\/uploads\/2025\/10\/WhatsApp-Image-2025-10-14-at-22.30.20.jpeg","width":828,"height":431},{"@type":"WebPage","@id":"https:\/\/www.nettali.com\/2025\/10\/15\/teddy-pellerin-pape-thiaw-est-souffrant-depuis-24-heures\/#webpage","url":"https:\/\/www.nettali.com\/2025\/10\/15\/teddy-pellerin-pape-thiaw-est-souffrant-depuis-24-heures\/","name":"TEDDY PELLERIN - \"Pape Thiaw est souffrant depuis 24 heures\" | Nettali.com","isPartOf":{"@id":"https:\/\/www.nettali.com\/#website"},"primaryImageOfPage":{"@id":"https:\/\/www.nettali.com\/2025\/10\/15\/teddy-pellerin-pape-thiaw-est-souffrant-depuis-24-heures\/#primaryimage"},"datePublished":"2025-10-15T10:51:05+00:00","dateModified":"2025-10-15T06:51:32+00:00","author":{"@id":"https:\/\/www.nettali.com\/#\/schema\/person\/bb147657c2986240405a608162b9bb23"},"breadcrumb":{"@id":"https:\/\/www.nettali.com\/2025\/10\/15\/teddy-pellerin-pape-thiaw-est-souffrant-depuis-24-heures\/#breadcrumb"},"inLanguage":"fr-FR","potentialAction":[{"@type":"ReadAction","target":["https:\/\/www.nettali.com\/2025\/10\/15\/teddy-pellerin-pape-thiaw-est-souffrant-depuis-24-heures\/"]}]},{"@type":"BreadcrumbList","@id":"https:\/\/www.nettali.com\/2025\/10\/15\/teddy-pellerin-pape-thiaw-est-souffrant-depuis-24-heures\/#breadcrumb","itemListElement":[{"@type":"ListItem","position":1,"name":"Accueil","item":"https:\/\/www.nettali.com\/"},{"@type":"ListItem","position":2,"name":"TEDDY PELLERIN - \"Pape Thiaw est souffrant depuis 24 heures\""}]},{"@type":"Person","@id":"https:\/\/www.nettali.com\/#\/schema\/person\/bb147657c2986240405a608162b9bb23","name":"Ibrahima","image":{"@type":"ImageObject","@id":"https:\/\/www.nettali.com\/#personlogo","inLanguage":"fr-FR","url":"https:\/\/secure.gravatar.com\/avatar\/26a8a81f09f0dd7624c9d5c36c9ba3a2?s=96&d=mm&r=g","contentUrl":"https:\/\/secure.gravatar.com\/avatar\/26a8a81f09f0dd7624c9d5c36c9ba3a2?s=96&d=mm&r=g","caption":"Ibrahima"},"sameAs":["https:\/\/www.nettali.com"]}]}},"_links":{"self":[{"href":"https:\/\/www.nettali.com\/rest\/wp\/v2\/posts\/162896"}],"collection":[{"href":"https:\/\/www.nettali.com\/rest\/wp\/v2\/posts"}],"about":[{"href":"https:\/\/www.nettali.com\/rest\/wp\/v2\/types\/post"}],"author":[{"embeddable":true,"href":"https:\/\/www.nettali.com\/rest\/wp\/v2\/users\/5"}],"replies":[{"embeddable":true,"href":"https:\/\/www.nettali.com\/rest\/wp\/v2\/comments?post=162896"}],"version-history":[{"count":1,"href":"https:\/\/www.nettali.com\/rest\/wp\/v2\/posts\/162896\/revisions"}],"predecessor-version":[{"id":162900,"href":"https:\/\/www.nettali.com\/rest\/wp\/v2\/posts\/162896\/revisions\/162900"}],"wp:featuredmedia":[{"embeddable":true,"href":"https:\/\/www.nettali.com\/rest\/wp\/v2\/media\/162899"}],"wp:attachment":[{"href":"https:\/\/www.nettali.com\/rest\/wp\/v2\/media?parent=162896"}],"wp:term":[{"taxonomy":"category","embeddable":true,"href":"https:\/\/www.nettali.com\/rest\/wp\/v2\/categories?post=162896"},{"taxonomy":"post_tag","embeddable":true,"href":"https:\/\/www.nettali.com\/rest\/wp\/v2\/tags?post=162896"}],"curies":[{"name":"wp","href":"https:\/\/api.w.org\/{rel}","templated":true}]}}