{"id":162867,"date":"2025-10-14T19:22:06","date_gmt":"2025-10-14T19:22:06","guid":{"rendered":"https:\/\/www.nettali.com\/?p=162867"},"modified":"2025-10-14T17:50:13","modified_gmt":"2025-10-14T17:50:13","slug":"madagascar-rajoelina-destitue-les-militaires-disent-prendre-le-pouvoir","status":"publish","type":"post","link":"https:\/\/www.nettali.com\/2025\/10\/14\/madagascar-rajoelina-destitue-les-militaires-disent-prendre-le-pouvoir\/","title":{"rendered":"MADAGASCAR - Rajoelina destitu\u00e9, les militaires disent \"prendre le pouvoir\""},"content":{"rendered":"<div class=\"t-content__above-sidebar\">\n<p class=\"t-content__chapo\"><strong>NETTALI.COM - Alors que l'Assembl\u00e9e nationale de Madagascar a vot\u00e9 mardi la destitution du pr\u00e9sident Andry Rajoelina, qui avait diffus\u00e9 un d\u00e9cret de dissolution de l'Assembl\u00e9e quelques heures plus t\u00f4t, l'unit\u00e9 militaire ralli\u00e9e \u00e0 la contestation de la Gen Z a dit \"prendre le pouvoir\" et suspendre la Constitution. La pr\u00e9sidence a de son c\u00f4t\u00e9 d\u00e9nonc\u00e9 une \"tentative de coup d'\u00c9tat\", assurant qu'Andry Rajoelina \"demeure pleinement en fonction\".<\/strong><\/p>\n<\/div>\n<div class=\"t-content__with-sidebar\">\n<div class=\"t-content__beside-sidebar\" data-article-content=\"\">\n<div class=\"t-content__main-media\">\n<figure class=\"m-item-image m-item-image--16x9 m-item-image--has-caption\"><picture class=\"a-picture a-picture--16x9\"><source srcset=\"https:\/\/s.france24.com\/media\/display\/3d495530-a903-11f0-9fa2-005056a90284\/w:388\/p:16x9\/2025-10-14T133640Z-1569668387-RC2PBHAIQO9N-RTRMADP-3-MADAGASCAR-PROTESTS.webp 388w,https:\/\/s.france24.com\/media\/display\/3d495530-a903-11f0-9fa2-005056a90284\/w:720\/p:16x9\/2025-10-14T133640Z-1569668387-RC2PBHAIQO9N-RTRMADP-3-MADAGASCAR-PROTESTS.webp 720w,https:\/\/s.france24.com\/media\/display\/3d495530-a903-11f0-9fa2-005056a90284\/w:1024\/p:16x9\/2025-10-14T133640Z-1569668387-RC2PBHAIQO9N-RTRMADP-3-MADAGASCAR-PROTESTS.webp 1024w,https:\/\/s.france24.com\/media\/display\/3d495530-a903-11f0-9fa2-005056a90284\/w:1280\/p:16x9\/2025-10-14T133640Z-1569668387-RC2PBHAIQO9N-RTRMADP-3-MADAGASCAR-PROTESTS.webp 1280w\" type=\"image\/webp\" sizes=\"(max-width: 1076px) 100vw, 1012px\" \/><img loading=\"lazy\" class=\"a-img \" src=\"https:\/\/s.france24.com\/media\/display\/3d495530-a903-11f0-9fa2-005056a90284\/w:1280\/p:16x9\/2025-10-14T133640Z-1569668387-RC2PBHAIQO9N-RTRMADP-3-MADAGASCAR-PROTESTS.jpg\" sizes=\"(max-width: 1076px) 100vw, 1012px\" srcset=\"https:\/\/s.france24.com\/media\/display\/3d495530-a903-11f0-9fa2-005056a90284\/w:388\/p:16x9\/2025-10-14T133640Z-1569668387-RC2PBHAIQO9N-RTRMADP-3-MADAGASCAR-PROTESTS.jpg 388w,https:\/\/s.france24.com\/media\/display\/3d495530-a903-11f0-9fa2-005056a90284\/w:720\/p:16x9\/2025-10-14T133640Z-1569668387-RC2PBHAIQO9N-RTRMADP-3-MADAGASCAR-PROTESTS.jpg 720w,https:\/\/s.france24.com\/media\/display\/3d495530-a903-11f0-9fa2-005056a90284\/w:1024\/p:16x9\/2025-10-14T133640Z-1569668387-RC2PBHAIQO9N-RTRMADP-3-MADAGASCAR-PROTESTS.jpg 1024w,https:\/\/s.france24.com\/media\/display\/3d495530-a903-11f0-9fa2-005056a90284\/w:1280\/p:16x9\/2025-10-14T133640Z-1569668387-RC2PBHAIQO9N-RTRMADP-3-MADAGASCAR-PROTESTS.jpg 1280w\" alt=\"Des militaires rejoignent des manifestants rassembl\u00e9s devant la mairie d'Antananarivo, \u00e0 Madagascar, le 14 octobre 2025.\" width=\"1280\" height=\"720\" \/><\/picture><figcaption class=\"a-figcaption\">Des militaires rejoignent des manifestants rassembl\u00e9s devant la mairie d'Antananarivo, \u00e0 Madagascar, le 14 octobre 2025. \u00a9 Siphiwe Sibeko, Reuters<\/figcaption><\/figure>\n<\/div>\n<div class=\"t-content__body u-clearfix\" data-empty-p=\"false\">\n<p>Le sc\u00e9nario se r\u00e9p\u00e8te \u00e0\u00a0Madagascar. Les militaires ont annonc\u00e9, mardi 14\u00a0octobre, \"prendre le pouvoir\" et ont act\u00e9 de fait la fin de la pr\u00e9sidence du contest\u00e9\u00a0Andry Rajoelina, qui avait acc\u00e9d\u00e9 une premi\u00e8re fois au pouvoir par un coup d'\u00c9tat en 2009 dans des circonstances similaires.<\/p>\n<p>L'unit\u00e9 militaire qui s'est ralli\u00e9e au mouvement\u00a0de contestation g\u00e9n\u00e9ralis\u00e9e dans cette \u00eele particuli\u00e8rement pauvre de l'oc\u00e9an Indien a fait cette d\u00e9claration devant le palais pr\u00e9sidentiel du centre d'Antananarivo, juste apr\u00e8s un vote de l'Assembl\u00e9e nationale destituant le chef de l'\u00c9tat, pr\u00e9sum\u00e9 avoir quitt\u00e9 le pays.<\/p>\n<p><em>\"On va prendre le pouvoir \u00e0 partir d'aujourd'hui et on dissout le S\u00e9nat et la Haute cour constitutionnelle. L'Assembl\u00e9e nationale, on la laisse continuer \u00e0 travailler\"<\/em>, a indiqu\u00e9 le colonel Michael Randrianirina devant le palais pr\u00e9sidentiel, dans le centre de la capitale malgache.<\/p>\n<p>Sc\u00e8nes de f\u00eate et concerts ont suivi cette annonce sur la place du 13-mai. Les drapeaux malgaches et chants de c\u00e9l\u00e9bration ont envahi ce lieu symbolique, baptis\u00e9 en hommage aux personnes tu\u00e9es lors du soul\u00e8vement populaire de 1972 ayant conduit au d\u00e9part du premier pr\u00e9sident de l'\u00eele.<\/p>\n<div class=\"m-em-image\">\n<figure class=\"m-item-image m-item-image--original m-item-image--has-caption\"><picture class=\"a-picture a-picture--original\"><source srcset=\"https:\/\/s.france24.com\/media\/display\/ce5bbc0a-a919-11f0-baf7-005056a97e36\/w:246\/2025-10-14T135129Z-2022801857-RC2PBHAKKQH1-RTRMADP-3-MADAGASCAR-PROTESTS.webp 246w,https:\/\/s.france24.com\/media\/display\/ce5bbc0a-a919-11f0-baf7-005056a97e36\/w:388\/2025-10-14T135129Z-2022801857-RC2PBHAKKQH1-RTRMADP-3-MADAGASCAR-PROTESTS.webp 388w,https:\/\/s.france24.com\/media\/display\/ce5bbc0a-a919-11f0-baf7-005056a97e36\/w:720\/2025-10-14T135129Z-2022801857-RC2PBHAKKQH1-RTRMADP-3-MADAGASCAR-PROTESTS.webp 720w,https:\/\/s.france24.com\/media\/display\/ce5bbc0a-a919-11f0-baf7-005056a97e36\/w:980\/2025-10-14T135129Z-2022801857-RC2PBHAKKQH1-RTRMADP-3-MADAGASCAR-PROTESTS.webp 980w\" type=\"image\/webp\" sizes=\"(max-width: 1023px) calc(100vw - 32px), (min-width: 1024px) 850px\" \/><img class=\"a-img loaded\" src=\"https:\/\/s.france24.com\/media\/display\/ce5bbc0a-a919-11f0-baf7-005056a97e36\/w:980\/2025-10-14T135129Z-2022801857-RC2PBHAKKQH1-RTRMADP-3-MADAGASCAR-PROTESTS.jpg\" sizes=\"(max-width: 1023px) calc(100vw - 32px), (min-width: 1024px) 850px\" srcset=\"https:\/\/s.france24.com\/media\/display\/ce5bbc0a-a919-11f0-baf7-005056a97e36\/w:246\/2025-10-14T135129Z-2022801857-RC2PBHAKKQH1-RTRMADP-3-MADAGASCAR-PROTESTS.jpg 246w,https:\/\/s.france24.com\/media\/display\/ce5bbc0a-a919-11f0-baf7-005056a97e36\/w:388\/2025-10-14T135129Z-2022801857-RC2PBHAKKQH1-RTRMADP-3-MADAGASCAR-PROTESTS.jpg 388w,https:\/\/s.france24.com\/media\/display\/ce5bbc0a-a919-11f0-baf7-005056a97e36\/w:720\/2025-10-14T135129Z-2022801857-RC2PBHAKKQH1-RTRMADP-3-MADAGASCAR-PROTESTS.jpg 720w,https:\/\/s.france24.com\/media\/display\/ce5bbc0a-a919-11f0-baf7-005056a97e36\/w:980\/2025-10-14T135129Z-2022801857-RC2PBHAKKQH1-RTRMADP-3-MADAGASCAR-PROTESTS.jpg 980w\" alt=\"Des manifestants c\u00e9l\u00e8brent en brandissant des drapeaux malgaches apr\u00e8s que les militaires ont d\u00e9clar\u00e9 prendre le pouvoir apr\u00e8s un vote de destitution du pr\u00e9sident Rajoelina, le 14 octobre 2025.\" data-ll-status=\"loaded\" \/><\/picture><figcaption class=\"a-figcaption\">Des manifestants c\u00e9l\u00e8brent en brandissant des drapeaux malgaches, le 14 octobre 2025 \u00e0 Antananarivo. \u00a9 Siphiwe Sibeko, Reuters<\/figcaption><\/figure>\n<\/div>\n<p>La Haute cour constitutionnelle, ayant constat\u00e9 la \"vacance\" du poste de pr\u00e9sident, \"invite\" dans un communiqu\u00e9 \"l'autorit\u00e9 militaire comp\u00e9tente incarn\u00e9e par le colonel Randrianirina Micha\u00ebl \u00e0 exercer les fonctions de chef de l'\u00c9tat\".<\/p>\n<p>La pr\u00e9sidence de Madagascar a de son c\u00f4t\u00e9 d\u00e9nonc\u00e9 une \"tentative de coup d'\u00c9tat\", assurant que le pr\u00e9sident Andry Rajoelina \"demeure pleinement en fonction\".\u00a0\"La R\u00e9publique de Madagascar ne saurait \u00eatre prise en otage par la force\", a affirm\u00e9 dans un communiqu\u00e9 la pr\u00e9sidence.<\/p>\n<p>Contest\u00e9 dans la rue et retranch\u00e9 dans un lieu inconnu, Andry Rajoelina, qui avait dissous un peu plus t\u00f4t mardi l'Assembl\u00e9e, a d\u00e9nonc\u00e9 \u00e0 propos du vote le destituant une \"r\u00e9union [...] d\u00e9pourvue de toute base l\u00e9gale\".<\/p>\n<p><em>\"Il n'est pas \u00e0 Madagascar et il ose faire un d\u00e9cret pareil. C'est vraiment un manque de respect pour tout le peuple malgache. Et c'est injuste, on n'accepte pas \u00e7a\"<\/em>, dit \u00e0 l'AFP l'un des milliers de manifestants dans la rue mardi, Koloina Rakotomavonirina, ing\u00e9nieur de 26\u00a0ans.<\/p>\n<p>Exfiltr\u00e9 par un avion militaire fran\u00e7ais dimanche, d'apr\u00e8s la radio fran\u00e7aise RFI, Andry Rajoelina avait \u00e9t\u00e9 d\u00e9sign\u00e9 pr\u00e9sident de transition par les militaires apr\u00e8s un soul\u00e8vement populaire en 2009.<\/p>\n<p>Apr\u00e8s s'\u00eatre mis en retrait en 2014, il avait \u00e9t\u00e9 \u00e9lu pr\u00e9sident en 2018, puis r\u00e9\u00e9lu en 2023 pour un mandat de cinq\u00a0ans lors d'un scrutin boycott\u00e9 par l'opposition.<\/p>\n<p><em>\"On va mettre en place un comit\u00e9 compos\u00e9 d'officiers venant de l'arm\u00e9e, de la gendarmerie, de la police nationale. Peut-\u00eatre qu'il y aura des hauts conseillers civils l\u00e0-dedans. C'est ce comit\u00e9 qui va assurer le travail de la pr\u00e9sidence. En m\u00eame temps, apr\u00e8s quelques jours, on va mettre en place un gouvernement civil\"<\/em>, a assur\u00e9 au micro de l'AFPTV le colonel Randrianirina.<\/p>\n<h2>Constitution suspendue<\/h2>\n<p>La Constitution est aussi suspendue, a annonc\u00e9 cet officier qui est \u00e0 la t\u00eate de la Capsat. Cette unit\u00e9 militaire, qui avait jou\u00e9 un r\u00f4le majeur dans le coup d'\u00c9tat de 2009, a renvers\u00e9 le rapport de force en se joignant samedi aux manifestations qui ont commenc\u00e9 le 25\u00a0septembre.<\/p>\n<p>Ses officiers ont appel\u00e9 les forces de s\u00e9curit\u00e9 \u00e0 \"refuser de tirer\" sur les manifestants, avant de les rejoindre dans le centre de la capitale.<\/p>\n<p>La plupart des forces arm\u00e9es leur ont embo\u00eet\u00e9 le pas depuis et ont chang\u00e9 de commandement, y compris la gendarmerie, auparavant en premi\u00e8re ligne de la r\u00e9pression des manifestations. Au moins 22 personnes ont \u00e9t\u00e9 tu\u00e9es au d\u00e9but de celles-ci et plus d'une centaine bless\u00e9es, d'apr\u00e8s un bilan des Nations unies.<\/p>\n<p>Au total, 130 des 163 d\u00e9put\u00e9s, soit plus de la majorit\u00e9 des deux tiers requise, ont vot\u00e9 mardi en faveur de la destitution d'Andry Rajoelina. Elle aurait normalement d\u00fb \u00eatre avalis\u00e9e par la Haute cour constitutionnelle, dont la dissolution a finalement \u00e9t\u00e9 annonc\u00e9e mardi par le colonel Randrianirina.<\/p>\n<p>Madagascar, \u00eele \u00e0 la population tr\u00e8s pauvre, a une longue histoire de soul\u00e8vements populaires suivis par la mise en place de gouvernements militaires de transition.<\/p>\n<p>Le pr\u00e9sident en fuite a dit mardi encha\u00eener <em>\"plusieurs visites officielles pr\u00e9vues chez les pays amis, membres de la SADC\"<\/em>, l'organisation de coop\u00e9ration d'Afrique australe.<\/p>\n<p>L'incertitude gagne encore plus l'\u00eele de l'oc\u00e9an Indien, o\u00f9 des milliers de manifestants se sont encore rassembl\u00e9s mardi \u00e0 Antananarivo.<\/p>\n<p>Comme depuis le 25\u00a0septembre, il s'agit de jeunes mobilis\u00e9s par le collectif\u00a0Gen Z, rejoints par des fonctionnaires appel\u00e9s \u00e0 la gr\u00e8ve par plusieurs syndicats et des protestataires de toutes g\u00e9n\u00e9rations.<\/p>\n<p><em>\"Tout est corrompu \u00e0 Madagascar. On en a assez. On veut un r\u00e9el changement de syst\u00e8me. [...] Enfin avoir un avenir durable et heureux\"<\/em>, t\u00e9moigne le manifestant Koloina Rakotomavonirina.<\/p>\n<p>Au moins 80\u00a0% des 32 millions d'habitants de Madagascar vivent avec moins de 15\u00a0000 ariary par jour (2,80\u00a0euros), le seuil de pauvret\u00e9 fix\u00e9 par la Banque mondiale.<\/p>\n<p><strong><em>Avec AFP<\/em><\/strong><\/p>\n<\/div>\n<\/div>\n<\/div>\n<div class='share-to-whatsapp-wrapper'><div class='share-on-whsp'>PARTAGER SUR : <\/div><a data-text='MADAGASCAR - Rajoelina destitu\u00e9, les militaires disent \"prendre le pouvoir\"' data-link='https:\/\/www.nettali.com\/2025\/10\/14\/madagascar-rajoelina-destitue-les-militaires-disent-prendre-le-pouvoir\/' class='whatsapp-button whatsapp-share'>WhatsApp<\/a><div class='clear '><\/div><\/div>","protected":false},"excerpt":{"rendered":"<p>NETTALI.COM - Alors que l'Assembl\u00e9e nationale de Madagascar a vot\u00e9 mardi la destitution du pr\u00e9sident Andry Rajoelina, qui avait diffus\u00e9 un d\u00e9cret de dissolution de l'Assembl\u00e9e quelques heures plus t\u00f4t, l'unit\u00e9 militaire ralli\u00e9e \u00e0 la contestation de la Gen Z a dit \"prendre le pouvoir\" et suspendre la Constitution. La pr\u00e9sidence a de son c\u00f4t\u00e9 [&hellip;]<\/p>\n","protected":false},"author":4,"featured_media":162868,"comment_status":"open","ping_status":"open","sticky":false,"template":"","format":"standard","meta":{"_et_pb_use_builder":"","_et_pb_old_content":""},"categories":[8],"tags":[],"yoast_head":"<!-- This site is optimized with the Yoast SEO Premium plugin v17.8 (Yoast SEO v17.8) - https:\/\/yoast.com\/wordpress\/plugins\/seo\/ -->\n<title>MADAGASCAR - Rajoelina destitu\u00e9, les militaires disent &quot;prendre le pouvoir&quot; | Nettali.com<\/title>\n<meta name=\"robots\" content=\"index, follow, max-snippet:-1, max-image-preview:large, max-video-preview:-1\" \/>\n<link rel=\"canonical\" href=\"https:\/\/www.nettali.com\/2025\/10\/14\/madagascar-rajoelina-destitue-les-militaires-disent-prendre-le-pouvoir\/\" \/>\n<meta property=\"og:locale\" content=\"fr_FR\" \/>\n<meta property=\"og:type\" content=\"article\" \/>\n<meta property=\"og:title\" content=\"MADAGASCAR - Rajoelina destitu\u00e9, les militaires disent &quot;prendre le pouvoir&quot;\" \/>\n<meta property=\"og:description\" content=\"NETTALI.COM - Alors que l&#039;Assembl\u00e9e nationale de Madagascar a vot\u00e9 mardi la destitution du pr\u00e9sident Andry Rajoelina, qui avait diffus\u00e9 un d\u00e9cret de dissolution de l&#039;Assembl\u00e9e quelques heures plus t\u00f4t, l&#039;unit\u00e9 militaire ralli\u00e9e \u00e0 la contestation de la Gen Z a dit &quot;prendre le pouvoir&quot; et suspendre la Constitution. La pr\u00e9sidence a de son c\u00f4t\u00e9 [&hellip;]\" \/>\n<meta property=\"og:url\" content=\"https:\/\/www.nettali.com\/2025\/10\/14\/madagascar-rajoelina-destitue-les-militaires-disent-prendre-le-pouvoir\/\" \/>\n<meta property=\"og:site_name\" content=\"Nettali.com\" \/>\n<meta property=\"article:publisher\" content=\"https:\/\/www.facebook.com\/nettalicom\" \/>\n<meta property=\"article:published_time\" content=\"2025-10-14T19:22:06+00:00\" \/>\n<meta property=\"article:modified_time\" content=\"2025-10-14T17:50:13+00:00\" \/>\n<meta property=\"og:image\" content=\"https:\/\/www.nettali.com\/wp-content\/uploads\/2025\/10\/Capture-de\u0301cran-2025-10-14-a\u0300-17.25.47.png\" \/>\n\t<meta property=\"og:image:width\" content=\"1003\" \/>\n\t<meta property=\"og:image:height\" content=\"552\" \/>\n<meta name=\"twitter:card\" content=\"summary_large_image\" \/>\n<meta name=\"twitter:label1\" content=\"\u00c9crit par\" \/>\n\t<meta name=\"twitter:data1\" content=\"Daouda\" \/>\n\t<meta name=\"twitter:label2\" content=\"Dur\u00e9e de lecture estim\u00e9e\" \/>\n\t<meta name=\"twitter:data2\" content=\"5 minutes\" \/>\n<script type=\"application\/ld+json\" class=\"yoast-schema-graph\">{\"@context\":\"https:\/\/schema.org\",\"@graph\":[{\"@type\":\"WebSite\",\"@id\":\"https:\/\/www.nettali.com\/#website\",\"url\":\"https:\/\/www.nettali.com\/\",\"name\":\"Nettali.com\",\"description\":\"Le rendez-vous critique du Net\",\"potentialAction\":[{\"@type\":\"SearchAction\",\"target\":{\"@type\":\"EntryPoint\",\"urlTemplate\":\"https:\/\/www.nettali.com\/?s={search_term_string}\"},\"query-input\":\"required name=search_term_string\"}],\"inLanguage\":\"fr-FR\"},{\"@type\":\"ImageObject\",\"@id\":\"https:\/\/www.nettali.com\/2025\/10\/14\/madagascar-rajoelina-destitue-les-militaires-disent-prendre-le-pouvoir\/#primaryimage\",\"inLanguage\":\"fr-FR\",\"url\":\"https:\/\/www.nettali.com\/wp-content\/uploads\/2025\/10\/Capture-de\\u0301cran-2025-10-14-a\\u0300-17.25.47.png\",\"contentUrl\":\"https:\/\/www.nettali.com\/wp-content\/uploads\/2025\/10\/Capture-de\\u0301cran-2025-10-14-a\\u0300-17.25.47.png\",\"width\":1003,\"height\":552},{\"@type\":\"WebPage\",\"@id\":\"https:\/\/www.nettali.com\/2025\/10\/14\/madagascar-rajoelina-destitue-les-militaires-disent-prendre-le-pouvoir\/#webpage\",\"url\":\"https:\/\/www.nettali.com\/2025\/10\/14\/madagascar-rajoelina-destitue-les-militaires-disent-prendre-le-pouvoir\/\",\"name\":\"MADAGASCAR - Rajoelina destitu\\u00e9, les militaires disent \\\"prendre le pouvoir\\\" | Nettali.com\",\"isPartOf\":{\"@id\":\"https:\/\/www.nettali.com\/#website\"},\"primaryImageOfPage\":{\"@id\":\"https:\/\/www.nettali.com\/2025\/10\/14\/madagascar-rajoelina-destitue-les-militaires-disent-prendre-le-pouvoir\/#primaryimage\"},\"datePublished\":\"2025-10-14T19:22:06+00:00\",\"dateModified\":\"2025-10-14T17:50:13+00:00\",\"author\":{\"@id\":\"https:\/\/www.nettali.com\/#\/schema\/person\/3317e0bb3aa1da309fbf7b2780901bf4\"},\"breadcrumb\":{\"@id\":\"https:\/\/www.nettali.com\/2025\/10\/14\/madagascar-rajoelina-destitue-les-militaires-disent-prendre-le-pouvoir\/#breadcrumb\"},\"inLanguage\":\"fr-FR\",\"potentialAction\":[{\"@type\":\"ReadAction\",\"target\":[\"https:\/\/www.nettali.com\/2025\/10\/14\/madagascar-rajoelina-destitue-les-militaires-disent-prendre-le-pouvoir\/\"]}]},{\"@type\":\"BreadcrumbList\",\"@id\":\"https:\/\/www.nettali.com\/2025\/10\/14\/madagascar-rajoelina-destitue-les-militaires-disent-prendre-le-pouvoir\/#breadcrumb\",\"itemListElement\":[{\"@type\":\"ListItem\",\"position\":1,\"name\":\"Accueil\",\"item\":\"https:\/\/www.nettali.com\/\"},{\"@type\":\"ListItem\",\"position\":2,\"name\":\"MADAGASCAR - Rajoelina destitu\\u00e9, les militaires disent \\\"prendre le pouvoir\\\"\"}]},{\"@type\":\"Person\",\"@id\":\"https:\/\/www.nettali.com\/#\/schema\/person\/3317e0bb3aa1da309fbf7b2780901bf4\",\"name\":\"Daouda\",\"image\":{\"@type\":\"ImageObject\",\"@id\":\"https:\/\/www.nettali.com\/#personlogo\",\"inLanguage\":\"fr-FR\",\"url\":\"https:\/\/secure.gravatar.com\/avatar\/8d143b5a49345098ddcfee1c49c2f47c?s=96&d=mm&r=g\",\"contentUrl\":\"https:\/\/secure.gravatar.com\/avatar\/8d143b5a49345098ddcfee1c49c2f47c?s=96&d=mm&r=g\",\"caption\":\"Daouda\"},\"sameAs\":[\"https:\/\/www.nettali.com\"]}]}<\/script>\n<!-- \/ Yoast SEO Premium plugin. -->","yoast_head_json":{"title":"MADAGASCAR - Rajoelina destitu\u00e9, les militaires disent \"prendre le pouvoir\" | Nettali.com","robots":{"index":"index","follow":"follow","max-snippet":"max-snippet:-1","max-image-preview":"max-image-preview:large","max-video-preview":"max-video-preview:-1"},"canonical":"https:\/\/www.nettali.com\/2025\/10\/14\/madagascar-rajoelina-destitue-les-militaires-disent-prendre-le-pouvoir\/","og_locale":"fr_FR","og_type":"article","og_title":"MADAGASCAR - Rajoelina destitu\u00e9, les militaires disent \"prendre le pouvoir\"","og_description":"NETTALI.COM - Alors que l'Assembl\u00e9e nationale de Madagascar a vot\u00e9 mardi la destitution du pr\u00e9sident Andry Rajoelina, qui avait diffus\u00e9 un d\u00e9cret de dissolution de l'Assembl\u00e9e quelques heures plus t\u00f4t, l'unit\u00e9 militaire ralli\u00e9e \u00e0 la contestation de la Gen Z a dit \"prendre le pouvoir\" et suspendre la Constitution. La pr\u00e9sidence a de son c\u00f4t\u00e9 [&hellip;]","og_url":"https:\/\/www.nettali.com\/2025\/10\/14\/madagascar-rajoelina-destitue-les-militaires-disent-prendre-le-pouvoir\/","og_site_name":"Nettali.com","article_publisher":"https:\/\/www.facebook.com\/nettalicom","article_published_time":"2025-10-14T19:22:06+00:00","article_modified_time":"2025-10-14T17:50:13+00:00","og_image":[{"width":1003,"height":552,"url":"https:\/\/www.nettali.com\/wp-content\/uploads\/2025\/10\/Capture-de\u0301cran-2025-10-14-a\u0300-17.25.47.png","type":"image\/png"}],"twitter_card":"summary_large_image","twitter_misc":{"\u00c9crit par":"Daouda","Dur\u00e9e de lecture estim\u00e9e":"5 minutes"},"schema":{"@context":"https:\/\/schema.org","@graph":[{"@type":"WebSite","@id":"https:\/\/www.nettali.com\/#website","url":"https:\/\/www.nettali.com\/","name":"Nettali.com","description":"Le rendez-vous critique du Net","potentialAction":[{"@type":"SearchAction","target":{"@type":"EntryPoint","urlTemplate":"https:\/\/www.nettali.com\/?s={search_term_string}"},"query-input":"required name=search_term_string"}],"inLanguage":"fr-FR"},{"@type":"ImageObject","@id":"https:\/\/www.nettali.com\/2025\/10\/14\/madagascar-rajoelina-destitue-les-militaires-disent-prendre-le-pouvoir\/#primaryimage","inLanguage":"fr-FR","url":"https:\/\/www.nettali.com\/wp-content\/uploads\/2025\/10\/Capture-de\u0301cran-2025-10-14-a\u0300-17.25.47.png","contentUrl":"https:\/\/www.nettali.com\/wp-content\/uploads\/2025\/10\/Capture-de\u0301cran-2025-10-14-a\u0300-17.25.47.png","width":1003,"height":552},{"@type":"WebPage","@id":"https:\/\/www.nettali.com\/2025\/10\/14\/madagascar-rajoelina-destitue-les-militaires-disent-prendre-le-pouvoir\/#webpage","url":"https:\/\/www.nettali.com\/2025\/10\/14\/madagascar-rajoelina-destitue-les-militaires-disent-prendre-le-pouvoir\/","name":"MADAGASCAR - Rajoelina destitu\u00e9, les militaires disent \"prendre le pouvoir\" | Nettali.com","isPartOf":{"@id":"https:\/\/www.nettali.com\/#website"},"primaryImageOfPage":{"@id":"https:\/\/www.nettali.com\/2025\/10\/14\/madagascar-rajoelina-destitue-les-militaires-disent-prendre-le-pouvoir\/#primaryimage"},"datePublished":"2025-10-14T19:22:06+00:00","dateModified":"2025-10-14T17:50:13+00:00","author":{"@id":"https:\/\/www.nettali.com\/#\/schema\/person\/3317e0bb3aa1da309fbf7b2780901bf4"},"breadcrumb":{"@id":"https:\/\/www.nettali.com\/2025\/10\/14\/madagascar-rajoelina-destitue-les-militaires-disent-prendre-le-pouvoir\/#breadcrumb"},"inLanguage":"fr-FR","potentialAction":[{"@type":"ReadAction","target":["https:\/\/www.nettali.com\/2025\/10\/14\/madagascar-rajoelina-destitue-les-militaires-disent-prendre-le-pouvoir\/"]}]},{"@type":"BreadcrumbList","@id":"https:\/\/www.nettali.com\/2025\/10\/14\/madagascar-rajoelina-destitue-les-militaires-disent-prendre-le-pouvoir\/#breadcrumb","itemListElement":[{"@type":"ListItem","position":1,"name":"Accueil","item":"https:\/\/www.nettali.com\/"},{"@type":"ListItem","position":2,"name":"MADAGASCAR - Rajoelina destitu\u00e9, les militaires disent \"prendre le pouvoir\""}]},{"@type":"Person","@id":"https:\/\/www.nettali.com\/#\/schema\/person\/3317e0bb3aa1da309fbf7b2780901bf4","name":"Daouda","image":{"@type":"ImageObject","@id":"https:\/\/www.nettali.com\/#personlogo","inLanguage":"fr-FR","url":"https:\/\/secure.gravatar.com\/avatar\/8d143b5a49345098ddcfee1c49c2f47c?s=96&d=mm&r=g","contentUrl":"https:\/\/secure.gravatar.com\/avatar\/8d143b5a49345098ddcfee1c49c2f47c?s=96&d=mm&r=g","caption":"Daouda"},"sameAs":["https:\/\/www.nettali.com"]}]}},"_links":{"self":[{"href":"https:\/\/www.nettali.com\/rest\/wp\/v2\/posts\/162867"}],"collection":[{"href":"https:\/\/www.nettali.com\/rest\/wp\/v2\/posts"}],"about":[{"href":"https:\/\/www.nettali.com\/rest\/wp\/v2\/types\/post"}],"author":[{"embeddable":true,"href":"https:\/\/www.nettali.com\/rest\/wp\/v2\/users\/4"}],"replies":[{"embeddable":true,"href":"https:\/\/www.nettali.com\/rest\/wp\/v2\/comments?post=162867"}],"version-history":[{"count":1,"href":"https:\/\/www.nettali.com\/rest\/wp\/v2\/posts\/162867\/revisions"}],"predecessor-version":[{"id":162869,"href":"https:\/\/www.nettali.com\/rest\/wp\/v2\/posts\/162867\/revisions\/162869"}],"wp:featuredmedia":[{"embeddable":true,"href":"https:\/\/www.nettali.com\/rest\/wp\/v2\/media\/162868"}],"wp:attachment":[{"href":"https:\/\/www.nettali.com\/rest\/wp\/v2\/media?parent=162867"}],"wp:term":[{"taxonomy":"category","embeddable":true,"href":"https:\/\/www.nettali.com\/rest\/wp\/v2\/categories?post=162867"},{"taxonomy":"post_tag","embeddable":true,"href":"https:\/\/www.nettali.com\/rest\/wp\/v2\/tags?post=162867"}],"curies":[{"name":"wp","href":"https:\/\/api.w.org\/{rel}","templated":true}]}}