{"id":162852,"date":"2025-10-14T13:00:16","date_gmt":"2025-10-14T13:00:16","guid":{"rendered":"https:\/\/www.nettali.com\/?p=162852"},"modified":"2025-10-14T07:38:43","modified_gmt":"2025-10-14T07:38:43","slug":"degradation-de-la-note-du-senegal-barthelemy-dias-denonce-une-crise-de-confiance-et-de-gouvernance","status":"publish","type":"post","link":"https:\/\/www.nettali.com\/2025\/10\/14\/degradation-de-la-note-du-senegal-barthelemy-dias-denonce-une-crise-de-confiance-et-de-gouvernance\/","title":{"rendered":"D\u00c9GRADATION DE LA NOTE DU S\u00c9N\u00c9GAL - Barth\u00e9l\u00e9my Dias d\u00e9nonce une crise de confiance et de gouvernance"},"content":{"rendered":"<p><strong>NETTALI.COM - Le Mouvement S\u00e9n\u00e9gal Bi \u00d1u Bokk s'est montr\u00e9 particuli\u00e8rement v\u00e9h\u00e9ment contre la gestion gouvernementale suite \u00e0 la troisi\u00e8me d\u00e9gradation de la note souveraine du pays en moins d\u2019un an, cette fois-ci par l\u2019agence Moody\u2019s, qui l\u2019a abaiss\u00e9e \u00e0 Caa1 avec perspective n\u00e9gative.<\/strong><\/p>\n<p>La nouvelle mauvaise note du S\u00e9n\u00e9gal d\u00e9cern\u00e9e par l'agence de notation Moody's suscite de nombreuses r\u00e9actions. Dans un communiqu\u00e9 cinglant publi\u00e9 le lundi 13 octobre, le Mouvement S\u00e9n\u00e9gal Bi \u00d1u Bokk de Barth\u00e9l\u00e9my Dias y est all\u00e9 de son commentaire. Il met en garde contre un signal de m\u00e9fiance \u201cclair\u201d des march\u00e9s internationaux et d\u00e9nonce une \u201c<em>gouvernance budg\u00e9taire sans cap<\/em>\u201d. Le S\u00e9n\u00e9gal serait d\u00e9sormais class\u00e9 parmi les d\u00e9biteurs \u00e0 haut risque, avec des emprunts contract\u00e9s \u00e0 des taux sup\u00e9rieurs \u00e0 7 % et un ratio dette\/PIB atteignant un niveau jug\u00e9 \u201chistorique\u201d de pr\u00e8s de 119 %.<\/p>\n<p>S\u00e9n\u00e9gal Bi \u00d1u Bokk pointe ainsi du doigt, la suspension du programme du Fonds mon\u00e9taire international (FMI), qui aurait soulign\u00e9 des \u201c<em>erreurs syst\u00e9miques dans les chiffres transmis par le gouvernement<\/em>\u201d.<\/p>\n<p>La cause principale de cet effondrement de la confiance, selon le mouvement de Barth, est attribu\u00e9e \u00e0 une \u201c<em>d\u00e9claration irresponsable et inopportune<\/em>\u201d du Premier ministre en 2024, affirmant l\u2019existence d\u2019une dette cach\u00e9e de plusieurs milliers de milliards.<\/p>\n<p>Pour le Mouvement, cette sortie a \u201c<em>\u00e9branl\u00e9 la cr\u00e9dibilit\u00e9 du S\u00e9n\u00e9gal sur les march\u00e9s<\/em>\u201d et bris\u00e9 des ann\u00e9es de confiance.\u201d <em>Chaque point d\u2019int\u00e9r\u00eat suppl\u00e9mentaire, repr\u00e9sente moins de lits d\u2019h\u00f4pitaux, moins d\u2019\u00e9coles, et moins d\u2019emplois pour nos jeunes,<\/em>\u201d affirme le communiqu\u00e9, soulignant les cons\u00e9quences directes sur la vie quotidienne.<\/p>\n<p>Aux difficult\u00e9s \u00e9conomiques, s'ajoute une crise sanitaire majeure. Le Mouvement a profit\u00e9 de cette d\u00e9classification pour aussi alerter sur la progression de la Fi\u00e8vre de la Vall\u00e9e du Rift (FVR), qui aurait caus\u00e9 140 cas confirm\u00e9s et 18 d\u00e9c\u00e8s au 10 octobre 2025, principalement dans la r\u00e9gion de Saint-Louis. Sur ce point, le gouvernement est accus\u00e9 d'\u00eatre \u201c<em>sans boussole<\/em>\u201d et de s'enfermer dans le \u201c<em>d\u00e9ni et la propagande<\/em>\u201d en l\u2019absence d\u2019un plan d\u2019urgence clair.<\/p>\n<p>Sur le plan fiscal, l\u2019organisation d\u00e9plore que, pour combler les d\u00e9ficits, les autorit\u00e9s augmentent les imp\u00f4ts et la pression fiscale sur les \u201cplus modestes\u201d, tandis que les \u201cprivil\u00e9gi\u00e9s\u201d seraient prot\u00e9g\u00e9s.<\/p>\n<p>Face \u00e0 cette \u201cd\u00e9rive\u201d, S\u00e9n\u00e9gal Bi \u00d1u Bokk appelle le gouvernement \u00e0 rompre avec \u201cla fuite en avant\u201d et \u00e0 passer aux actes concrets. Ainsi, Barth\u00e9l\u00e9my Dias et ses partisans exhortent l'\u00c9tat \u00e0 \u201c<em>publier le rapport du Cabinet Mazars sur la dette publique pour r\u00e9tablir la v\u00e9rit\u00e9<\/em>\u201d, \u201c<em>centraliser la dette publique dans un compte unique du Tr\u00e9sor pour une vision consolid\u00e9e des engagements<\/em>\u201d.<\/p>\n<p>Pour cette partie de l'opposition il faut \u00e9galement une publication mensuelle des \u201c<em>statistiques budg\u00e9taires (recettes, d\u00e9penses, service de la dette), prenant le Rwanda en mod\u00e8le de transparence<\/em>\u201d.<\/p>\n<p>En outre, Barth mise sur une r\u00e9forme du \u201c<em>syst\u00e8me fiscal pour le rendre \u00e9quitable et orient\u00e9 vers le d\u00e9veloppement<\/em>\u201d.<\/p>\n<p>En d\u00e9finitive, le Mouvement insiste sur le fait que la d\u00e9gradation de la note et les retards du FMI ne sont pas de simples \u201csanctions techniques\u201d, mais des sanctions \u00e9conomiques, sociales et politiques qui se traduisent par des prix plus \u00e9lev\u00e9s, de nouvelles taxes, et des emplois perdus pour le peuple.<\/p>\n<div class='share-to-whatsapp-wrapper'><div class='share-on-whsp'>PARTAGER SUR : <\/div><a data-text='D\u00c9GRADATION DE LA NOTE DU S\u00c9N\u00c9GAL - Barth\u00e9l\u00e9my Dias d\u00e9nonce une crise de confiance et de gouvernance' data-link='https:\/\/www.nettali.com\/2025\/10\/14\/degradation-de-la-note-du-senegal-barthelemy-dias-denonce-une-crise-de-confiance-et-de-gouvernance\/' class='whatsapp-button whatsapp-share'>WhatsApp<\/a><div class='clear '><\/div><\/div>","protected":false},"excerpt":{"rendered":"<p>NETTALI.COM - Le Mouvement S\u00e9n\u00e9gal Bi \u00d1u Bokk s'est montr\u00e9 particuli\u00e8rement v\u00e9h\u00e9ment contre la gestion gouvernementale suite \u00e0 la troisi\u00e8me d\u00e9gradation de la note souveraine du pays en moins d\u2019un an, cette fois-ci par l\u2019agence Moody\u2019s, qui l\u2019a abaiss\u00e9e \u00e0 Caa1 avec perspective n\u00e9gative. La nouvelle mauvaise note du S\u00e9n\u00e9gal d\u00e9cern\u00e9e par l'agence de notation [&hellip;]<\/p>\n","protected":false},"author":2,"featured_media":162853,"comment_status":"open","ping_status":"open","sticky":false,"template":"","format":"standard","meta":{"_et_pb_use_builder":"","_et_pb_old_content":""},"categories":[2],"tags":[],"yoast_head":"<!-- This site is optimized with the Yoast SEO Premium plugin v17.8 (Yoast SEO v17.8) - https:\/\/yoast.com\/wordpress\/plugins\/seo\/ -->\n<title>D\u00c9GRADATION DE LA NOTE DU S\u00c9N\u00c9GAL - Barth\u00e9l\u00e9my Dias d\u00e9nonce une crise de confiance et de gouvernance | Nettali.com<\/title>\n<meta name=\"robots\" content=\"index, follow, max-snippet:-1, max-image-preview:large, max-video-preview:-1\" \/>\n<link rel=\"canonical\" href=\"https:\/\/www.nettali.com\/2025\/10\/14\/degradation-de-la-note-du-senegal-barthelemy-dias-denonce-une-crise-de-confiance-et-de-gouvernance\/\" \/>\n<meta property=\"og:locale\" content=\"fr_FR\" \/>\n<meta property=\"og:type\" content=\"article\" \/>\n<meta property=\"og:title\" content=\"D\u00c9GRADATION DE LA NOTE DU S\u00c9N\u00c9GAL - Barth\u00e9l\u00e9my Dias d\u00e9nonce une crise de confiance et de gouvernance\" \/>\n<meta property=\"og:description\" content=\"NETTALI.COM - Le Mouvement S\u00e9n\u00e9gal Bi \u00d1u Bokk s&#039;est montr\u00e9 particuli\u00e8rement v\u00e9h\u00e9ment contre la gestion gouvernementale suite \u00e0 la troisi\u00e8me d\u00e9gradation de la note souveraine du pays en moins d\u2019un an, cette fois-ci par l\u2019agence Moody\u2019s, qui l\u2019a abaiss\u00e9e \u00e0 Caa1 avec perspective n\u00e9gative. La nouvelle mauvaise note du S\u00e9n\u00e9gal d\u00e9cern\u00e9e par l&#039;agence de notation [&hellip;]\" \/>\n<meta property=\"og:url\" content=\"https:\/\/www.nettali.com\/2025\/10\/14\/degradation-de-la-note-du-senegal-barthelemy-dias-denonce-une-crise-de-confiance-et-de-gouvernance\/\" \/>\n<meta property=\"og:site_name\" content=\"Nettali.com\" \/>\n<meta property=\"article:publisher\" content=\"https:\/\/www.facebook.com\/nettalicom\" \/>\n<meta property=\"article:published_time\" content=\"2025-10-14T13:00:16+00:00\" \/>\n<meta property=\"article:modified_time\" content=\"2025-10-14T07:38:43+00:00\" \/>\n<meta property=\"og:image\" content=\"https:\/\/www.nettali.com\/wp-content\/uploads\/2025\/10\/Diaz.jpg\" \/>\n\t<meta property=\"og:image:width\" content=\"600\" \/>\n\t<meta property=\"og:image:height\" content=\"379\" \/>\n<meta name=\"twitter:card\" content=\"summary_large_image\" \/>\n<meta name=\"twitter:label1\" content=\"\u00c9crit par\" \/>\n\t<meta name=\"twitter:data1\" content=\"CK\" \/>\n\t<meta name=\"twitter:label2\" content=\"Dur\u00e9e de lecture estim\u00e9e\" \/>\n\t<meta name=\"twitter:data2\" content=\"3 minutes\" \/>\n<script type=\"application\/ld+json\" class=\"yoast-schema-graph\">{\"@context\":\"https:\/\/schema.org\",\"@graph\":[{\"@type\":\"WebSite\",\"@id\":\"https:\/\/www.nettali.com\/#website\",\"url\":\"https:\/\/www.nettali.com\/\",\"name\":\"Nettali.com\",\"description\":\"Le rendez-vous critique du Net\",\"potentialAction\":[{\"@type\":\"SearchAction\",\"target\":{\"@type\":\"EntryPoint\",\"urlTemplate\":\"https:\/\/www.nettali.com\/?s={search_term_string}\"},\"query-input\":\"required name=search_term_string\"}],\"inLanguage\":\"fr-FR\"},{\"@type\":\"ImageObject\",\"@id\":\"https:\/\/www.nettali.com\/2025\/10\/14\/degradation-de-la-note-du-senegal-barthelemy-dias-denonce-une-crise-de-confiance-et-de-gouvernance\/#primaryimage\",\"inLanguage\":\"fr-FR\",\"url\":\"https:\/\/www.nettali.com\/wp-content\/uploads\/2025\/10\/Diaz.jpg\",\"contentUrl\":\"https:\/\/www.nettali.com\/wp-content\/uploads\/2025\/10\/Diaz.jpg\",\"width\":600,\"height\":379},{\"@type\":\"WebPage\",\"@id\":\"https:\/\/www.nettali.com\/2025\/10\/14\/degradation-de-la-note-du-senegal-barthelemy-dias-denonce-une-crise-de-confiance-et-de-gouvernance\/#webpage\",\"url\":\"https:\/\/www.nettali.com\/2025\/10\/14\/degradation-de-la-note-du-senegal-barthelemy-dias-denonce-une-crise-de-confiance-et-de-gouvernance\/\",\"name\":\"D\\u00c9GRADATION DE LA NOTE DU S\\u00c9N\\u00c9GAL - Barth\\u00e9l\\u00e9my Dias d\\u00e9nonce une crise de confiance et de gouvernance | Nettali.com\",\"isPartOf\":{\"@id\":\"https:\/\/www.nettali.com\/#website\"},\"primaryImageOfPage\":{\"@id\":\"https:\/\/www.nettali.com\/2025\/10\/14\/degradation-de-la-note-du-senegal-barthelemy-dias-denonce-une-crise-de-confiance-et-de-gouvernance\/#primaryimage\"},\"datePublished\":\"2025-10-14T13:00:16+00:00\",\"dateModified\":\"2025-10-14T07:38:43+00:00\",\"author\":{\"@id\":\"https:\/\/www.nettali.com\/#\/schema\/person\/d8ac7b7e27ddad43f1c0d2ef090d7f71\"},\"breadcrumb\":{\"@id\":\"https:\/\/www.nettali.com\/2025\/10\/14\/degradation-de-la-note-du-senegal-barthelemy-dias-denonce-une-crise-de-confiance-et-de-gouvernance\/#breadcrumb\"},\"inLanguage\":\"fr-FR\",\"potentialAction\":[{\"@type\":\"ReadAction\",\"target\":[\"https:\/\/www.nettali.com\/2025\/10\/14\/degradation-de-la-note-du-senegal-barthelemy-dias-denonce-une-crise-de-confiance-et-de-gouvernance\/\"]}]},{\"@type\":\"BreadcrumbList\",\"@id\":\"https:\/\/www.nettali.com\/2025\/10\/14\/degradation-de-la-note-du-senegal-barthelemy-dias-denonce-une-crise-de-confiance-et-de-gouvernance\/#breadcrumb\",\"itemListElement\":[{\"@type\":\"ListItem\",\"position\":1,\"name\":\"Accueil\",\"item\":\"https:\/\/www.nettali.com\/\"},{\"@type\":\"ListItem\",\"position\":2,\"name\":\"D\\u00c9GRADATION DE LA NOTE DU S\\u00c9N\\u00c9GAL - Barth\\u00e9l\\u00e9my Dias d\\u00e9nonce une crise de confiance et de gouvernance\"}]},{\"@type\":\"Person\",\"@id\":\"https:\/\/www.nettali.com\/#\/schema\/person\/d8ac7b7e27ddad43f1c0d2ef090d7f71\",\"name\":\"CK\",\"image\":{\"@type\":\"ImageObject\",\"@id\":\"https:\/\/www.nettali.com\/#personlogo\",\"inLanguage\":\"fr-FR\",\"url\":\"https:\/\/secure.gravatar.com\/avatar\/1d8d5118b9327d94da7cd4ce7f17fec2?s=96&d=mm&r=g\",\"contentUrl\":\"https:\/\/secure.gravatar.com\/avatar\/1d8d5118b9327d94da7cd4ce7f17fec2?s=96&d=mm&r=g\",\"caption\":\"CK\"},\"sameAs\":[\"https:\/\/www.nettali.com\"]}]}<\/script>\n<!-- \/ Yoast SEO Premium plugin. -->","yoast_head_json":{"title":"D\u00c9GRADATION DE LA NOTE DU S\u00c9N\u00c9GAL - Barth\u00e9l\u00e9my Dias d\u00e9nonce une crise de confiance et de gouvernance | Nettali.com","robots":{"index":"index","follow":"follow","max-snippet":"max-snippet:-1","max-image-preview":"max-image-preview:large","max-video-preview":"max-video-preview:-1"},"canonical":"https:\/\/www.nettali.com\/2025\/10\/14\/degradation-de-la-note-du-senegal-barthelemy-dias-denonce-une-crise-de-confiance-et-de-gouvernance\/","og_locale":"fr_FR","og_type":"article","og_title":"D\u00c9GRADATION DE LA NOTE DU S\u00c9N\u00c9GAL - Barth\u00e9l\u00e9my Dias d\u00e9nonce une crise de confiance et de gouvernance","og_description":"NETTALI.COM - Le Mouvement S\u00e9n\u00e9gal Bi \u00d1u Bokk s'est montr\u00e9 particuli\u00e8rement v\u00e9h\u00e9ment contre la gestion gouvernementale suite \u00e0 la troisi\u00e8me d\u00e9gradation de la note souveraine du pays en moins d\u2019un an, cette fois-ci par l\u2019agence Moody\u2019s, qui l\u2019a abaiss\u00e9e \u00e0 Caa1 avec perspective n\u00e9gative. La nouvelle mauvaise note du S\u00e9n\u00e9gal d\u00e9cern\u00e9e par l'agence de notation [&hellip;]","og_url":"https:\/\/www.nettali.com\/2025\/10\/14\/degradation-de-la-note-du-senegal-barthelemy-dias-denonce-une-crise-de-confiance-et-de-gouvernance\/","og_site_name":"Nettali.com","article_publisher":"https:\/\/www.facebook.com\/nettalicom","article_published_time":"2025-10-14T13:00:16+00:00","article_modified_time":"2025-10-14T07:38:43+00:00","og_image":[{"width":600,"height":379,"url":"https:\/\/www.nettali.com\/wp-content\/uploads\/2025\/10\/Diaz.jpg","type":"image\/jpeg"}],"twitter_card":"summary_large_image","twitter_misc":{"\u00c9crit par":"CK","Dur\u00e9e de lecture estim\u00e9e":"3 minutes"},"schema":{"@context":"https:\/\/schema.org","@graph":[{"@type":"WebSite","@id":"https:\/\/www.nettali.com\/#website","url":"https:\/\/www.nettali.com\/","name":"Nettali.com","description":"Le rendez-vous critique du Net","potentialAction":[{"@type":"SearchAction","target":{"@type":"EntryPoint","urlTemplate":"https:\/\/www.nettali.com\/?s={search_term_string}"},"query-input":"required name=search_term_string"}],"inLanguage":"fr-FR"},{"@type":"ImageObject","@id":"https:\/\/www.nettali.com\/2025\/10\/14\/degradation-de-la-note-du-senegal-barthelemy-dias-denonce-une-crise-de-confiance-et-de-gouvernance\/#primaryimage","inLanguage":"fr-FR","url":"https:\/\/www.nettali.com\/wp-content\/uploads\/2025\/10\/Diaz.jpg","contentUrl":"https:\/\/www.nettali.com\/wp-content\/uploads\/2025\/10\/Diaz.jpg","width":600,"height":379},{"@type":"WebPage","@id":"https:\/\/www.nettali.com\/2025\/10\/14\/degradation-de-la-note-du-senegal-barthelemy-dias-denonce-une-crise-de-confiance-et-de-gouvernance\/#webpage","url":"https:\/\/www.nettali.com\/2025\/10\/14\/degradation-de-la-note-du-senegal-barthelemy-dias-denonce-une-crise-de-confiance-et-de-gouvernance\/","name":"D\u00c9GRADATION DE LA NOTE DU S\u00c9N\u00c9GAL - Barth\u00e9l\u00e9my Dias d\u00e9nonce une crise de confiance et de gouvernance | Nettali.com","isPartOf":{"@id":"https:\/\/www.nettali.com\/#website"},"primaryImageOfPage":{"@id":"https:\/\/www.nettali.com\/2025\/10\/14\/degradation-de-la-note-du-senegal-barthelemy-dias-denonce-une-crise-de-confiance-et-de-gouvernance\/#primaryimage"},"datePublished":"2025-10-14T13:00:16+00:00","dateModified":"2025-10-14T07:38:43+00:00","author":{"@id":"https:\/\/www.nettali.com\/#\/schema\/person\/d8ac7b7e27ddad43f1c0d2ef090d7f71"},"breadcrumb":{"@id":"https:\/\/www.nettali.com\/2025\/10\/14\/degradation-de-la-note-du-senegal-barthelemy-dias-denonce-une-crise-de-confiance-et-de-gouvernance\/#breadcrumb"},"inLanguage":"fr-FR","potentialAction":[{"@type":"ReadAction","target":["https:\/\/www.nettali.com\/2025\/10\/14\/degradation-de-la-note-du-senegal-barthelemy-dias-denonce-une-crise-de-confiance-et-de-gouvernance\/"]}]},{"@type":"BreadcrumbList","@id":"https:\/\/www.nettali.com\/2025\/10\/14\/degradation-de-la-note-du-senegal-barthelemy-dias-denonce-une-crise-de-confiance-et-de-gouvernance\/#breadcrumb","itemListElement":[{"@type":"ListItem","position":1,"name":"Accueil","item":"https:\/\/www.nettali.com\/"},{"@type":"ListItem","position":2,"name":"D\u00c9GRADATION DE LA NOTE DU S\u00c9N\u00c9GAL - Barth\u00e9l\u00e9my Dias d\u00e9nonce une crise de confiance et de gouvernance"}]},{"@type":"Person","@id":"https:\/\/www.nettali.com\/#\/schema\/person\/d8ac7b7e27ddad43f1c0d2ef090d7f71","name":"CK","image":{"@type":"ImageObject","@id":"https:\/\/www.nettali.com\/#personlogo","inLanguage":"fr-FR","url":"https:\/\/secure.gravatar.com\/avatar\/1d8d5118b9327d94da7cd4ce7f17fec2?s=96&d=mm&r=g","contentUrl":"https:\/\/secure.gravatar.com\/avatar\/1d8d5118b9327d94da7cd4ce7f17fec2?s=96&d=mm&r=g","caption":"CK"},"sameAs":["https:\/\/www.nettali.com"]}]}},"_links":{"self":[{"href":"https:\/\/www.nettali.com\/rest\/wp\/v2\/posts\/162852"}],"collection":[{"href":"https:\/\/www.nettali.com\/rest\/wp\/v2\/posts"}],"about":[{"href":"https:\/\/www.nettali.com\/rest\/wp\/v2\/types\/post"}],"author":[{"embeddable":true,"href":"https:\/\/www.nettali.com\/rest\/wp\/v2\/users\/2"}],"replies":[{"embeddable":true,"href":"https:\/\/www.nettali.com\/rest\/wp\/v2\/comments?post=162852"}],"version-history":[{"count":1,"href":"https:\/\/www.nettali.com\/rest\/wp\/v2\/posts\/162852\/revisions"}],"predecessor-version":[{"id":162854,"href":"https:\/\/www.nettali.com\/rest\/wp\/v2\/posts\/162852\/revisions\/162854"}],"wp:featuredmedia":[{"embeddable":true,"href":"https:\/\/www.nettali.com\/rest\/wp\/v2\/media\/162853"}],"wp:attachment":[{"href":"https:\/\/www.nettali.com\/rest\/wp\/v2\/media?parent=162852"}],"wp:term":[{"taxonomy":"category","embeddable":true,"href":"https:\/\/www.nettali.com\/rest\/wp\/v2\/categories?post=162852"},{"taxonomy":"post_tag","embeddable":true,"href":"https:\/\/www.nettali.com\/rest\/wp\/v2\/tags?post=162852"}],"curies":[{"name":"wp","href":"https:\/\/api.w.org\/{rel}","templated":true}]}}