{"id":162846,"date":"2025-10-14T08:05:31","date_gmt":"2025-10-14T08:05:31","guid":{"rendered":"https:\/\/www.nettali.com\/?p=162846"},"modified":"2025-10-14T08:05:31","modified_gmt":"2025-10-14T08:05:31","slug":"senegal-mauritanie-edouard-mendy-forfait","status":"publish","type":"post","link":"https:\/\/www.nettali.com\/2025\/10\/14\/senegal-mauritanie-edouard-mendy-forfait\/","title":{"rendered":"S\u00c9N\u00c9GAL-MAURITANIE - \u00c9douard Mendy forfait"},"content":{"rendered":"<p><strong>NETTALI.COM - Pour la 10\u00e8me et derni\u00e8re journ\u00e9e des \u00e9liminatoires de la Coupe du monde 2026 zone Afrique, les Lions du S\u00e9n\u00e9gal feront sans leur gardien titulaire. En effet, \u00c9douard Mendy, touch\u00e9 au thorax lors du match face au Soudan du Sud \u00e0 Juba, est forfait pour la rencontre contre la Mauritanie ce 14 octobre 2025 au stade Abdoulaye Wade de Diamniadio.<\/strong><\/p>\n<p>Le gardien des Lions restera n\u00e9anmoins avec le groupe pour poursuivre ses soins, selon la f\u00e9d\u00e9ration s\u00e9n\u00e9galaise de football.<\/p>\n<p>Pour le remplacer, Mody Diaw devrait \u00eatre titularis\u00e9 face \u00e0 la Mauritanie, ce mardi \u00e0 19h au stade Abdoulaye Wade o\u00f9 est annonc\u00e9 le Pr\u00e9sident de la R\u00e9publique Bassirou Diomaye Faye et son Premier ministre, Ousmane Sonko.<\/p>\n<div class='share-to-whatsapp-wrapper'><div class='share-on-whsp'>PARTAGER SUR : <\/div><a data-text='S\u00c9N\u00c9GAL-MAURITANIE - \u00c9douard Mendy forfait' data-link='https:\/\/www.nettali.com\/2025\/10\/14\/senegal-mauritanie-edouard-mendy-forfait\/' class='whatsapp-button whatsapp-share'>WhatsApp<\/a><div class='clear '><\/div><\/div>","protected":false},"excerpt":{"rendered":"<p>NETTALI.COM - Pour la 10\u00e8me et derni\u00e8re journ\u00e9e des \u00e9liminatoires de la Coupe du monde 2026 zone Afrique, les Lions du S\u00e9n\u00e9gal feront sans leur gardien titulaire. En effet, \u00c9douard Mendy, touch\u00e9 au thorax lors du match face au Soudan du Sud \u00e0 Juba, est forfait pour la rencontre contre la Mauritanie ce 14 octobre [&hellip;]<\/p>\n","protected":false},"author":5,"featured_media":162848,"comment_status":"open","ping_status":"open","sticky":false,"template":"","format":"standard","meta":{"_et_pb_use_builder":"","_et_pb_old_content":""},"categories":[6],"tags":[],"yoast_head":"<!-- This site is optimized with the Yoast SEO Premium plugin v17.8 (Yoast SEO v17.8) - https:\/\/yoast.com\/wordpress\/plugins\/seo\/ -->\n<title>S\u00c9N\u00c9GAL-MAURITANIE - \u00c9douard Mendy forfait | Nettali.com<\/title>\n<meta name=\"robots\" content=\"index, follow, max-snippet:-1, max-image-preview:large, max-video-preview:-1\" \/>\n<link rel=\"canonical\" href=\"https:\/\/www.nettali.com\/2025\/10\/14\/senegal-mauritanie-edouard-mendy-forfait\/\" \/>\n<meta property=\"og:locale\" content=\"fr_FR\" \/>\n<meta property=\"og:type\" content=\"article\" \/>\n<meta property=\"og:title\" content=\"S\u00c9N\u00c9GAL-MAURITANIE - \u00c9douard Mendy forfait\" \/>\n<meta property=\"og:description\" content=\"NETTALI.COM - Pour la 10\u00e8me et derni\u00e8re journ\u00e9e des \u00e9liminatoires de la Coupe du monde 2026 zone Afrique, les Lions du S\u00e9n\u00e9gal feront sans leur gardien titulaire. En effet, \u00c9douard Mendy, touch\u00e9 au thorax lors du match face au Soudan du Sud \u00e0 Juba, est forfait pour la rencontre contre la Mauritanie ce 14 octobre [&hellip;]\" \/>\n<meta property=\"og:url\" content=\"https:\/\/www.nettali.com\/2025\/10\/14\/senegal-mauritanie-edouard-mendy-forfait\/\" \/>\n<meta property=\"og:site_name\" content=\"Nettali.com\" \/>\n<meta property=\"article:publisher\" content=\"https:\/\/www.facebook.com\/nettalicom\" \/>\n<meta property=\"article:published_time\" content=\"2025-10-14T08:05:31+00:00\" \/>\n<meta property=\"og:image\" content=\"https:\/\/www.nettali.com\/wp-content\/uploads\/2025\/10\/EDOUARD-MENDY-FORFAIT.png\" \/>\n\t<meta property=\"og:image:width\" content=\"1640\" \/>\n\t<meta property=\"og:image:height\" content=\"924\" \/>\n<meta name=\"twitter:card\" content=\"summary_large_image\" \/>\n<meta name=\"twitter:label1\" content=\"\u00c9crit par\" \/>\n\t<meta name=\"twitter:data1\" content=\"Ibrahima\" \/>\n\t<meta name=\"twitter:label2\" content=\"Dur\u00e9e de lecture estim\u00e9e\" \/>\n\t<meta name=\"twitter:data2\" content=\"1 minute\" \/>\n<script type=\"application\/ld+json\" class=\"yoast-schema-graph\">{\"@context\":\"https:\/\/schema.org\",\"@graph\":[{\"@type\":\"WebSite\",\"@id\":\"https:\/\/www.nettali.com\/#website\",\"url\":\"https:\/\/www.nettali.com\/\",\"name\":\"Nettali.com\",\"description\":\"Le rendez-vous critique du Net\",\"potentialAction\":[{\"@type\":\"SearchAction\",\"target\":{\"@type\":\"EntryPoint\",\"urlTemplate\":\"https:\/\/www.nettali.com\/?s={search_term_string}\"},\"query-input\":\"required name=search_term_string\"}],\"inLanguage\":\"fr-FR\"},{\"@type\":\"ImageObject\",\"@id\":\"https:\/\/www.nettali.com\/2025\/10\/14\/senegal-mauritanie-edouard-mendy-forfait\/#primaryimage\",\"inLanguage\":\"fr-FR\",\"url\":\"https:\/\/www.nettali.com\/wp-content\/uploads\/2025\/10\/EDOUARD-MENDY-FORFAIT.png\",\"contentUrl\":\"https:\/\/www.nettali.com\/wp-content\/uploads\/2025\/10\/EDOUARD-MENDY-FORFAIT.png\",\"width\":1640,\"height\":924},{\"@type\":\"WebPage\",\"@id\":\"https:\/\/www.nettali.com\/2025\/10\/14\/senegal-mauritanie-edouard-mendy-forfait\/#webpage\",\"url\":\"https:\/\/www.nettali.com\/2025\/10\/14\/senegal-mauritanie-edouard-mendy-forfait\/\",\"name\":\"S\\u00c9N\\u00c9GAL-MAURITANIE - \\u00c9douard Mendy forfait | Nettali.com\",\"isPartOf\":{\"@id\":\"https:\/\/www.nettali.com\/#website\"},\"primaryImageOfPage\":{\"@id\":\"https:\/\/www.nettali.com\/2025\/10\/14\/senegal-mauritanie-edouard-mendy-forfait\/#primaryimage\"},\"datePublished\":\"2025-10-14T08:05:31+00:00\",\"dateModified\":\"2025-10-14T08:05:31+00:00\",\"author\":{\"@id\":\"https:\/\/www.nettali.com\/#\/schema\/person\/bb147657c2986240405a608162b9bb23\"},\"breadcrumb\":{\"@id\":\"https:\/\/www.nettali.com\/2025\/10\/14\/senegal-mauritanie-edouard-mendy-forfait\/#breadcrumb\"},\"inLanguage\":\"fr-FR\",\"potentialAction\":[{\"@type\":\"ReadAction\",\"target\":[\"https:\/\/www.nettali.com\/2025\/10\/14\/senegal-mauritanie-edouard-mendy-forfait\/\"]}]},{\"@type\":\"BreadcrumbList\",\"@id\":\"https:\/\/www.nettali.com\/2025\/10\/14\/senegal-mauritanie-edouard-mendy-forfait\/#breadcrumb\",\"itemListElement\":[{\"@type\":\"ListItem\",\"position\":1,\"name\":\"Accueil\",\"item\":\"https:\/\/www.nettali.com\/\"},{\"@type\":\"ListItem\",\"position\":2,\"name\":\"S\\u00c9N\\u00c9GAL-MAURITANIE - \\u00c9douard Mendy forfait\"}]},{\"@type\":\"Person\",\"@id\":\"https:\/\/www.nettali.com\/#\/schema\/person\/bb147657c2986240405a608162b9bb23\",\"name\":\"Ibrahima\",\"image\":{\"@type\":\"ImageObject\",\"@id\":\"https:\/\/www.nettali.com\/#personlogo\",\"inLanguage\":\"fr-FR\",\"url\":\"https:\/\/secure.gravatar.com\/avatar\/26a8a81f09f0dd7624c9d5c36c9ba3a2?s=96&d=mm&r=g\",\"contentUrl\":\"https:\/\/secure.gravatar.com\/avatar\/26a8a81f09f0dd7624c9d5c36c9ba3a2?s=96&d=mm&r=g\",\"caption\":\"Ibrahima\"},\"sameAs\":[\"https:\/\/www.nettali.com\"]}]}<\/script>\n<!-- \/ Yoast SEO Premium plugin. -->","yoast_head_json":{"title":"S\u00c9N\u00c9GAL-MAURITANIE - \u00c9douard Mendy forfait | Nettali.com","robots":{"index":"index","follow":"follow","max-snippet":"max-snippet:-1","max-image-preview":"max-image-preview:large","max-video-preview":"max-video-preview:-1"},"canonical":"https:\/\/www.nettali.com\/2025\/10\/14\/senegal-mauritanie-edouard-mendy-forfait\/","og_locale":"fr_FR","og_type":"article","og_title":"S\u00c9N\u00c9GAL-MAURITANIE - \u00c9douard Mendy forfait","og_description":"NETTALI.COM - Pour la 10\u00e8me et derni\u00e8re journ\u00e9e des \u00e9liminatoires de la Coupe du monde 2026 zone Afrique, les Lions du S\u00e9n\u00e9gal feront sans leur gardien titulaire. En effet, \u00c9douard Mendy, touch\u00e9 au thorax lors du match face au Soudan du Sud \u00e0 Juba, est forfait pour la rencontre contre la Mauritanie ce 14 octobre [&hellip;]","og_url":"https:\/\/www.nettali.com\/2025\/10\/14\/senegal-mauritanie-edouard-mendy-forfait\/","og_site_name":"Nettali.com","article_publisher":"https:\/\/www.facebook.com\/nettalicom","article_published_time":"2025-10-14T08:05:31+00:00","og_image":[{"width":1640,"height":924,"url":"https:\/\/www.nettali.com\/wp-content\/uploads\/2025\/10\/EDOUARD-MENDY-FORFAIT.png","type":"image\/png"}],"twitter_card":"summary_large_image","twitter_misc":{"\u00c9crit par":"Ibrahima","Dur\u00e9e de lecture estim\u00e9e":"1 minute"},"schema":{"@context":"https:\/\/schema.org","@graph":[{"@type":"WebSite","@id":"https:\/\/www.nettali.com\/#website","url":"https:\/\/www.nettali.com\/","name":"Nettali.com","description":"Le rendez-vous critique du Net","potentialAction":[{"@type":"SearchAction","target":{"@type":"EntryPoint","urlTemplate":"https:\/\/www.nettali.com\/?s={search_term_string}"},"query-input":"required name=search_term_string"}],"inLanguage":"fr-FR"},{"@type":"ImageObject","@id":"https:\/\/www.nettali.com\/2025\/10\/14\/senegal-mauritanie-edouard-mendy-forfait\/#primaryimage","inLanguage":"fr-FR","url":"https:\/\/www.nettali.com\/wp-content\/uploads\/2025\/10\/EDOUARD-MENDY-FORFAIT.png","contentUrl":"https:\/\/www.nettali.com\/wp-content\/uploads\/2025\/10\/EDOUARD-MENDY-FORFAIT.png","width":1640,"height":924},{"@type":"WebPage","@id":"https:\/\/www.nettali.com\/2025\/10\/14\/senegal-mauritanie-edouard-mendy-forfait\/#webpage","url":"https:\/\/www.nettali.com\/2025\/10\/14\/senegal-mauritanie-edouard-mendy-forfait\/","name":"S\u00c9N\u00c9GAL-MAURITANIE - \u00c9douard Mendy forfait | Nettali.com","isPartOf":{"@id":"https:\/\/www.nettali.com\/#website"},"primaryImageOfPage":{"@id":"https:\/\/www.nettali.com\/2025\/10\/14\/senegal-mauritanie-edouard-mendy-forfait\/#primaryimage"},"datePublished":"2025-10-14T08:05:31+00:00","dateModified":"2025-10-14T08:05:31+00:00","author":{"@id":"https:\/\/www.nettali.com\/#\/schema\/person\/bb147657c2986240405a608162b9bb23"},"breadcrumb":{"@id":"https:\/\/www.nettali.com\/2025\/10\/14\/senegal-mauritanie-edouard-mendy-forfait\/#breadcrumb"},"inLanguage":"fr-FR","potentialAction":[{"@type":"ReadAction","target":["https:\/\/www.nettali.com\/2025\/10\/14\/senegal-mauritanie-edouard-mendy-forfait\/"]}]},{"@type":"BreadcrumbList","@id":"https:\/\/www.nettali.com\/2025\/10\/14\/senegal-mauritanie-edouard-mendy-forfait\/#breadcrumb","itemListElement":[{"@type":"ListItem","position":1,"name":"Accueil","item":"https:\/\/www.nettali.com\/"},{"@type":"ListItem","position":2,"name":"S\u00c9N\u00c9GAL-MAURITANIE - \u00c9douard Mendy forfait"}]},{"@type":"Person","@id":"https:\/\/www.nettali.com\/#\/schema\/person\/bb147657c2986240405a608162b9bb23","name":"Ibrahima","image":{"@type":"ImageObject","@id":"https:\/\/www.nettali.com\/#personlogo","inLanguage":"fr-FR","url":"https:\/\/secure.gravatar.com\/avatar\/26a8a81f09f0dd7624c9d5c36c9ba3a2?s=96&d=mm&r=g","contentUrl":"https:\/\/secure.gravatar.com\/avatar\/26a8a81f09f0dd7624c9d5c36c9ba3a2?s=96&d=mm&r=g","caption":"Ibrahima"},"sameAs":["https:\/\/www.nettali.com"]}]}},"_links":{"self":[{"href":"https:\/\/www.nettali.com\/rest\/wp\/v2\/posts\/162846"}],"collection":[{"href":"https:\/\/www.nettali.com\/rest\/wp\/v2\/posts"}],"about":[{"href":"https:\/\/www.nettali.com\/rest\/wp\/v2\/types\/post"}],"author":[{"embeddable":true,"href":"https:\/\/www.nettali.com\/rest\/wp\/v2\/users\/5"}],"replies":[{"embeddable":true,"href":"https:\/\/www.nettali.com\/rest\/wp\/v2\/comments?post=162846"}],"version-history":[{"count":1,"href":"https:\/\/www.nettali.com\/rest\/wp\/v2\/posts\/162846\/revisions"}],"predecessor-version":[{"id":162850,"href":"https:\/\/www.nettali.com\/rest\/wp\/v2\/posts\/162846\/revisions\/162850"}],"wp:featuredmedia":[{"embeddable":true,"href":"https:\/\/www.nettali.com\/rest\/wp\/v2\/media\/162848"}],"wp:attachment":[{"href":"https:\/\/www.nettali.com\/rest\/wp\/v2\/media?parent=162846"}],"wp:term":[{"taxonomy":"category","embeddable":true,"href":"https:\/\/www.nettali.com\/rest\/wp\/v2\/categories?post=162846"},{"taxonomy":"post_tag","embeddable":true,"href":"https:\/\/www.nettali.com\/rest\/wp\/v2\/tags?post=162846"}],"curies":[{"name":"wp","href":"https:\/\/api.w.org\/{rel}","templated":true}]}}