{"id":162837,"date":"2025-10-14T06:45:35","date_gmt":"2025-10-14T06:45:35","guid":{"rendered":"https:\/\/www.nettali.com\/?p=162837"},"modified":"2025-10-14T06:45:35","modified_gmt":"2025-10-14T06:45:35","slug":"pool-judiciaire-financier-les-premiers-mots-daliou-sall-apres-sa-liberation","status":"publish","type":"post","link":"https:\/\/www.nettali.com\/2025\/10\/14\/pool-judiciaire-financier-les-premiers-mots-daliou-sall-apres-sa-liberation\/","title":{"rendered":"POOL JUDICIAIRE FINANCIER - Les premiers mots d'Aliou Sall apr\u00e8s sa lib\u00e9ration"},"content":{"rendered":"<p data-start=\"222\" data-end=\"395\"><strong>NETTALI.COM - \u00c0 la suite de sa lib\u00e9ration sous contr\u00f4le judiciaire, l\u2019ancien maire de Gu\u00e9diawaye, Aliou Sall, a adress\u00e9 un message de reconnaissance \u00e0 ses proches et \u00e0 ses soutiens.<\/strong><\/p>\n<p data-start=\"397\" data-end=\"685\"><em>\u00ab Dieu merci ! Mon \u00e9pouse A\u00efssata et moi-m\u00eame venons de b\u00e9n\u00e9ficier d\u2019une libert\u00e9 provisoire suite \u00e0 notre interpellation dans le cadre d\u2019une proc\u00e9dure initi\u00e9e par le pool judiciaire financier sur rapport de la Centif \u00bb<\/em>, a-t-il \u00e9crit dans une d\u00e9claration publi\u00e9e peu apr\u00e8s sa lib\u00e9ration.<\/p>\n<p data-start=\"687\" data-end=\"931\">Dans son message, Aliou Sall a tenu \u00e0 remercier <em>\u00ab les populations de Gu\u00e9diawaye \u00bb<\/em>, venues, selon lui, exprimer spontan\u00e9ment leur solidarit\u00e9 devant les locaux de la Division des investigations criminelles (DIC) et du pool judiciaire financier.<\/p>\n<p data-start=\"933\" data-end=\"1203\">Il a \u00e9galement exprim\u00e9 sa reconnaissance envers les confr\u00e9ries religieuses de Tivaouane, Touba, Mbour, M\u00e9dina Baye, M\u00e9dina Gounass, Ndiassane, la famille Omarienne, ainsi que celles du Fouta et de Noubahiya en Mauritanie, pour leurs pri\u00e8res et messages de soutien.<\/p>\n<p data-start=\"1205\" data-end=\"1374\">Aliou Sall a salu\u00e9 la mobilisation de sa famille, de ses amis et de ses proches, citant particuli\u00e8rement son fr\u00e8re Aziz Sall, ses enfants et son \u00e9pouse Bousso.<\/p>\n<p data-start=\"1376\" data-end=\"1535\">L\u2019ancien maire de Gu\u00e9diawaye a en outre remerci\u00e9 l\u2019ancien pr\u00e9sident Macky Sall pour son appui moral, ainsi que Iba Faye pour ses marques d\u2019attention.<\/p>\n<p data-start=\"1537\" data-end=\"1736\">Enfin, il a adress\u00e9 un mot sp\u00e9cial \u00e0 ses avocats, qu\u2019il a f\u00e9licit\u00e9s pour <em>\u00ab leur engagement ferme, leur d\u00e9marche intelligente et leur grande courtoisie \u00e0 l\u2019\u00e9gard de tous les acteurs de la justice \u00bb.<\/em><\/p>\n<div class='share-to-whatsapp-wrapper'><div class='share-on-whsp'>PARTAGER SUR : <\/div><a data-text='POOL JUDICIAIRE FINANCIER - Les premiers mots d'Aliou Sall apr\u00e8s sa lib\u00e9ration' data-link='https:\/\/www.nettali.com\/2025\/10\/14\/pool-judiciaire-financier-les-premiers-mots-daliou-sall-apres-sa-liberation\/' class='whatsapp-button whatsapp-share'>WhatsApp<\/a><div class='clear '><\/div><\/div>","protected":false},"excerpt":{"rendered":"<p>NETTALI.COM - \u00c0 la suite de sa lib\u00e9ration sous contr\u00f4le judiciaire, l\u2019ancien maire de Gu\u00e9diawaye, Aliou Sall, a adress\u00e9 un message de reconnaissance \u00e0 ses proches et \u00e0 ses soutiens. \u00ab Dieu merci ! Mon \u00e9pouse A\u00efssata et moi-m\u00eame venons de b\u00e9n\u00e9ficier d\u2019une libert\u00e9 provisoire suite \u00e0 notre interpellation dans le cadre d\u2019une proc\u00e9dure initi\u00e9e [&hellip;]<\/p>\n","protected":false},"author":4,"featured_media":162638,"comment_status":"open","ping_status":"open","sticky":false,"template":"","format":"standard","meta":{"_et_pb_use_builder":"","_et_pb_old_content":""},"categories":[3],"tags":[],"yoast_head":"<!-- This site is optimized with the Yoast SEO Premium plugin v17.8 (Yoast SEO v17.8) - https:\/\/yoast.com\/wordpress\/plugins\/seo\/ -->\n<title>POOL JUDICIAIRE FINANCIER - Les premiers mots d&#039;Aliou Sall apr\u00e8s sa lib\u00e9ration | Nettali.com<\/title>\n<meta name=\"robots\" content=\"index, follow, max-snippet:-1, max-image-preview:large, max-video-preview:-1\" \/>\n<link rel=\"canonical\" href=\"https:\/\/www.nettali.com\/2025\/10\/14\/pool-judiciaire-financier-les-premiers-mots-daliou-sall-apres-sa-liberation\/\" \/>\n<meta property=\"og:locale\" content=\"fr_FR\" \/>\n<meta property=\"og:type\" content=\"article\" \/>\n<meta property=\"og:title\" content=\"POOL JUDICIAIRE FINANCIER - Les premiers mots d&#039;Aliou Sall apr\u00e8s sa lib\u00e9ration\" \/>\n<meta property=\"og:description\" content=\"NETTALI.COM - \u00c0 la suite de sa lib\u00e9ration sous contr\u00f4le judiciaire, l\u2019ancien maire de Gu\u00e9diawaye, Aliou Sall, a adress\u00e9 un message de reconnaissance \u00e0 ses proches et \u00e0 ses soutiens. \u00ab Dieu merci ! Mon \u00e9pouse A\u00efssata et moi-m\u00eame venons de b\u00e9n\u00e9ficier d\u2019une libert\u00e9 provisoire suite \u00e0 notre interpellation dans le cadre d\u2019une proc\u00e9dure initi\u00e9e [&hellip;]\" \/>\n<meta property=\"og:url\" content=\"https:\/\/www.nettali.com\/2025\/10\/14\/pool-judiciaire-financier-les-premiers-mots-daliou-sall-apres-sa-liberation\/\" \/>\n<meta property=\"og:site_name\" content=\"Nettali.com\" \/>\n<meta property=\"article:publisher\" content=\"https:\/\/www.facebook.com\/nettalicom\" \/>\n<meta property=\"article:published_time\" content=\"2025-10-14T06:45:35+00:00\" \/>\n<meta property=\"og:image\" content=\"https:\/\/www.nettali.com\/wp-content\/uploads\/2025\/10\/thumb_1260x800_68e7b0efe9ce4_ddkKyCMD2R.jpg\" \/>\n\t<meta property=\"og:image:width\" content=\"1260\" \/>\n\t<meta property=\"og:image:height\" content=\"800\" \/>\n<meta name=\"twitter:card\" content=\"summary_large_image\" \/>\n<meta name=\"twitter:label1\" content=\"\u00c9crit par\" \/>\n\t<meta name=\"twitter:data1\" content=\"Daouda\" \/>\n\t<meta name=\"twitter:label2\" content=\"Dur\u00e9e de lecture estim\u00e9e\" \/>\n\t<meta name=\"twitter:data2\" content=\"2 minutes\" \/>\n<script type=\"application\/ld+json\" class=\"yoast-schema-graph\">{\"@context\":\"https:\/\/schema.org\",\"@graph\":[{\"@type\":\"WebSite\",\"@id\":\"https:\/\/www.nettali.com\/#website\",\"url\":\"https:\/\/www.nettali.com\/\",\"name\":\"Nettali.com\",\"description\":\"Le rendez-vous critique du Net\",\"potentialAction\":[{\"@type\":\"SearchAction\",\"target\":{\"@type\":\"EntryPoint\",\"urlTemplate\":\"https:\/\/www.nettali.com\/?s={search_term_string}\"},\"query-input\":\"required name=search_term_string\"}],\"inLanguage\":\"fr-FR\"},{\"@type\":\"ImageObject\",\"@id\":\"https:\/\/www.nettali.com\/2025\/10\/14\/pool-judiciaire-financier-les-premiers-mots-daliou-sall-apres-sa-liberation\/#primaryimage\",\"inLanguage\":\"fr-FR\",\"url\":\"https:\/\/www.nettali.com\/wp-content\/uploads\/2025\/10\/thumb_1260x800_68e7b0efe9ce4_ddkKyCMD2R.jpg\",\"contentUrl\":\"https:\/\/www.nettali.com\/wp-content\/uploads\/2025\/10\/thumb_1260x800_68e7b0efe9ce4_ddkKyCMD2R.jpg\",\"width\":1260,\"height\":800},{\"@type\":\"WebPage\",\"@id\":\"https:\/\/www.nettali.com\/2025\/10\/14\/pool-judiciaire-financier-les-premiers-mots-daliou-sall-apres-sa-liberation\/#webpage\",\"url\":\"https:\/\/www.nettali.com\/2025\/10\/14\/pool-judiciaire-financier-les-premiers-mots-daliou-sall-apres-sa-liberation\/\",\"name\":\"POOL JUDICIAIRE FINANCIER - Les premiers mots d'Aliou Sall apr\\u00e8s sa lib\\u00e9ration | Nettali.com\",\"isPartOf\":{\"@id\":\"https:\/\/www.nettali.com\/#website\"},\"primaryImageOfPage\":{\"@id\":\"https:\/\/www.nettali.com\/2025\/10\/14\/pool-judiciaire-financier-les-premiers-mots-daliou-sall-apres-sa-liberation\/#primaryimage\"},\"datePublished\":\"2025-10-14T06:45:35+00:00\",\"dateModified\":\"2025-10-14T06:45:35+00:00\",\"author\":{\"@id\":\"https:\/\/www.nettali.com\/#\/schema\/person\/3317e0bb3aa1da309fbf7b2780901bf4\"},\"breadcrumb\":{\"@id\":\"https:\/\/www.nettali.com\/2025\/10\/14\/pool-judiciaire-financier-les-premiers-mots-daliou-sall-apres-sa-liberation\/#breadcrumb\"},\"inLanguage\":\"fr-FR\",\"potentialAction\":[{\"@type\":\"ReadAction\",\"target\":[\"https:\/\/www.nettali.com\/2025\/10\/14\/pool-judiciaire-financier-les-premiers-mots-daliou-sall-apres-sa-liberation\/\"]}]},{\"@type\":\"BreadcrumbList\",\"@id\":\"https:\/\/www.nettali.com\/2025\/10\/14\/pool-judiciaire-financier-les-premiers-mots-daliou-sall-apres-sa-liberation\/#breadcrumb\",\"itemListElement\":[{\"@type\":\"ListItem\",\"position\":1,\"name\":\"Accueil\",\"item\":\"https:\/\/www.nettali.com\/\"},{\"@type\":\"ListItem\",\"position\":2,\"name\":\"POOL JUDICIAIRE FINANCIER - Les premiers mots d'Aliou Sall apr\\u00e8s sa lib\\u00e9ration\"}]},{\"@type\":\"Person\",\"@id\":\"https:\/\/www.nettali.com\/#\/schema\/person\/3317e0bb3aa1da309fbf7b2780901bf4\",\"name\":\"Daouda\",\"image\":{\"@type\":\"ImageObject\",\"@id\":\"https:\/\/www.nettali.com\/#personlogo\",\"inLanguage\":\"fr-FR\",\"url\":\"https:\/\/secure.gravatar.com\/avatar\/8d143b5a49345098ddcfee1c49c2f47c?s=96&d=mm&r=g\",\"contentUrl\":\"https:\/\/secure.gravatar.com\/avatar\/8d143b5a49345098ddcfee1c49c2f47c?s=96&d=mm&r=g\",\"caption\":\"Daouda\"},\"sameAs\":[\"https:\/\/www.nettali.com\"]}]}<\/script>\n<!-- \/ Yoast SEO Premium plugin. -->","yoast_head_json":{"title":"POOL JUDICIAIRE FINANCIER - Les premiers mots d'Aliou Sall apr\u00e8s sa lib\u00e9ration | Nettali.com","robots":{"index":"index","follow":"follow","max-snippet":"max-snippet:-1","max-image-preview":"max-image-preview:large","max-video-preview":"max-video-preview:-1"},"canonical":"https:\/\/www.nettali.com\/2025\/10\/14\/pool-judiciaire-financier-les-premiers-mots-daliou-sall-apres-sa-liberation\/","og_locale":"fr_FR","og_type":"article","og_title":"POOL JUDICIAIRE FINANCIER - Les premiers mots d'Aliou Sall apr\u00e8s sa lib\u00e9ration","og_description":"NETTALI.COM - \u00c0 la suite de sa lib\u00e9ration sous contr\u00f4le judiciaire, l\u2019ancien maire de Gu\u00e9diawaye, Aliou Sall, a adress\u00e9 un message de reconnaissance \u00e0 ses proches et \u00e0 ses soutiens. \u00ab Dieu merci ! Mon \u00e9pouse A\u00efssata et moi-m\u00eame venons de b\u00e9n\u00e9ficier d\u2019une libert\u00e9 provisoire suite \u00e0 notre interpellation dans le cadre d\u2019une proc\u00e9dure initi\u00e9e [&hellip;]","og_url":"https:\/\/www.nettali.com\/2025\/10\/14\/pool-judiciaire-financier-les-premiers-mots-daliou-sall-apres-sa-liberation\/","og_site_name":"Nettali.com","article_publisher":"https:\/\/www.facebook.com\/nettalicom","article_published_time":"2025-10-14T06:45:35+00:00","og_image":[{"width":1260,"height":800,"url":"https:\/\/www.nettali.com\/wp-content\/uploads\/2025\/10\/thumb_1260x800_68e7b0efe9ce4_ddkKyCMD2R.jpg","type":"image\/jpeg"}],"twitter_card":"summary_large_image","twitter_misc":{"\u00c9crit par":"Daouda","Dur\u00e9e de lecture estim\u00e9e":"2 minutes"},"schema":{"@context":"https:\/\/schema.org","@graph":[{"@type":"WebSite","@id":"https:\/\/www.nettali.com\/#website","url":"https:\/\/www.nettali.com\/","name":"Nettali.com","description":"Le rendez-vous critique du Net","potentialAction":[{"@type":"SearchAction","target":{"@type":"EntryPoint","urlTemplate":"https:\/\/www.nettali.com\/?s={search_term_string}"},"query-input":"required name=search_term_string"}],"inLanguage":"fr-FR"},{"@type":"ImageObject","@id":"https:\/\/www.nettali.com\/2025\/10\/14\/pool-judiciaire-financier-les-premiers-mots-daliou-sall-apres-sa-liberation\/#primaryimage","inLanguage":"fr-FR","url":"https:\/\/www.nettali.com\/wp-content\/uploads\/2025\/10\/thumb_1260x800_68e7b0efe9ce4_ddkKyCMD2R.jpg","contentUrl":"https:\/\/www.nettali.com\/wp-content\/uploads\/2025\/10\/thumb_1260x800_68e7b0efe9ce4_ddkKyCMD2R.jpg","width":1260,"height":800},{"@type":"WebPage","@id":"https:\/\/www.nettali.com\/2025\/10\/14\/pool-judiciaire-financier-les-premiers-mots-daliou-sall-apres-sa-liberation\/#webpage","url":"https:\/\/www.nettali.com\/2025\/10\/14\/pool-judiciaire-financier-les-premiers-mots-daliou-sall-apres-sa-liberation\/","name":"POOL JUDICIAIRE FINANCIER - Les premiers mots d'Aliou Sall apr\u00e8s sa lib\u00e9ration | Nettali.com","isPartOf":{"@id":"https:\/\/www.nettali.com\/#website"},"primaryImageOfPage":{"@id":"https:\/\/www.nettali.com\/2025\/10\/14\/pool-judiciaire-financier-les-premiers-mots-daliou-sall-apres-sa-liberation\/#primaryimage"},"datePublished":"2025-10-14T06:45:35+00:00","dateModified":"2025-10-14T06:45:35+00:00","author":{"@id":"https:\/\/www.nettali.com\/#\/schema\/person\/3317e0bb3aa1da309fbf7b2780901bf4"},"breadcrumb":{"@id":"https:\/\/www.nettali.com\/2025\/10\/14\/pool-judiciaire-financier-les-premiers-mots-daliou-sall-apres-sa-liberation\/#breadcrumb"},"inLanguage":"fr-FR","potentialAction":[{"@type":"ReadAction","target":["https:\/\/www.nettali.com\/2025\/10\/14\/pool-judiciaire-financier-les-premiers-mots-daliou-sall-apres-sa-liberation\/"]}]},{"@type":"BreadcrumbList","@id":"https:\/\/www.nettali.com\/2025\/10\/14\/pool-judiciaire-financier-les-premiers-mots-daliou-sall-apres-sa-liberation\/#breadcrumb","itemListElement":[{"@type":"ListItem","position":1,"name":"Accueil","item":"https:\/\/www.nettali.com\/"},{"@type":"ListItem","position":2,"name":"POOL JUDICIAIRE FINANCIER - Les premiers mots d'Aliou Sall apr\u00e8s sa lib\u00e9ration"}]},{"@type":"Person","@id":"https:\/\/www.nettali.com\/#\/schema\/person\/3317e0bb3aa1da309fbf7b2780901bf4","name":"Daouda","image":{"@type":"ImageObject","@id":"https:\/\/www.nettali.com\/#personlogo","inLanguage":"fr-FR","url":"https:\/\/secure.gravatar.com\/avatar\/8d143b5a49345098ddcfee1c49c2f47c?s=96&d=mm&r=g","contentUrl":"https:\/\/secure.gravatar.com\/avatar\/8d143b5a49345098ddcfee1c49c2f47c?s=96&d=mm&r=g","caption":"Daouda"},"sameAs":["https:\/\/www.nettali.com"]}]}},"_links":{"self":[{"href":"https:\/\/www.nettali.com\/rest\/wp\/v2\/posts\/162837"}],"collection":[{"href":"https:\/\/www.nettali.com\/rest\/wp\/v2\/posts"}],"about":[{"href":"https:\/\/www.nettali.com\/rest\/wp\/v2\/types\/post"}],"author":[{"embeddable":true,"href":"https:\/\/www.nettali.com\/rest\/wp\/v2\/users\/4"}],"replies":[{"embeddable":true,"href":"https:\/\/www.nettali.com\/rest\/wp\/v2\/comments?post=162837"}],"version-history":[{"count":1,"href":"https:\/\/www.nettali.com\/rest\/wp\/v2\/posts\/162837\/revisions"}],"predecessor-version":[{"id":162838,"href":"https:\/\/www.nettali.com\/rest\/wp\/v2\/posts\/162837\/revisions\/162838"}],"wp:featuredmedia":[{"embeddable":true,"href":"https:\/\/www.nettali.com\/rest\/wp\/v2\/media\/162638"}],"wp:attachment":[{"href":"https:\/\/www.nettali.com\/rest\/wp\/v2\/media?parent=162837"}],"wp:term":[{"taxonomy":"category","embeddable":true,"href":"https:\/\/www.nettali.com\/rest\/wp\/v2\/categories?post=162837"},{"taxonomy":"post_tag","embeddable":true,"href":"https:\/\/www.nettali.com\/rest\/wp\/v2\/tags?post=162837"}],"curies":[{"name":"wp","href":"https:\/\/api.w.org\/{rel}","templated":true}]}}