{"id":162830,"date":"2025-10-13T23:36:51","date_gmt":"2025-10-13T23:36:51","guid":{"rendered":"https:\/\/www.nettali.com\/?p=162830"},"modified":"2025-10-13T21:39:06","modified_gmt":"2025-10-13T21:39:06","slug":"assemblee-nationale-louverture-de-la-session-ordinaire-reportee-a-mercredi","status":"publish","type":"post","link":"https:\/\/www.nettali.com\/2025\/10\/13\/assemblee-nationale-louverture-de-la-session-ordinaire-reportee-a-mercredi\/","title":{"rendered":"ASSEMBLEE NATIONALE - L\u2019ouverture de la session ordinaire report\u00e9e \u00e0 mercredi"},"content":{"rendered":"<p data-start=\"164\" data-end=\"356\"><strong>NETTALI.COM - L\u2019ouverture de la session ordinaire unique de l\u2019ann\u00e9e 2025-2026, initialement pr\u00e9vue ce mardi 14 octobre, est report\u00e9e au mercredi 15 octobre \u00e0 11 heures, selon une source parlementaire.<\/strong><\/p>\n<p data-start=\"358\" data-end=\"573\">Les d\u00e9put\u00e9s se retrouveront en s\u00e9ance pl\u00e9ni\u00e8re pour marquer la rentr\u00e9e parlementaire, au cours de laquelle sera d\u00e9fini l\u2019agenda de travail de la 15\u1d49 l\u00e9gislature, pr\u00e9cise un communiqu\u00e9 de l\u2019Assembl\u00e9e nationale.<\/p>\n<p data-start=\"575\" data-end=\"789\">Cette nouvelle session s\u2019annonce charg\u00e9e, avec \u00e0 son ordre du jour plusieurs projets de loi majeurs, dont le projet de loi de finances initiale pour l\u2019ann\u00e9e 2026, adopt\u00e9 lors du dernier Conseil des ministres.<\/p>\n<div class='share-to-whatsapp-wrapper'><div class='share-on-whsp'>PARTAGER SUR : <\/div><a data-text='ASSEMBLEE NATIONALE - L\u2019ouverture de la session ordinaire report\u00e9e \u00e0 mercredi' data-link='https:\/\/www.nettali.com\/2025\/10\/13\/assemblee-nationale-louverture-de-la-session-ordinaire-reportee-a-mercredi\/' class='whatsapp-button whatsapp-share'>WhatsApp<\/a><div class='clear '><\/div><\/div>","protected":false},"excerpt":{"rendered":"<p>NETTALI.COM - L\u2019ouverture de la session ordinaire unique de l\u2019ann\u00e9e 2025-2026, initialement pr\u00e9vue ce mardi 14 octobre, est report\u00e9e au mercredi 15 octobre \u00e0 11 heures, selon une source parlementaire. Les d\u00e9put\u00e9s se retrouveront en s\u00e9ance pl\u00e9ni\u00e8re pour marquer la rentr\u00e9e parlementaire, au cours de laquelle sera d\u00e9fini l\u2019agenda de travail de la 15\u1d49 l\u00e9gislature, [&hellip;]<\/p>\n","protected":false},"author":4,"featured_media":93677,"comment_status":"open","ping_status":"open","sticky":false,"template":"","format":"standard","meta":{"_et_pb_use_builder":"","_et_pb_old_content":""},"categories":[2],"tags":[],"yoast_head":"<!-- This site is optimized with the Yoast SEO Premium plugin v17.8 (Yoast SEO v17.8) - https:\/\/yoast.com\/wordpress\/plugins\/seo\/ -->\n<title>ASSEMBLEE NATIONALE - L\u2019ouverture de la session ordinaire report\u00e9e \u00e0 mercredi | Nettali.com<\/title>\n<meta name=\"robots\" content=\"index, follow, max-snippet:-1, max-image-preview:large, max-video-preview:-1\" \/>\n<link rel=\"canonical\" href=\"https:\/\/www.nettali.com\/2025\/10\/13\/assemblee-nationale-louverture-de-la-session-ordinaire-reportee-a-mercredi\/\" \/>\n<meta property=\"og:locale\" content=\"fr_FR\" \/>\n<meta property=\"og:type\" content=\"article\" \/>\n<meta property=\"og:title\" content=\"ASSEMBLEE NATIONALE - L\u2019ouverture de la session ordinaire report\u00e9e \u00e0 mercredi\" \/>\n<meta property=\"og:description\" content=\"NETTALI.COM - L\u2019ouverture de la session ordinaire unique de l\u2019ann\u00e9e 2025-2026, initialement pr\u00e9vue ce mardi 14 octobre, est report\u00e9e au mercredi 15 octobre \u00e0 11 heures, selon une source parlementaire. Les d\u00e9put\u00e9s se retrouveront en s\u00e9ance pl\u00e9ni\u00e8re pour marquer la rentr\u00e9e parlementaire, au cours de laquelle sera d\u00e9fini l\u2019agenda de travail de la 15\u1d49 l\u00e9gislature, [&hellip;]\" \/>\n<meta property=\"og:url\" content=\"https:\/\/www.nettali.com\/2025\/10\/13\/assemblee-nationale-louverture-de-la-session-ordinaire-reportee-a-mercredi\/\" \/>\n<meta property=\"og:site_name\" content=\"Nettali.com\" \/>\n<meta property=\"article:publisher\" content=\"https:\/\/www.facebook.com\/nettalicom\" \/>\n<meta property=\"article:published_time\" content=\"2025-10-13T23:36:51+00:00\" \/>\n<meta property=\"article:modified_time\" content=\"2025-10-13T21:39:06+00:00\" \/>\n<meta property=\"og:image\" content=\"https:\/\/www.nettali.com\/wp-content\/uploads\/2022\/09\/Assemblee-nationale-senegal.jpeg\" \/>\n\t<meta property=\"og:image:width\" content=\"900\" \/>\n\t<meta property=\"og:image:height\" content=\"630\" \/>\n<meta name=\"twitter:card\" content=\"summary_large_image\" \/>\n<meta name=\"twitter:label1\" content=\"\u00c9crit par\" \/>\n\t<meta name=\"twitter:data1\" content=\"Daouda\" \/>\n\t<meta name=\"twitter:label2\" content=\"Dur\u00e9e de lecture estim\u00e9e\" \/>\n\t<meta name=\"twitter:data2\" content=\"1 minute\" \/>\n<script type=\"application\/ld+json\" class=\"yoast-schema-graph\">{\"@context\":\"https:\/\/schema.org\",\"@graph\":[{\"@type\":\"WebSite\",\"@id\":\"https:\/\/www.nettali.com\/#website\",\"url\":\"https:\/\/www.nettali.com\/\",\"name\":\"Nettali.com\",\"description\":\"Le rendez-vous critique du Net\",\"potentialAction\":[{\"@type\":\"SearchAction\",\"target\":{\"@type\":\"EntryPoint\",\"urlTemplate\":\"https:\/\/www.nettali.com\/?s={search_term_string}\"},\"query-input\":\"required name=search_term_string\"}],\"inLanguage\":\"fr-FR\"},{\"@type\":\"ImageObject\",\"@id\":\"https:\/\/www.nettali.com\/2025\/10\/13\/assemblee-nationale-louverture-de-la-session-ordinaire-reportee-a-mercredi\/#primaryimage\",\"inLanguage\":\"fr-FR\",\"url\":\"https:\/\/www.nettali.com\/wp-content\/uploads\/2022\/09\/Assemblee-nationale-senegal.jpeg\",\"contentUrl\":\"https:\/\/www.nettali.com\/wp-content\/uploads\/2022\/09\/Assemblee-nationale-senegal.jpeg\",\"width\":900,\"height\":630},{\"@type\":\"WebPage\",\"@id\":\"https:\/\/www.nettali.com\/2025\/10\/13\/assemblee-nationale-louverture-de-la-session-ordinaire-reportee-a-mercredi\/#webpage\",\"url\":\"https:\/\/www.nettali.com\/2025\/10\/13\/assemblee-nationale-louverture-de-la-session-ordinaire-reportee-a-mercredi\/\",\"name\":\"ASSEMBLEE NATIONALE - L\\u2019ouverture de la session ordinaire report\\u00e9e \\u00e0 mercredi | Nettali.com\",\"isPartOf\":{\"@id\":\"https:\/\/www.nettali.com\/#website\"},\"primaryImageOfPage\":{\"@id\":\"https:\/\/www.nettali.com\/2025\/10\/13\/assemblee-nationale-louverture-de-la-session-ordinaire-reportee-a-mercredi\/#primaryimage\"},\"datePublished\":\"2025-10-13T23:36:51+00:00\",\"dateModified\":\"2025-10-13T21:39:06+00:00\",\"author\":{\"@id\":\"https:\/\/www.nettali.com\/#\/schema\/person\/3317e0bb3aa1da309fbf7b2780901bf4\"},\"breadcrumb\":{\"@id\":\"https:\/\/www.nettali.com\/2025\/10\/13\/assemblee-nationale-louverture-de-la-session-ordinaire-reportee-a-mercredi\/#breadcrumb\"},\"inLanguage\":\"fr-FR\",\"potentialAction\":[{\"@type\":\"ReadAction\",\"target\":[\"https:\/\/www.nettali.com\/2025\/10\/13\/assemblee-nationale-louverture-de-la-session-ordinaire-reportee-a-mercredi\/\"]}]},{\"@type\":\"BreadcrumbList\",\"@id\":\"https:\/\/www.nettali.com\/2025\/10\/13\/assemblee-nationale-louverture-de-la-session-ordinaire-reportee-a-mercredi\/#breadcrumb\",\"itemListElement\":[{\"@type\":\"ListItem\",\"position\":1,\"name\":\"Accueil\",\"item\":\"https:\/\/www.nettali.com\/\"},{\"@type\":\"ListItem\",\"position\":2,\"name\":\"ASSEMBLEE NATIONALE - L\\u2019ouverture de la session ordinaire report\\u00e9e \\u00e0 mercredi\"}]},{\"@type\":\"Person\",\"@id\":\"https:\/\/www.nettali.com\/#\/schema\/person\/3317e0bb3aa1da309fbf7b2780901bf4\",\"name\":\"Daouda\",\"image\":{\"@type\":\"ImageObject\",\"@id\":\"https:\/\/www.nettali.com\/#personlogo\",\"inLanguage\":\"fr-FR\",\"url\":\"https:\/\/secure.gravatar.com\/avatar\/8d143b5a49345098ddcfee1c49c2f47c?s=96&d=mm&r=g\",\"contentUrl\":\"https:\/\/secure.gravatar.com\/avatar\/8d143b5a49345098ddcfee1c49c2f47c?s=96&d=mm&r=g\",\"caption\":\"Daouda\"},\"sameAs\":[\"https:\/\/www.nettali.com\"]}]}<\/script>\n<!-- \/ Yoast SEO Premium plugin. -->","yoast_head_json":{"title":"ASSEMBLEE NATIONALE - L\u2019ouverture de la session ordinaire report\u00e9e \u00e0 mercredi | Nettali.com","robots":{"index":"index","follow":"follow","max-snippet":"max-snippet:-1","max-image-preview":"max-image-preview:large","max-video-preview":"max-video-preview:-1"},"canonical":"https:\/\/www.nettali.com\/2025\/10\/13\/assemblee-nationale-louverture-de-la-session-ordinaire-reportee-a-mercredi\/","og_locale":"fr_FR","og_type":"article","og_title":"ASSEMBLEE NATIONALE - L\u2019ouverture de la session ordinaire report\u00e9e \u00e0 mercredi","og_description":"NETTALI.COM - L\u2019ouverture de la session ordinaire unique de l\u2019ann\u00e9e 2025-2026, initialement pr\u00e9vue ce mardi 14 octobre, est report\u00e9e au mercredi 15 octobre \u00e0 11 heures, selon une source parlementaire. Les d\u00e9put\u00e9s se retrouveront en s\u00e9ance pl\u00e9ni\u00e8re pour marquer la rentr\u00e9e parlementaire, au cours de laquelle sera d\u00e9fini l\u2019agenda de travail de la 15\u1d49 l\u00e9gislature, [&hellip;]","og_url":"https:\/\/www.nettali.com\/2025\/10\/13\/assemblee-nationale-louverture-de-la-session-ordinaire-reportee-a-mercredi\/","og_site_name":"Nettali.com","article_publisher":"https:\/\/www.facebook.com\/nettalicom","article_published_time":"2025-10-13T23:36:51+00:00","article_modified_time":"2025-10-13T21:39:06+00:00","og_image":[{"width":900,"height":630,"url":"https:\/\/www.nettali.com\/wp-content\/uploads\/2022\/09\/Assemblee-nationale-senegal.jpeg","type":"image\/jpeg"}],"twitter_card":"summary_large_image","twitter_misc":{"\u00c9crit par":"Daouda","Dur\u00e9e de lecture estim\u00e9e":"1 minute"},"schema":{"@context":"https:\/\/schema.org","@graph":[{"@type":"WebSite","@id":"https:\/\/www.nettali.com\/#website","url":"https:\/\/www.nettali.com\/","name":"Nettali.com","description":"Le rendez-vous critique du Net","potentialAction":[{"@type":"SearchAction","target":{"@type":"EntryPoint","urlTemplate":"https:\/\/www.nettali.com\/?s={search_term_string}"},"query-input":"required name=search_term_string"}],"inLanguage":"fr-FR"},{"@type":"ImageObject","@id":"https:\/\/www.nettali.com\/2025\/10\/13\/assemblee-nationale-louverture-de-la-session-ordinaire-reportee-a-mercredi\/#primaryimage","inLanguage":"fr-FR","url":"https:\/\/www.nettali.com\/wp-content\/uploads\/2022\/09\/Assemblee-nationale-senegal.jpeg","contentUrl":"https:\/\/www.nettali.com\/wp-content\/uploads\/2022\/09\/Assemblee-nationale-senegal.jpeg","width":900,"height":630},{"@type":"WebPage","@id":"https:\/\/www.nettali.com\/2025\/10\/13\/assemblee-nationale-louverture-de-la-session-ordinaire-reportee-a-mercredi\/#webpage","url":"https:\/\/www.nettali.com\/2025\/10\/13\/assemblee-nationale-louverture-de-la-session-ordinaire-reportee-a-mercredi\/","name":"ASSEMBLEE NATIONALE - L\u2019ouverture de la session ordinaire report\u00e9e \u00e0 mercredi | Nettali.com","isPartOf":{"@id":"https:\/\/www.nettali.com\/#website"},"primaryImageOfPage":{"@id":"https:\/\/www.nettali.com\/2025\/10\/13\/assemblee-nationale-louverture-de-la-session-ordinaire-reportee-a-mercredi\/#primaryimage"},"datePublished":"2025-10-13T23:36:51+00:00","dateModified":"2025-10-13T21:39:06+00:00","author":{"@id":"https:\/\/www.nettali.com\/#\/schema\/person\/3317e0bb3aa1da309fbf7b2780901bf4"},"breadcrumb":{"@id":"https:\/\/www.nettali.com\/2025\/10\/13\/assemblee-nationale-louverture-de-la-session-ordinaire-reportee-a-mercredi\/#breadcrumb"},"inLanguage":"fr-FR","potentialAction":[{"@type":"ReadAction","target":["https:\/\/www.nettali.com\/2025\/10\/13\/assemblee-nationale-louverture-de-la-session-ordinaire-reportee-a-mercredi\/"]}]},{"@type":"BreadcrumbList","@id":"https:\/\/www.nettali.com\/2025\/10\/13\/assemblee-nationale-louverture-de-la-session-ordinaire-reportee-a-mercredi\/#breadcrumb","itemListElement":[{"@type":"ListItem","position":1,"name":"Accueil","item":"https:\/\/www.nettali.com\/"},{"@type":"ListItem","position":2,"name":"ASSEMBLEE NATIONALE - L\u2019ouverture de la session ordinaire report\u00e9e \u00e0 mercredi"}]},{"@type":"Person","@id":"https:\/\/www.nettali.com\/#\/schema\/person\/3317e0bb3aa1da309fbf7b2780901bf4","name":"Daouda","image":{"@type":"ImageObject","@id":"https:\/\/www.nettali.com\/#personlogo","inLanguage":"fr-FR","url":"https:\/\/secure.gravatar.com\/avatar\/8d143b5a49345098ddcfee1c49c2f47c?s=96&d=mm&r=g","contentUrl":"https:\/\/secure.gravatar.com\/avatar\/8d143b5a49345098ddcfee1c49c2f47c?s=96&d=mm&r=g","caption":"Daouda"},"sameAs":["https:\/\/www.nettali.com"]}]}},"_links":{"self":[{"href":"https:\/\/www.nettali.com\/rest\/wp\/v2\/posts\/162830"}],"collection":[{"href":"https:\/\/www.nettali.com\/rest\/wp\/v2\/posts"}],"about":[{"href":"https:\/\/www.nettali.com\/rest\/wp\/v2\/types\/post"}],"author":[{"embeddable":true,"href":"https:\/\/www.nettali.com\/rest\/wp\/v2\/users\/4"}],"replies":[{"embeddable":true,"href":"https:\/\/www.nettali.com\/rest\/wp\/v2\/comments?post=162830"}],"version-history":[{"count":1,"href":"https:\/\/www.nettali.com\/rest\/wp\/v2\/posts\/162830\/revisions"}],"predecessor-version":[{"id":162831,"href":"https:\/\/www.nettali.com\/rest\/wp\/v2\/posts\/162830\/revisions\/162831"}],"wp:featuredmedia":[{"embeddable":true,"href":"https:\/\/www.nettali.com\/rest\/wp\/v2\/media\/93677"}],"wp:attachment":[{"href":"https:\/\/www.nettali.com\/rest\/wp\/v2\/media?parent=162830"}],"wp:term":[{"taxonomy":"category","embeddable":true,"href":"https:\/\/www.nettali.com\/rest\/wp\/v2\/categories?post=162830"},{"taxonomy":"post_tag","embeddable":true,"href":"https:\/\/www.nettali.com\/rest\/wp\/v2\/tags?post=162830"}],"curies":[{"name":"wp","href":"https:\/\/api.w.org\/{rel}","templated":true}]}}