{"id":162824,"date":"2025-10-13T22:33:36","date_gmt":"2025-10-13T22:33:36","guid":{"rendered":"https:\/\/www.nettali.com\/?p=162824"},"modified":"2025-10-13T21:33:53","modified_gmt":"2025-10-13T21:33:53","slug":"mondial-2026-q-le-cap-vert-decroche-une-qualification-historique","status":"publish","type":"post","link":"https:\/\/www.nettali.com\/2025\/10\/13\/mondial-2026-q-le-cap-vert-decroche-une-qualification-historique\/","title":{"rendered":"MONDIAL 2026 (Q) - Le Cap-Vert d\u00e9croche une qualification historique"},"content":{"rendered":"<p><strong>NETTALI.COM - C\u2019est un exploit monumental que l\u2019\u00e9quipe du Cap-Vert, petit pays d\u2019\u00e0 peine 4\u202f033 km\u00b2, a r\u00e9ussi en se qualifiant \u00e0 la Coupe du monde 2026 apr\u00e8s sa victoire sur l'Eswatini (3-0). Aid\u00e9s par l\u2019apport de joueurs issus de son importante diaspora, les Requins bleus ont domin\u00e9 le groupe C devant d\u2019anciens mondialistes, le Cameroun et l\u2019Angola.<\/strong><\/p>\n<p>Le Cap-Vert a \u00e9crit l\u2019un des chapitres les plus remarquables de l\u2019histoire du football africain en d\u00e9crochant pour la toute premi\u00e8re fois son billet pour la Coupe du monde de la FIFA 2026.<\/p>\n<p>Cette nation insulaire de l\u2019Atlantique, forte d\u2019\u00e0 peine 600 000 habitants, a battu l\u2019Eswatini 3-0 le lundi 13 octobre pour s\u2019assurer une place historique sur la plus grande sc\u00e8ne mondiale.<\/p>\n<p>Ce r\u00e9sultat vient couronner une campagne de qualification quasi parfaite et souligne la mont\u00e9e fulgurante des Requins Bleus, qui sont pass\u00e9s du statut d\u2019outsiders continentaux \u00e0 l\u2019une des histoires les plus inspirantes du football africain.<\/p>\n<p><strong>Des outsiders \u00e0 la sc\u00e8ne mondiale<\/strong><\/p>\n<p>L\u2019ascension du Cap-Vert est tout simplement extraordinaire. Consid\u00e9r\u00e9e autrefois comme une petite nation du football africain, l\u2019\u00e9quipe a fait ses d\u00e9buts \u00e0 la Coupe d\u2019Afrique des nations en 2013, atteignant les quarts de finale d\u00e8s sa premi\u00e8re participation, un exploit retentissant.<\/p>\n<p>Les Requins Bleus ont r\u00e9\u00e9dit\u00e9 cet exploit en 2024, dominant leur groupe devant l\u2019\u00c9gypte et le Ghana, puis se battant jusqu\u2019aux quarts de finale, avant de s\u2019incliner cruellement aux tirs au but face \u00e0 l\u2019Afrique du Sud.<\/p>\n<p>Leur qualification pour la Coupe du monde 2026, organis\u00e9e aux \u00c9tats-Unis, au Canada et au Mexique, constitue un accomplissement retentissant.<\/p>\n<p>Cela marque la premi\u00e8re fois que les Requins Bleus se mesureront \u00e0 l\u2019\u00e9lite mondiale, seulement deux d\u00e9cennies apr\u00e8s leur premi\u00e8re tentative de qualification pour la Coupe du monde en 2002.<\/p>\n<p><strong>Plus petit pays \u00e0 se qualifier au Mondial\u00a0<\/strong><\/p>\n<p>Petit pays insulaire d'environ 4000 kilom\u00e8tres carr\u00e9s, le Cap-Vert va devenir le plus petit pays en superficie \u00e0 disputer une Coupe du monde (record jusqu'ici d\u00e9tenu par le Qatar, 11 000 kilom\u00e8tres carr\u00e9s). Le pays sera aussi le deuxi\u00e8me moins peupl\u00e9 (environ 524 000 habitants) \u00e0 jouer un Mondial, derri\u00e8re l'Islande (340 000 habitants en 2018). De quoi mesurer l'exploit r\u00e9alis\u00e9 par ce pays qui a obtenu son ind\u00e9pendance en 1975.<\/p>\n<div class='share-to-whatsapp-wrapper'><div class='share-on-whsp'>PARTAGER SUR : <\/div><a data-text='MONDIAL 2026 (Q) - Le Cap-Vert d\u00e9croche une qualification historique' data-link='https:\/\/www.nettali.com\/2025\/10\/13\/mondial-2026-q-le-cap-vert-decroche-une-qualification-historique\/' class='whatsapp-button whatsapp-share'>WhatsApp<\/a><div class='clear '><\/div><\/div>","protected":false},"excerpt":{"rendered":"<p>NETTALI.COM - C\u2019est un exploit monumental que l\u2019\u00e9quipe du Cap-Vert, petit pays d\u2019\u00e0 peine 4\u202f033 km\u00b2, a r\u00e9ussi en se qualifiant \u00e0 la Coupe du monde 2026 apr\u00e8s sa victoire sur l'Eswatini (3-0). Aid\u00e9s par l\u2019apport de joueurs issus de son importante diaspora, les Requins bleus ont domin\u00e9 le groupe C devant d\u2019anciens mondialistes, le [&hellip;]<\/p>\n","protected":false},"author":5,"featured_media":162825,"comment_status":"open","ping_status":"open","sticky":false,"template":"","format":"standard","meta":{"_et_pb_use_builder":"","_et_pb_old_content":""},"categories":[6],"tags":[],"yoast_head":"<!-- This site is optimized with the Yoast SEO Premium plugin v17.8 (Yoast SEO v17.8) - https:\/\/yoast.com\/wordpress\/plugins\/seo\/ -->\n<title>MONDIAL 2026 (Q) - Le Cap-Vert d\u00e9croche une qualification historique | Nettali.com<\/title>\n<meta name=\"robots\" content=\"index, follow, max-snippet:-1, max-image-preview:large, max-video-preview:-1\" \/>\n<link rel=\"canonical\" href=\"https:\/\/www.nettali.com\/2025\/10\/13\/mondial-2026-q-le-cap-vert-decroche-une-qualification-historique\/\" \/>\n<meta property=\"og:locale\" content=\"fr_FR\" \/>\n<meta property=\"og:type\" content=\"article\" \/>\n<meta property=\"og:title\" content=\"MONDIAL 2026 (Q) - Le Cap-Vert d\u00e9croche une qualification historique\" \/>\n<meta property=\"og:description\" content=\"NETTALI.COM - C\u2019est un exploit monumental que l\u2019\u00e9quipe du Cap-Vert, petit pays d\u2019\u00e0 peine 4\u202f033 km\u00b2, a r\u00e9ussi en se qualifiant \u00e0 la Coupe du monde 2026 apr\u00e8s sa victoire sur l&#039;Eswatini (3-0). Aid\u00e9s par l\u2019apport de joueurs issus de son importante diaspora, les Requins bleus ont domin\u00e9 le groupe C devant d\u2019anciens mondialistes, le [&hellip;]\" \/>\n<meta property=\"og:url\" content=\"https:\/\/www.nettali.com\/2025\/10\/13\/mondial-2026-q-le-cap-vert-decroche-une-qualification-historique\/\" \/>\n<meta property=\"og:site_name\" content=\"Nettali.com\" \/>\n<meta property=\"article:publisher\" content=\"https:\/\/www.facebook.com\/nettalicom\" \/>\n<meta property=\"article:published_time\" content=\"2025-10-13T22:33:36+00:00\" \/>\n<meta property=\"article:modified_time\" content=\"2025-10-13T21:33:53+00:00\" \/>\n<meta property=\"og:image\" content=\"https:\/\/www.nettali.com\/wp-content\/uploads\/2025\/10\/MjAyNTEwNWVjNTgzZmE0ZDE3ZTI4NDhiYzRjODc3MjgzMDAwMTg.jpeg\" \/>\n\t<meta property=\"og:image:width\" content=\"1260\" \/>\n\t<meta property=\"og:image:height\" content=\"708\" \/>\n<meta name=\"twitter:card\" content=\"summary_large_image\" \/>\n<meta name=\"twitter:label1\" content=\"\u00c9crit par\" \/>\n\t<meta name=\"twitter:data1\" content=\"Ibrahima\" \/>\n\t<meta name=\"twitter:label2\" content=\"Dur\u00e9e de lecture estim\u00e9e\" \/>\n\t<meta name=\"twitter:data2\" content=\"2 minutes\" \/>\n<script type=\"application\/ld+json\" class=\"yoast-schema-graph\">{\"@context\":\"https:\/\/schema.org\",\"@graph\":[{\"@type\":\"WebSite\",\"@id\":\"https:\/\/www.nettali.com\/#website\",\"url\":\"https:\/\/www.nettali.com\/\",\"name\":\"Nettali.com\",\"description\":\"Le rendez-vous critique du Net\",\"potentialAction\":[{\"@type\":\"SearchAction\",\"target\":{\"@type\":\"EntryPoint\",\"urlTemplate\":\"https:\/\/www.nettali.com\/?s={search_term_string}\"},\"query-input\":\"required name=search_term_string\"}],\"inLanguage\":\"fr-FR\"},{\"@type\":\"ImageObject\",\"@id\":\"https:\/\/www.nettali.com\/2025\/10\/13\/mondial-2026-q-le-cap-vert-decroche-une-qualification-historique\/#primaryimage\",\"inLanguage\":\"fr-FR\",\"url\":\"https:\/\/www.nettali.com\/wp-content\/uploads\/2025\/10\/MjAyNTEwNWVjNTgzZmE0ZDE3ZTI4NDhiYzRjODc3MjgzMDAwMTg.jpeg\",\"contentUrl\":\"https:\/\/www.nettali.com\/wp-content\/uploads\/2025\/10\/MjAyNTEwNWVjNTgzZmE0ZDE3ZTI4NDhiYzRjODc3MjgzMDAwMTg.jpeg\",\"width\":1260,\"height\":708},{\"@type\":\"WebPage\",\"@id\":\"https:\/\/www.nettali.com\/2025\/10\/13\/mondial-2026-q-le-cap-vert-decroche-une-qualification-historique\/#webpage\",\"url\":\"https:\/\/www.nettali.com\/2025\/10\/13\/mondial-2026-q-le-cap-vert-decroche-une-qualification-historique\/\",\"name\":\"MONDIAL 2026 (Q) - Le Cap-Vert d\\u00e9croche une qualification historique | Nettali.com\",\"isPartOf\":{\"@id\":\"https:\/\/www.nettali.com\/#website\"},\"primaryImageOfPage\":{\"@id\":\"https:\/\/www.nettali.com\/2025\/10\/13\/mondial-2026-q-le-cap-vert-decroche-une-qualification-historique\/#primaryimage\"},\"datePublished\":\"2025-10-13T22:33:36+00:00\",\"dateModified\":\"2025-10-13T21:33:53+00:00\",\"author\":{\"@id\":\"https:\/\/www.nettali.com\/#\/schema\/person\/bb147657c2986240405a608162b9bb23\"},\"breadcrumb\":{\"@id\":\"https:\/\/www.nettali.com\/2025\/10\/13\/mondial-2026-q-le-cap-vert-decroche-une-qualification-historique\/#breadcrumb\"},\"inLanguage\":\"fr-FR\",\"potentialAction\":[{\"@type\":\"ReadAction\",\"target\":[\"https:\/\/www.nettali.com\/2025\/10\/13\/mondial-2026-q-le-cap-vert-decroche-une-qualification-historique\/\"]}]},{\"@type\":\"BreadcrumbList\",\"@id\":\"https:\/\/www.nettali.com\/2025\/10\/13\/mondial-2026-q-le-cap-vert-decroche-une-qualification-historique\/#breadcrumb\",\"itemListElement\":[{\"@type\":\"ListItem\",\"position\":1,\"name\":\"Accueil\",\"item\":\"https:\/\/www.nettali.com\/\"},{\"@type\":\"ListItem\",\"position\":2,\"name\":\"MONDIAL 2026 (Q) - Le Cap-Vert d\\u00e9croche une qualification historique\"}]},{\"@type\":\"Person\",\"@id\":\"https:\/\/www.nettali.com\/#\/schema\/person\/bb147657c2986240405a608162b9bb23\",\"name\":\"Ibrahima\",\"image\":{\"@type\":\"ImageObject\",\"@id\":\"https:\/\/www.nettali.com\/#personlogo\",\"inLanguage\":\"fr-FR\",\"url\":\"https:\/\/secure.gravatar.com\/avatar\/26a8a81f09f0dd7624c9d5c36c9ba3a2?s=96&d=mm&r=g\",\"contentUrl\":\"https:\/\/secure.gravatar.com\/avatar\/26a8a81f09f0dd7624c9d5c36c9ba3a2?s=96&d=mm&r=g\",\"caption\":\"Ibrahima\"},\"sameAs\":[\"https:\/\/www.nettali.com\"]}]}<\/script>\n<!-- \/ Yoast SEO Premium plugin. -->","yoast_head_json":{"title":"MONDIAL 2026 (Q) - Le Cap-Vert d\u00e9croche une qualification historique | Nettali.com","robots":{"index":"index","follow":"follow","max-snippet":"max-snippet:-1","max-image-preview":"max-image-preview:large","max-video-preview":"max-video-preview:-1"},"canonical":"https:\/\/www.nettali.com\/2025\/10\/13\/mondial-2026-q-le-cap-vert-decroche-une-qualification-historique\/","og_locale":"fr_FR","og_type":"article","og_title":"MONDIAL 2026 (Q) - Le Cap-Vert d\u00e9croche une qualification historique","og_description":"NETTALI.COM - C\u2019est un exploit monumental que l\u2019\u00e9quipe du Cap-Vert, petit pays d\u2019\u00e0 peine 4\u202f033 km\u00b2, a r\u00e9ussi en se qualifiant \u00e0 la Coupe du monde 2026 apr\u00e8s sa victoire sur l'Eswatini (3-0). Aid\u00e9s par l\u2019apport de joueurs issus de son importante diaspora, les Requins bleus ont domin\u00e9 le groupe C devant d\u2019anciens mondialistes, le [&hellip;]","og_url":"https:\/\/www.nettali.com\/2025\/10\/13\/mondial-2026-q-le-cap-vert-decroche-une-qualification-historique\/","og_site_name":"Nettali.com","article_publisher":"https:\/\/www.facebook.com\/nettalicom","article_published_time":"2025-10-13T22:33:36+00:00","article_modified_time":"2025-10-13T21:33:53+00:00","og_image":[{"width":1260,"height":708,"url":"https:\/\/www.nettali.com\/wp-content\/uploads\/2025\/10\/MjAyNTEwNWVjNTgzZmE0ZDE3ZTI4NDhiYzRjODc3MjgzMDAwMTg.jpeg","type":"image\/jpeg"}],"twitter_card":"summary_large_image","twitter_misc":{"\u00c9crit par":"Ibrahima","Dur\u00e9e de lecture estim\u00e9e":"2 minutes"},"schema":{"@context":"https:\/\/schema.org","@graph":[{"@type":"WebSite","@id":"https:\/\/www.nettali.com\/#website","url":"https:\/\/www.nettali.com\/","name":"Nettali.com","description":"Le rendez-vous critique du Net","potentialAction":[{"@type":"SearchAction","target":{"@type":"EntryPoint","urlTemplate":"https:\/\/www.nettali.com\/?s={search_term_string}"},"query-input":"required name=search_term_string"}],"inLanguage":"fr-FR"},{"@type":"ImageObject","@id":"https:\/\/www.nettali.com\/2025\/10\/13\/mondial-2026-q-le-cap-vert-decroche-une-qualification-historique\/#primaryimage","inLanguage":"fr-FR","url":"https:\/\/www.nettali.com\/wp-content\/uploads\/2025\/10\/MjAyNTEwNWVjNTgzZmE0ZDE3ZTI4NDhiYzRjODc3MjgzMDAwMTg.jpeg","contentUrl":"https:\/\/www.nettali.com\/wp-content\/uploads\/2025\/10\/MjAyNTEwNWVjNTgzZmE0ZDE3ZTI4NDhiYzRjODc3MjgzMDAwMTg.jpeg","width":1260,"height":708},{"@type":"WebPage","@id":"https:\/\/www.nettali.com\/2025\/10\/13\/mondial-2026-q-le-cap-vert-decroche-une-qualification-historique\/#webpage","url":"https:\/\/www.nettali.com\/2025\/10\/13\/mondial-2026-q-le-cap-vert-decroche-une-qualification-historique\/","name":"MONDIAL 2026 (Q) - Le Cap-Vert d\u00e9croche une qualification historique | Nettali.com","isPartOf":{"@id":"https:\/\/www.nettali.com\/#website"},"primaryImageOfPage":{"@id":"https:\/\/www.nettali.com\/2025\/10\/13\/mondial-2026-q-le-cap-vert-decroche-une-qualification-historique\/#primaryimage"},"datePublished":"2025-10-13T22:33:36+00:00","dateModified":"2025-10-13T21:33:53+00:00","author":{"@id":"https:\/\/www.nettali.com\/#\/schema\/person\/bb147657c2986240405a608162b9bb23"},"breadcrumb":{"@id":"https:\/\/www.nettali.com\/2025\/10\/13\/mondial-2026-q-le-cap-vert-decroche-une-qualification-historique\/#breadcrumb"},"inLanguage":"fr-FR","potentialAction":[{"@type":"ReadAction","target":["https:\/\/www.nettali.com\/2025\/10\/13\/mondial-2026-q-le-cap-vert-decroche-une-qualification-historique\/"]}]},{"@type":"BreadcrumbList","@id":"https:\/\/www.nettali.com\/2025\/10\/13\/mondial-2026-q-le-cap-vert-decroche-une-qualification-historique\/#breadcrumb","itemListElement":[{"@type":"ListItem","position":1,"name":"Accueil","item":"https:\/\/www.nettali.com\/"},{"@type":"ListItem","position":2,"name":"MONDIAL 2026 (Q) - Le Cap-Vert d\u00e9croche une qualification historique"}]},{"@type":"Person","@id":"https:\/\/www.nettali.com\/#\/schema\/person\/bb147657c2986240405a608162b9bb23","name":"Ibrahima","image":{"@type":"ImageObject","@id":"https:\/\/www.nettali.com\/#personlogo","inLanguage":"fr-FR","url":"https:\/\/secure.gravatar.com\/avatar\/26a8a81f09f0dd7624c9d5c36c9ba3a2?s=96&d=mm&r=g","contentUrl":"https:\/\/secure.gravatar.com\/avatar\/26a8a81f09f0dd7624c9d5c36c9ba3a2?s=96&d=mm&r=g","caption":"Ibrahima"},"sameAs":["https:\/\/www.nettali.com"]}]}},"_links":{"self":[{"href":"https:\/\/www.nettali.com\/rest\/wp\/v2\/posts\/162824"}],"collection":[{"href":"https:\/\/www.nettali.com\/rest\/wp\/v2\/posts"}],"about":[{"href":"https:\/\/www.nettali.com\/rest\/wp\/v2\/types\/post"}],"author":[{"embeddable":true,"href":"https:\/\/www.nettali.com\/rest\/wp\/v2\/users\/5"}],"replies":[{"embeddable":true,"href":"https:\/\/www.nettali.com\/rest\/wp\/v2\/comments?post=162824"}],"version-history":[{"count":1,"href":"https:\/\/www.nettali.com\/rest\/wp\/v2\/posts\/162824\/revisions"}],"predecessor-version":[{"id":162826,"href":"https:\/\/www.nettali.com\/rest\/wp\/v2\/posts\/162824\/revisions\/162826"}],"wp:featuredmedia":[{"embeddable":true,"href":"https:\/\/www.nettali.com\/rest\/wp\/v2\/media\/162825"}],"wp:attachment":[{"href":"https:\/\/www.nettali.com\/rest\/wp\/v2\/media?parent=162824"}],"wp:term":[{"taxonomy":"category","embeddable":true,"href":"https:\/\/www.nettali.com\/rest\/wp\/v2\/categories?post=162824"},{"taxonomy":"post_tag","embeddable":true,"href":"https:\/\/www.nettali.com\/rest\/wp\/v2\/tags?post=162824"}],"curies":[{"name":"wp","href":"https:\/\/api.w.org\/{rel}","templated":true}]}}