{"id":162819,"date":"2025-10-13T20:26:35","date_gmt":"2025-10-13T20:26:35","guid":{"rendered":"https:\/\/www.nettali.com\/?p=162819"},"modified":"2025-10-14T07:09:12","modified_gmt":"2025-10-14T07:09:12","slug":"pjf-aliou-sall-et-son-epouse-places-sous-controle-judiciaire","status":"publish","type":"post","link":"https:\/\/www.nettali.com\/2025\/10\/13\/pjf-aliou-sall-et-son-epouse-places-sous-controle-judiciaire\/","title":{"rendered":"PJF  - Aliou Sall et son \u00e9pouse plac\u00e9s sous contr\u00f4le judiciaire"},"content":{"rendered":"<p><strong>NETTALI.COM - D\u00e9tenus depuis jeudi dernier dans le cadre d'une enqu\u00eate sur un rapport de la Centif, Aliou Sall et son \u00e9pouse ont pu \u00e9chapper au mandat de d\u00e9p\u00f4t. Les deux \u00e9poux ont \u00e9t\u00e9 plac\u00e9s sous contr\u00f4le judiciaire apr\u00e8s avoir consign\u00e9 la somme de 240 millions de francs Cfa.<\/strong><\/p>\n<p>Ouf de soulagement pour le couple Sall. Entre les mains des enqu\u00eateurs depuis jeudi dernier, l'ancien maire de la Ville de Gu\u00e9diawaye et son \u00e9pouse sont libres de rentrer chez eux. Le coll\u00e8ge des juges du Pool judiciaire financier (PJF) les a plac\u00e9s sous contr\u00f4le judiciaire ce lundi. Ce, apr\u00e8s la consignation de 240 millions de francs Cfa, un montant \u00e9quivalent \u00e0 l'objet du litige. Et m\u00eame s'ils restent inculp\u00e9s pour association de malfaiteurs, blanchiment de capitaux, corruption et trafic d'influence, Aliou Sall, fr\u00e8re de l'ex-chef de l\u2019Etat Macky Sall, et son \u00e9pouse peuvent se r\u00e9jouir d'avoir pu \u00e9viter le mandat de d\u00e9p\u00f4t.<\/p>\n<p>Arr\u00eat\u00e9s jeudi par la Division des investigations criminelles (DIC), les \u00e9poux Sall avaient \u00e9t\u00e9 d\u00e9f\u00e9r\u00e9s devant le juge du PJF vendredi. Et le principe d'une caution \u00e9tait d\u00e9j\u00e0 retenu. Mais la Caisse des d\u00e9p\u00f4ts et consignations ayant d\u00e9j\u00e0 ferm\u00e9 ses portes, il a fallu attendre ce lundi pour d\u00e9poser la caution.<\/p>\n<p>Aliou Sall et son \u00e9pouse sont propri\u00e9taires d'une Soci\u00e9t\u00e9 civile immobili\u00e8re (SCI) cit\u00e9e dans des transactions financi\u00e8res jug\u00e9es suspectes. Et tout serait parti d'un terrain vendu \u00e0 plusieurs centaines de millions de francs Cfa. D'o\u00f9 l'enqu\u00eate men\u00e9e par la Cellule nationale de traitement des informations financi\u00e8res (Centif) dont le rapport a abouti \u00e0 l'ouverture d'une enqu\u00eate par les juges du Pool judiciaire financier.<\/p>\n<div class='share-to-whatsapp-wrapper'><div class='share-on-whsp'>PARTAGER SUR : <\/div><a data-text='PJF  - Aliou Sall et son \u00e9pouse plac\u00e9s sous contr\u00f4le judiciaire' data-link='https:\/\/www.nettali.com\/2025\/10\/13\/pjf-aliou-sall-et-son-epouse-places-sous-controle-judiciaire\/' class='whatsapp-button whatsapp-share'>WhatsApp<\/a><div class='clear '><\/div><\/div>","protected":false},"excerpt":{"rendered":"<p>NETTALI.COM - D\u00e9tenus depuis jeudi dernier dans le cadre d'une enqu\u00eate sur un rapport de la Centif, Aliou Sall et son \u00e9pouse ont pu \u00e9chapper au mandat de d\u00e9p\u00f4t. Les deux \u00e9poux ont \u00e9t\u00e9 plac\u00e9s sous contr\u00f4le judiciaire apr\u00e8s avoir consign\u00e9 la somme de 240 millions de francs Cfa. Ouf de soulagement pour le couple [&hellip;]<\/p>\n","protected":false},"author":3,"featured_media":162821,"comment_status":"open","ping_status":"open","sticky":false,"template":"","format":"standard","meta":{"_et_pb_use_builder":"","_et_pb_old_content":""},"categories":[3],"tags":[],"yoast_head":"<!-- This site is optimized with the Yoast SEO Premium plugin v17.8 (Yoast SEO v17.8) - https:\/\/yoast.com\/wordpress\/plugins\/seo\/ -->\n<title>PJF - Aliou Sall et son \u00e9pouse plac\u00e9s sous contr\u00f4le judiciaire | Nettali.com<\/title>\n<meta name=\"robots\" content=\"index, follow, max-snippet:-1, max-image-preview:large, max-video-preview:-1\" \/>\n<link rel=\"canonical\" href=\"https:\/\/www.nettali.com\/2025\/10\/13\/pjf-aliou-sall-et-son-epouse-places-sous-controle-judiciaire\/\" \/>\n<meta property=\"og:locale\" content=\"fr_FR\" \/>\n<meta property=\"og:type\" content=\"article\" \/>\n<meta property=\"og:title\" content=\"PJF - Aliou Sall et son \u00e9pouse plac\u00e9s sous contr\u00f4le judiciaire\" \/>\n<meta property=\"og:description\" content=\"NETTALI.COM - D\u00e9tenus depuis jeudi dernier dans le cadre d&#039;une enqu\u00eate sur un rapport de la Centif, Aliou Sall et son \u00e9pouse ont pu \u00e9chapper au mandat de d\u00e9p\u00f4t. Les deux \u00e9poux ont \u00e9t\u00e9 plac\u00e9s sous contr\u00f4le judiciaire apr\u00e8s avoir consign\u00e9 la somme de 240 millions de francs Cfa. Ouf de soulagement pour le couple [&hellip;]\" \/>\n<meta property=\"og:url\" content=\"https:\/\/www.nettali.com\/2025\/10\/13\/pjf-aliou-sall-et-son-epouse-places-sous-controle-judiciaire\/\" \/>\n<meta property=\"og:site_name\" content=\"Nettali.com\" \/>\n<meta property=\"article:publisher\" content=\"https:\/\/www.facebook.com\/nettalicom\" \/>\n<meta property=\"article:published_time\" content=\"2025-10-13T20:26:35+00:00\" \/>\n<meta property=\"article:modified_time\" content=\"2025-10-14T07:09:12+00:00\" \/>\n<meta property=\"og:image\" content=\"https:\/\/www.nettali.com\/wp-content\/uploads\/2025\/10\/images-1-2.jpeg\" \/>\n\t<meta property=\"og:image:width\" content=\"561\" \/>\n\t<meta property=\"og:image:height\" content=\"356\" \/>\n<meta name=\"twitter:card\" content=\"summary_large_image\" \/>\n<meta name=\"twitter:label1\" content=\"\u00c9crit par\" \/>\n\t<meta name=\"twitter:data1\" content=\"Moustapha\" \/>\n\t<meta name=\"twitter:label2\" content=\"Dur\u00e9e de lecture estim\u00e9e\" \/>\n\t<meta name=\"twitter:data2\" content=\"2 minutes\" \/>\n<script type=\"application\/ld+json\" class=\"yoast-schema-graph\">{\"@context\":\"https:\/\/schema.org\",\"@graph\":[{\"@type\":\"WebSite\",\"@id\":\"https:\/\/www.nettali.com\/#website\",\"url\":\"https:\/\/www.nettali.com\/\",\"name\":\"Nettali.com\",\"description\":\"Le rendez-vous critique du Net\",\"potentialAction\":[{\"@type\":\"SearchAction\",\"target\":{\"@type\":\"EntryPoint\",\"urlTemplate\":\"https:\/\/www.nettali.com\/?s={search_term_string}\"},\"query-input\":\"required name=search_term_string\"}],\"inLanguage\":\"fr-FR\"},{\"@type\":\"ImageObject\",\"@id\":\"https:\/\/www.nettali.com\/2025\/10\/13\/pjf-aliou-sall-et-son-epouse-places-sous-controle-judiciaire\/#primaryimage\",\"inLanguage\":\"fr-FR\",\"url\":\"https:\/\/www.nettali.com\/wp-content\/uploads\/2025\/10\/images-1-2.jpeg\",\"contentUrl\":\"https:\/\/www.nettali.com\/wp-content\/uploads\/2025\/10\/images-1-2.jpeg\",\"width\":561,\"height\":356},{\"@type\":\"WebPage\",\"@id\":\"https:\/\/www.nettali.com\/2025\/10\/13\/pjf-aliou-sall-et-son-epouse-places-sous-controle-judiciaire\/#webpage\",\"url\":\"https:\/\/www.nettali.com\/2025\/10\/13\/pjf-aliou-sall-et-son-epouse-places-sous-controle-judiciaire\/\",\"name\":\"PJF - Aliou Sall et son \\u00e9pouse plac\\u00e9s sous contr\\u00f4le judiciaire | Nettali.com\",\"isPartOf\":{\"@id\":\"https:\/\/www.nettali.com\/#website\"},\"primaryImageOfPage\":{\"@id\":\"https:\/\/www.nettali.com\/2025\/10\/13\/pjf-aliou-sall-et-son-epouse-places-sous-controle-judiciaire\/#primaryimage\"},\"datePublished\":\"2025-10-13T20:26:35+00:00\",\"dateModified\":\"2025-10-14T07:09:12+00:00\",\"author\":{\"@id\":\"https:\/\/www.nettali.com\/#\/schema\/person\/7962a12a6e0267f88f0ffa544c36469a\"},\"breadcrumb\":{\"@id\":\"https:\/\/www.nettali.com\/2025\/10\/13\/pjf-aliou-sall-et-son-epouse-places-sous-controle-judiciaire\/#breadcrumb\"},\"inLanguage\":\"fr-FR\",\"potentialAction\":[{\"@type\":\"ReadAction\",\"target\":[\"https:\/\/www.nettali.com\/2025\/10\/13\/pjf-aliou-sall-et-son-epouse-places-sous-controle-judiciaire\/\"]}]},{\"@type\":\"BreadcrumbList\",\"@id\":\"https:\/\/www.nettali.com\/2025\/10\/13\/pjf-aliou-sall-et-son-epouse-places-sous-controle-judiciaire\/#breadcrumb\",\"itemListElement\":[{\"@type\":\"ListItem\",\"position\":1,\"name\":\"Accueil\",\"item\":\"https:\/\/www.nettali.com\/\"},{\"@type\":\"ListItem\",\"position\":2,\"name\":\"PJF - Aliou Sall et son \\u00e9pouse plac\\u00e9s sous contr\\u00f4le judiciaire\"}]},{\"@type\":\"Person\",\"@id\":\"https:\/\/www.nettali.com\/#\/schema\/person\/7962a12a6e0267f88f0ffa544c36469a\",\"name\":\"Moustapha\",\"image\":{\"@type\":\"ImageObject\",\"@id\":\"https:\/\/www.nettali.com\/#personlogo\",\"inLanguage\":\"fr-FR\",\"url\":\"https:\/\/secure.gravatar.com\/avatar\/10fdf6a071cccdcf374e3dbe45159590?s=96&d=mm&r=g\",\"contentUrl\":\"https:\/\/secure.gravatar.com\/avatar\/10fdf6a071cccdcf374e3dbe45159590?s=96&d=mm&r=g\",\"caption\":\"Moustapha\"},\"sameAs\":[\"https:\/\/www.nettali.com\"]}]}<\/script>\n<!-- \/ Yoast SEO Premium plugin. -->","yoast_head_json":{"title":"PJF - Aliou Sall et son \u00e9pouse plac\u00e9s sous contr\u00f4le judiciaire | Nettali.com","robots":{"index":"index","follow":"follow","max-snippet":"max-snippet:-1","max-image-preview":"max-image-preview:large","max-video-preview":"max-video-preview:-1"},"canonical":"https:\/\/www.nettali.com\/2025\/10\/13\/pjf-aliou-sall-et-son-epouse-places-sous-controle-judiciaire\/","og_locale":"fr_FR","og_type":"article","og_title":"PJF - Aliou Sall et son \u00e9pouse plac\u00e9s sous contr\u00f4le judiciaire","og_description":"NETTALI.COM - D\u00e9tenus depuis jeudi dernier dans le cadre d'une enqu\u00eate sur un rapport de la Centif, Aliou Sall et son \u00e9pouse ont pu \u00e9chapper au mandat de d\u00e9p\u00f4t. Les deux \u00e9poux ont \u00e9t\u00e9 plac\u00e9s sous contr\u00f4le judiciaire apr\u00e8s avoir consign\u00e9 la somme de 240 millions de francs Cfa. Ouf de soulagement pour le couple [&hellip;]","og_url":"https:\/\/www.nettali.com\/2025\/10\/13\/pjf-aliou-sall-et-son-epouse-places-sous-controle-judiciaire\/","og_site_name":"Nettali.com","article_publisher":"https:\/\/www.facebook.com\/nettalicom","article_published_time":"2025-10-13T20:26:35+00:00","article_modified_time":"2025-10-14T07:09:12+00:00","og_image":[{"width":561,"height":356,"url":"https:\/\/www.nettali.com\/wp-content\/uploads\/2025\/10\/images-1-2.jpeg","type":"image\/jpeg"}],"twitter_card":"summary_large_image","twitter_misc":{"\u00c9crit par":"Moustapha","Dur\u00e9e de lecture estim\u00e9e":"2 minutes"},"schema":{"@context":"https:\/\/schema.org","@graph":[{"@type":"WebSite","@id":"https:\/\/www.nettali.com\/#website","url":"https:\/\/www.nettali.com\/","name":"Nettali.com","description":"Le rendez-vous critique du Net","potentialAction":[{"@type":"SearchAction","target":{"@type":"EntryPoint","urlTemplate":"https:\/\/www.nettali.com\/?s={search_term_string}"},"query-input":"required name=search_term_string"}],"inLanguage":"fr-FR"},{"@type":"ImageObject","@id":"https:\/\/www.nettali.com\/2025\/10\/13\/pjf-aliou-sall-et-son-epouse-places-sous-controle-judiciaire\/#primaryimage","inLanguage":"fr-FR","url":"https:\/\/www.nettali.com\/wp-content\/uploads\/2025\/10\/images-1-2.jpeg","contentUrl":"https:\/\/www.nettali.com\/wp-content\/uploads\/2025\/10\/images-1-2.jpeg","width":561,"height":356},{"@type":"WebPage","@id":"https:\/\/www.nettali.com\/2025\/10\/13\/pjf-aliou-sall-et-son-epouse-places-sous-controle-judiciaire\/#webpage","url":"https:\/\/www.nettali.com\/2025\/10\/13\/pjf-aliou-sall-et-son-epouse-places-sous-controle-judiciaire\/","name":"PJF - Aliou Sall et son \u00e9pouse plac\u00e9s sous contr\u00f4le judiciaire | Nettali.com","isPartOf":{"@id":"https:\/\/www.nettali.com\/#website"},"primaryImageOfPage":{"@id":"https:\/\/www.nettali.com\/2025\/10\/13\/pjf-aliou-sall-et-son-epouse-places-sous-controle-judiciaire\/#primaryimage"},"datePublished":"2025-10-13T20:26:35+00:00","dateModified":"2025-10-14T07:09:12+00:00","author":{"@id":"https:\/\/www.nettali.com\/#\/schema\/person\/7962a12a6e0267f88f0ffa544c36469a"},"breadcrumb":{"@id":"https:\/\/www.nettali.com\/2025\/10\/13\/pjf-aliou-sall-et-son-epouse-places-sous-controle-judiciaire\/#breadcrumb"},"inLanguage":"fr-FR","potentialAction":[{"@type":"ReadAction","target":["https:\/\/www.nettali.com\/2025\/10\/13\/pjf-aliou-sall-et-son-epouse-places-sous-controle-judiciaire\/"]}]},{"@type":"BreadcrumbList","@id":"https:\/\/www.nettali.com\/2025\/10\/13\/pjf-aliou-sall-et-son-epouse-places-sous-controle-judiciaire\/#breadcrumb","itemListElement":[{"@type":"ListItem","position":1,"name":"Accueil","item":"https:\/\/www.nettali.com\/"},{"@type":"ListItem","position":2,"name":"PJF - Aliou Sall et son \u00e9pouse plac\u00e9s sous contr\u00f4le judiciaire"}]},{"@type":"Person","@id":"https:\/\/www.nettali.com\/#\/schema\/person\/7962a12a6e0267f88f0ffa544c36469a","name":"Moustapha","image":{"@type":"ImageObject","@id":"https:\/\/www.nettali.com\/#personlogo","inLanguage":"fr-FR","url":"https:\/\/secure.gravatar.com\/avatar\/10fdf6a071cccdcf374e3dbe45159590?s=96&d=mm&r=g","contentUrl":"https:\/\/secure.gravatar.com\/avatar\/10fdf6a071cccdcf374e3dbe45159590?s=96&d=mm&r=g","caption":"Moustapha"},"sameAs":["https:\/\/www.nettali.com"]}]}},"_links":{"self":[{"href":"https:\/\/www.nettali.com\/rest\/wp\/v2\/posts\/162819"}],"collection":[{"href":"https:\/\/www.nettali.com\/rest\/wp\/v2\/posts"}],"about":[{"href":"https:\/\/www.nettali.com\/rest\/wp\/v2\/types\/post"}],"author":[{"embeddable":true,"href":"https:\/\/www.nettali.com\/rest\/wp\/v2\/users\/3"}],"replies":[{"embeddable":true,"href":"https:\/\/www.nettali.com\/rest\/wp\/v2\/comments?post=162819"}],"version-history":[{"count":1,"href":"https:\/\/www.nettali.com\/rest\/wp\/v2\/posts\/162819\/revisions"}],"predecessor-version":[{"id":162820,"href":"https:\/\/www.nettali.com\/rest\/wp\/v2\/posts\/162819\/revisions\/162820"}],"wp:featuredmedia":[{"embeddable":true,"href":"https:\/\/www.nettali.com\/rest\/wp\/v2\/media\/162821"}],"wp:attachment":[{"href":"https:\/\/www.nettali.com\/rest\/wp\/v2\/media?parent=162819"}],"wp:term":[{"taxonomy":"category","embeddable":true,"href":"https:\/\/www.nettali.com\/rest\/wp\/v2\/categories?post=162819"},{"taxonomy":"post_tag","embeddable":true,"href":"https:\/\/www.nettali.com\/rest\/wp\/v2\/tags?post=162819"}],"curies":[{"name":"wp","href":"https:\/\/api.w.org\/{rel}","templated":true}]}}