{"id":162816,"date":"2025-10-13T19:47:09","date_gmt":"2025-10-13T19:47:09","guid":{"rendered":"https:\/\/www.nettali.com\/?p=162816"},"modified":"2025-10-13T19:47:09","modified_gmt":"2025-10-13T19:47:09","slug":"aissata-tall-sall-elue-premier-vice-president-du-reseau-des-parlementaires-sur-la-banque-mondiale-et-le-fmi","status":"publish","type":"post","link":"https:\/\/www.nettali.com\/2025\/10\/13\/aissata-tall-sall-elue-premier-vice-president-du-reseau-des-parlementaires-sur-la-banque-mondiale-et-le-fmi\/","title":{"rendered":"A\u00efssata Tall Sall \u00e9lue premier vice-pr\u00e9sident du R\u00e9seau des parlementaires sur la Banque mondiale et le FMI"},"content":{"rendered":"<p data-start=\"110\" data-end=\"225\"><strong>NETTALI.COM - \u00c0 l\u2019occasion de l\u2019ouverture des Rencontres annuelles du Fonds mon\u00e9taire international (FMI) et de la Banque mondiale, qui se tiennent du 13 au 18 octobre 2025 \u00e0 Washington D.C., le nouveau bureau du R\u00e9seau des parlementaires sur la Banque mondiale et le FMI (<em data-start=\"502\" data-end=\"553\">Parliaments Network on the World Bank and the IMF<\/em>) a \u00e9t\u00e9 officiellement install\u00e9.<\/strong><\/p>\n<p data-start=\"589\" data-end=\"839\">Cr\u00e9\u00e9 en 2000, ce r\u00e9seau regroupe pr\u00e8s de 2 000 parlementaires issus de plus de 140 pays, avec pour objectif de favoriser un dialogue critique sur les politiques \u00e9conomiques mondiales et leur impact, notamment dans les pays en d\u00e9veloppement.<\/p>\n<p data-start=\"841\" data-end=\"1196\">La d\u00e9put\u00e9e s\u00e9n\u00e9galaise A\u00efssata Tall Sall, ancienne ministre de la Justice, a \u00e9t\u00e9 \u00e9lue Premier Vice-Pr\u00e9sident du r\u00e9seau. Elle repr\u00e9sentera d\u00e9sormais la r\u00e9gion Afrique de l\u2019Ouest au sein du Conseil d\u2019administration, succ\u00e9dant \u00e0 une s\u00e9rie de personnalit\u00e9s engag\u00e9es pour la transparence et l\u2019\u00e9quit\u00e9 dans la gouvernance financi\u00e8re internationale.<\/p>\n<p data-start=\"1198\" data-end=\"1480\">Dans une d\u00e9claration, A\u00efssata Tall Sall a exprim\u00e9 sa \u00ab sinc\u00e8re gratitude \u00bb envers ses pairs pour cette \u00ab marque de confiance \u00bb, tout en affirmant sa volont\u00e9 de collaborer \u00e9troitement avec le nouveau pr\u00e9sident du r\u00e9seau, Sven Mikser (Estonie), \u00e9lu pour le mandat 2025-2027.<\/p>\n<p data-start=\"1482\" data-end=\"1865\">L\u2019ancienne ministre a assur\u00e9 qu\u2019elle mettra \u00e0 profit son exp\u00e9rience de juriste, administratrice et l\u00e9gislatrice pour contribuer \u00e0 une meilleure prise en compte des r\u00e9alit\u00e9s africaines dans les d\u00e9cisions du FMI et de la Banque mondiale. Elle a \u00e9galement promis de veiller \u00e0 une \u00e9valuation rigoureuse des politiques, projets et programmes mis en \u0153uvre avec les \u00c9tats membres.<\/p>\n<div class='share-to-whatsapp-wrapper'><div class='share-on-whsp'>PARTAGER SUR : <\/div><a data-text='A\u00efssata Tall Sall \u00e9lue premier vice-pr\u00e9sident du R\u00e9seau des parlementaires sur la Banque mondiale et le FMI' data-link='https:\/\/www.nettali.com\/2025\/10\/13\/aissata-tall-sall-elue-premier-vice-president-du-reseau-des-parlementaires-sur-la-banque-mondiale-et-le-fmi\/' class='whatsapp-button whatsapp-share'>WhatsApp<\/a><div class='clear '><\/div><\/div>","protected":false},"excerpt":{"rendered":"<p>NETTALI.COM - \u00c0 l\u2019occasion de l\u2019ouverture des Rencontres annuelles du Fonds mon\u00e9taire international (FMI) et de la Banque mondiale, qui se tiennent du 13 au 18 octobre 2025 \u00e0 Washington D.C., le nouveau bureau du R\u00e9seau des parlementaires sur la Banque mondiale et le FMI (Parliaments Network on the World Bank and the IMF) a [&hellip;]<\/p>\n","protected":false},"author":4,"featured_media":160238,"comment_status":"open","ping_status":"open","sticky":false,"template":"","format":"standard","meta":{"_et_pb_use_builder":"","_et_pb_old_content":""},"categories":[2],"tags":[],"yoast_head":"<!-- This site is optimized with the Yoast SEO Premium plugin v17.8 (Yoast SEO v17.8) - https:\/\/yoast.com\/wordpress\/plugins\/seo\/ -->\n<title>A\u00efssata Tall Sall \u00e9lue premier vice-pr\u00e9sident du R\u00e9seau des parlementaires sur la Banque mondiale et le FMI | Nettali.com<\/title>\n<meta name=\"robots\" content=\"index, follow, max-snippet:-1, max-image-preview:large, max-video-preview:-1\" \/>\n<link rel=\"canonical\" href=\"https:\/\/www.nettali.com\/2025\/10\/13\/aissata-tall-sall-elue-premier-vice-president-du-reseau-des-parlementaires-sur-la-banque-mondiale-et-le-fmi\/\" \/>\n<meta property=\"og:locale\" content=\"fr_FR\" \/>\n<meta property=\"og:type\" content=\"article\" \/>\n<meta property=\"og:title\" content=\"A\u00efssata Tall Sall \u00e9lue premier vice-pr\u00e9sident du R\u00e9seau des parlementaires sur la Banque mondiale et le FMI\" \/>\n<meta property=\"og:description\" content=\"NETTALI.COM - \u00c0 l\u2019occasion de l\u2019ouverture des Rencontres annuelles du Fonds mon\u00e9taire international (FMI) et de la Banque mondiale, qui se tiennent du 13 au 18 octobre 2025 \u00e0 Washington D.C., le nouveau bureau du R\u00e9seau des parlementaires sur la Banque mondiale et le FMI (Parliaments Network on the World Bank and the IMF) a [&hellip;]\" \/>\n<meta property=\"og:url\" content=\"https:\/\/www.nettali.com\/2025\/10\/13\/aissata-tall-sall-elue-premier-vice-president-du-reseau-des-parlementaires-sur-la-banque-mondiale-et-le-fmi\/\" \/>\n<meta property=\"og:site_name\" content=\"Nettali.com\" \/>\n<meta property=\"article:publisher\" content=\"https:\/\/www.facebook.com\/nettalicom\" \/>\n<meta property=\"article:published_time\" content=\"2025-10-13T19:47:09+00:00\" \/>\n<meta property=\"og:image\" content=\"https:\/\/www.nettali.com\/wp-content\/uploads\/2025\/08\/AISSATA-TALL-SALL-1.jpg\" \/>\n\t<meta property=\"og:image:width\" content=\"600\" \/>\n\t<meta property=\"og:image:height\" content=\"400\" \/>\n<meta name=\"twitter:card\" content=\"summary_large_image\" \/>\n<meta name=\"twitter:label1\" content=\"\u00c9crit par\" \/>\n\t<meta name=\"twitter:data1\" content=\"Daouda\" \/>\n\t<meta name=\"twitter:label2\" content=\"Dur\u00e9e de lecture estim\u00e9e\" \/>\n\t<meta name=\"twitter:data2\" content=\"1 minute\" \/>\n<script type=\"application\/ld+json\" class=\"yoast-schema-graph\">{\"@context\":\"https:\/\/schema.org\",\"@graph\":[{\"@type\":\"WebSite\",\"@id\":\"https:\/\/www.nettali.com\/#website\",\"url\":\"https:\/\/www.nettali.com\/\",\"name\":\"Nettali.com\",\"description\":\"Le rendez-vous critique du Net\",\"potentialAction\":[{\"@type\":\"SearchAction\",\"target\":{\"@type\":\"EntryPoint\",\"urlTemplate\":\"https:\/\/www.nettali.com\/?s={search_term_string}\"},\"query-input\":\"required name=search_term_string\"}],\"inLanguage\":\"fr-FR\"},{\"@type\":\"ImageObject\",\"@id\":\"https:\/\/www.nettali.com\/2025\/10\/13\/aissata-tall-sall-elue-premier-vice-president-du-reseau-des-parlementaires-sur-la-banque-mondiale-et-le-fmi\/#primaryimage\",\"inLanguage\":\"fr-FR\",\"url\":\"https:\/\/www.nettali.com\/wp-content\/uploads\/2025\/08\/AISSATA-TALL-SALL-1.jpg\",\"contentUrl\":\"https:\/\/www.nettali.com\/wp-content\/uploads\/2025\/08\/AISSATA-TALL-SALL-1.jpg\",\"width\":600,\"height\":400},{\"@type\":\"WebPage\",\"@id\":\"https:\/\/www.nettali.com\/2025\/10\/13\/aissata-tall-sall-elue-premier-vice-president-du-reseau-des-parlementaires-sur-la-banque-mondiale-et-le-fmi\/#webpage\",\"url\":\"https:\/\/www.nettali.com\/2025\/10\/13\/aissata-tall-sall-elue-premier-vice-president-du-reseau-des-parlementaires-sur-la-banque-mondiale-et-le-fmi\/\",\"name\":\"A\\u00efssata Tall Sall \\u00e9lue premier vice-pr\\u00e9sident du R\\u00e9seau des parlementaires sur la Banque mondiale et le FMI | Nettali.com\",\"isPartOf\":{\"@id\":\"https:\/\/www.nettali.com\/#website\"},\"primaryImageOfPage\":{\"@id\":\"https:\/\/www.nettali.com\/2025\/10\/13\/aissata-tall-sall-elue-premier-vice-president-du-reseau-des-parlementaires-sur-la-banque-mondiale-et-le-fmi\/#primaryimage\"},\"datePublished\":\"2025-10-13T19:47:09+00:00\",\"dateModified\":\"2025-10-13T19:47:09+00:00\",\"author\":{\"@id\":\"https:\/\/www.nettali.com\/#\/schema\/person\/3317e0bb3aa1da309fbf7b2780901bf4\"},\"breadcrumb\":{\"@id\":\"https:\/\/www.nettali.com\/2025\/10\/13\/aissata-tall-sall-elue-premier-vice-president-du-reseau-des-parlementaires-sur-la-banque-mondiale-et-le-fmi\/#breadcrumb\"},\"inLanguage\":\"fr-FR\",\"potentialAction\":[{\"@type\":\"ReadAction\",\"target\":[\"https:\/\/www.nettali.com\/2025\/10\/13\/aissata-tall-sall-elue-premier-vice-president-du-reseau-des-parlementaires-sur-la-banque-mondiale-et-le-fmi\/\"]}]},{\"@type\":\"BreadcrumbList\",\"@id\":\"https:\/\/www.nettali.com\/2025\/10\/13\/aissata-tall-sall-elue-premier-vice-president-du-reseau-des-parlementaires-sur-la-banque-mondiale-et-le-fmi\/#breadcrumb\",\"itemListElement\":[{\"@type\":\"ListItem\",\"position\":1,\"name\":\"Accueil\",\"item\":\"https:\/\/www.nettali.com\/\"},{\"@type\":\"ListItem\",\"position\":2,\"name\":\"A\\u00efssata Tall Sall \\u00e9lue premier vice-pr\\u00e9sident du R\\u00e9seau des parlementaires sur la Banque mondiale et le FMI\"}]},{\"@type\":\"Person\",\"@id\":\"https:\/\/www.nettali.com\/#\/schema\/person\/3317e0bb3aa1da309fbf7b2780901bf4\",\"name\":\"Daouda\",\"image\":{\"@type\":\"ImageObject\",\"@id\":\"https:\/\/www.nettali.com\/#personlogo\",\"inLanguage\":\"fr-FR\",\"url\":\"https:\/\/secure.gravatar.com\/avatar\/8d143b5a49345098ddcfee1c49c2f47c?s=96&d=mm&r=g\",\"contentUrl\":\"https:\/\/secure.gravatar.com\/avatar\/8d143b5a49345098ddcfee1c49c2f47c?s=96&d=mm&r=g\",\"caption\":\"Daouda\"},\"sameAs\":[\"https:\/\/www.nettali.com\"]}]}<\/script>\n<!-- \/ Yoast SEO Premium plugin. -->","yoast_head_json":{"title":"A\u00efssata Tall Sall \u00e9lue premier vice-pr\u00e9sident du R\u00e9seau des parlementaires sur la Banque mondiale et le FMI | Nettali.com","robots":{"index":"index","follow":"follow","max-snippet":"max-snippet:-1","max-image-preview":"max-image-preview:large","max-video-preview":"max-video-preview:-1"},"canonical":"https:\/\/www.nettali.com\/2025\/10\/13\/aissata-tall-sall-elue-premier-vice-president-du-reseau-des-parlementaires-sur-la-banque-mondiale-et-le-fmi\/","og_locale":"fr_FR","og_type":"article","og_title":"A\u00efssata Tall Sall \u00e9lue premier vice-pr\u00e9sident du R\u00e9seau des parlementaires sur la Banque mondiale et le FMI","og_description":"NETTALI.COM - \u00c0 l\u2019occasion de l\u2019ouverture des Rencontres annuelles du Fonds mon\u00e9taire international (FMI) et de la Banque mondiale, qui se tiennent du 13 au 18 octobre 2025 \u00e0 Washington D.C., le nouveau bureau du R\u00e9seau des parlementaires sur la Banque mondiale et le FMI (Parliaments Network on the World Bank and the IMF) a [&hellip;]","og_url":"https:\/\/www.nettali.com\/2025\/10\/13\/aissata-tall-sall-elue-premier-vice-president-du-reseau-des-parlementaires-sur-la-banque-mondiale-et-le-fmi\/","og_site_name":"Nettali.com","article_publisher":"https:\/\/www.facebook.com\/nettalicom","article_published_time":"2025-10-13T19:47:09+00:00","og_image":[{"width":600,"height":400,"url":"https:\/\/www.nettali.com\/wp-content\/uploads\/2025\/08\/AISSATA-TALL-SALL-1.jpg","type":"image\/jpeg"}],"twitter_card":"summary_large_image","twitter_misc":{"\u00c9crit par":"Daouda","Dur\u00e9e de lecture estim\u00e9e":"1 minute"},"schema":{"@context":"https:\/\/schema.org","@graph":[{"@type":"WebSite","@id":"https:\/\/www.nettali.com\/#website","url":"https:\/\/www.nettali.com\/","name":"Nettali.com","description":"Le rendez-vous critique du Net","potentialAction":[{"@type":"SearchAction","target":{"@type":"EntryPoint","urlTemplate":"https:\/\/www.nettali.com\/?s={search_term_string}"},"query-input":"required name=search_term_string"}],"inLanguage":"fr-FR"},{"@type":"ImageObject","@id":"https:\/\/www.nettali.com\/2025\/10\/13\/aissata-tall-sall-elue-premier-vice-president-du-reseau-des-parlementaires-sur-la-banque-mondiale-et-le-fmi\/#primaryimage","inLanguage":"fr-FR","url":"https:\/\/www.nettali.com\/wp-content\/uploads\/2025\/08\/AISSATA-TALL-SALL-1.jpg","contentUrl":"https:\/\/www.nettali.com\/wp-content\/uploads\/2025\/08\/AISSATA-TALL-SALL-1.jpg","width":600,"height":400},{"@type":"WebPage","@id":"https:\/\/www.nettali.com\/2025\/10\/13\/aissata-tall-sall-elue-premier-vice-president-du-reseau-des-parlementaires-sur-la-banque-mondiale-et-le-fmi\/#webpage","url":"https:\/\/www.nettali.com\/2025\/10\/13\/aissata-tall-sall-elue-premier-vice-president-du-reseau-des-parlementaires-sur-la-banque-mondiale-et-le-fmi\/","name":"A\u00efssata Tall Sall \u00e9lue premier vice-pr\u00e9sident du R\u00e9seau des parlementaires sur la Banque mondiale et le FMI | Nettali.com","isPartOf":{"@id":"https:\/\/www.nettali.com\/#website"},"primaryImageOfPage":{"@id":"https:\/\/www.nettali.com\/2025\/10\/13\/aissata-tall-sall-elue-premier-vice-president-du-reseau-des-parlementaires-sur-la-banque-mondiale-et-le-fmi\/#primaryimage"},"datePublished":"2025-10-13T19:47:09+00:00","dateModified":"2025-10-13T19:47:09+00:00","author":{"@id":"https:\/\/www.nettali.com\/#\/schema\/person\/3317e0bb3aa1da309fbf7b2780901bf4"},"breadcrumb":{"@id":"https:\/\/www.nettali.com\/2025\/10\/13\/aissata-tall-sall-elue-premier-vice-president-du-reseau-des-parlementaires-sur-la-banque-mondiale-et-le-fmi\/#breadcrumb"},"inLanguage":"fr-FR","potentialAction":[{"@type":"ReadAction","target":["https:\/\/www.nettali.com\/2025\/10\/13\/aissata-tall-sall-elue-premier-vice-president-du-reseau-des-parlementaires-sur-la-banque-mondiale-et-le-fmi\/"]}]},{"@type":"BreadcrumbList","@id":"https:\/\/www.nettali.com\/2025\/10\/13\/aissata-tall-sall-elue-premier-vice-president-du-reseau-des-parlementaires-sur-la-banque-mondiale-et-le-fmi\/#breadcrumb","itemListElement":[{"@type":"ListItem","position":1,"name":"Accueil","item":"https:\/\/www.nettali.com\/"},{"@type":"ListItem","position":2,"name":"A\u00efssata Tall Sall \u00e9lue premier vice-pr\u00e9sident du R\u00e9seau des parlementaires sur la Banque mondiale et le FMI"}]},{"@type":"Person","@id":"https:\/\/www.nettali.com\/#\/schema\/person\/3317e0bb3aa1da309fbf7b2780901bf4","name":"Daouda","image":{"@type":"ImageObject","@id":"https:\/\/www.nettali.com\/#personlogo","inLanguage":"fr-FR","url":"https:\/\/secure.gravatar.com\/avatar\/8d143b5a49345098ddcfee1c49c2f47c?s=96&d=mm&r=g","contentUrl":"https:\/\/secure.gravatar.com\/avatar\/8d143b5a49345098ddcfee1c49c2f47c?s=96&d=mm&r=g","caption":"Daouda"},"sameAs":["https:\/\/www.nettali.com"]}]}},"_links":{"self":[{"href":"https:\/\/www.nettali.com\/rest\/wp\/v2\/posts\/162816"}],"collection":[{"href":"https:\/\/www.nettali.com\/rest\/wp\/v2\/posts"}],"about":[{"href":"https:\/\/www.nettali.com\/rest\/wp\/v2\/types\/post"}],"author":[{"embeddable":true,"href":"https:\/\/www.nettali.com\/rest\/wp\/v2\/users\/4"}],"replies":[{"embeddable":true,"href":"https:\/\/www.nettali.com\/rest\/wp\/v2\/comments?post=162816"}],"version-history":[{"count":1,"href":"https:\/\/www.nettali.com\/rest\/wp\/v2\/posts\/162816\/revisions"}],"predecessor-version":[{"id":162817,"href":"https:\/\/www.nettali.com\/rest\/wp\/v2\/posts\/162816\/revisions\/162817"}],"wp:featuredmedia":[{"embeddable":true,"href":"https:\/\/www.nettali.com\/rest\/wp\/v2\/media\/160238"}],"wp:attachment":[{"href":"https:\/\/www.nettali.com\/rest\/wp\/v2\/media?parent=162816"}],"wp:term":[{"taxonomy":"category","embeddable":true,"href":"https:\/\/www.nettali.com\/rest\/wp\/v2\/categories?post=162816"},{"taxonomy":"post_tag","embeddable":true,"href":"https:\/\/www.nettali.com\/rest\/wp\/v2\/tags?post=162816"}],"curies":[{"name":"wp","href":"https:\/\/api.w.org\/{rel}","templated":true}]}}