{"id":162807,"date":"2025-10-13T18:56:46","date_gmt":"2025-10-13T18:56:46","guid":{"rendered":"https:\/\/www.nettali.com\/?p=162807"},"modified":"2025-10-15T06:57:21","modified_gmt":"2025-10-15T06:57:21","slug":"prison-de-la-sante-sarkozy-incarcere-a-partir-du-21-octobre","status":"publish","type":"post","link":"https:\/\/www.nettali.com\/2025\/10\/13\/prison-de-la-sante-sarkozy-incarcere-a-partir-du-21-octobre\/","title":{"rendered":"PRISON DE LA SANT\u00c9 - Sarkozy incarc\u00e9r\u00e9 \u00e0 partir du 21 octobre"},"content":{"rendered":"<p><strong>NETTALI.COM - Nicolas Sarkozy sera incarc\u00e9r\u00e9 \u00e0 compter du 21 octobre \u00e0 la prison de la Sant\u00e9 \u00e0 Paris, a appris lundi l'AFP de sources proches du dossier, suite \u00e0 sa convocation par le parquet national financier (PNF) au tribunal de Paris.<\/strong><\/p>\n<p>Contact\u00e9s par l'AFP, ni son avocat Christophe Ingrain, ni le PNF n'ont souhait\u00e9 s'exprimer sur la date et le lieu de l'incarc\u00e9ration de l'ex-pr\u00e9sident, une premi\u00e8re dans l'histoire de la R\u00e9publique fran\u00e7aise.<\/p>\n<p>En fin de journ\u00e9e, des sources proche du dossier ont cependant indiqu\u00e9 \u00e0 l'AFP que l'ex-pr\u00e9sident devrait se pr\u00e9senter le 21 octobre \u00e0 la prison de la Sant\u00e9 (14e arrondissement) pour y \u00eatre \u00e9crou\u00e9, confirmant une information de RTL.<\/p>\n<p>Convoqu\u00e9 par le PNF, M. Sarkozy est arriv\u00e9 au tribunal judiciaire de Paris vers 13H45 \u00e0 bord d'une voiture aux vitres fum\u00e9es, avant d'en repartir peu avant 14H30 sans faire de d\u00e9claration, ont constat\u00e9 des journalistes de l'AFP. Son entourage a ensuite entretenu un silence radio autour des modalit\u00e9s de son incarc\u00e9ration.<\/p>\n<p>La maison d'arr\u00eat de la Sant\u00e9 est une des deux seules en r\u00e9gion parisienne, avec Fleury-M\u00e9rogis (Essonne), \u00e0 disposer d'un \"quartier vuln\u00e9rable\" (QPV), o\u00f9 sont d\u00e9tenues les personnalit\u00e9s. Mais l'ex-pr\u00e9sident pourrait aussi y \u00eatre plac\u00e9 \u00e0 l'isolement pour assurer sa s\u00e9curit\u00e9.<\/p>\n<p>Le 25 septembre, le tribunal correctionnel de Paris a d\u00e9clar\u00e9 l'ancien chef de l'Etat coupable d'association de malfaiteurs pour avoir laiss\u00e9 ses plus proches collaborateurs d\u00e9marcher la Libye de Mouammar Kadhafi en vue d'un financement ill\u00e9gal de sa campagne pr\u00e9sidentielle victorieuse de 2007. Il l'a condamn\u00e9 \u00e0 cinq ans de prison ferme.<\/p>\n<p>Bien qu'ayant fait appel du jugement, Nicolas Sarkozy, 70 ans, va \u00eatre incarc\u00e9r\u00e9 en raison du mandat de d\u00e9p\u00f4t \u00e0 effet diff\u00e9r\u00e9 avec ex\u00e9cution provisoire prononc\u00e9 \u00e0 son encontre. Une mesure que le tribunal a justifi\u00e9 par l'\"exceptionnelle gravit\u00e9 des faits\", commis par un responsable politique aspirant alors \u00e0 la fonction supr\u00eame de la R\u00e9publique.<\/p>\n<p>Contrairement aux deux autres condamn\u00e9s avec mandat de d\u00e9p\u00f4t dans ce proc\u00e8s, l'interm\u00e9diaire Alexandre Djouhri et le banquier Wahib Nacer, Nicolas Sarkozy, qui a toujours r\u00e9pondu aux convocations de la justice, a b\u00e9n\u00e9fici\u00e9 d'un d\u00e9lai avant son incarc\u00e9ration pour prendre ses dispositions professionnelles.<\/p>\n<p>La mise sous \u00e9crou doit th\u00e9oriquement intervenir dans un d\u00e9lai de quatre mois \u00e0 compter de cette convocation mais Nicolas Sarkozy sera incarc\u00e9r\u00e9 dans un \"d\u00e9lai relativement proche\", avait indiqu\u00e9 \u00e0 l'AFP une source judiciaire au moment du jugement.<\/p>\n<p><strong>- Demande de mise en libert\u00e9 -<\/strong><\/p>\n<p>L'ancien champion de la droite va ainsi devenir le 21 octobre le premier ex-chef d'Etat d'un pays de l'Union europ\u00e9enne \u00e0 aller derri\u00e8re les barreaux.<\/p>\n<p>D\u00e8s son entr\u00e9e en prison, la d\u00e9fense de M. Sarkozy pourra d\u00e9poser une demande de mise en libert\u00e9 devant la cour d'appel. Celle-ci a un maximum de deux mois pour statuer sur cette demande. En cas de rejet, M. Sarkozy pourra d\u00e9poser de nouvelles demandes.<\/p>\n<p>Mercredi soir, selon le r\u00e9cit qu'en a fait le quotidien Le Figaro, il a r\u00e9uni une centaine d'ex-collaborateurs, dont l'actuel secr\u00e9taire g\u00e9n\u00e9ral de l'Elys\u00e9e Emmanuel Moulin, pour un \"verre d'adieu\".<\/p>\n<p>\"L'affaire Dreyfus a commenc\u00e9 avec un faux!\", leur a-t-il d\u00e9clar\u00e9, selon des propos rapport\u00e9s par le journal qui y assistait. \"+Le Comte de Monte-Cristo+ commence par un faux! A chaque fois, la v\u00e9rit\u00e9 finit toujours par triompher, ce n'est qu'une question de temps.\"<\/p>\n<p>Critiqu\u00e9e \u00e0 droite et \u00e0 l'extr\u00eame droite, l'incarc\u00e9ration de Nicolas Sarkozy avant son appel est estim\u00e9e \"juste\" par 61% des sond\u00e9s, contre 38% qui la trouvent \"injuste\", selon un sondage Elabe r\u00e9alis\u00e9 du 29 au 30 septembre.<\/p>\n<p>Les sept pr\u00e9venus condamn\u00e9s dans le proc\u00e8s libyen ont fait appel, de m\u00eame que le PNF. Le minist\u00e8re public a aussi fait appel de relaxes prononc\u00e9es par le tribunal de Paris, comme celle d'Eric Woerth, tr\u00e9sorier de la campagne de 2007.<\/p>\n<p>Un nouveau proc\u00e8s se tiendra donc au cours des prochains mois devant la cour d'appel de Paris.<\/p>\n<p>En premi\u00e8re instance, le tribunal a consid\u00e9r\u00e9 que des flux d'argent sont effectivement partis de Libye mais que la proc\u00e9dure ne d\u00e9montrait pas qu'ils \u00e9taient arriv\u00e9s dans les caisses de la campagne Sarkozy.<\/p>\n<div><strong>AFP<\/strong><\/div>\n<div class='share-to-whatsapp-wrapper'><div class='share-on-whsp'>PARTAGER SUR : <\/div><a data-text='PRISON DE LA SANT\u00c9 - Sarkozy incarc\u00e9r\u00e9 \u00e0 partir du 21 octobre' data-link='https:\/\/www.nettali.com\/2025\/10\/13\/prison-de-la-sante-sarkozy-incarcere-a-partir-du-21-octobre\/' class='whatsapp-button whatsapp-share'>WhatsApp<\/a><div class='clear '><\/div><\/div>","protected":false},"excerpt":{"rendered":"<p>NETTALI.COM - Nicolas Sarkozy sera incarc\u00e9r\u00e9 \u00e0 compter du 21 octobre \u00e0 la prison de la Sant\u00e9 \u00e0 Paris, a appris lundi l'AFP de sources proches du dossier, suite \u00e0 sa convocation par le parquet national financier (PNF) au tribunal de Paris. Contact\u00e9s par l'AFP, ni son avocat Christophe Ingrain, ni le PNF n'ont souhait\u00e9 [&hellip;]<\/p>\n","protected":false},"author":4,"featured_media":161865,"comment_status":"open","ping_status":"open","sticky":false,"template":"","format":"standard","meta":{"_et_pb_use_builder":"","_et_pb_old_content":""},"categories":[8],"tags":[],"yoast_head":"<!-- This site is optimized with the Yoast SEO Premium plugin v17.8 (Yoast SEO v17.8) - https:\/\/yoast.com\/wordpress\/plugins\/seo\/ -->\n<title>PRISON DE LA SANT\u00c9 - Sarkozy incarc\u00e9r\u00e9 \u00e0 partir du 21 octobre | Nettali.com<\/title>\n<meta name=\"robots\" content=\"index, follow, max-snippet:-1, max-image-preview:large, max-video-preview:-1\" \/>\n<link rel=\"canonical\" href=\"https:\/\/www.nettali.com\/2025\/10\/13\/prison-de-la-sante-sarkozy-incarcere-a-partir-du-21-octobre\/\" \/>\n<meta property=\"og:locale\" content=\"fr_FR\" \/>\n<meta property=\"og:type\" content=\"article\" \/>\n<meta property=\"og:title\" content=\"PRISON DE LA SANT\u00c9 - Sarkozy incarc\u00e9r\u00e9 \u00e0 partir du 21 octobre\" \/>\n<meta property=\"og:description\" content=\"NETTALI.COM - Nicolas Sarkozy sera incarc\u00e9r\u00e9 \u00e0 compter du 21 octobre \u00e0 la prison de la Sant\u00e9 \u00e0 Paris, a appris lundi l&#039;AFP de sources proches du dossier, suite \u00e0 sa convocation par le parquet national financier (PNF) au tribunal de Paris. Contact\u00e9s par l&#039;AFP, ni son avocat Christophe Ingrain, ni le PNF n&#039;ont souhait\u00e9 [&hellip;]\" \/>\n<meta property=\"og:url\" content=\"https:\/\/www.nettali.com\/2025\/10\/13\/prison-de-la-sante-sarkozy-incarcere-a-partir-du-21-octobre\/\" \/>\n<meta property=\"og:site_name\" content=\"Nettali.com\" \/>\n<meta property=\"article:publisher\" content=\"https:\/\/www.facebook.com\/nettalicom\" \/>\n<meta property=\"article:published_time\" content=\"2025-10-13T18:56:46+00:00\" \/>\n<meta property=\"article:modified_time\" content=\"2025-10-15T06:57:21+00:00\" \/>\n<meta property=\"og:image\" content=\"https:\/\/www.nettali.com\/wp-content\/uploads\/2025\/09\/2207785.jpg\" \/>\n\t<meta property=\"og:image:width\" content=\"836\" \/>\n\t<meta property=\"og:image:height\" content=\"559\" \/>\n<meta name=\"twitter:card\" content=\"summary_large_image\" \/>\n<meta name=\"twitter:label1\" content=\"\u00c9crit par\" \/>\n\t<meta name=\"twitter:data1\" content=\"Daouda\" \/>\n\t<meta name=\"twitter:label2\" content=\"Dur\u00e9e de lecture estim\u00e9e\" \/>\n\t<meta name=\"twitter:data2\" content=\"4 minutes\" \/>\n<script type=\"application\/ld+json\" class=\"yoast-schema-graph\">{\"@context\":\"https:\/\/schema.org\",\"@graph\":[{\"@type\":\"WebSite\",\"@id\":\"https:\/\/www.nettali.com\/#website\",\"url\":\"https:\/\/www.nettali.com\/\",\"name\":\"Nettali.com\",\"description\":\"Le rendez-vous critique du Net\",\"potentialAction\":[{\"@type\":\"SearchAction\",\"target\":{\"@type\":\"EntryPoint\",\"urlTemplate\":\"https:\/\/www.nettali.com\/?s={search_term_string}\"},\"query-input\":\"required name=search_term_string\"}],\"inLanguage\":\"fr-FR\"},{\"@type\":\"ImageObject\",\"@id\":\"https:\/\/www.nettali.com\/2025\/10\/13\/prison-de-la-sante-sarkozy-incarcere-a-partir-du-21-octobre\/#primaryimage\",\"inLanguage\":\"fr-FR\",\"url\":\"https:\/\/www.nettali.com\/wp-content\/uploads\/2025\/09\/2207785.jpg\",\"contentUrl\":\"https:\/\/www.nettali.com\/wp-content\/uploads\/2025\/09\/2207785.jpg\",\"width\":836,\"height\":559,\"caption\":\"Former French president Nicolas Sarkozy arrives for the verdict in his trial for illegal campaign financing from Libya for his successful 2007 presidential bid, at the Tribunal de Paris courthouse in Paris, on September 25, 2025. A Paris court is to issue its verdict on September 25, 2025 in the trial of former French president Nicolas Sarkozy and 11 co-defendants on charges of accepting illegal campaign financing from late Libyan dictator Moamer Kadhafi, with prosecutors demanding a seven-year prison sentence. The ruling is the latest in a string of legal hurdles for the right-wing ex-leader, 70, who denies the charges. Sarkozy, who was president from 2007 to 2012, has already been convicted in two separate cases and stripped of France's highest honour. (Photo by JULIEN DE ROSA \/ AFP)\"},{\"@type\":\"WebPage\",\"@id\":\"https:\/\/www.nettali.com\/2025\/10\/13\/prison-de-la-sante-sarkozy-incarcere-a-partir-du-21-octobre\/#webpage\",\"url\":\"https:\/\/www.nettali.com\/2025\/10\/13\/prison-de-la-sante-sarkozy-incarcere-a-partir-du-21-octobre\/\",\"name\":\"PRISON DE LA SANT\\u00c9 - Sarkozy incarc\\u00e9r\\u00e9 \\u00e0 partir du 21 octobre | Nettali.com\",\"isPartOf\":{\"@id\":\"https:\/\/www.nettali.com\/#website\"},\"primaryImageOfPage\":{\"@id\":\"https:\/\/www.nettali.com\/2025\/10\/13\/prison-de-la-sante-sarkozy-incarcere-a-partir-du-21-octobre\/#primaryimage\"},\"datePublished\":\"2025-10-13T18:56:46+00:00\",\"dateModified\":\"2025-10-15T06:57:21+00:00\",\"author\":{\"@id\":\"https:\/\/www.nettali.com\/#\/schema\/person\/3317e0bb3aa1da309fbf7b2780901bf4\"},\"breadcrumb\":{\"@id\":\"https:\/\/www.nettali.com\/2025\/10\/13\/prison-de-la-sante-sarkozy-incarcere-a-partir-du-21-octobre\/#breadcrumb\"},\"inLanguage\":\"fr-FR\",\"potentialAction\":[{\"@type\":\"ReadAction\",\"target\":[\"https:\/\/www.nettali.com\/2025\/10\/13\/prison-de-la-sante-sarkozy-incarcere-a-partir-du-21-octobre\/\"]}]},{\"@type\":\"BreadcrumbList\",\"@id\":\"https:\/\/www.nettali.com\/2025\/10\/13\/prison-de-la-sante-sarkozy-incarcere-a-partir-du-21-octobre\/#breadcrumb\",\"itemListElement\":[{\"@type\":\"ListItem\",\"position\":1,\"name\":\"Accueil\",\"item\":\"https:\/\/www.nettali.com\/\"},{\"@type\":\"ListItem\",\"position\":2,\"name\":\"PRISON DE LA SANT\\u00c9 - Sarkozy incarc\\u00e9r\\u00e9 \\u00e0 partir du 21 octobre\"}]},{\"@type\":\"Person\",\"@id\":\"https:\/\/www.nettali.com\/#\/schema\/person\/3317e0bb3aa1da309fbf7b2780901bf4\",\"name\":\"Daouda\",\"image\":{\"@type\":\"ImageObject\",\"@id\":\"https:\/\/www.nettali.com\/#personlogo\",\"inLanguage\":\"fr-FR\",\"url\":\"https:\/\/secure.gravatar.com\/avatar\/8d143b5a49345098ddcfee1c49c2f47c?s=96&d=mm&r=g\",\"contentUrl\":\"https:\/\/secure.gravatar.com\/avatar\/8d143b5a49345098ddcfee1c49c2f47c?s=96&d=mm&r=g\",\"caption\":\"Daouda\"},\"sameAs\":[\"https:\/\/www.nettali.com\"]}]}<\/script>\n<!-- \/ Yoast SEO Premium plugin. -->","yoast_head_json":{"title":"PRISON DE LA SANT\u00c9 - Sarkozy incarc\u00e9r\u00e9 \u00e0 partir du 21 octobre | Nettali.com","robots":{"index":"index","follow":"follow","max-snippet":"max-snippet:-1","max-image-preview":"max-image-preview:large","max-video-preview":"max-video-preview:-1"},"canonical":"https:\/\/www.nettali.com\/2025\/10\/13\/prison-de-la-sante-sarkozy-incarcere-a-partir-du-21-octobre\/","og_locale":"fr_FR","og_type":"article","og_title":"PRISON DE LA SANT\u00c9 - Sarkozy incarc\u00e9r\u00e9 \u00e0 partir du 21 octobre","og_description":"NETTALI.COM - Nicolas Sarkozy sera incarc\u00e9r\u00e9 \u00e0 compter du 21 octobre \u00e0 la prison de la Sant\u00e9 \u00e0 Paris, a appris lundi l'AFP de sources proches du dossier, suite \u00e0 sa convocation par le parquet national financier (PNF) au tribunal de Paris. Contact\u00e9s par l'AFP, ni son avocat Christophe Ingrain, ni le PNF n'ont souhait\u00e9 [&hellip;]","og_url":"https:\/\/www.nettali.com\/2025\/10\/13\/prison-de-la-sante-sarkozy-incarcere-a-partir-du-21-octobre\/","og_site_name":"Nettali.com","article_publisher":"https:\/\/www.facebook.com\/nettalicom","article_published_time":"2025-10-13T18:56:46+00:00","article_modified_time":"2025-10-15T06:57:21+00:00","og_image":[{"width":836,"height":559,"url":"https:\/\/www.nettali.com\/wp-content\/uploads\/2025\/09\/2207785.jpg","type":"image\/jpeg"}],"twitter_card":"summary_large_image","twitter_misc":{"\u00c9crit par":"Daouda","Dur\u00e9e de lecture estim\u00e9e":"4 minutes"},"schema":{"@context":"https:\/\/schema.org","@graph":[{"@type":"WebSite","@id":"https:\/\/www.nettali.com\/#website","url":"https:\/\/www.nettali.com\/","name":"Nettali.com","description":"Le rendez-vous critique du Net","potentialAction":[{"@type":"SearchAction","target":{"@type":"EntryPoint","urlTemplate":"https:\/\/www.nettali.com\/?s={search_term_string}"},"query-input":"required name=search_term_string"}],"inLanguage":"fr-FR"},{"@type":"ImageObject","@id":"https:\/\/www.nettali.com\/2025\/10\/13\/prison-de-la-sante-sarkozy-incarcere-a-partir-du-21-octobre\/#primaryimage","inLanguage":"fr-FR","url":"https:\/\/www.nettali.com\/wp-content\/uploads\/2025\/09\/2207785.jpg","contentUrl":"https:\/\/www.nettali.com\/wp-content\/uploads\/2025\/09\/2207785.jpg","width":836,"height":559,"caption":"Former French president Nicolas Sarkozy arrives for the verdict in his trial for illegal campaign financing from Libya for his successful 2007 presidential bid, at the Tribunal de Paris courthouse in Paris, on September 25, 2025. A Paris court is to issue its verdict on September 25, 2025 in the trial of former French president Nicolas Sarkozy and 11 co-defendants on charges of accepting illegal campaign financing from late Libyan dictator Moamer Kadhafi, with prosecutors demanding a seven-year prison sentence. The ruling is the latest in a string of legal hurdles for the right-wing ex-leader, 70, who denies the charges. Sarkozy, who was president from 2007 to 2012, has already been convicted in two separate cases and stripped of France's highest honour. (Photo by JULIEN DE ROSA \/ AFP)"},{"@type":"WebPage","@id":"https:\/\/www.nettali.com\/2025\/10\/13\/prison-de-la-sante-sarkozy-incarcere-a-partir-du-21-octobre\/#webpage","url":"https:\/\/www.nettali.com\/2025\/10\/13\/prison-de-la-sante-sarkozy-incarcere-a-partir-du-21-octobre\/","name":"PRISON DE LA SANT\u00c9 - Sarkozy incarc\u00e9r\u00e9 \u00e0 partir du 21 octobre | Nettali.com","isPartOf":{"@id":"https:\/\/www.nettali.com\/#website"},"primaryImageOfPage":{"@id":"https:\/\/www.nettali.com\/2025\/10\/13\/prison-de-la-sante-sarkozy-incarcere-a-partir-du-21-octobre\/#primaryimage"},"datePublished":"2025-10-13T18:56:46+00:00","dateModified":"2025-10-15T06:57:21+00:00","author":{"@id":"https:\/\/www.nettali.com\/#\/schema\/person\/3317e0bb3aa1da309fbf7b2780901bf4"},"breadcrumb":{"@id":"https:\/\/www.nettali.com\/2025\/10\/13\/prison-de-la-sante-sarkozy-incarcere-a-partir-du-21-octobre\/#breadcrumb"},"inLanguage":"fr-FR","potentialAction":[{"@type":"ReadAction","target":["https:\/\/www.nettali.com\/2025\/10\/13\/prison-de-la-sante-sarkozy-incarcere-a-partir-du-21-octobre\/"]}]},{"@type":"BreadcrumbList","@id":"https:\/\/www.nettali.com\/2025\/10\/13\/prison-de-la-sante-sarkozy-incarcere-a-partir-du-21-octobre\/#breadcrumb","itemListElement":[{"@type":"ListItem","position":1,"name":"Accueil","item":"https:\/\/www.nettali.com\/"},{"@type":"ListItem","position":2,"name":"PRISON DE LA SANT\u00c9 - Sarkozy incarc\u00e9r\u00e9 \u00e0 partir du 21 octobre"}]},{"@type":"Person","@id":"https:\/\/www.nettali.com\/#\/schema\/person\/3317e0bb3aa1da309fbf7b2780901bf4","name":"Daouda","image":{"@type":"ImageObject","@id":"https:\/\/www.nettali.com\/#personlogo","inLanguage":"fr-FR","url":"https:\/\/secure.gravatar.com\/avatar\/8d143b5a49345098ddcfee1c49c2f47c?s=96&d=mm&r=g","contentUrl":"https:\/\/secure.gravatar.com\/avatar\/8d143b5a49345098ddcfee1c49c2f47c?s=96&d=mm&r=g","caption":"Daouda"},"sameAs":["https:\/\/www.nettali.com"]}]}},"_links":{"self":[{"href":"https:\/\/www.nettali.com\/rest\/wp\/v2\/posts\/162807"}],"collection":[{"href":"https:\/\/www.nettali.com\/rest\/wp\/v2\/posts"}],"about":[{"href":"https:\/\/www.nettali.com\/rest\/wp\/v2\/types\/post"}],"author":[{"embeddable":true,"href":"https:\/\/www.nettali.com\/rest\/wp\/v2\/users\/4"}],"replies":[{"embeddable":true,"href":"https:\/\/www.nettali.com\/rest\/wp\/v2\/comments?post=162807"}],"version-history":[{"count":4,"href":"https:\/\/www.nettali.com\/rest\/wp\/v2\/posts\/162807\/revisions"}],"predecessor-version":[{"id":162842,"href":"https:\/\/www.nettali.com\/rest\/wp\/v2\/posts\/162807\/revisions\/162842"}],"wp:featuredmedia":[{"embeddable":true,"href":"https:\/\/www.nettali.com\/rest\/wp\/v2\/media\/161865"}],"wp:attachment":[{"href":"https:\/\/www.nettali.com\/rest\/wp\/v2\/media?parent=162807"}],"wp:term":[{"taxonomy":"category","embeddable":true,"href":"https:\/\/www.nettali.com\/rest\/wp\/v2\/categories?post=162807"},{"taxonomy":"post_tag","embeddable":true,"href":"https:\/\/www.nettali.com\/rest\/wp\/v2\/tags?post=162807"}],"curies":[{"name":"wp","href":"https:\/\/api.w.org\/{rel}","templated":true}]}}