{"id":162803,"date":"2025-10-13T18:02:38","date_gmt":"2025-10-13T18:02:38","guid":{"rendered":"https:\/\/www.nettali.com\/?p=162803"},"modified":"2025-10-14T07:10:03","modified_gmt":"2025-10-14T07:10:03","slug":"surete-urbaine-soya-diagne-place-en-garde-a-vue","status":"publish","type":"post","link":"https:\/\/www.nettali.com\/2025\/10\/13\/surete-urbaine-soya-diagne-place-en-garde-a-vue\/","title":{"rendered":"S\u00dbRET\u00c9 URBAINE  - Soya Diagne plac\u00e9 en garde \u00e0 vue"},"content":{"rendered":"<p><strong>NETTALI.COM - Soya Diagne va passer sa premi\u00e8re nuit dans les locaux du commissariat central de Dakar. Arr\u00eat\u00e9 samedi avant d'\u00eatre lib\u00e9r\u00e9 sur convocation, il a \u00e9t\u00e9 entendu ce lundi par la S\u00fbret\u00e9 urbaine. Celui qui est pr\u00e9sent\u00e9 comme patron de presse a \u00e9t\u00e9 plac\u00e9 en garde \u00e0 vue au terme de l'audition. Et les infractions retenues contre lui sont assez lourdes.<\/strong><\/p>\n<p>\"<em>Diffusion de fausses nouvelles, discours contraires aux bonnes m\u0153urs ou encore actes et man\u0153uvre de nature \u00e0 jeter le discr\u00e9dit sur les institutions<\/em>.\" Ce sont les infractions auxquelles Soya Diagne va devoir r\u00e9pondre. De sources polici\u00e8res, il vient d'\u00eatre plac\u00e9 en garde \u00e0 vue par les \u00e9l\u00e9ments de la S\u00fbret\u00e9 urbaine de Dakar. Le sieur Diagne, pr\u00e9sent\u00e9 comme un patron de presse, \u00e9tait face aux enqu\u00eateurs depuis ce matin. Samedi d\u00e9j\u00e0, les policiers du commissariat central de Dakar \u00e9taient all\u00e9s le cueillir dans un h\u00f4tel de la place avant de le lib\u00e9rer au bout d'une trentaine de minutes. Mais une convocation lui avait \u00e9te remise par les policiers. Ces derniers lui avaient demand\u00e9 de se pr\u00e9senter \u00e0 la S\u00fbret\u00e9 urbaine ce lundi. Ce qu'il a fait.<\/p>\n<p>C'est donc au terme de ce face-\u00e0-face qu'il a \u00e9t\u00e9 d\u00e9cid\u00e9 de le placer en garde \u00e0 vue. Selon nos sources, Soya Diagne n'a pas ni\u00e9 les publications qui lui sont attribu\u00e9es et qui justifient sa convocation. Il s'est juste content\u00e9 de dire que les publications en question n'\u00e9taient que de la fiction.<\/p>\n<p>Pour rappel, Soya Diagne a post\u00e9 sur sa page Facebook des publications accusant le pr\u00e9sident de l'Assembl\u00e9e nationale d'\u00eatre m\u00eal\u00e9 dans une affaire de m\u0153urs impliquant une ressortissante rwandaise. Si El Malick Ndiaye n'a pas encore jug\u00e9 n\u00e9cessaire de porter plainte, l'autorit\u00e9 judiciaire s'est, elle, charg\u00e9e de clarifier cette affaire dans laquelle d'autres noms sont cit\u00e9s.<\/p>\n<div class='share-to-whatsapp-wrapper'><div class='share-on-whsp'>PARTAGER SUR : <\/div><a data-text='S\u00dbRET\u00c9 URBAINE  - Soya Diagne plac\u00e9 en garde \u00e0 vue' data-link='https:\/\/www.nettali.com\/2025\/10\/13\/surete-urbaine-soya-diagne-place-en-garde-a-vue\/' class='whatsapp-button whatsapp-share'>WhatsApp<\/a><div class='clear '><\/div><\/div>","protected":false},"excerpt":{"rendered":"<p>NETTALI.COM - Soya Diagne va passer sa premi\u00e8re nuit dans les locaux du commissariat central de Dakar. Arr\u00eat\u00e9 samedi avant d'\u00eatre lib\u00e9r\u00e9 sur convocation, il a \u00e9t\u00e9 entendu ce lundi par la S\u00fbret\u00e9 urbaine. Celui qui est pr\u00e9sent\u00e9 comme patron de presse a \u00e9t\u00e9 plac\u00e9 en garde \u00e0 vue au terme de l'audition. Et les [&hellip;]<\/p>\n","protected":false},"author":3,"featured_media":162758,"comment_status":"open","ping_status":"open","sticky":false,"template":"","format":"standard","meta":{"_et_pb_use_builder":"","_et_pb_old_content":""},"categories":[3],"tags":[],"yoast_head":"<!-- This site is optimized with the Yoast SEO Premium plugin v17.8 (Yoast SEO v17.8) - https:\/\/yoast.com\/wordpress\/plugins\/seo\/ -->\n<title>S\u00dbRET\u00c9 URBAINE - Soya Diagne plac\u00e9 en garde \u00e0 vue | Nettali.com<\/title>\n<meta name=\"robots\" content=\"index, follow, max-snippet:-1, max-image-preview:large, max-video-preview:-1\" \/>\n<link rel=\"canonical\" href=\"https:\/\/www.nettali.com\/2025\/10\/13\/surete-urbaine-soya-diagne-place-en-garde-a-vue\/\" \/>\n<meta property=\"og:locale\" content=\"fr_FR\" \/>\n<meta property=\"og:type\" content=\"article\" \/>\n<meta property=\"og:title\" content=\"S\u00dbRET\u00c9 URBAINE - Soya Diagne plac\u00e9 en garde \u00e0 vue\" \/>\n<meta property=\"og:description\" content=\"NETTALI.COM - Soya Diagne va passer sa premi\u00e8re nuit dans les locaux du commissariat central de Dakar. Arr\u00eat\u00e9 samedi avant d&#039;\u00eatre lib\u00e9r\u00e9 sur convocation, il a \u00e9t\u00e9 entendu ce lundi par la S\u00fbret\u00e9 urbaine. Celui qui est pr\u00e9sent\u00e9 comme patron de presse a \u00e9t\u00e9 plac\u00e9 en garde \u00e0 vue au terme de l&#039;audition. Et les [&hellip;]\" \/>\n<meta property=\"og:url\" content=\"https:\/\/www.nettali.com\/2025\/10\/13\/surete-urbaine-soya-diagne-place-en-garde-a-vue\/\" \/>\n<meta property=\"og:site_name\" content=\"Nettali.com\" \/>\n<meta property=\"article:publisher\" content=\"https:\/\/www.facebook.com\/nettalicom\" \/>\n<meta property=\"article:published_time\" content=\"2025-10-13T18:02:38+00:00\" \/>\n<meta property=\"article:modified_time\" content=\"2025-10-14T07:10:03+00:00\" \/>\n<meta property=\"og:image\" content=\"https:\/\/www.nettali.com\/wp-content\/uploads\/2025\/10\/91700238-64394295.jpg\" \/>\n\t<meta property=\"og:image:width\" content=\"1654\" \/>\n\t<meta property=\"og:image:height\" content=\"1222\" \/>\n<meta name=\"twitter:card\" content=\"summary_large_image\" \/>\n<meta name=\"twitter:label1\" content=\"\u00c9crit par\" \/>\n\t<meta name=\"twitter:data1\" content=\"Moustapha\" \/>\n\t<meta name=\"twitter:label2\" content=\"Dur\u00e9e de lecture estim\u00e9e\" \/>\n\t<meta name=\"twitter:data2\" content=\"2 minutes\" \/>\n<script type=\"application\/ld+json\" class=\"yoast-schema-graph\">{\"@context\":\"https:\/\/schema.org\",\"@graph\":[{\"@type\":\"WebSite\",\"@id\":\"https:\/\/www.nettali.com\/#website\",\"url\":\"https:\/\/www.nettali.com\/\",\"name\":\"Nettali.com\",\"description\":\"Le rendez-vous critique du Net\",\"potentialAction\":[{\"@type\":\"SearchAction\",\"target\":{\"@type\":\"EntryPoint\",\"urlTemplate\":\"https:\/\/www.nettali.com\/?s={search_term_string}\"},\"query-input\":\"required name=search_term_string\"}],\"inLanguage\":\"fr-FR\"},{\"@type\":\"ImageObject\",\"@id\":\"https:\/\/www.nettali.com\/2025\/10\/13\/surete-urbaine-soya-diagne-place-en-garde-a-vue\/#primaryimage\",\"inLanguage\":\"fr-FR\",\"url\":\"https:\/\/www.nettali.com\/wp-content\/uploads\/2025\/10\/91700238-64394295.jpg\",\"contentUrl\":\"https:\/\/www.nettali.com\/wp-content\/uploads\/2025\/10\/91700238-64394295.jpg\",\"width\":1654,\"height\":1222},{\"@type\":\"WebPage\",\"@id\":\"https:\/\/www.nettali.com\/2025\/10\/13\/surete-urbaine-soya-diagne-place-en-garde-a-vue\/#webpage\",\"url\":\"https:\/\/www.nettali.com\/2025\/10\/13\/surete-urbaine-soya-diagne-place-en-garde-a-vue\/\",\"name\":\"S\\u00dbRET\\u00c9 URBAINE - Soya Diagne plac\\u00e9 en garde \\u00e0 vue | Nettali.com\",\"isPartOf\":{\"@id\":\"https:\/\/www.nettali.com\/#website\"},\"primaryImageOfPage\":{\"@id\":\"https:\/\/www.nettali.com\/2025\/10\/13\/surete-urbaine-soya-diagne-place-en-garde-a-vue\/#primaryimage\"},\"datePublished\":\"2025-10-13T18:02:38+00:00\",\"dateModified\":\"2025-10-14T07:10:03+00:00\",\"author\":{\"@id\":\"https:\/\/www.nettali.com\/#\/schema\/person\/7962a12a6e0267f88f0ffa544c36469a\"},\"breadcrumb\":{\"@id\":\"https:\/\/www.nettali.com\/2025\/10\/13\/surete-urbaine-soya-diagne-place-en-garde-a-vue\/#breadcrumb\"},\"inLanguage\":\"fr-FR\",\"potentialAction\":[{\"@type\":\"ReadAction\",\"target\":[\"https:\/\/www.nettali.com\/2025\/10\/13\/surete-urbaine-soya-diagne-place-en-garde-a-vue\/\"]}]},{\"@type\":\"BreadcrumbList\",\"@id\":\"https:\/\/www.nettali.com\/2025\/10\/13\/surete-urbaine-soya-diagne-place-en-garde-a-vue\/#breadcrumb\",\"itemListElement\":[{\"@type\":\"ListItem\",\"position\":1,\"name\":\"Accueil\",\"item\":\"https:\/\/www.nettali.com\/\"},{\"@type\":\"ListItem\",\"position\":2,\"name\":\"S\\u00dbRET\\u00c9 URBAINE - Soya Diagne plac\\u00e9 en garde \\u00e0 vue\"}]},{\"@type\":\"Person\",\"@id\":\"https:\/\/www.nettali.com\/#\/schema\/person\/7962a12a6e0267f88f0ffa544c36469a\",\"name\":\"Moustapha\",\"image\":{\"@type\":\"ImageObject\",\"@id\":\"https:\/\/www.nettali.com\/#personlogo\",\"inLanguage\":\"fr-FR\",\"url\":\"https:\/\/secure.gravatar.com\/avatar\/10fdf6a071cccdcf374e3dbe45159590?s=96&d=mm&r=g\",\"contentUrl\":\"https:\/\/secure.gravatar.com\/avatar\/10fdf6a071cccdcf374e3dbe45159590?s=96&d=mm&r=g\",\"caption\":\"Moustapha\"},\"sameAs\":[\"https:\/\/www.nettali.com\"]}]}<\/script>\n<!-- \/ Yoast SEO Premium plugin. -->","yoast_head_json":{"title":"S\u00dbRET\u00c9 URBAINE - Soya Diagne plac\u00e9 en garde \u00e0 vue | Nettali.com","robots":{"index":"index","follow":"follow","max-snippet":"max-snippet:-1","max-image-preview":"max-image-preview:large","max-video-preview":"max-video-preview:-1"},"canonical":"https:\/\/www.nettali.com\/2025\/10\/13\/surete-urbaine-soya-diagne-place-en-garde-a-vue\/","og_locale":"fr_FR","og_type":"article","og_title":"S\u00dbRET\u00c9 URBAINE - Soya Diagne plac\u00e9 en garde \u00e0 vue","og_description":"NETTALI.COM - Soya Diagne va passer sa premi\u00e8re nuit dans les locaux du commissariat central de Dakar. Arr\u00eat\u00e9 samedi avant d'\u00eatre lib\u00e9r\u00e9 sur convocation, il a \u00e9t\u00e9 entendu ce lundi par la S\u00fbret\u00e9 urbaine. Celui qui est pr\u00e9sent\u00e9 comme patron de presse a \u00e9t\u00e9 plac\u00e9 en garde \u00e0 vue au terme de l'audition. Et les [&hellip;]","og_url":"https:\/\/www.nettali.com\/2025\/10\/13\/surete-urbaine-soya-diagne-place-en-garde-a-vue\/","og_site_name":"Nettali.com","article_publisher":"https:\/\/www.facebook.com\/nettalicom","article_published_time":"2025-10-13T18:02:38+00:00","article_modified_time":"2025-10-14T07:10:03+00:00","og_image":[{"width":1654,"height":1222,"url":"https:\/\/www.nettali.com\/wp-content\/uploads\/2025\/10\/91700238-64394295.jpg","type":"image\/jpeg"}],"twitter_card":"summary_large_image","twitter_misc":{"\u00c9crit par":"Moustapha","Dur\u00e9e de lecture estim\u00e9e":"2 minutes"},"schema":{"@context":"https:\/\/schema.org","@graph":[{"@type":"WebSite","@id":"https:\/\/www.nettali.com\/#website","url":"https:\/\/www.nettali.com\/","name":"Nettali.com","description":"Le rendez-vous critique du Net","potentialAction":[{"@type":"SearchAction","target":{"@type":"EntryPoint","urlTemplate":"https:\/\/www.nettali.com\/?s={search_term_string}"},"query-input":"required name=search_term_string"}],"inLanguage":"fr-FR"},{"@type":"ImageObject","@id":"https:\/\/www.nettali.com\/2025\/10\/13\/surete-urbaine-soya-diagne-place-en-garde-a-vue\/#primaryimage","inLanguage":"fr-FR","url":"https:\/\/www.nettali.com\/wp-content\/uploads\/2025\/10\/91700238-64394295.jpg","contentUrl":"https:\/\/www.nettali.com\/wp-content\/uploads\/2025\/10\/91700238-64394295.jpg","width":1654,"height":1222},{"@type":"WebPage","@id":"https:\/\/www.nettali.com\/2025\/10\/13\/surete-urbaine-soya-diagne-place-en-garde-a-vue\/#webpage","url":"https:\/\/www.nettali.com\/2025\/10\/13\/surete-urbaine-soya-diagne-place-en-garde-a-vue\/","name":"S\u00dbRET\u00c9 URBAINE - Soya Diagne plac\u00e9 en garde \u00e0 vue | Nettali.com","isPartOf":{"@id":"https:\/\/www.nettali.com\/#website"},"primaryImageOfPage":{"@id":"https:\/\/www.nettali.com\/2025\/10\/13\/surete-urbaine-soya-diagne-place-en-garde-a-vue\/#primaryimage"},"datePublished":"2025-10-13T18:02:38+00:00","dateModified":"2025-10-14T07:10:03+00:00","author":{"@id":"https:\/\/www.nettali.com\/#\/schema\/person\/7962a12a6e0267f88f0ffa544c36469a"},"breadcrumb":{"@id":"https:\/\/www.nettali.com\/2025\/10\/13\/surete-urbaine-soya-diagne-place-en-garde-a-vue\/#breadcrumb"},"inLanguage":"fr-FR","potentialAction":[{"@type":"ReadAction","target":["https:\/\/www.nettali.com\/2025\/10\/13\/surete-urbaine-soya-diagne-place-en-garde-a-vue\/"]}]},{"@type":"BreadcrumbList","@id":"https:\/\/www.nettali.com\/2025\/10\/13\/surete-urbaine-soya-diagne-place-en-garde-a-vue\/#breadcrumb","itemListElement":[{"@type":"ListItem","position":1,"name":"Accueil","item":"https:\/\/www.nettali.com\/"},{"@type":"ListItem","position":2,"name":"S\u00dbRET\u00c9 URBAINE - Soya Diagne plac\u00e9 en garde \u00e0 vue"}]},{"@type":"Person","@id":"https:\/\/www.nettali.com\/#\/schema\/person\/7962a12a6e0267f88f0ffa544c36469a","name":"Moustapha","image":{"@type":"ImageObject","@id":"https:\/\/www.nettali.com\/#personlogo","inLanguage":"fr-FR","url":"https:\/\/secure.gravatar.com\/avatar\/10fdf6a071cccdcf374e3dbe45159590?s=96&d=mm&r=g","contentUrl":"https:\/\/secure.gravatar.com\/avatar\/10fdf6a071cccdcf374e3dbe45159590?s=96&d=mm&r=g","caption":"Moustapha"},"sameAs":["https:\/\/www.nettali.com"]}]}},"_links":{"self":[{"href":"https:\/\/www.nettali.com\/rest\/wp\/v2\/posts\/162803"}],"collection":[{"href":"https:\/\/www.nettali.com\/rest\/wp\/v2\/posts"}],"about":[{"href":"https:\/\/www.nettali.com\/rest\/wp\/v2\/types\/post"}],"author":[{"embeddable":true,"href":"https:\/\/www.nettali.com\/rest\/wp\/v2\/users\/3"}],"replies":[{"embeddable":true,"href":"https:\/\/www.nettali.com\/rest\/wp\/v2\/comments?post=162803"}],"version-history":[{"count":3,"href":"https:\/\/www.nettali.com\/rest\/wp\/v2\/posts\/162803\/revisions"}],"predecessor-version":[{"id":162806,"href":"https:\/\/www.nettali.com\/rest\/wp\/v2\/posts\/162803\/revisions\/162806"}],"wp:featuredmedia":[{"embeddable":true,"href":"https:\/\/www.nettali.com\/rest\/wp\/v2\/media\/162758"}],"wp:attachment":[{"href":"https:\/\/www.nettali.com\/rest\/wp\/v2\/media?parent=162803"}],"wp:term":[{"taxonomy":"category","embeddable":true,"href":"https:\/\/www.nettali.com\/rest\/wp\/v2\/categories?post=162803"},{"taxonomy":"post_tag","embeddable":true,"href":"https:\/\/www.nettali.com\/rest\/wp\/v2\/tags?post=162803"}],"curies":[{"name":"wp","href":"https:\/\/api.w.org\/{rel}","templated":true}]}}