{"id":162785,"date":"2025-10-13T09:11:46","date_gmt":"2025-10-13T09:11:46","guid":{"rendered":"https:\/\/www.nettali.com\/?p=162785"},"modified":"2025-10-13T19:42:44","modified_gmt":"2025-10-13T19:42:44","slug":"marie-rose-faye-porte-parole-du-gouvernement-ce-que-nous-vivons-aujourdhui-sapparente-davantage-a-un-acharnement-qua-une-evaluation-objective","status":"publish","type":"post","link":"https:\/\/www.nettali.com\/2025\/10\/13\/marie-rose-faye-porte-parole-du-gouvernement-ce-que-nous-vivons-aujourdhui-sapparente-davantage-a-un-acharnement-qua-une-evaluation-objective\/","title":{"rendered":"MARIE ROSE FAYE - PORTE PAROLE DU GOUVERNEMENT - \"Ce que nous vivons aujourd\u2019hui s\u2019apparente davantage \u00e0 un acharnement qu\u2019\u00e0 une \u00e9valuation objective...\""},"content":{"rendered":"<p><strong>NETTALI.COM - Invit\u00e9e de l\u2019\u00e9mission \"En V\u00e9rit\u00e9\", le dimanche 12 octobre, sur \"Radio S\u00e9n\u00e9gal International\", la toute nouvelle Secr\u00e9taire d\u2019Etat aupr\u00e8s du Premier Ministre, Charg\u00e9e des Relations avec les Institutions et porte-parole du gouvernement, Marie Rose Khady Fatou Faye, a donn\u00e9 la position du gouvernement sur les sujets \u00e9conomiques et politiques du moment, dans un contexte marqu\u00e9 par la r\u00e9vision de la notation financi\u00e8re du pays par l\u2019agence Moody\u2019s.\u00a0 Sur ce sujet pr\u00e9cis d'ailleurs, la porte parole du gouvernement a relay\u00e9 une position ferme et assum\u00e9e : la transparence pr\u00f4n\u00e9e par l\u2019\u00c9tat ne saurait \u00eatre assimil\u00e9e \u00e0 de la fragilit\u00e9.<\/strong><\/p>\n<p>La r\u00e9action de la porte-parole du gouvernement \u00e0 la derni\u00e8re \u00e9valuation de Moody\u2019s, ne s\u2019est pas faite attendre. Revenant en d\u00e9tail sur la d\u00e9cision de l\u2019agence de notation am\u00e9ricaine de d\u00e9grader la note souveraine du S\u00e9n\u00e9gal, elle a tenu \u00e0 nuancer les interpr\u00e9tations.<\/p>\n<p>\u00ab <em>Le gouvernement a pris l\u2019option de la clart\u00e9 et de la transparence avec l\u2019audit des finances publiques. Nous assumons ce choix, m\u00eame si certains peuvent y voir une sanction. Ce que nous vivons aujourd\u2019hui s\u2019apparente davantage \u00e0 un acharnement qu\u2019\u00e0 une \u00e9valuation objective<\/em> \u00bb, a-t-elle martel\u00e9.<\/p>\n<p>Selon elle, cette d\u00e9marche de v\u00e9rit\u00e9 dans la gestion budg\u00e9taire, ne doit pas \u00eatre per\u00e7ue comme un aveu de fragilit\u00e9, mais au contraire comme un engagement fort envers la bonne gouvernance, l\u2019assainissement et la responsabilit\u00e9.<\/p>\n<p><strong>Investissements : un signal de confiance internationale<\/strong><\/p>\n<p>Au-del\u00e0 de la notation financi\u00e8re, Marie Rose Faye a tenu \u00e0 rappeler les signes tangibles de la solidit\u00e9 \u00e9conomique du pays, citant notamment les r\u00e9sultats du r\u00e9cent Forum Invest S\u00e9n\u00e9gal. Organis\u00e9 \u00e0 Dakar, cet \u00e9v\u00e9nement a permis de mobiliser 13 000 milliards de francs CFA de promesses d'investissements, un record salu\u00e9 par les observateurs \u00e9conomiques.<\/p>\n<p>\u00ab <em>Ce succ\u00e8s est le fruit d\u2019une vision claire et d\u2019une stabilit\u00e9 politique affirm\u00e9e. Le S\u00e9n\u00e9gal reste un p\u00f4le d\u2019attractivit\u00e9 pour les investisseurs<\/em> \u00bb, a soulign\u00e9 la ministre. Ce montant, selon elle, traduit la confiance renouvel\u00e9e des partenaires internationaux, qui voient en le S\u00e9n\u00e9gal un environnement propice aux investissements structurants et durables.<\/p>\n<p><strong>Un cap assum\u00e9, une posture affirm\u00e9e<\/strong><\/p>\n<p>Pour Marie Rose Faye, le nouveau r\u00e9gime a r\u00e9affirm\u00e9 la ligne de conduite d\u2019un gouvernement r\u00e9solument tourn\u00e9 vers la transparence, malgr\u00e9 les critiques.<\/p>\n<p>C\u2019est une vision claire de l\u2019\u00c9tat qui se dessine : celle d\u2019un S\u00e9n\u00e9gal responsable, lucide sur ses d\u00e9fis, mais confiant en ses atouts.<\/p>\n<div class='share-to-whatsapp-wrapper'><div class='share-on-whsp'>PARTAGER SUR : <\/div><a data-text='MARIE ROSE FAYE - PORTE PAROLE DU GOUVERNEMENT - \"Ce que nous vivons aujourd\u2019hui s\u2019apparente davantage \u00e0 un acharnement qu\u2019\u00e0 une \u00e9valuation objective...\"' data-link='https:\/\/www.nettali.com\/2025\/10\/13\/marie-rose-faye-porte-parole-du-gouvernement-ce-que-nous-vivons-aujourdhui-sapparente-davantage-a-un-acharnement-qua-une-evaluation-objective\/' class='whatsapp-button whatsapp-share'>WhatsApp<\/a><div class='clear '><\/div><\/div>","protected":false},"excerpt":{"rendered":"<p>NETTALI.COM - Invit\u00e9e de l\u2019\u00e9mission \"En V\u00e9rit\u00e9\", le dimanche 12 octobre, sur \"Radio S\u00e9n\u00e9gal International\", la toute nouvelle Secr\u00e9taire d\u2019Etat aupr\u00e8s du Premier Ministre, Charg\u00e9e des Relations avec les Institutions et porte-parole du gouvernement, Marie Rose Khady Fatou Faye, a donn\u00e9 la position du gouvernement sur les sujets \u00e9conomiques et politiques du moment, dans un [&hellip;]<\/p>\n","protected":false},"author":2,"featured_media":162786,"comment_status":"open","ping_status":"open","sticky":false,"template":"","format":"standard","meta":{"_et_pb_use_builder":"","_et_pb_old_content":""},"categories":[2],"tags":[],"yoast_head":"<!-- This site is optimized with the Yoast SEO Premium plugin v17.8 (Yoast SEO v17.8) - https:\/\/yoast.com\/wordpress\/plugins\/seo\/ -->\n<title>MARIE ROSE FAYE - PORTE PAROLE DU GOUVERNEMENT - &quot;Ce que nous vivons aujourd\u2019hui s\u2019apparente davantage \u00e0 un acharnement qu\u2019\u00e0 une \u00e9valuation objective...&quot; | Nettali.com<\/title>\n<meta name=\"robots\" content=\"index, follow, max-snippet:-1, max-image-preview:large, max-video-preview:-1\" \/>\n<link rel=\"canonical\" href=\"https:\/\/www.nettali.com\/2025\/10\/13\/marie-rose-faye-porte-parole-du-gouvernement-ce-que-nous-vivons-aujourdhui-sapparente-davantage-a-un-acharnement-qua-une-evaluation-objective\/\" \/>\n<meta property=\"og:locale\" content=\"fr_FR\" \/>\n<meta property=\"og:type\" content=\"article\" \/>\n<meta property=\"og:title\" content=\"MARIE ROSE FAYE - PORTE PAROLE DU GOUVERNEMENT - &quot;Ce que nous vivons aujourd\u2019hui s\u2019apparente davantage \u00e0 un acharnement qu\u2019\u00e0 une \u00e9valuation objective...&quot;\" \/>\n<meta property=\"og:description\" content=\"NETTALI.COM - Invit\u00e9e de l\u2019\u00e9mission &quot;En V\u00e9rit\u00e9&quot;, le dimanche 12 octobre, sur &quot;Radio S\u00e9n\u00e9gal International&quot;, la toute nouvelle Secr\u00e9taire d\u2019Etat aupr\u00e8s du Premier Ministre, Charg\u00e9e des Relations avec les Institutions et porte-parole du gouvernement, Marie Rose Khady Fatou Faye, a donn\u00e9 la position du gouvernement sur les sujets \u00e9conomiques et politiques du moment, dans un [&hellip;]\" \/>\n<meta property=\"og:url\" content=\"https:\/\/www.nettali.com\/2025\/10\/13\/marie-rose-faye-porte-parole-du-gouvernement-ce-que-nous-vivons-aujourdhui-sapparente-davantage-a-un-acharnement-qua-une-evaluation-objective\/\" \/>\n<meta property=\"og:site_name\" content=\"Nettali.com\" \/>\n<meta property=\"article:publisher\" content=\"https:\/\/www.facebook.com\/nettalicom\" \/>\n<meta property=\"article:published_time\" content=\"2025-10-13T09:11:46+00:00\" \/>\n<meta property=\"article:modified_time\" content=\"2025-10-13T19:42:44+00:00\" \/>\n<meta property=\"og:image\" content=\"https:\/\/www.nettali.com\/wp-content\/uploads\/2025\/10\/WhatsApp-Image-2025-09-16-at-18.39.25.jpeg\" \/>\n\t<meta property=\"og:image:width\" content=\"1200\" \/>\n\t<meta property=\"og:image:height\" content=\"924\" \/>\n<meta name=\"twitter:card\" content=\"summary_large_image\" \/>\n<meta name=\"twitter:label1\" content=\"\u00c9crit par\" \/>\n\t<meta name=\"twitter:data1\" content=\"CK\" \/>\n\t<meta name=\"twitter:label2\" content=\"Dur\u00e9e de lecture estim\u00e9e\" \/>\n\t<meta name=\"twitter:data2\" content=\"2 minutes\" \/>\n<script type=\"application\/ld+json\" class=\"yoast-schema-graph\">{\"@context\":\"https:\/\/schema.org\",\"@graph\":[{\"@type\":\"WebSite\",\"@id\":\"https:\/\/www.nettali.com\/#website\",\"url\":\"https:\/\/www.nettali.com\/\",\"name\":\"Nettali.com\",\"description\":\"Le rendez-vous critique du Net\",\"potentialAction\":[{\"@type\":\"SearchAction\",\"target\":{\"@type\":\"EntryPoint\",\"urlTemplate\":\"https:\/\/www.nettali.com\/?s={search_term_string}\"},\"query-input\":\"required name=search_term_string\"}],\"inLanguage\":\"fr-FR\"},{\"@type\":\"ImageObject\",\"@id\":\"https:\/\/www.nettali.com\/2025\/10\/13\/marie-rose-faye-porte-parole-du-gouvernement-ce-que-nous-vivons-aujourdhui-sapparente-davantage-a-un-acharnement-qua-une-evaluation-objective\/#primaryimage\",\"inLanguage\":\"fr-FR\",\"url\":\"https:\/\/www.nettali.com\/wp-content\/uploads\/2025\/10\/WhatsApp-Image-2025-09-16-at-18.39.25.jpeg\",\"contentUrl\":\"https:\/\/www.nettali.com\/wp-content\/uploads\/2025\/10\/WhatsApp-Image-2025-09-16-at-18.39.25.jpeg\",\"width\":1200,\"height\":924},{\"@type\":\"WebPage\",\"@id\":\"https:\/\/www.nettali.com\/2025\/10\/13\/marie-rose-faye-porte-parole-du-gouvernement-ce-que-nous-vivons-aujourdhui-sapparente-davantage-a-un-acharnement-qua-une-evaluation-objective\/#webpage\",\"url\":\"https:\/\/www.nettali.com\/2025\/10\/13\/marie-rose-faye-porte-parole-du-gouvernement-ce-que-nous-vivons-aujourdhui-sapparente-davantage-a-un-acharnement-qua-une-evaluation-objective\/\",\"name\":\"MARIE ROSE FAYE - PORTE PAROLE DU GOUVERNEMENT - \\\"Ce que nous vivons aujourd\\u2019hui s\\u2019apparente davantage \\u00e0 un acharnement qu\\u2019\\u00e0 une \\u00e9valuation objective...\\\" | Nettali.com\",\"isPartOf\":{\"@id\":\"https:\/\/www.nettali.com\/#website\"},\"primaryImageOfPage\":{\"@id\":\"https:\/\/www.nettali.com\/2025\/10\/13\/marie-rose-faye-porte-parole-du-gouvernement-ce-que-nous-vivons-aujourdhui-sapparente-davantage-a-un-acharnement-qua-une-evaluation-objective\/#primaryimage\"},\"datePublished\":\"2025-10-13T09:11:46+00:00\",\"dateModified\":\"2025-10-13T19:42:44+00:00\",\"author\":{\"@id\":\"https:\/\/www.nettali.com\/#\/schema\/person\/d8ac7b7e27ddad43f1c0d2ef090d7f71\"},\"breadcrumb\":{\"@id\":\"https:\/\/www.nettali.com\/2025\/10\/13\/marie-rose-faye-porte-parole-du-gouvernement-ce-que-nous-vivons-aujourdhui-sapparente-davantage-a-un-acharnement-qua-une-evaluation-objective\/#breadcrumb\"},\"inLanguage\":\"fr-FR\",\"potentialAction\":[{\"@type\":\"ReadAction\",\"target\":[\"https:\/\/www.nettali.com\/2025\/10\/13\/marie-rose-faye-porte-parole-du-gouvernement-ce-que-nous-vivons-aujourdhui-sapparente-davantage-a-un-acharnement-qua-une-evaluation-objective\/\"]}]},{\"@type\":\"BreadcrumbList\",\"@id\":\"https:\/\/www.nettali.com\/2025\/10\/13\/marie-rose-faye-porte-parole-du-gouvernement-ce-que-nous-vivons-aujourdhui-sapparente-davantage-a-un-acharnement-qua-une-evaluation-objective\/#breadcrumb\",\"itemListElement\":[{\"@type\":\"ListItem\",\"position\":1,\"name\":\"Accueil\",\"item\":\"https:\/\/www.nettali.com\/\"},{\"@type\":\"ListItem\",\"position\":2,\"name\":\"MARIE ROSE FAYE - PORTE PAROLE DU GOUVERNEMENT - \\\"Ce que nous vivons aujourd\\u2019hui s\\u2019apparente davantage \\u00e0 un acharnement qu\\u2019\\u00e0 une \\u00e9valuation objective...\\\"\"}]},{\"@type\":\"Person\",\"@id\":\"https:\/\/www.nettali.com\/#\/schema\/person\/d8ac7b7e27ddad43f1c0d2ef090d7f71\",\"name\":\"CK\",\"image\":{\"@type\":\"ImageObject\",\"@id\":\"https:\/\/www.nettali.com\/#personlogo\",\"inLanguage\":\"fr-FR\",\"url\":\"https:\/\/secure.gravatar.com\/avatar\/1d8d5118b9327d94da7cd4ce7f17fec2?s=96&d=mm&r=g\",\"contentUrl\":\"https:\/\/secure.gravatar.com\/avatar\/1d8d5118b9327d94da7cd4ce7f17fec2?s=96&d=mm&r=g\",\"caption\":\"CK\"},\"sameAs\":[\"https:\/\/www.nettali.com\"]}]}<\/script>\n<!-- \/ Yoast SEO Premium plugin. -->","yoast_head_json":{"title":"MARIE ROSE FAYE - PORTE PAROLE DU GOUVERNEMENT - \"Ce que nous vivons aujourd\u2019hui s\u2019apparente davantage \u00e0 un acharnement qu\u2019\u00e0 une \u00e9valuation objective...\" | Nettali.com","robots":{"index":"index","follow":"follow","max-snippet":"max-snippet:-1","max-image-preview":"max-image-preview:large","max-video-preview":"max-video-preview:-1"},"canonical":"https:\/\/www.nettali.com\/2025\/10\/13\/marie-rose-faye-porte-parole-du-gouvernement-ce-que-nous-vivons-aujourdhui-sapparente-davantage-a-un-acharnement-qua-une-evaluation-objective\/","og_locale":"fr_FR","og_type":"article","og_title":"MARIE ROSE FAYE - PORTE PAROLE DU GOUVERNEMENT - \"Ce que nous vivons aujourd\u2019hui s\u2019apparente davantage \u00e0 un acharnement qu\u2019\u00e0 une \u00e9valuation objective...\"","og_description":"NETTALI.COM - Invit\u00e9e de l\u2019\u00e9mission \"En V\u00e9rit\u00e9\", le dimanche 12 octobre, sur \"Radio S\u00e9n\u00e9gal International\", la toute nouvelle Secr\u00e9taire d\u2019Etat aupr\u00e8s du Premier Ministre, Charg\u00e9e des Relations avec les Institutions et porte-parole du gouvernement, Marie Rose Khady Fatou Faye, a donn\u00e9 la position du gouvernement sur les sujets \u00e9conomiques et politiques du moment, dans un [&hellip;]","og_url":"https:\/\/www.nettali.com\/2025\/10\/13\/marie-rose-faye-porte-parole-du-gouvernement-ce-que-nous-vivons-aujourdhui-sapparente-davantage-a-un-acharnement-qua-une-evaluation-objective\/","og_site_name":"Nettali.com","article_publisher":"https:\/\/www.facebook.com\/nettalicom","article_published_time":"2025-10-13T09:11:46+00:00","article_modified_time":"2025-10-13T19:42:44+00:00","og_image":[{"width":1200,"height":924,"url":"https:\/\/www.nettali.com\/wp-content\/uploads\/2025\/10\/WhatsApp-Image-2025-09-16-at-18.39.25.jpeg","type":"image\/jpeg"}],"twitter_card":"summary_large_image","twitter_misc":{"\u00c9crit par":"CK","Dur\u00e9e de lecture estim\u00e9e":"2 minutes"},"schema":{"@context":"https:\/\/schema.org","@graph":[{"@type":"WebSite","@id":"https:\/\/www.nettali.com\/#website","url":"https:\/\/www.nettali.com\/","name":"Nettali.com","description":"Le rendez-vous critique du Net","potentialAction":[{"@type":"SearchAction","target":{"@type":"EntryPoint","urlTemplate":"https:\/\/www.nettali.com\/?s={search_term_string}"},"query-input":"required name=search_term_string"}],"inLanguage":"fr-FR"},{"@type":"ImageObject","@id":"https:\/\/www.nettali.com\/2025\/10\/13\/marie-rose-faye-porte-parole-du-gouvernement-ce-que-nous-vivons-aujourdhui-sapparente-davantage-a-un-acharnement-qua-une-evaluation-objective\/#primaryimage","inLanguage":"fr-FR","url":"https:\/\/www.nettali.com\/wp-content\/uploads\/2025\/10\/WhatsApp-Image-2025-09-16-at-18.39.25.jpeg","contentUrl":"https:\/\/www.nettali.com\/wp-content\/uploads\/2025\/10\/WhatsApp-Image-2025-09-16-at-18.39.25.jpeg","width":1200,"height":924},{"@type":"WebPage","@id":"https:\/\/www.nettali.com\/2025\/10\/13\/marie-rose-faye-porte-parole-du-gouvernement-ce-que-nous-vivons-aujourdhui-sapparente-davantage-a-un-acharnement-qua-une-evaluation-objective\/#webpage","url":"https:\/\/www.nettali.com\/2025\/10\/13\/marie-rose-faye-porte-parole-du-gouvernement-ce-que-nous-vivons-aujourdhui-sapparente-davantage-a-un-acharnement-qua-une-evaluation-objective\/","name":"MARIE ROSE FAYE - PORTE PAROLE DU GOUVERNEMENT - \"Ce que nous vivons aujourd\u2019hui s\u2019apparente davantage \u00e0 un acharnement qu\u2019\u00e0 une \u00e9valuation objective...\" | Nettali.com","isPartOf":{"@id":"https:\/\/www.nettali.com\/#website"},"primaryImageOfPage":{"@id":"https:\/\/www.nettali.com\/2025\/10\/13\/marie-rose-faye-porte-parole-du-gouvernement-ce-que-nous-vivons-aujourdhui-sapparente-davantage-a-un-acharnement-qua-une-evaluation-objective\/#primaryimage"},"datePublished":"2025-10-13T09:11:46+00:00","dateModified":"2025-10-13T19:42:44+00:00","author":{"@id":"https:\/\/www.nettali.com\/#\/schema\/person\/d8ac7b7e27ddad43f1c0d2ef090d7f71"},"breadcrumb":{"@id":"https:\/\/www.nettali.com\/2025\/10\/13\/marie-rose-faye-porte-parole-du-gouvernement-ce-que-nous-vivons-aujourdhui-sapparente-davantage-a-un-acharnement-qua-une-evaluation-objective\/#breadcrumb"},"inLanguage":"fr-FR","potentialAction":[{"@type":"ReadAction","target":["https:\/\/www.nettali.com\/2025\/10\/13\/marie-rose-faye-porte-parole-du-gouvernement-ce-que-nous-vivons-aujourdhui-sapparente-davantage-a-un-acharnement-qua-une-evaluation-objective\/"]}]},{"@type":"BreadcrumbList","@id":"https:\/\/www.nettali.com\/2025\/10\/13\/marie-rose-faye-porte-parole-du-gouvernement-ce-que-nous-vivons-aujourdhui-sapparente-davantage-a-un-acharnement-qua-une-evaluation-objective\/#breadcrumb","itemListElement":[{"@type":"ListItem","position":1,"name":"Accueil","item":"https:\/\/www.nettali.com\/"},{"@type":"ListItem","position":2,"name":"MARIE ROSE FAYE - PORTE PAROLE DU GOUVERNEMENT - \"Ce que nous vivons aujourd\u2019hui s\u2019apparente davantage \u00e0 un acharnement qu\u2019\u00e0 une \u00e9valuation objective...\""}]},{"@type":"Person","@id":"https:\/\/www.nettali.com\/#\/schema\/person\/d8ac7b7e27ddad43f1c0d2ef090d7f71","name":"CK","image":{"@type":"ImageObject","@id":"https:\/\/www.nettali.com\/#personlogo","inLanguage":"fr-FR","url":"https:\/\/secure.gravatar.com\/avatar\/1d8d5118b9327d94da7cd4ce7f17fec2?s=96&d=mm&r=g","contentUrl":"https:\/\/secure.gravatar.com\/avatar\/1d8d5118b9327d94da7cd4ce7f17fec2?s=96&d=mm&r=g","caption":"CK"},"sameAs":["https:\/\/www.nettali.com"]}]}},"_links":{"self":[{"href":"https:\/\/www.nettali.com\/rest\/wp\/v2\/posts\/162785"}],"collection":[{"href":"https:\/\/www.nettali.com\/rest\/wp\/v2\/posts"}],"about":[{"href":"https:\/\/www.nettali.com\/rest\/wp\/v2\/types\/post"}],"author":[{"embeddable":true,"href":"https:\/\/www.nettali.com\/rest\/wp\/v2\/users\/2"}],"replies":[{"embeddable":true,"href":"https:\/\/www.nettali.com\/rest\/wp\/v2\/comments?post=162785"}],"version-history":[{"count":1,"href":"https:\/\/www.nettali.com\/rest\/wp\/v2\/posts\/162785\/revisions"}],"predecessor-version":[{"id":162787,"href":"https:\/\/www.nettali.com\/rest\/wp\/v2\/posts\/162785\/revisions\/162787"}],"wp:featuredmedia":[{"embeddable":true,"href":"https:\/\/www.nettali.com\/rest\/wp\/v2\/media\/162786"}],"wp:attachment":[{"href":"https:\/\/www.nettali.com\/rest\/wp\/v2\/media?parent=162785"}],"wp:term":[{"taxonomy":"category","embeddable":true,"href":"https:\/\/www.nettali.com\/rest\/wp\/v2\/categories?post=162785"},{"taxonomy":"post_tag","embeddable":true,"href":"https:\/\/www.nettali.com\/rest\/wp\/v2\/tags?post=162785"}],"curies":[{"name":"wp","href":"https:\/\/api.w.org\/{rel}","templated":true}]}}