{"id":162780,"date":"2025-10-13T08:47:49","date_gmt":"2025-10-13T08:47:49","guid":{"rendered":"https:\/\/www.nettali.com\/?p=162780"},"modified":"2025-10-13T19:41:43","modified_gmt":"2025-10-13T19:41:43","slug":"samba-sy-sur-la-degradation-de-la-note-du-senegal-une-reaction-denervement-une-reaction-qui-melange-a-la-fois-le-deni-de-realite-et-le-deficit-de-lucidite","status":"publish","type":"post","link":"https:\/\/www.nettali.com\/2025\/10\/13\/samba-sy-sur-la-degradation-de-la-note-du-senegal-une-reaction-denervement-une-reaction-qui-melange-a-la-fois-le-deni-de-realite-et-le-deficit-de-lucidite\/","title":{"rendered":"SAMBA SY SUR LA DEGRADATION DE LA NOTE DU SENEGAL - \"Une r\u00e9action d\u2019\u00e9nervement, une r\u00e9action qui m\u00e9lange \u00e0 la fois le d\u00e9ni de r\u00e9alit\u00e9 et le d\u00e9ficit de lucidit\u00e9\""},"content":{"rendered":"<p><strong>NETTALI.COM -<\/strong> Interrog\u00e9 par Omar Gningue, sur la r\u00e9cente d\u00e9gradation de la note souveraine du S\u00e9n\u00e9gal, le dimanche 12 octobre sur la RTS, Samba Sy estime que \u00ab <em>ce qui est assez remarquable, c\u2019est la r\u00e9action du gouvernement. Une r\u00e9action d\u2019\u00e9nervement, une r\u00e9action qui m\u00e9lange \u00e0 la fois le d\u00e9ni de r\u00e9alit\u00e9 et le d\u00e9ficit de lucidit\u00e9.<\/em> \u00bb Le coordonnateur du FDR \u00e9tablit un parall\u00e8le : \u00ab <em>quelqu\u2019un a parl\u00e9 de mani\u00e8re absolument juste, ce monsieur-l\u00e0, qui non-content de ce que le thermom\u00e8tre lui indiquait, a cass\u00e9 le thermom\u00e8tre plut\u00f4t que d\u2019essayer de soigner sa fi\u00e8vre.<\/em> \u00bb<\/p>\n<p>Pour l\u2019ancien ministre du Travail, la premi\u00e8re \u00e9tape vers une solution consiste \u00e0 \u00ab poser correctement et reconna\u00eetre \u00bb le probl\u00e8me.<\/p>\n<p><strong>\u00ab Le pays ne fonctionne pas \u00bb<\/strong><\/p>\n<p>Face aux arguments sur les efforts du gouvernement, notamment les 13 000 milliards d\u2019engagements de financement annonc\u00e9s lors du r\u00e9cent forum de Dakar, Samba Sy oppose une vision plus sombre de la r\u00e9alit\u00e9 \u00e9conomique.<\/p>\n<p>\u00ab I<em>l y a des annonces, il y a beaucoup d\u2019agitation, il y a de la sp\u00e9culation. Mais quelle est la r\u00e9alit\u00e9 ? Notre pays est \u00e0 l\u2019arr\u00eat. C\u2019est \u00e7a la v\u00e9rit\u00e9<\/em> \u00bb, affirme-t-il. L\u2019opposant relate une sollicitation r\u00e9cente : \u00ab <em>L\u2019ancien ministre du Travail que je suis a \u00e9t\u00e9 saisi dans les jours pass\u00e9s par un op\u00e9rateur \u00e9conomique qui me dit : la situation est telle qu\u2019objectivement \u00e0 la fin de l\u2019ann\u00e9e, je dois essayer de faire face \u00e0 un d\u00e9graissage.<\/em> \u00bb Il poursuit : \u00ab Les chantiers sont arr\u00eat\u00e9s. Cette tour-l\u00e0 (ndlr : la tour de la RTS) qui avait commenc\u00e9, qui sortait majestueusement de terre, est \u00e0 l\u2019arr\u00eat depuis combien de temps ? Il en est ainsi \u00e0 l\u2019\u00e9chelle du pays. L\u2019adage le dit, quand le b\u00e2timent va, tout va. \u00c0 rebours, quand le b\u00e2timent ne va pas, tout s\u2019arr\u00eate. \u00bb<\/p>\n<p><strong>Un appel au changement de cap<\/strong><\/p>\n<p>Samba Sy reconna\u00eet qu\u2019il aurait \u00ab aim\u00e9 que mon pays en soit \u00e0 un autre niveau \u00bb et \u00ab <em>voulu que les pas qui ont \u00e9t\u00e9 franchis ces derni\u00e8res ann\u00e9es, du fait du r\u00e9gime auquel j\u2019ai appartenu, soient confort\u00e9s.<\/em> \u00bb Mais il estime que \u00ab <em>la voie engag\u00e9e et prise, qui est une voie populiste, c\u2019est une voie sans issue. Une voie de r\u00e9clame, une voie de d\u00e9fiance, o\u00f9 tout le monde y passe, c\u2019est une voie sans issue.<\/em> \u00bb<\/p>\n<p>Sa prescription est claire : \u00ab i<em>l faut changer carr\u00e9ment de cap. Quand vous \u00eates responsable du destin de dizaines de millions de gens, vous devez avoir conscience que la gestion d\u2019un \u00c9tat impose beaucoup de sens de responsabilit\u00e9.<\/em> \u00bb Le secr\u00e9taire g\u00e9n\u00e9ral du PIT conclut : \u00ab <em>s\u2019il y a des ressorts qui sont solides, si notre \u00e9conomie tient la route, \u00e7a ne peut pas \u00eatre leur fait. Il faut qu\u2019ils sortent du cap qu\u2019ils ont pris si nous voulons que le S\u00e9n\u00e9gal redresse la t\u00eate.<\/em> \u00bb<\/p>\n<p>RTS<\/p>\n<div class='share-to-whatsapp-wrapper'><div class='share-on-whsp'>PARTAGER SUR : <\/div><a data-text='SAMBA SY SUR LA DEGRADATION DE LA NOTE DU SENEGAL - \"Une r\u00e9action d\u2019\u00e9nervement, une r\u00e9action qui m\u00e9lange \u00e0 la fois le d\u00e9ni de r\u00e9alit\u00e9 et le d\u00e9ficit de lucidit\u00e9\"' data-link='https:\/\/www.nettali.com\/2025\/10\/13\/samba-sy-sur-la-degradation-de-la-note-du-senegal-une-reaction-denervement-une-reaction-qui-melange-a-la-fois-le-deni-de-realite-et-le-deficit-de-lucidite\/' class='whatsapp-button whatsapp-share'>WhatsApp<\/a><div class='clear '><\/div><\/div>","protected":false},"excerpt":{"rendered":"<p>NETTALI.COM - Interrog\u00e9 par Omar Gningue, sur la r\u00e9cente d\u00e9gradation de la note souveraine du S\u00e9n\u00e9gal, le dimanche 12 octobre sur la RTS, Samba Sy estime que \u00ab ce qui est assez remarquable, c\u2019est la r\u00e9action du gouvernement. Une r\u00e9action d\u2019\u00e9nervement, une r\u00e9action qui m\u00e9lange \u00e0 la fois le d\u00e9ni de r\u00e9alit\u00e9 et le d\u00e9ficit [&hellip;]<\/p>\n","protected":false},"author":2,"featured_media":162781,"comment_status":"open","ping_status":"open","sticky":false,"template":"","format":"standard","meta":{"_et_pb_use_builder":"","_et_pb_old_content":""},"categories":[2],"tags":[],"yoast_head":"<!-- This site is optimized with the Yoast SEO Premium plugin v17.8 (Yoast SEO v17.8) - https:\/\/yoast.com\/wordpress\/plugins\/seo\/ -->\n<title>SAMBA SY SUR LA DEGRADATION DE LA NOTE DU SENEGAL - &quot;Une r\u00e9action d\u2019\u00e9nervement, une r\u00e9action qui m\u00e9lange \u00e0 la fois le d\u00e9ni de r\u00e9alit\u00e9 et le d\u00e9ficit de lucidit\u00e9&quot; | Nettali.com<\/title>\n<meta name=\"robots\" content=\"index, follow, max-snippet:-1, max-image-preview:large, max-video-preview:-1\" \/>\n<link rel=\"canonical\" href=\"https:\/\/www.nettali.com\/2025\/10\/13\/samba-sy-sur-la-degradation-de-la-note-du-senegal-une-reaction-denervement-une-reaction-qui-melange-a-la-fois-le-deni-de-realite-et-le-deficit-de-lucidite\/\" \/>\n<meta property=\"og:locale\" content=\"fr_FR\" \/>\n<meta property=\"og:type\" content=\"article\" \/>\n<meta property=\"og:title\" content=\"SAMBA SY SUR LA DEGRADATION DE LA NOTE DU SENEGAL - &quot;Une r\u00e9action d\u2019\u00e9nervement, une r\u00e9action qui m\u00e9lange \u00e0 la fois le d\u00e9ni de r\u00e9alit\u00e9 et le d\u00e9ficit de lucidit\u00e9&quot;\" \/>\n<meta property=\"og:description\" content=\"NETTALI.COM - Interrog\u00e9 par Omar Gningue, sur la r\u00e9cente d\u00e9gradation de la note souveraine du S\u00e9n\u00e9gal, le dimanche 12 octobre sur la RTS, Samba Sy estime que \u00ab ce qui est assez remarquable, c\u2019est la r\u00e9action du gouvernement. Une r\u00e9action d\u2019\u00e9nervement, une r\u00e9action qui m\u00e9lange \u00e0 la fois le d\u00e9ni de r\u00e9alit\u00e9 et le d\u00e9ficit [&hellip;]\" \/>\n<meta property=\"og:url\" content=\"https:\/\/www.nettali.com\/2025\/10\/13\/samba-sy-sur-la-degradation-de-la-note-du-senegal-une-reaction-denervement-une-reaction-qui-melange-a-la-fois-le-deni-de-realite-et-le-deficit-de-lucidite\/\" \/>\n<meta property=\"og:site_name\" content=\"Nettali.com\" \/>\n<meta property=\"article:publisher\" content=\"https:\/\/www.facebook.com\/nettalicom\" \/>\n<meta property=\"article:published_time\" content=\"2025-10-13T08:47:49+00:00\" \/>\n<meta property=\"article:modified_time\" content=\"2025-10-13T19:41:43+00:00\" \/>\n<meta property=\"og:image\" content=\"https:\/\/www.nettali.com\/wp-content\/uploads\/2025\/10\/cons-minis-0003.jpg\" \/>\n\t<meta property=\"og:image:width\" content=\"720\" \/>\n\t<meta property=\"og:image:height\" content=\"480\" \/>\n<meta name=\"twitter:card\" content=\"summary_large_image\" \/>\n<meta name=\"twitter:label1\" content=\"\u00c9crit par\" \/>\n\t<meta name=\"twitter:data1\" content=\"CK\" \/>\n\t<meta name=\"twitter:label2\" content=\"Dur\u00e9e de lecture estim\u00e9e\" \/>\n\t<meta name=\"twitter:data2\" content=\"3 minutes\" \/>\n<script type=\"application\/ld+json\" class=\"yoast-schema-graph\">{\"@context\":\"https:\/\/schema.org\",\"@graph\":[{\"@type\":\"WebSite\",\"@id\":\"https:\/\/www.nettali.com\/#website\",\"url\":\"https:\/\/www.nettali.com\/\",\"name\":\"Nettali.com\",\"description\":\"Le rendez-vous critique du Net\",\"potentialAction\":[{\"@type\":\"SearchAction\",\"target\":{\"@type\":\"EntryPoint\",\"urlTemplate\":\"https:\/\/www.nettali.com\/?s={search_term_string}\"},\"query-input\":\"required name=search_term_string\"}],\"inLanguage\":\"fr-FR\"},{\"@type\":\"ImageObject\",\"@id\":\"https:\/\/www.nettali.com\/2025\/10\/13\/samba-sy-sur-la-degradation-de-la-note-du-senegal-une-reaction-denervement-une-reaction-qui-melange-a-la-fois-le-deni-de-realite-et-le-deficit-de-lucidite\/#primaryimage\",\"inLanguage\":\"fr-FR\",\"url\":\"https:\/\/www.nettali.com\/wp-content\/uploads\/2025\/10\/cons-minis-0003.jpg\",\"contentUrl\":\"https:\/\/www.nettali.com\/wp-content\/uploads\/2025\/10\/cons-minis-0003.jpg\",\"width\":720,\"height\":480},{\"@type\":\"WebPage\",\"@id\":\"https:\/\/www.nettali.com\/2025\/10\/13\/samba-sy-sur-la-degradation-de-la-note-du-senegal-une-reaction-denervement-une-reaction-qui-melange-a-la-fois-le-deni-de-realite-et-le-deficit-de-lucidite\/#webpage\",\"url\":\"https:\/\/www.nettali.com\/2025\/10\/13\/samba-sy-sur-la-degradation-de-la-note-du-senegal-une-reaction-denervement-une-reaction-qui-melange-a-la-fois-le-deni-de-realite-et-le-deficit-de-lucidite\/\",\"name\":\"SAMBA SY SUR LA DEGRADATION DE LA NOTE DU SENEGAL - \\\"Une r\\u00e9action d\\u2019\\u00e9nervement, une r\\u00e9action qui m\\u00e9lange \\u00e0 la fois le d\\u00e9ni de r\\u00e9alit\\u00e9 et le d\\u00e9ficit de lucidit\\u00e9\\\" | Nettali.com\",\"isPartOf\":{\"@id\":\"https:\/\/www.nettali.com\/#website\"},\"primaryImageOfPage\":{\"@id\":\"https:\/\/www.nettali.com\/2025\/10\/13\/samba-sy-sur-la-degradation-de-la-note-du-senegal-une-reaction-denervement-une-reaction-qui-melange-a-la-fois-le-deni-de-realite-et-le-deficit-de-lucidite\/#primaryimage\"},\"datePublished\":\"2025-10-13T08:47:49+00:00\",\"dateModified\":\"2025-10-13T19:41:43+00:00\",\"author\":{\"@id\":\"https:\/\/www.nettali.com\/#\/schema\/person\/d8ac7b7e27ddad43f1c0d2ef090d7f71\"},\"breadcrumb\":{\"@id\":\"https:\/\/www.nettali.com\/2025\/10\/13\/samba-sy-sur-la-degradation-de-la-note-du-senegal-une-reaction-denervement-une-reaction-qui-melange-a-la-fois-le-deni-de-realite-et-le-deficit-de-lucidite\/#breadcrumb\"},\"inLanguage\":\"fr-FR\",\"potentialAction\":[{\"@type\":\"ReadAction\",\"target\":[\"https:\/\/www.nettali.com\/2025\/10\/13\/samba-sy-sur-la-degradation-de-la-note-du-senegal-une-reaction-denervement-une-reaction-qui-melange-a-la-fois-le-deni-de-realite-et-le-deficit-de-lucidite\/\"]}]},{\"@type\":\"BreadcrumbList\",\"@id\":\"https:\/\/www.nettali.com\/2025\/10\/13\/samba-sy-sur-la-degradation-de-la-note-du-senegal-une-reaction-denervement-une-reaction-qui-melange-a-la-fois-le-deni-de-realite-et-le-deficit-de-lucidite\/#breadcrumb\",\"itemListElement\":[{\"@type\":\"ListItem\",\"position\":1,\"name\":\"Accueil\",\"item\":\"https:\/\/www.nettali.com\/\"},{\"@type\":\"ListItem\",\"position\":2,\"name\":\"SAMBA SY SUR LA DEGRADATION DE LA NOTE DU SENEGAL - \\\"Une r\\u00e9action d\\u2019\\u00e9nervement, une r\\u00e9action qui m\\u00e9lange \\u00e0 la fois le d\\u00e9ni de r\\u00e9alit\\u00e9 et le d\\u00e9ficit de lucidit\\u00e9\\\"\"}]},{\"@type\":\"Person\",\"@id\":\"https:\/\/www.nettali.com\/#\/schema\/person\/d8ac7b7e27ddad43f1c0d2ef090d7f71\",\"name\":\"CK\",\"image\":{\"@type\":\"ImageObject\",\"@id\":\"https:\/\/www.nettali.com\/#personlogo\",\"inLanguage\":\"fr-FR\",\"url\":\"https:\/\/secure.gravatar.com\/avatar\/1d8d5118b9327d94da7cd4ce7f17fec2?s=96&d=mm&r=g\",\"contentUrl\":\"https:\/\/secure.gravatar.com\/avatar\/1d8d5118b9327d94da7cd4ce7f17fec2?s=96&d=mm&r=g\",\"caption\":\"CK\"},\"sameAs\":[\"https:\/\/www.nettali.com\"]}]}<\/script>\n<!-- \/ Yoast SEO Premium plugin. -->","yoast_head_json":{"title":"SAMBA SY SUR LA DEGRADATION DE LA NOTE DU SENEGAL - \"Une r\u00e9action d\u2019\u00e9nervement, une r\u00e9action qui m\u00e9lange \u00e0 la fois le d\u00e9ni de r\u00e9alit\u00e9 et le d\u00e9ficit de lucidit\u00e9\" | Nettali.com","robots":{"index":"index","follow":"follow","max-snippet":"max-snippet:-1","max-image-preview":"max-image-preview:large","max-video-preview":"max-video-preview:-1"},"canonical":"https:\/\/www.nettali.com\/2025\/10\/13\/samba-sy-sur-la-degradation-de-la-note-du-senegal-une-reaction-denervement-une-reaction-qui-melange-a-la-fois-le-deni-de-realite-et-le-deficit-de-lucidite\/","og_locale":"fr_FR","og_type":"article","og_title":"SAMBA SY SUR LA DEGRADATION DE LA NOTE DU SENEGAL - \"Une r\u00e9action d\u2019\u00e9nervement, une r\u00e9action qui m\u00e9lange \u00e0 la fois le d\u00e9ni de r\u00e9alit\u00e9 et le d\u00e9ficit de lucidit\u00e9\"","og_description":"NETTALI.COM - Interrog\u00e9 par Omar Gningue, sur la r\u00e9cente d\u00e9gradation de la note souveraine du S\u00e9n\u00e9gal, le dimanche 12 octobre sur la RTS, Samba Sy estime que \u00ab ce qui est assez remarquable, c\u2019est la r\u00e9action du gouvernement. Une r\u00e9action d\u2019\u00e9nervement, une r\u00e9action qui m\u00e9lange \u00e0 la fois le d\u00e9ni de r\u00e9alit\u00e9 et le d\u00e9ficit [&hellip;]","og_url":"https:\/\/www.nettali.com\/2025\/10\/13\/samba-sy-sur-la-degradation-de-la-note-du-senegal-une-reaction-denervement-une-reaction-qui-melange-a-la-fois-le-deni-de-realite-et-le-deficit-de-lucidite\/","og_site_name":"Nettali.com","article_publisher":"https:\/\/www.facebook.com\/nettalicom","article_published_time":"2025-10-13T08:47:49+00:00","article_modified_time":"2025-10-13T19:41:43+00:00","og_image":[{"width":720,"height":480,"url":"https:\/\/www.nettali.com\/wp-content\/uploads\/2025\/10\/cons-minis-0003.jpg","type":"image\/jpeg"}],"twitter_card":"summary_large_image","twitter_misc":{"\u00c9crit par":"CK","Dur\u00e9e de lecture estim\u00e9e":"3 minutes"},"schema":{"@context":"https:\/\/schema.org","@graph":[{"@type":"WebSite","@id":"https:\/\/www.nettali.com\/#website","url":"https:\/\/www.nettali.com\/","name":"Nettali.com","description":"Le rendez-vous critique du Net","potentialAction":[{"@type":"SearchAction","target":{"@type":"EntryPoint","urlTemplate":"https:\/\/www.nettali.com\/?s={search_term_string}"},"query-input":"required name=search_term_string"}],"inLanguage":"fr-FR"},{"@type":"ImageObject","@id":"https:\/\/www.nettali.com\/2025\/10\/13\/samba-sy-sur-la-degradation-de-la-note-du-senegal-une-reaction-denervement-une-reaction-qui-melange-a-la-fois-le-deni-de-realite-et-le-deficit-de-lucidite\/#primaryimage","inLanguage":"fr-FR","url":"https:\/\/www.nettali.com\/wp-content\/uploads\/2025\/10\/cons-minis-0003.jpg","contentUrl":"https:\/\/www.nettali.com\/wp-content\/uploads\/2025\/10\/cons-minis-0003.jpg","width":720,"height":480},{"@type":"WebPage","@id":"https:\/\/www.nettali.com\/2025\/10\/13\/samba-sy-sur-la-degradation-de-la-note-du-senegal-une-reaction-denervement-une-reaction-qui-melange-a-la-fois-le-deni-de-realite-et-le-deficit-de-lucidite\/#webpage","url":"https:\/\/www.nettali.com\/2025\/10\/13\/samba-sy-sur-la-degradation-de-la-note-du-senegal-une-reaction-denervement-une-reaction-qui-melange-a-la-fois-le-deni-de-realite-et-le-deficit-de-lucidite\/","name":"SAMBA SY SUR LA DEGRADATION DE LA NOTE DU SENEGAL - \"Une r\u00e9action d\u2019\u00e9nervement, une r\u00e9action qui m\u00e9lange \u00e0 la fois le d\u00e9ni de r\u00e9alit\u00e9 et le d\u00e9ficit de lucidit\u00e9\" | Nettali.com","isPartOf":{"@id":"https:\/\/www.nettali.com\/#website"},"primaryImageOfPage":{"@id":"https:\/\/www.nettali.com\/2025\/10\/13\/samba-sy-sur-la-degradation-de-la-note-du-senegal-une-reaction-denervement-une-reaction-qui-melange-a-la-fois-le-deni-de-realite-et-le-deficit-de-lucidite\/#primaryimage"},"datePublished":"2025-10-13T08:47:49+00:00","dateModified":"2025-10-13T19:41:43+00:00","author":{"@id":"https:\/\/www.nettali.com\/#\/schema\/person\/d8ac7b7e27ddad43f1c0d2ef090d7f71"},"breadcrumb":{"@id":"https:\/\/www.nettali.com\/2025\/10\/13\/samba-sy-sur-la-degradation-de-la-note-du-senegal-une-reaction-denervement-une-reaction-qui-melange-a-la-fois-le-deni-de-realite-et-le-deficit-de-lucidite\/#breadcrumb"},"inLanguage":"fr-FR","potentialAction":[{"@type":"ReadAction","target":["https:\/\/www.nettali.com\/2025\/10\/13\/samba-sy-sur-la-degradation-de-la-note-du-senegal-une-reaction-denervement-une-reaction-qui-melange-a-la-fois-le-deni-de-realite-et-le-deficit-de-lucidite\/"]}]},{"@type":"BreadcrumbList","@id":"https:\/\/www.nettali.com\/2025\/10\/13\/samba-sy-sur-la-degradation-de-la-note-du-senegal-une-reaction-denervement-une-reaction-qui-melange-a-la-fois-le-deni-de-realite-et-le-deficit-de-lucidite\/#breadcrumb","itemListElement":[{"@type":"ListItem","position":1,"name":"Accueil","item":"https:\/\/www.nettali.com\/"},{"@type":"ListItem","position":2,"name":"SAMBA SY SUR LA DEGRADATION DE LA NOTE DU SENEGAL - \"Une r\u00e9action d\u2019\u00e9nervement, une r\u00e9action qui m\u00e9lange \u00e0 la fois le d\u00e9ni de r\u00e9alit\u00e9 et le d\u00e9ficit de lucidit\u00e9\""}]},{"@type":"Person","@id":"https:\/\/www.nettali.com\/#\/schema\/person\/d8ac7b7e27ddad43f1c0d2ef090d7f71","name":"CK","image":{"@type":"ImageObject","@id":"https:\/\/www.nettali.com\/#personlogo","inLanguage":"fr-FR","url":"https:\/\/secure.gravatar.com\/avatar\/1d8d5118b9327d94da7cd4ce7f17fec2?s=96&d=mm&r=g","contentUrl":"https:\/\/secure.gravatar.com\/avatar\/1d8d5118b9327d94da7cd4ce7f17fec2?s=96&d=mm&r=g","caption":"CK"},"sameAs":["https:\/\/www.nettali.com"]}]}},"_links":{"self":[{"href":"https:\/\/www.nettali.com\/rest\/wp\/v2\/posts\/162780"}],"collection":[{"href":"https:\/\/www.nettali.com\/rest\/wp\/v2\/posts"}],"about":[{"href":"https:\/\/www.nettali.com\/rest\/wp\/v2\/types\/post"}],"author":[{"embeddable":true,"href":"https:\/\/www.nettali.com\/rest\/wp\/v2\/users\/2"}],"replies":[{"embeddable":true,"href":"https:\/\/www.nettali.com\/rest\/wp\/v2\/comments?post=162780"}],"version-history":[{"count":3,"href":"https:\/\/www.nettali.com\/rest\/wp\/v2\/posts\/162780\/revisions"}],"predecessor-version":[{"id":162784,"href":"https:\/\/www.nettali.com\/rest\/wp\/v2\/posts\/162780\/revisions\/162784"}],"wp:featuredmedia":[{"embeddable":true,"href":"https:\/\/www.nettali.com\/rest\/wp\/v2\/media\/162781"}],"wp:attachment":[{"href":"https:\/\/www.nettali.com\/rest\/wp\/v2\/media?parent=162780"}],"wp:term":[{"taxonomy":"category","embeddable":true,"href":"https:\/\/www.nettali.com\/rest\/wp\/v2\/categories?post=162780"},{"taxonomy":"post_tag","embeddable":true,"href":"https:\/\/www.nettali.com\/rest\/wp\/v2\/tags?post=162780"}],"curies":[{"name":"wp","href":"https:\/\/api.w.org\/{rel}","templated":true}]}}