{"id":162770,"date":"2025-10-13T11:05:05","date_gmt":"2025-10-13T11:05:05","guid":{"rendered":"https:\/\/www.nettali.com\/?p=162770"},"modified":"2025-10-13T08:24:50","modified_gmt":"2025-10-13T08:24:50","slug":"le-senegal-rate-la-session-doctobre-apres-celle-de-juillet-avec-sp","status":"publish","type":"post","link":"https:\/\/www.nettali.com\/2025\/10\/13\/le-senegal-rate-la-session-doctobre-apres-celle-de-juillet-avec-sp\/","title":{"rendered":"Le S\u00e9n\u00e9gal rate la session d'octobre, apr\u00e8s celle de juillet (avec S&#038;P)"},"content":{"rendered":"<p><strong>CONTRIBUTION -<\/strong> L\u2019agence de notation Moody\u2019s vient de d\u00e9grader la note souveraine du S\u00e9n\u00e9gal de B3 \u00e0 Caa1, ce 10 octobre. Cela intervient apr\u00e8s la baisse intervenue en juillet avec Standard&amp;Poor's (S&amp;P) qui faisait passer la note \u00e0 B- (\u00e9quivalent de B3 sur l\u2019\u00e9chelle de Moody's).<\/p>\n<p><strong>\u270d\ufe0f FMI et agences de notation : une cha\u00eene de valeur.....financi\u00e8re <\/strong><\/p>\n<p>La notion de cha\u00eene de valeur renvoie, pour une entreprise ou un pays, \u00e0 la maitrise et au contr\u00f4le de toutes les \u00e9tapes allant de la conception d\u2019un produit \u00e0 sa livraison, voire au service apr\u00e8s-vente. En g\u00e9n\u00e9ral l\u2019entreprise g\u00e8re les activit\u00e9s principales et les activit\u00e9s de soutien. Les missions du FMI sont ponctu\u00e9es de recommandations \u00e0 mettre en \u0153uvre en vue d\u2019\u00e9ventuels accords \u00e0 signer ; on peut dire que c'est l\u2019activit\u00e9 principale.<\/p>\n<p>Il y a une forte corr\u00e9lation entre les injonctions du FMI et les crit\u00e8res utilis\u00e9s par les agences de notation.<\/p>\n<p>En cas de baisse de la note souveraine, les conditions d\u2019acc\u00e8s au financement deviennent plus contraignantes sur les march\u00e9s financiers et le pays entre dans un cercle vicieux puisque son service de la dette explose, l\u2019obligeant \u00e0 s\u2019endetter encore pour payer des dettes (jeu de Ponzi ou \"suul bukki sulli bukki\" en langue wolof).<\/p>\n<p>Finalement chaque pays prend au s\u00e9rieux ce que dit le FMI, en raison de la grosse machine qui est autour. C\u2019est une cha\u00eene de valeur pr\u00eate \u00e0 d\u00e9valoriser (voire d\u00e9vorer) tous ceux qui n\u2019accordent pas de valeur \u00e0 ses recommandations.<\/p>\n<p><strong> \u270d\ufe0f Le S\u00e9n\u00e9gal au 5e \u00e9tage sur 21: il faut prendre l\u2019ascenseur <\/strong><\/p>\n<p>Sur les 21 \u00e9tages de l\u2019\u00e9chelle de Moody's, le S\u00e9n\u00e9gal est d\u00e9grad\u00e9 au 5e. Le pire c\u2019est que cette baisse de la note souveraine intervient au lendemain du Forum invest in Senegal qui visait \u00e0 rassurer les investisseurs. Si ce n\u2019est pas un coup sous la ceinture, \u00e7a y ressemble. En plus le S\u00e9n\u00e9gal change compl\u00e8tement de cat\u00e9gorie car il quitte les \"B\" (hautement sp\u00e9culatif) pour rejoindre les \"C\" (tr\u00e8s risqu\u00e9).<\/p>\n<p>Les cons\u00e9quences peuvent \u00eatre lourdes pour notre \u00e9conomie. Il faudra parall\u00e8lement entreprendre les r\u00e9formes discut\u00e9es avec le FMI cr\u00e9er une union sacr\u00e9e entre l\u2019Etat, le secteur priv\u00e9 et certains pays qui ne prennent pas les notations au s\u00e9rieux (il faut les identifier) afin de mobiliser des ressources sans \u00eatre vu comme un pays tr\u00e8s risqu\u00e9. On ne peut plus prendre les escaliers mais l\u2019ascenseur.<\/p>\n<p>De la m\u00eame mani\u00e8re qu\u2019il y a des politiques mon\u00e9taires non conventionnelles, il faut envisager des mesures et actions non conventionnelles pour sortir le S\u00e9n\u00e9gal de cette zone dangereuse dans laquelle Moody\u2019s le classe.<\/p>\n<p>La contestation du minist\u00e8re des finances et du budget sonne comme une r\u00e9clamation qu\u2019on peut faire apr\u00e8s la publication des r\u00e9sultats \u00e0 l\u2019examen ; reste \u00e0 savoir si le \"jury\" va traiter cette r\u00e9clamation pour \u00e9viter au S\u00e9n\u00e9gal le redoublement en lui permettant le passage conditionnel (comme un enjambiste, dans le jargon du syst\u00e8me LMD).<\/p>\n<p><strong>Pr Abou KANE FASEG\/UCAD<\/strong><\/p>\n<div class='share-to-whatsapp-wrapper'><div class='share-on-whsp'>PARTAGER SUR : <\/div><a data-text='Le S\u00e9n\u00e9gal rate la session d'octobre, apr\u00e8s celle de juillet (avec S&P)' data-link='https:\/\/www.nettali.com\/2025\/10\/13\/le-senegal-rate-la-session-doctobre-apres-celle-de-juillet-avec-sp\/' class='whatsapp-button whatsapp-share'>WhatsApp<\/a><div class='clear '><\/div><\/div>","protected":false},"excerpt":{"rendered":"<p>CONTRIBUTION - L\u2019agence de notation Moody\u2019s vient de d\u00e9grader la note souveraine du S\u00e9n\u00e9gal de B3 \u00e0 Caa1, ce 10 octobre. Cela intervient apr\u00e8s la baisse intervenue en juillet avec Standard&amp;Poor's (S&amp;P) qui faisait passer la note \u00e0 B- (\u00e9quivalent de B3 sur l\u2019\u00e9chelle de Moody's). \u270d\ufe0f FMI et agences de notation : une cha\u00eene [&hellip;]<\/p>\n","protected":false},"author":2,"featured_media":162745,"comment_status":"open","ping_status":"open","sticky":false,"template":"","format":"standard","meta":{"_et_pb_use_builder":"","_et_pb_old_content":""},"categories":[4],"tags":[],"yoast_head":"<!-- This site is optimized with the Yoast SEO Premium plugin v17.8 (Yoast SEO v17.8) - https:\/\/yoast.com\/wordpress\/plugins\/seo\/ -->\n<title>Le S\u00e9n\u00e9gal rate la session d&#039;octobre, apr\u00e8s celle de juillet (avec S&amp;P) | Nettali.com<\/title>\n<meta name=\"robots\" content=\"index, follow, max-snippet:-1, max-image-preview:large, max-video-preview:-1\" \/>\n<link rel=\"canonical\" href=\"https:\/\/www.nettali.com\/2025\/10\/13\/le-senegal-rate-la-session-doctobre-apres-celle-de-juillet-avec-sp\/\" \/>\n<meta property=\"og:locale\" content=\"fr_FR\" \/>\n<meta property=\"og:type\" content=\"article\" \/>\n<meta property=\"og:title\" content=\"Le S\u00e9n\u00e9gal rate la session d&#039;octobre, apr\u00e8s celle de juillet (avec S&amp;P)\" \/>\n<meta property=\"og:description\" content=\"CONTRIBUTION - L\u2019agence de notation Moody\u2019s vient de d\u00e9grader la note souveraine du S\u00e9n\u00e9gal de B3 \u00e0 Caa1, ce 10 octobre. Cela intervient apr\u00e8s la baisse intervenue en juillet avec Standard&amp;Poor&#039;s (S&amp;P) qui faisait passer la note \u00e0 B- (\u00e9quivalent de B3 sur l\u2019\u00e9chelle de Moody&#039;s). \u270d\ufe0f FMI et agences de notation : une cha\u00eene [&hellip;]\" \/>\n<meta property=\"og:url\" content=\"https:\/\/www.nettali.com\/2025\/10\/13\/le-senegal-rate-la-session-doctobre-apres-celle-de-juillet-avec-sp\/\" \/>\n<meta property=\"og:site_name\" content=\"Nettali.com\" \/>\n<meta property=\"article:publisher\" content=\"https:\/\/www.facebook.com\/nettalicom\" \/>\n<meta property=\"article:published_time\" content=\"2025-10-13T11:05:05+00:00\" \/>\n<meta property=\"article:modified_time\" content=\"2025-10-13T08:24:50+00:00\" \/>\n<meta property=\"og:image\" content=\"https:\/\/www.nettali.com\/wp-content\/uploads\/2025\/10\/IMG_6932-1024x624-1.jpeg\" \/>\n\t<meta property=\"og:image:width\" content=\"1024\" \/>\n\t<meta property=\"og:image:height\" content=\"624\" \/>\n<meta name=\"twitter:card\" content=\"summary_large_image\" \/>\n<meta name=\"twitter:label1\" content=\"\u00c9crit par\" \/>\n\t<meta name=\"twitter:data1\" content=\"CK\" \/>\n\t<meta name=\"twitter:label2\" content=\"Dur\u00e9e de lecture estim\u00e9e\" \/>\n\t<meta name=\"twitter:data2\" content=\"3 minutes\" \/>\n<script type=\"application\/ld+json\" class=\"yoast-schema-graph\">{\"@context\":\"https:\/\/schema.org\",\"@graph\":[{\"@type\":\"WebSite\",\"@id\":\"https:\/\/www.nettali.com\/#website\",\"url\":\"https:\/\/www.nettali.com\/\",\"name\":\"Nettali.com\",\"description\":\"Le rendez-vous critique du Net\",\"potentialAction\":[{\"@type\":\"SearchAction\",\"target\":{\"@type\":\"EntryPoint\",\"urlTemplate\":\"https:\/\/www.nettali.com\/?s={search_term_string}\"},\"query-input\":\"required name=search_term_string\"}],\"inLanguage\":\"fr-FR\"},{\"@type\":\"ImageObject\",\"@id\":\"https:\/\/www.nettali.com\/2025\/10\/13\/le-senegal-rate-la-session-doctobre-apres-celle-de-juillet-avec-sp\/#primaryimage\",\"inLanguage\":\"fr-FR\",\"url\":\"https:\/\/www.nettali.com\/wp-content\/uploads\/2025\/10\/IMG_6932-1024x624-1.jpeg\",\"contentUrl\":\"https:\/\/www.nettali.com\/wp-content\/uploads\/2025\/10\/IMG_6932-1024x624-1.jpeg\",\"width\":1024,\"height\":624},{\"@type\":\"WebPage\",\"@id\":\"https:\/\/www.nettali.com\/2025\/10\/13\/le-senegal-rate-la-session-doctobre-apres-celle-de-juillet-avec-sp\/#webpage\",\"url\":\"https:\/\/www.nettali.com\/2025\/10\/13\/le-senegal-rate-la-session-doctobre-apres-celle-de-juillet-avec-sp\/\",\"name\":\"Le S\\u00e9n\\u00e9gal rate la session d'octobre, apr\\u00e8s celle de juillet (avec S&P) | Nettali.com\",\"isPartOf\":{\"@id\":\"https:\/\/www.nettali.com\/#website\"},\"primaryImageOfPage\":{\"@id\":\"https:\/\/www.nettali.com\/2025\/10\/13\/le-senegal-rate-la-session-doctobre-apres-celle-de-juillet-avec-sp\/#primaryimage\"},\"datePublished\":\"2025-10-13T11:05:05+00:00\",\"dateModified\":\"2025-10-13T08:24:50+00:00\",\"author\":{\"@id\":\"https:\/\/www.nettali.com\/#\/schema\/person\/d8ac7b7e27ddad43f1c0d2ef090d7f71\"},\"breadcrumb\":{\"@id\":\"https:\/\/www.nettali.com\/2025\/10\/13\/le-senegal-rate-la-session-doctobre-apres-celle-de-juillet-avec-sp\/#breadcrumb\"},\"inLanguage\":\"fr-FR\",\"potentialAction\":[{\"@type\":\"ReadAction\",\"target\":[\"https:\/\/www.nettali.com\/2025\/10\/13\/le-senegal-rate-la-session-doctobre-apres-celle-de-juillet-avec-sp\/\"]}]},{\"@type\":\"BreadcrumbList\",\"@id\":\"https:\/\/www.nettali.com\/2025\/10\/13\/le-senegal-rate-la-session-doctobre-apres-celle-de-juillet-avec-sp\/#breadcrumb\",\"itemListElement\":[{\"@type\":\"ListItem\",\"position\":1,\"name\":\"Accueil\",\"item\":\"https:\/\/www.nettali.com\/\"},{\"@type\":\"ListItem\",\"position\":2,\"name\":\"Le S\\u00e9n\\u00e9gal rate la session d'octobre, apr\\u00e8s celle de juillet (avec S&#038;P)\"}]},{\"@type\":\"Person\",\"@id\":\"https:\/\/www.nettali.com\/#\/schema\/person\/d8ac7b7e27ddad43f1c0d2ef090d7f71\",\"name\":\"CK\",\"image\":{\"@type\":\"ImageObject\",\"@id\":\"https:\/\/www.nettali.com\/#personlogo\",\"inLanguage\":\"fr-FR\",\"url\":\"https:\/\/secure.gravatar.com\/avatar\/1d8d5118b9327d94da7cd4ce7f17fec2?s=96&d=mm&r=g\",\"contentUrl\":\"https:\/\/secure.gravatar.com\/avatar\/1d8d5118b9327d94da7cd4ce7f17fec2?s=96&d=mm&r=g\",\"caption\":\"CK\"},\"sameAs\":[\"https:\/\/www.nettali.com\"]}]}<\/script>\n<!-- \/ Yoast SEO Premium plugin. -->","yoast_head_json":{"title":"Le S\u00e9n\u00e9gal rate la session d'octobre, apr\u00e8s celle de juillet (avec S&P) | Nettali.com","robots":{"index":"index","follow":"follow","max-snippet":"max-snippet:-1","max-image-preview":"max-image-preview:large","max-video-preview":"max-video-preview:-1"},"canonical":"https:\/\/www.nettali.com\/2025\/10\/13\/le-senegal-rate-la-session-doctobre-apres-celle-de-juillet-avec-sp\/","og_locale":"fr_FR","og_type":"article","og_title":"Le S\u00e9n\u00e9gal rate la session d'octobre, apr\u00e8s celle de juillet (avec S&P)","og_description":"CONTRIBUTION - L\u2019agence de notation Moody\u2019s vient de d\u00e9grader la note souveraine du S\u00e9n\u00e9gal de B3 \u00e0 Caa1, ce 10 octobre. Cela intervient apr\u00e8s la baisse intervenue en juillet avec Standard&amp;Poor's (S&amp;P) qui faisait passer la note \u00e0 B- (\u00e9quivalent de B3 sur l\u2019\u00e9chelle de Moody's). \u270d\ufe0f FMI et agences de notation : une cha\u00eene [&hellip;]","og_url":"https:\/\/www.nettali.com\/2025\/10\/13\/le-senegal-rate-la-session-doctobre-apres-celle-de-juillet-avec-sp\/","og_site_name":"Nettali.com","article_publisher":"https:\/\/www.facebook.com\/nettalicom","article_published_time":"2025-10-13T11:05:05+00:00","article_modified_time":"2025-10-13T08:24:50+00:00","og_image":[{"width":1024,"height":624,"url":"https:\/\/www.nettali.com\/wp-content\/uploads\/2025\/10\/IMG_6932-1024x624-1.jpeg","type":"image\/jpeg"}],"twitter_card":"summary_large_image","twitter_misc":{"\u00c9crit par":"CK","Dur\u00e9e de lecture estim\u00e9e":"3 minutes"},"schema":{"@context":"https:\/\/schema.org","@graph":[{"@type":"WebSite","@id":"https:\/\/www.nettali.com\/#website","url":"https:\/\/www.nettali.com\/","name":"Nettali.com","description":"Le rendez-vous critique du Net","potentialAction":[{"@type":"SearchAction","target":{"@type":"EntryPoint","urlTemplate":"https:\/\/www.nettali.com\/?s={search_term_string}"},"query-input":"required name=search_term_string"}],"inLanguage":"fr-FR"},{"@type":"ImageObject","@id":"https:\/\/www.nettali.com\/2025\/10\/13\/le-senegal-rate-la-session-doctobre-apres-celle-de-juillet-avec-sp\/#primaryimage","inLanguage":"fr-FR","url":"https:\/\/www.nettali.com\/wp-content\/uploads\/2025\/10\/IMG_6932-1024x624-1.jpeg","contentUrl":"https:\/\/www.nettali.com\/wp-content\/uploads\/2025\/10\/IMG_6932-1024x624-1.jpeg","width":1024,"height":624},{"@type":"WebPage","@id":"https:\/\/www.nettali.com\/2025\/10\/13\/le-senegal-rate-la-session-doctobre-apres-celle-de-juillet-avec-sp\/#webpage","url":"https:\/\/www.nettali.com\/2025\/10\/13\/le-senegal-rate-la-session-doctobre-apres-celle-de-juillet-avec-sp\/","name":"Le S\u00e9n\u00e9gal rate la session d'octobre, apr\u00e8s celle de juillet (avec S&P) | Nettali.com","isPartOf":{"@id":"https:\/\/www.nettali.com\/#website"},"primaryImageOfPage":{"@id":"https:\/\/www.nettali.com\/2025\/10\/13\/le-senegal-rate-la-session-doctobre-apres-celle-de-juillet-avec-sp\/#primaryimage"},"datePublished":"2025-10-13T11:05:05+00:00","dateModified":"2025-10-13T08:24:50+00:00","author":{"@id":"https:\/\/www.nettali.com\/#\/schema\/person\/d8ac7b7e27ddad43f1c0d2ef090d7f71"},"breadcrumb":{"@id":"https:\/\/www.nettali.com\/2025\/10\/13\/le-senegal-rate-la-session-doctobre-apres-celle-de-juillet-avec-sp\/#breadcrumb"},"inLanguage":"fr-FR","potentialAction":[{"@type":"ReadAction","target":["https:\/\/www.nettali.com\/2025\/10\/13\/le-senegal-rate-la-session-doctobre-apres-celle-de-juillet-avec-sp\/"]}]},{"@type":"BreadcrumbList","@id":"https:\/\/www.nettali.com\/2025\/10\/13\/le-senegal-rate-la-session-doctobre-apres-celle-de-juillet-avec-sp\/#breadcrumb","itemListElement":[{"@type":"ListItem","position":1,"name":"Accueil","item":"https:\/\/www.nettali.com\/"},{"@type":"ListItem","position":2,"name":"Le S\u00e9n\u00e9gal rate la session d'octobre, apr\u00e8s celle de juillet (avec S&#038;P)"}]},{"@type":"Person","@id":"https:\/\/www.nettali.com\/#\/schema\/person\/d8ac7b7e27ddad43f1c0d2ef090d7f71","name":"CK","image":{"@type":"ImageObject","@id":"https:\/\/www.nettali.com\/#personlogo","inLanguage":"fr-FR","url":"https:\/\/secure.gravatar.com\/avatar\/1d8d5118b9327d94da7cd4ce7f17fec2?s=96&d=mm&r=g","contentUrl":"https:\/\/secure.gravatar.com\/avatar\/1d8d5118b9327d94da7cd4ce7f17fec2?s=96&d=mm&r=g","caption":"CK"},"sameAs":["https:\/\/www.nettali.com"]}]}},"_links":{"self":[{"href":"https:\/\/www.nettali.com\/rest\/wp\/v2\/posts\/162770"}],"collection":[{"href":"https:\/\/www.nettali.com\/rest\/wp\/v2\/posts"}],"about":[{"href":"https:\/\/www.nettali.com\/rest\/wp\/v2\/types\/post"}],"author":[{"embeddable":true,"href":"https:\/\/www.nettali.com\/rest\/wp\/v2\/users\/2"}],"replies":[{"embeddable":true,"href":"https:\/\/www.nettali.com\/rest\/wp\/v2\/comments?post=162770"}],"version-history":[{"count":1,"href":"https:\/\/www.nettali.com\/rest\/wp\/v2\/posts\/162770\/revisions"}],"predecessor-version":[{"id":162771,"href":"https:\/\/www.nettali.com\/rest\/wp\/v2\/posts\/162770\/revisions\/162771"}],"wp:featuredmedia":[{"embeddable":true,"href":"https:\/\/www.nettali.com\/rest\/wp\/v2\/media\/162745"}],"wp:attachment":[{"href":"https:\/\/www.nettali.com\/rest\/wp\/v2\/media?parent=162770"}],"wp:term":[{"taxonomy":"category","embeddable":true,"href":"https:\/\/www.nettali.com\/rest\/wp\/v2\/categories?post=162770"},{"taxonomy":"post_tag","embeddable":true,"href":"https:\/\/www.nettali.com\/rest\/wp\/v2\/tags?post=162770"}],"curies":[{"name":"wp","href":"https:\/\/api.w.org\/{rel}","templated":true}]}}