{"id":162744,"date":"2025-10-12T21:55:11","date_gmt":"2025-10-12T21:55:11","guid":{"rendered":"https:\/\/www.nettali.com\/?p=162744"},"modified":"2025-10-12T21:55:11","modified_gmt":"2025-10-12T21:55:11","slug":"appel-public-a-lepargne-le-senegal-mobilise-450-milliards-sur-le-marche-regional","status":"publish","type":"post","link":"https:\/\/www.nettali.com\/2025\/10\/12\/appel-public-a-lepargne-le-senegal-mobilise-450-milliards-sur-le-marche-regional\/","title":{"rendered":"APPEL PUBLIC A L'EPARGNE - Le S\u00e9n\u00e9gal mobilise 450 milliards sur le march\u00e9 r\u00e9gional"},"content":{"rendered":"<p><strong>NETTALI.COM - Un acte 3 r\u00e9ussi. Pour son troisi\u00e8me Appel public \u00e0 l'\u00e9pargne (APE), le S\u00e9n\u00e9gal a mobilis\u00e9 450 milliards de francs Cfa sur le march\u00e9 financier r\u00e9gional. Il d\u00e9passe ainsi l'objectif initial qui \u00e9tait de 300 milliards de francs.\u00a0<\/strong><\/p>\n<p>450 milliards de francs Cfa. C'est l'enveloppe que le S\u00e9n\u00e9gal vient de mobiliser dans le cadre de son Appel public \u00e0 l'\u00e9pargne, troisi\u00e8me du genre depuis le d\u00e9but de l'ann\u00e9e 2025. Le minist\u00e8re des Finances et du Budget qui donne la nouvelle pr\u00e9cise que \"<em>l'Etat du S\u00e9n\u00e9gal a cl\u00f4tur\u00e9 avec succ\u00e8s son troisi\u00e8me appel public \u00e0 l'\u00e9pargne de l'ann\u00e9e 2025<\/em>\". \"<em>Lanc\u00e9e le 18 septembre 2025, avec une ouverture des souscriptions le 22 septembre, l'op\u00e9ration s'est achev\u00e9e ce vendredi 10 octobre 2025, conform\u00e9ment au calendrier annonc\u00e9. Structur\u00e9e par Impaxis Securities, arrangeur principal et chef de file, en collaboration avec la Soci\u00e9t\u00e9 G\u00e9n\u00e9rale, co-arrangeur et co-chef de file, cette lev\u00e9e de fonds s'inscrit dans une strat\u00e9gie de diversification des sources de financement souverain et endog\u00e8ne et de renforcement de la base d'investisseurs<\/em>\", lit-on dans un communiqu\u00e9 de la Cellule de communication du minist\u00e8re des Finances et du Budget.<\/p>\n<p>Selon la m\u00eame source, cette troisi\u00e8me op\u00e9ration rev\u00eat un caract\u00e8re particulier avec l'implication de la diaspora s\u00e9n\u00e9galaise install\u00e9e dans plus de 45 pays, aux c\u00f4t\u00e9s d'investisseurs r\u00e9sidents et sous-r\u00e9gionaux. \"<em>Elle constitue l'une des op\u00e9rations les plus inclusives, traduisant la volont\u00e9 partag\u00e9e d'une communaut\u00e9 nationale unie autour de l'effort de d\u00e9veloppement<\/em>\", ajoute le communiqu\u00e9. Qui renseigne : \"<em>A la cl\u00f4ture de la p\u00e9riode de souscription, le montant retenu s'\u00e9l\u00e8ve \u00e0 plus de 450 milliards de francs, pour un objectif initial de 300 milliards de francs Cfa, soit un taux de couverture de plus de 150%<\/em>.\"<\/p>\n<p>\"<em>Cette performance exceptionnelle illustre, une fois de plus, la confiance renouvel\u00e9e des investisseurs dans les perspectives \u00e9conomiques du pays, ainsi que leur volont\u00e9 de contribuer directement \u00e0 l'effort national de d\u00e9veloppement. L'op\u00e9ration a \u00e9t\u00e9 men\u00e9e dans le respect d'une gestion souveraine de la politique budg\u00e9taire et financi\u00e8re de l'Etat, fond\u00e9e sur la rigueur, la transparence et l'absence d'ing\u00e9rences externes, illustrant ainsi la d\u00e9termination du pays \u00e0 affirmer sa pleine autonomie dans la conduite de ses politiques publiques<\/em>\", souligne le communiqu\u00e9 du minist\u00e8re des Finances et du Budget.<\/p>\n<div class='share-to-whatsapp-wrapper'><div class='share-on-whsp'>PARTAGER SUR : <\/div><a data-text='APPEL PUBLIC A L'EPARGNE - Le S\u00e9n\u00e9gal mobilise 450 milliards sur le march\u00e9 r\u00e9gional' data-link='https:\/\/www.nettali.com\/2025\/10\/12\/appel-public-a-lepargne-le-senegal-mobilise-450-milliards-sur-le-marche-regional\/' class='whatsapp-button whatsapp-share'>WhatsApp<\/a><div class='clear '><\/div><\/div>","protected":false},"excerpt":{"rendered":"<p>NETTALI.COM - Un acte 3 r\u00e9ussi. Pour son troisi\u00e8me Appel public \u00e0 l'\u00e9pargne (APE), le S\u00e9n\u00e9gal a mobilis\u00e9 450 milliards de francs Cfa sur le march\u00e9 financier r\u00e9gional. Il d\u00e9passe ainsi l'objectif initial qui \u00e9tait de 300 milliards de francs.\u00a0 450 milliards de francs Cfa. C'est l'enveloppe que le S\u00e9n\u00e9gal vient de mobiliser dans le [&hellip;]<\/p>\n","protected":false},"author":3,"featured_media":162745,"comment_status":"open","ping_status":"open","sticky":false,"template":"","format":"standard","meta":{"_et_pb_use_builder":"","_et_pb_old_content":""},"categories":[4],"tags":[],"yoast_head":"<!-- This site is optimized with the Yoast SEO Premium plugin v17.8 (Yoast SEO v17.8) - https:\/\/yoast.com\/wordpress\/plugins\/seo\/ -->\n<title>APPEL PUBLIC A L&#039;EPARGNE - Le S\u00e9n\u00e9gal mobilise 450 milliards sur le march\u00e9 r\u00e9gional | Nettali.com<\/title>\n<meta name=\"robots\" content=\"index, follow, max-snippet:-1, max-image-preview:large, max-video-preview:-1\" \/>\n<link rel=\"canonical\" href=\"https:\/\/www.nettali.com\/2025\/10\/12\/appel-public-a-lepargne-le-senegal-mobilise-450-milliards-sur-le-marche-regional\/\" \/>\n<meta property=\"og:locale\" content=\"fr_FR\" \/>\n<meta property=\"og:type\" content=\"article\" \/>\n<meta property=\"og:title\" content=\"APPEL PUBLIC A L&#039;EPARGNE - Le S\u00e9n\u00e9gal mobilise 450 milliards sur le march\u00e9 r\u00e9gional\" \/>\n<meta property=\"og:description\" content=\"NETTALI.COM - Un acte 3 r\u00e9ussi. Pour son troisi\u00e8me Appel public \u00e0 l&#039;\u00e9pargne (APE), le S\u00e9n\u00e9gal a mobilis\u00e9 450 milliards de francs Cfa sur le march\u00e9 financier r\u00e9gional. Il d\u00e9passe ainsi l&#039;objectif initial qui \u00e9tait de 300 milliards de francs.\u00a0 450 milliards de francs Cfa. C&#039;est l&#039;enveloppe que le S\u00e9n\u00e9gal vient de mobiliser dans le [&hellip;]\" \/>\n<meta property=\"og:url\" content=\"https:\/\/www.nettali.com\/2025\/10\/12\/appel-public-a-lepargne-le-senegal-mobilise-450-milliards-sur-le-marche-regional\/\" \/>\n<meta property=\"og:site_name\" content=\"Nettali.com\" \/>\n<meta property=\"article:publisher\" content=\"https:\/\/www.facebook.com\/nettalicom\" \/>\n<meta property=\"article:published_time\" content=\"2025-10-12T21:55:11+00:00\" \/>\n<meta property=\"og:image\" content=\"https:\/\/www.nettali.com\/wp-content\/uploads\/2025\/10\/IMG_6932-1024x624-1.jpeg\" \/>\n\t<meta property=\"og:image:width\" content=\"1024\" \/>\n\t<meta property=\"og:image:height\" content=\"624\" \/>\n<meta name=\"twitter:card\" content=\"summary_large_image\" \/>\n<meta name=\"twitter:label1\" content=\"\u00c9crit par\" \/>\n\t<meta name=\"twitter:data1\" content=\"Moustapha\" \/>\n\t<meta name=\"twitter:label2\" content=\"Dur\u00e9e de lecture estim\u00e9e\" \/>\n\t<meta name=\"twitter:data2\" content=\"2 minutes\" \/>\n<script type=\"application\/ld+json\" class=\"yoast-schema-graph\">{\"@context\":\"https:\/\/schema.org\",\"@graph\":[{\"@type\":\"WebSite\",\"@id\":\"https:\/\/www.nettali.com\/#website\",\"url\":\"https:\/\/www.nettali.com\/\",\"name\":\"Nettali.com\",\"description\":\"Le rendez-vous critique du Net\",\"potentialAction\":[{\"@type\":\"SearchAction\",\"target\":{\"@type\":\"EntryPoint\",\"urlTemplate\":\"https:\/\/www.nettali.com\/?s={search_term_string}\"},\"query-input\":\"required name=search_term_string\"}],\"inLanguage\":\"fr-FR\"},{\"@type\":\"ImageObject\",\"@id\":\"https:\/\/www.nettali.com\/2025\/10\/12\/appel-public-a-lepargne-le-senegal-mobilise-450-milliards-sur-le-marche-regional\/#primaryimage\",\"inLanguage\":\"fr-FR\",\"url\":\"https:\/\/www.nettali.com\/wp-content\/uploads\/2025\/10\/IMG_6932-1024x624-1.jpeg\",\"contentUrl\":\"https:\/\/www.nettali.com\/wp-content\/uploads\/2025\/10\/IMG_6932-1024x624-1.jpeg\",\"width\":1024,\"height\":624},{\"@type\":\"WebPage\",\"@id\":\"https:\/\/www.nettali.com\/2025\/10\/12\/appel-public-a-lepargne-le-senegal-mobilise-450-milliards-sur-le-marche-regional\/#webpage\",\"url\":\"https:\/\/www.nettali.com\/2025\/10\/12\/appel-public-a-lepargne-le-senegal-mobilise-450-milliards-sur-le-marche-regional\/\",\"name\":\"APPEL PUBLIC A L'EPARGNE - Le S\\u00e9n\\u00e9gal mobilise 450 milliards sur le march\\u00e9 r\\u00e9gional | Nettali.com\",\"isPartOf\":{\"@id\":\"https:\/\/www.nettali.com\/#website\"},\"primaryImageOfPage\":{\"@id\":\"https:\/\/www.nettali.com\/2025\/10\/12\/appel-public-a-lepargne-le-senegal-mobilise-450-milliards-sur-le-marche-regional\/#primaryimage\"},\"datePublished\":\"2025-10-12T21:55:11+00:00\",\"dateModified\":\"2025-10-12T21:55:11+00:00\",\"author\":{\"@id\":\"https:\/\/www.nettali.com\/#\/schema\/person\/7962a12a6e0267f88f0ffa544c36469a\"},\"breadcrumb\":{\"@id\":\"https:\/\/www.nettali.com\/2025\/10\/12\/appel-public-a-lepargne-le-senegal-mobilise-450-milliards-sur-le-marche-regional\/#breadcrumb\"},\"inLanguage\":\"fr-FR\",\"potentialAction\":[{\"@type\":\"ReadAction\",\"target\":[\"https:\/\/www.nettali.com\/2025\/10\/12\/appel-public-a-lepargne-le-senegal-mobilise-450-milliards-sur-le-marche-regional\/\"]}]},{\"@type\":\"BreadcrumbList\",\"@id\":\"https:\/\/www.nettali.com\/2025\/10\/12\/appel-public-a-lepargne-le-senegal-mobilise-450-milliards-sur-le-marche-regional\/#breadcrumb\",\"itemListElement\":[{\"@type\":\"ListItem\",\"position\":1,\"name\":\"Accueil\",\"item\":\"https:\/\/www.nettali.com\/\"},{\"@type\":\"ListItem\",\"position\":2,\"name\":\"APPEL PUBLIC A L'EPARGNE - Le S\\u00e9n\\u00e9gal mobilise 450 milliards sur le march\\u00e9 r\\u00e9gional\"}]},{\"@type\":\"Person\",\"@id\":\"https:\/\/www.nettali.com\/#\/schema\/person\/7962a12a6e0267f88f0ffa544c36469a\",\"name\":\"Moustapha\",\"image\":{\"@type\":\"ImageObject\",\"@id\":\"https:\/\/www.nettali.com\/#personlogo\",\"inLanguage\":\"fr-FR\",\"url\":\"https:\/\/secure.gravatar.com\/avatar\/10fdf6a071cccdcf374e3dbe45159590?s=96&d=mm&r=g\",\"contentUrl\":\"https:\/\/secure.gravatar.com\/avatar\/10fdf6a071cccdcf374e3dbe45159590?s=96&d=mm&r=g\",\"caption\":\"Moustapha\"},\"sameAs\":[\"https:\/\/www.nettali.com\"]}]}<\/script>\n<!-- \/ Yoast SEO Premium plugin. -->","yoast_head_json":{"title":"APPEL PUBLIC A L'EPARGNE - Le S\u00e9n\u00e9gal mobilise 450 milliards sur le march\u00e9 r\u00e9gional | Nettali.com","robots":{"index":"index","follow":"follow","max-snippet":"max-snippet:-1","max-image-preview":"max-image-preview:large","max-video-preview":"max-video-preview:-1"},"canonical":"https:\/\/www.nettali.com\/2025\/10\/12\/appel-public-a-lepargne-le-senegal-mobilise-450-milliards-sur-le-marche-regional\/","og_locale":"fr_FR","og_type":"article","og_title":"APPEL PUBLIC A L'EPARGNE - Le S\u00e9n\u00e9gal mobilise 450 milliards sur le march\u00e9 r\u00e9gional","og_description":"NETTALI.COM - Un acte 3 r\u00e9ussi. Pour son troisi\u00e8me Appel public \u00e0 l'\u00e9pargne (APE), le S\u00e9n\u00e9gal a mobilis\u00e9 450 milliards de francs Cfa sur le march\u00e9 financier r\u00e9gional. Il d\u00e9passe ainsi l'objectif initial qui \u00e9tait de 300 milliards de francs.\u00a0 450 milliards de francs Cfa. C'est l'enveloppe que le S\u00e9n\u00e9gal vient de mobiliser dans le [&hellip;]","og_url":"https:\/\/www.nettali.com\/2025\/10\/12\/appel-public-a-lepargne-le-senegal-mobilise-450-milliards-sur-le-marche-regional\/","og_site_name":"Nettali.com","article_publisher":"https:\/\/www.facebook.com\/nettalicom","article_published_time":"2025-10-12T21:55:11+00:00","og_image":[{"width":1024,"height":624,"url":"https:\/\/www.nettali.com\/wp-content\/uploads\/2025\/10\/IMG_6932-1024x624-1.jpeg","type":"image\/jpeg"}],"twitter_card":"summary_large_image","twitter_misc":{"\u00c9crit par":"Moustapha","Dur\u00e9e de lecture estim\u00e9e":"2 minutes"},"schema":{"@context":"https:\/\/schema.org","@graph":[{"@type":"WebSite","@id":"https:\/\/www.nettali.com\/#website","url":"https:\/\/www.nettali.com\/","name":"Nettali.com","description":"Le rendez-vous critique du Net","potentialAction":[{"@type":"SearchAction","target":{"@type":"EntryPoint","urlTemplate":"https:\/\/www.nettali.com\/?s={search_term_string}"},"query-input":"required name=search_term_string"}],"inLanguage":"fr-FR"},{"@type":"ImageObject","@id":"https:\/\/www.nettali.com\/2025\/10\/12\/appel-public-a-lepargne-le-senegal-mobilise-450-milliards-sur-le-marche-regional\/#primaryimage","inLanguage":"fr-FR","url":"https:\/\/www.nettali.com\/wp-content\/uploads\/2025\/10\/IMG_6932-1024x624-1.jpeg","contentUrl":"https:\/\/www.nettali.com\/wp-content\/uploads\/2025\/10\/IMG_6932-1024x624-1.jpeg","width":1024,"height":624},{"@type":"WebPage","@id":"https:\/\/www.nettali.com\/2025\/10\/12\/appel-public-a-lepargne-le-senegal-mobilise-450-milliards-sur-le-marche-regional\/#webpage","url":"https:\/\/www.nettali.com\/2025\/10\/12\/appel-public-a-lepargne-le-senegal-mobilise-450-milliards-sur-le-marche-regional\/","name":"APPEL PUBLIC A L'EPARGNE - Le S\u00e9n\u00e9gal mobilise 450 milliards sur le march\u00e9 r\u00e9gional | Nettali.com","isPartOf":{"@id":"https:\/\/www.nettali.com\/#website"},"primaryImageOfPage":{"@id":"https:\/\/www.nettali.com\/2025\/10\/12\/appel-public-a-lepargne-le-senegal-mobilise-450-milliards-sur-le-marche-regional\/#primaryimage"},"datePublished":"2025-10-12T21:55:11+00:00","dateModified":"2025-10-12T21:55:11+00:00","author":{"@id":"https:\/\/www.nettali.com\/#\/schema\/person\/7962a12a6e0267f88f0ffa544c36469a"},"breadcrumb":{"@id":"https:\/\/www.nettali.com\/2025\/10\/12\/appel-public-a-lepargne-le-senegal-mobilise-450-milliards-sur-le-marche-regional\/#breadcrumb"},"inLanguage":"fr-FR","potentialAction":[{"@type":"ReadAction","target":["https:\/\/www.nettali.com\/2025\/10\/12\/appel-public-a-lepargne-le-senegal-mobilise-450-milliards-sur-le-marche-regional\/"]}]},{"@type":"BreadcrumbList","@id":"https:\/\/www.nettali.com\/2025\/10\/12\/appel-public-a-lepargne-le-senegal-mobilise-450-milliards-sur-le-marche-regional\/#breadcrumb","itemListElement":[{"@type":"ListItem","position":1,"name":"Accueil","item":"https:\/\/www.nettali.com\/"},{"@type":"ListItem","position":2,"name":"APPEL PUBLIC A L'EPARGNE - Le S\u00e9n\u00e9gal mobilise 450 milliards sur le march\u00e9 r\u00e9gional"}]},{"@type":"Person","@id":"https:\/\/www.nettali.com\/#\/schema\/person\/7962a12a6e0267f88f0ffa544c36469a","name":"Moustapha","image":{"@type":"ImageObject","@id":"https:\/\/www.nettali.com\/#personlogo","inLanguage":"fr-FR","url":"https:\/\/secure.gravatar.com\/avatar\/10fdf6a071cccdcf374e3dbe45159590?s=96&d=mm&r=g","contentUrl":"https:\/\/secure.gravatar.com\/avatar\/10fdf6a071cccdcf374e3dbe45159590?s=96&d=mm&r=g","caption":"Moustapha"},"sameAs":["https:\/\/www.nettali.com"]}]}},"_links":{"self":[{"href":"https:\/\/www.nettali.com\/rest\/wp\/v2\/posts\/162744"}],"collection":[{"href":"https:\/\/www.nettali.com\/rest\/wp\/v2\/posts"}],"about":[{"href":"https:\/\/www.nettali.com\/rest\/wp\/v2\/types\/post"}],"author":[{"embeddable":true,"href":"https:\/\/www.nettali.com\/rest\/wp\/v2\/users\/3"}],"replies":[{"embeddable":true,"href":"https:\/\/www.nettali.com\/rest\/wp\/v2\/comments?post=162744"}],"version-history":[{"count":1,"href":"https:\/\/www.nettali.com\/rest\/wp\/v2\/posts\/162744\/revisions"}],"predecessor-version":[{"id":162746,"href":"https:\/\/www.nettali.com\/rest\/wp\/v2\/posts\/162744\/revisions\/162746"}],"wp:featuredmedia":[{"embeddable":true,"href":"https:\/\/www.nettali.com\/rest\/wp\/v2\/media\/162745"}],"wp:attachment":[{"href":"https:\/\/www.nettali.com\/rest\/wp\/v2\/media?parent=162744"}],"wp:term":[{"taxonomy":"category","embeddable":true,"href":"https:\/\/www.nettali.com\/rest\/wp\/v2\/categories?post=162744"},{"taxonomy":"post_tag","embeddable":true,"href":"https:\/\/www.nettali.com\/rest\/wp\/v2\/tags?post=162744"}],"curies":[{"name":"wp","href":"https:\/\/api.w.org\/{rel}","templated":true}]}}