{"id":162728,"date":"2025-10-12T07:03:47","date_gmt":"2025-10-12T07:03:47","guid":{"rendered":"https:\/\/www.nettali.com\/?p=162728"},"modified":"2025-10-12T07:03:47","modified_gmt":"2025-10-12T07:03:47","slug":"terrou-bi-soya-diagne-interpelle-par-la-police-puis-libere-sur-convocation","status":"publish","type":"post","link":"https:\/\/www.nettali.com\/2025\/10\/12\/terrou-bi-soya-diagne-interpelle-par-la-police-puis-libere-sur-convocation\/","title":{"rendered":"TERROU-BI : Soya Diagne interpell\u00e9 par la police puis lib\u00e9r\u00e9 sur convocation"},"content":{"rendered":"<p data-start=\"202\" data-end=\"456\"><strong>NETTALI.COM - Le patron de presse et proche de l\u2019opposition, Soya Diagne, a \u00e9t\u00e9 interpell\u00e9 ce samedi \u00e0 l\u2019h\u00f4tel Terrou-Bi par des agents de la S\u00fbret\u00e9 urbaine du Commissariat central de Dakar, avant d\u2019\u00eatre lib\u00e9r\u00e9 sur convocation.<\/strong><\/p>\n<p data-start=\"458\" data-end=\"771\">Sur sa page Facebook, Soya Diagne est revenu sur les circonstances de son arrestation. <em>\u00ab J\u2019\u00e9tais tranquillement assis avec des amis au Terrou-Bi quand cinq agents m\u2019ont encercl\u00e9 en me demandant si j\u2019\u00e9tais Soya Diagne. Apr\u00e8s confirmation, ils m\u2019ont dit qu\u2019ils avaient re\u00e7u l\u2019ordre de m\u2019emmener \u00bb<\/em>, a-t-il racont\u00e9.<\/p>\n<p data-start=\"773\" data-end=\"1105\">Conduit \u00e0 la S\u00fbret\u00e9 urbaine, le patron de presse explique avoir attendu une trentaine de minutes avant qu\u2019on ne lui remette une convocation pour lundi 13 octobre \u00e0 10 heures, sans qu\u2019on ne lui pr\u00e9cise le motif de cette interpellation. <em>\u00ab Je ne comprends toujours pas ce qui motive un tel agissement \u00bb<\/em>, a-t-il \u00e9crit sur sa page.<\/p>\n<p data-start=\"1107\" data-end=\"1401\">Selon les informations recueillies, cette interpellation fait suite \u00e0 une autosaisine du parquet de Dakar apr\u00e8s la diffusion suppos\u00e9e d\u2019une fausse nouvelle sur les r\u00e9seaux sociaux. Le chef du parquet a ordonn\u00e9 l\u2019ouverture d\u2019une enqu\u00eate, confi\u00e9e aux policiers de la S\u00fbret\u00e9 urbaine.<\/p>\n<p data-start=\"1403\" data-end=\"1569\">Soya Diagne devra se pr\u00e9senter lundi devant les enqu\u00eateurs.<\/p>\n<div class='share-to-whatsapp-wrapper'><div class='share-on-whsp'>PARTAGER SUR : <\/div><a data-text='TERROU-BI : Soya Diagne interpell\u00e9 par la police puis lib\u00e9r\u00e9 sur convocation' data-link='https:\/\/www.nettali.com\/2025\/10\/12\/terrou-bi-soya-diagne-interpelle-par-la-police-puis-libere-sur-convocation\/' class='whatsapp-button whatsapp-share'>WhatsApp<\/a><div class='clear '><\/div><\/div>","protected":false},"excerpt":{"rendered":"<p>NETTALI.COM - Le patron de presse et proche de l\u2019opposition, Soya Diagne, a \u00e9t\u00e9 interpell\u00e9 ce samedi \u00e0 l\u2019h\u00f4tel Terrou-Bi par des agents de la S\u00fbret\u00e9 urbaine du Commissariat central de Dakar, avant d\u2019\u00eatre lib\u00e9r\u00e9 sur convocation. Sur sa page Facebook, Soya Diagne est revenu sur les circonstances de son arrestation. \u00ab J\u2019\u00e9tais tranquillement assis [&hellip;]<\/p>\n","protected":false},"author":4,"featured_media":162729,"comment_status":"open","ping_status":"open","sticky":false,"template":"","format":"standard","meta":{"_et_pb_use_builder":"","_et_pb_old_content":""},"categories":[3],"tags":[],"yoast_head":"<!-- This site is optimized with the Yoast SEO Premium plugin v17.8 (Yoast SEO v17.8) - https:\/\/yoast.com\/wordpress\/plugins\/seo\/ -->\n<title>TERROU-BI : Soya Diagne interpell\u00e9 par la police puis lib\u00e9r\u00e9 sur convocation | Nettali.com<\/title>\n<meta name=\"robots\" content=\"index, follow, max-snippet:-1, max-image-preview:large, max-video-preview:-1\" \/>\n<link rel=\"canonical\" href=\"https:\/\/www.nettali.com\/2025\/10\/12\/terrou-bi-soya-diagne-interpelle-par-la-police-puis-libere-sur-convocation\/\" \/>\n<meta property=\"og:locale\" content=\"fr_FR\" \/>\n<meta property=\"og:type\" content=\"article\" \/>\n<meta property=\"og:title\" content=\"TERROU-BI : Soya Diagne interpell\u00e9 par la police puis lib\u00e9r\u00e9 sur convocation\" \/>\n<meta property=\"og:description\" content=\"NETTALI.COM - Le patron de presse et proche de l\u2019opposition, Soya Diagne, a \u00e9t\u00e9 interpell\u00e9 ce samedi \u00e0 l\u2019h\u00f4tel Terrou-Bi par des agents de la S\u00fbret\u00e9 urbaine du Commissariat central de Dakar, avant d\u2019\u00eatre lib\u00e9r\u00e9 sur convocation. Sur sa page Facebook, Soya Diagne est revenu sur les circonstances de son arrestation. \u00ab J\u2019\u00e9tais tranquillement assis [&hellip;]\" \/>\n<meta property=\"og:url\" content=\"https:\/\/www.nettali.com\/2025\/10\/12\/terrou-bi-soya-diagne-interpelle-par-la-police-puis-libere-sur-convocation\/\" \/>\n<meta property=\"og:site_name\" content=\"Nettali.com\" \/>\n<meta property=\"article:publisher\" content=\"https:\/\/www.facebook.com\/nettalicom\" \/>\n<meta property=\"article:published_time\" content=\"2025-10-12T07:03:47+00:00\" \/>\n<meta property=\"og:image\" content=\"https:\/\/www.nettali.com\/wp-content\/uploads\/2025\/10\/Soya-Diagne.jpg\" \/>\n\t<meta property=\"og:image:width\" content=\"1260\" \/>\n\t<meta property=\"og:image:height\" content=\"800\" \/>\n<meta name=\"twitter:card\" content=\"summary_large_image\" \/>\n<meta name=\"twitter:label1\" content=\"\u00c9crit par\" \/>\n\t<meta name=\"twitter:data1\" content=\"Daouda\" \/>\n\t<meta name=\"twitter:label2\" content=\"Dur\u00e9e de lecture estim\u00e9e\" \/>\n\t<meta name=\"twitter:data2\" content=\"1 minute\" \/>\n<script type=\"application\/ld+json\" class=\"yoast-schema-graph\">{\"@context\":\"https:\/\/schema.org\",\"@graph\":[{\"@type\":\"WebSite\",\"@id\":\"https:\/\/www.nettali.com\/#website\",\"url\":\"https:\/\/www.nettali.com\/\",\"name\":\"Nettali.com\",\"description\":\"Le rendez-vous critique du Net\",\"potentialAction\":[{\"@type\":\"SearchAction\",\"target\":{\"@type\":\"EntryPoint\",\"urlTemplate\":\"https:\/\/www.nettali.com\/?s={search_term_string}\"},\"query-input\":\"required name=search_term_string\"}],\"inLanguage\":\"fr-FR\"},{\"@type\":\"ImageObject\",\"@id\":\"https:\/\/www.nettali.com\/2025\/10\/12\/terrou-bi-soya-diagne-interpelle-par-la-police-puis-libere-sur-convocation\/#primaryimage\",\"inLanguage\":\"fr-FR\",\"url\":\"https:\/\/www.nettali.com\/wp-content\/uploads\/2025\/10\/Soya-Diagne.jpg\",\"contentUrl\":\"https:\/\/www.nettali.com\/wp-content\/uploads\/2025\/10\/Soya-Diagne.jpg\",\"width\":1260,\"height\":800},{\"@type\":\"WebPage\",\"@id\":\"https:\/\/www.nettali.com\/2025\/10\/12\/terrou-bi-soya-diagne-interpelle-par-la-police-puis-libere-sur-convocation\/#webpage\",\"url\":\"https:\/\/www.nettali.com\/2025\/10\/12\/terrou-bi-soya-diagne-interpelle-par-la-police-puis-libere-sur-convocation\/\",\"name\":\"TERROU-BI : Soya Diagne interpell\\u00e9 par la police puis lib\\u00e9r\\u00e9 sur convocation | Nettali.com\",\"isPartOf\":{\"@id\":\"https:\/\/www.nettali.com\/#website\"},\"primaryImageOfPage\":{\"@id\":\"https:\/\/www.nettali.com\/2025\/10\/12\/terrou-bi-soya-diagne-interpelle-par-la-police-puis-libere-sur-convocation\/#primaryimage\"},\"datePublished\":\"2025-10-12T07:03:47+00:00\",\"dateModified\":\"2025-10-12T07:03:47+00:00\",\"author\":{\"@id\":\"https:\/\/www.nettali.com\/#\/schema\/person\/3317e0bb3aa1da309fbf7b2780901bf4\"},\"breadcrumb\":{\"@id\":\"https:\/\/www.nettali.com\/2025\/10\/12\/terrou-bi-soya-diagne-interpelle-par-la-police-puis-libere-sur-convocation\/#breadcrumb\"},\"inLanguage\":\"fr-FR\",\"potentialAction\":[{\"@type\":\"ReadAction\",\"target\":[\"https:\/\/www.nettali.com\/2025\/10\/12\/terrou-bi-soya-diagne-interpelle-par-la-police-puis-libere-sur-convocation\/\"]}]},{\"@type\":\"BreadcrumbList\",\"@id\":\"https:\/\/www.nettali.com\/2025\/10\/12\/terrou-bi-soya-diagne-interpelle-par-la-police-puis-libere-sur-convocation\/#breadcrumb\",\"itemListElement\":[{\"@type\":\"ListItem\",\"position\":1,\"name\":\"Accueil\",\"item\":\"https:\/\/www.nettali.com\/\"},{\"@type\":\"ListItem\",\"position\":2,\"name\":\"TERROU-BI : Soya Diagne interpell\\u00e9 par la police puis lib\\u00e9r\\u00e9 sur convocation\"}]},{\"@type\":\"Person\",\"@id\":\"https:\/\/www.nettali.com\/#\/schema\/person\/3317e0bb3aa1da309fbf7b2780901bf4\",\"name\":\"Daouda\",\"image\":{\"@type\":\"ImageObject\",\"@id\":\"https:\/\/www.nettali.com\/#personlogo\",\"inLanguage\":\"fr-FR\",\"url\":\"https:\/\/secure.gravatar.com\/avatar\/8d143b5a49345098ddcfee1c49c2f47c?s=96&d=mm&r=g\",\"contentUrl\":\"https:\/\/secure.gravatar.com\/avatar\/8d143b5a49345098ddcfee1c49c2f47c?s=96&d=mm&r=g\",\"caption\":\"Daouda\"},\"sameAs\":[\"https:\/\/www.nettali.com\"]}]}<\/script>\n<!-- \/ Yoast SEO Premium plugin. -->","yoast_head_json":{"title":"TERROU-BI : Soya Diagne interpell\u00e9 par la police puis lib\u00e9r\u00e9 sur convocation | Nettali.com","robots":{"index":"index","follow":"follow","max-snippet":"max-snippet:-1","max-image-preview":"max-image-preview:large","max-video-preview":"max-video-preview:-1"},"canonical":"https:\/\/www.nettali.com\/2025\/10\/12\/terrou-bi-soya-diagne-interpelle-par-la-police-puis-libere-sur-convocation\/","og_locale":"fr_FR","og_type":"article","og_title":"TERROU-BI : Soya Diagne interpell\u00e9 par la police puis lib\u00e9r\u00e9 sur convocation","og_description":"NETTALI.COM - Le patron de presse et proche de l\u2019opposition, Soya Diagne, a \u00e9t\u00e9 interpell\u00e9 ce samedi \u00e0 l\u2019h\u00f4tel Terrou-Bi par des agents de la S\u00fbret\u00e9 urbaine du Commissariat central de Dakar, avant d\u2019\u00eatre lib\u00e9r\u00e9 sur convocation. Sur sa page Facebook, Soya Diagne est revenu sur les circonstances de son arrestation. \u00ab J\u2019\u00e9tais tranquillement assis [&hellip;]","og_url":"https:\/\/www.nettali.com\/2025\/10\/12\/terrou-bi-soya-diagne-interpelle-par-la-police-puis-libere-sur-convocation\/","og_site_name":"Nettali.com","article_publisher":"https:\/\/www.facebook.com\/nettalicom","article_published_time":"2025-10-12T07:03:47+00:00","og_image":[{"width":1260,"height":800,"url":"https:\/\/www.nettali.com\/wp-content\/uploads\/2025\/10\/Soya-Diagne.jpg","type":"image\/jpeg"}],"twitter_card":"summary_large_image","twitter_misc":{"\u00c9crit par":"Daouda","Dur\u00e9e de lecture estim\u00e9e":"1 minute"},"schema":{"@context":"https:\/\/schema.org","@graph":[{"@type":"WebSite","@id":"https:\/\/www.nettali.com\/#website","url":"https:\/\/www.nettali.com\/","name":"Nettali.com","description":"Le rendez-vous critique du Net","potentialAction":[{"@type":"SearchAction","target":{"@type":"EntryPoint","urlTemplate":"https:\/\/www.nettali.com\/?s={search_term_string}"},"query-input":"required name=search_term_string"}],"inLanguage":"fr-FR"},{"@type":"ImageObject","@id":"https:\/\/www.nettali.com\/2025\/10\/12\/terrou-bi-soya-diagne-interpelle-par-la-police-puis-libere-sur-convocation\/#primaryimage","inLanguage":"fr-FR","url":"https:\/\/www.nettali.com\/wp-content\/uploads\/2025\/10\/Soya-Diagne.jpg","contentUrl":"https:\/\/www.nettali.com\/wp-content\/uploads\/2025\/10\/Soya-Diagne.jpg","width":1260,"height":800},{"@type":"WebPage","@id":"https:\/\/www.nettali.com\/2025\/10\/12\/terrou-bi-soya-diagne-interpelle-par-la-police-puis-libere-sur-convocation\/#webpage","url":"https:\/\/www.nettali.com\/2025\/10\/12\/terrou-bi-soya-diagne-interpelle-par-la-police-puis-libere-sur-convocation\/","name":"TERROU-BI : Soya Diagne interpell\u00e9 par la police puis lib\u00e9r\u00e9 sur convocation | Nettali.com","isPartOf":{"@id":"https:\/\/www.nettali.com\/#website"},"primaryImageOfPage":{"@id":"https:\/\/www.nettali.com\/2025\/10\/12\/terrou-bi-soya-diagne-interpelle-par-la-police-puis-libere-sur-convocation\/#primaryimage"},"datePublished":"2025-10-12T07:03:47+00:00","dateModified":"2025-10-12T07:03:47+00:00","author":{"@id":"https:\/\/www.nettali.com\/#\/schema\/person\/3317e0bb3aa1da309fbf7b2780901bf4"},"breadcrumb":{"@id":"https:\/\/www.nettali.com\/2025\/10\/12\/terrou-bi-soya-diagne-interpelle-par-la-police-puis-libere-sur-convocation\/#breadcrumb"},"inLanguage":"fr-FR","potentialAction":[{"@type":"ReadAction","target":["https:\/\/www.nettali.com\/2025\/10\/12\/terrou-bi-soya-diagne-interpelle-par-la-police-puis-libere-sur-convocation\/"]}]},{"@type":"BreadcrumbList","@id":"https:\/\/www.nettali.com\/2025\/10\/12\/terrou-bi-soya-diagne-interpelle-par-la-police-puis-libere-sur-convocation\/#breadcrumb","itemListElement":[{"@type":"ListItem","position":1,"name":"Accueil","item":"https:\/\/www.nettali.com\/"},{"@type":"ListItem","position":2,"name":"TERROU-BI : Soya Diagne interpell\u00e9 par la police puis lib\u00e9r\u00e9 sur convocation"}]},{"@type":"Person","@id":"https:\/\/www.nettali.com\/#\/schema\/person\/3317e0bb3aa1da309fbf7b2780901bf4","name":"Daouda","image":{"@type":"ImageObject","@id":"https:\/\/www.nettali.com\/#personlogo","inLanguage":"fr-FR","url":"https:\/\/secure.gravatar.com\/avatar\/8d143b5a49345098ddcfee1c49c2f47c?s=96&d=mm&r=g","contentUrl":"https:\/\/secure.gravatar.com\/avatar\/8d143b5a49345098ddcfee1c49c2f47c?s=96&d=mm&r=g","caption":"Daouda"},"sameAs":["https:\/\/www.nettali.com"]}]}},"_links":{"self":[{"href":"https:\/\/www.nettali.com\/rest\/wp\/v2\/posts\/162728"}],"collection":[{"href":"https:\/\/www.nettali.com\/rest\/wp\/v2\/posts"}],"about":[{"href":"https:\/\/www.nettali.com\/rest\/wp\/v2\/types\/post"}],"author":[{"embeddable":true,"href":"https:\/\/www.nettali.com\/rest\/wp\/v2\/users\/4"}],"replies":[{"embeddable":true,"href":"https:\/\/www.nettali.com\/rest\/wp\/v2\/comments?post=162728"}],"version-history":[{"count":1,"href":"https:\/\/www.nettali.com\/rest\/wp\/v2\/posts\/162728\/revisions"}],"predecessor-version":[{"id":162730,"href":"https:\/\/www.nettali.com\/rest\/wp\/v2\/posts\/162728\/revisions\/162730"}],"wp:featuredmedia":[{"embeddable":true,"href":"https:\/\/www.nettali.com\/rest\/wp\/v2\/media\/162729"}],"wp:attachment":[{"href":"https:\/\/www.nettali.com\/rest\/wp\/v2\/media?parent=162728"}],"wp:term":[{"taxonomy":"category","embeddable":true,"href":"https:\/\/www.nettali.com\/rest\/wp\/v2\/categories?post=162728"},{"taxonomy":"post_tag","embeddable":true,"href":"https:\/\/www.nettali.com\/rest\/wp\/v2\/tags?post=162728"}],"curies":[{"name":"wp","href":"https:\/\/api.w.org\/{rel}","templated":true}]}}