{"id":162725,"date":"2025-10-12T06:55:10","date_gmt":"2025-10-12T06:55:10","guid":{"rendered":"https:\/\/www.nettali.com\/?p=162725"},"modified":"2025-10-12T06:55:10","modified_gmt":"2025-10-12T06:55:10","slug":"mondial-2026-q-edouard-mendy-incertain-face-a-la-mauritanie","status":"publish","type":"post","link":"https:\/\/www.nettali.com\/2025\/10\/12\/mondial-2026-q-edouard-mendy-incertain-face-a-la-mauritanie\/","title":{"rendered":"MONDIAL 2026 (Q) - \u00c9douard Mendy incertain face \u00e0 la Mauritanie"},"content":{"rendered":"<p><strong>NETTALI.COM - Apr\u00e8s le succ\u00e8s 5-0 \u00e0 Juba, le s\u00e9lectionneur a rappel\u00e9 que \"<em>ce n\u2019est pas encore fini. Il reste un match important \u00e0 gagner \u00e0 domicile face \u00e0 la Mauritanie<\/em>\". Mais pour le derby du 14 octobre au Stade Abdoulaye Wade de Diamniadio, Pape Thiaw pourrait ne pas compter sur son gardien titulaire, Edouard Mendy.<\/strong><\/p>\n<p>En premi\u00e8re p\u00e9riode de la rencontre contre le Soudan du Sud, il a re\u00e7u un coup. Malgr\u00e9 tout, il a r\u00e9ussi \u00e0 tenir jusqu\u2019au bout. Par mesure de prudence, une ambulance est venue le chercher \u00e0 la fin de la rencontre pour le conduire \u00e0 l\u2019h\u00f4pital afin de passer un scanner.<\/p>\n<p>Si la nature de la blessure n\u2019est pas encore connue, Mendy risque de manquer la 10\u00e8me et derni\u00e8re journ\u00e9e des \u00e9liminatoires de la Coupe du monde 2026. Un match lors duquel le S\u00e9n\u00e9gal vise au moins le nul pour d\u00e9crocher son ticket pour \"<em>United 2026<\/em>\".<\/p>\n<div class='share-to-whatsapp-wrapper'><div class='share-on-whsp'>PARTAGER SUR : <\/div><a data-text='MONDIAL 2026 (Q) - \u00c9douard Mendy incertain face \u00e0 la Mauritanie' data-link='https:\/\/www.nettali.com\/2025\/10\/12\/mondial-2026-q-edouard-mendy-incertain-face-a-la-mauritanie\/' class='whatsapp-button whatsapp-share'>WhatsApp<\/a><div class='clear '><\/div><\/div>","protected":false},"excerpt":{"rendered":"<p>NETTALI.COM - Apr\u00e8s le succ\u00e8s 5-0 \u00e0 Juba, le s\u00e9lectionneur a rappel\u00e9 que \"ce n\u2019est pas encore fini. Il reste un match important \u00e0 gagner \u00e0 domicile face \u00e0 la Mauritanie\". Mais pour le derby du 14 octobre au Stade Abdoulaye Wade de Diamniadio, Pape Thiaw pourrait ne pas compter sur son gardien titulaire, Edouard [&hellip;]<\/p>\n","protected":false},"author":5,"featured_media":162726,"comment_status":"open","ping_status":"open","sticky":false,"template":"","format":"standard","meta":{"_et_pb_use_builder":"","_et_pb_old_content":""},"categories":[6],"tags":[],"yoast_head":"<!-- This site is optimized with the Yoast SEO Premium plugin v17.8 (Yoast SEO v17.8) - https:\/\/yoast.com\/wordpress\/plugins\/seo\/ -->\n<title>MONDIAL 2026 (Q) - \u00c9douard Mendy incertain face \u00e0 la Mauritanie | Nettali.com<\/title>\n<meta name=\"robots\" content=\"index, follow, max-snippet:-1, max-image-preview:large, max-video-preview:-1\" \/>\n<link rel=\"canonical\" href=\"https:\/\/www.nettali.com\/2025\/10\/12\/mondial-2026-q-edouard-mendy-incertain-face-a-la-mauritanie\/\" \/>\n<meta property=\"og:locale\" content=\"fr_FR\" \/>\n<meta property=\"og:type\" content=\"article\" \/>\n<meta property=\"og:title\" content=\"MONDIAL 2026 (Q) - \u00c9douard Mendy incertain face \u00e0 la Mauritanie\" \/>\n<meta property=\"og:description\" content=\"NETTALI.COM - Apr\u00e8s le succ\u00e8s 5-0 \u00e0 Juba, le s\u00e9lectionneur a rappel\u00e9 que &quot;ce n\u2019est pas encore fini. Il reste un match important \u00e0 gagner \u00e0 domicile face \u00e0 la Mauritanie&quot;. Mais pour le derby du 14 octobre au Stade Abdoulaye Wade de Diamniadio, Pape Thiaw pourrait ne pas compter sur son gardien titulaire, Edouard [&hellip;]\" \/>\n<meta property=\"og:url\" content=\"https:\/\/www.nettali.com\/2025\/10\/12\/mondial-2026-q-edouard-mendy-incertain-face-a-la-mauritanie\/\" \/>\n<meta property=\"og:site_name\" content=\"Nettali.com\" \/>\n<meta property=\"article:publisher\" content=\"https:\/\/www.facebook.com\/nettalicom\" \/>\n<meta property=\"article:published_time\" content=\"2025-10-12T06:55:10+00:00\" \/>\n<meta property=\"og:image\" content=\"https:\/\/www.nettali.com\/wp-content\/uploads\/2025\/10\/2022-11-21T000000Z_1383773269_UP1EIBL16SUYB_RTRMADP_3_SOCCER-WORLDCUP-SEN-NLD-REPORT_11_14_56_273-scaled.jpeg\" \/>\n\t<meta property=\"og:image:width\" content=\"2560\" \/>\n\t<meta property=\"og:image:height\" content=\"1440\" \/>\n<meta name=\"twitter:card\" content=\"summary_large_image\" \/>\n<meta name=\"twitter:label1\" content=\"\u00c9crit par\" \/>\n\t<meta name=\"twitter:data1\" content=\"Ibrahima\" \/>\n\t<meta name=\"twitter:label2\" content=\"Dur\u00e9e de lecture estim\u00e9e\" \/>\n\t<meta name=\"twitter:data2\" content=\"1 minute\" \/>\n<script type=\"application\/ld+json\" class=\"yoast-schema-graph\">{\"@context\":\"https:\/\/schema.org\",\"@graph\":[{\"@type\":\"WebSite\",\"@id\":\"https:\/\/www.nettali.com\/#website\",\"url\":\"https:\/\/www.nettali.com\/\",\"name\":\"Nettali.com\",\"description\":\"Le rendez-vous critique du Net\",\"potentialAction\":[{\"@type\":\"SearchAction\",\"target\":{\"@type\":\"EntryPoint\",\"urlTemplate\":\"https:\/\/www.nettali.com\/?s={search_term_string}\"},\"query-input\":\"required name=search_term_string\"}],\"inLanguage\":\"fr-FR\"},{\"@type\":\"ImageObject\",\"@id\":\"https:\/\/www.nettali.com\/2025\/10\/12\/mondial-2026-q-edouard-mendy-incertain-face-a-la-mauritanie\/#primaryimage\",\"inLanguage\":\"fr-FR\",\"url\":\"https:\/\/www.nettali.com\/wp-content\/uploads\/2025\/10\/2022-11-21T000000Z_1383773269_UP1EIBL16SUYB_RTRMADP_3_SOCCER-WORLDCUP-SEN-NLD-REPORT_11_14_56_273-scaled.jpeg\",\"contentUrl\":\"https:\/\/www.nettali.com\/wp-content\/uploads\/2025\/10\/2022-11-21T000000Z_1383773269_UP1EIBL16SUYB_RTRMADP_3_SOCCER-WORLDCUP-SEN-NLD-REPORT_11_14_56_273-scaled.jpeg\",\"width\":2560,\"height\":1440,\"caption\":\"Soccer Football - FIFA World Cup Qatar 2022 - Group A - Senegal v Netherlands - Al Thumama Stadium, Doha, Qatar - November 21, 2022 Senegal's Edouard Mendy during the warm up before the match REUTERS\/Dylan Martinez\"},{\"@type\":\"WebPage\",\"@id\":\"https:\/\/www.nettali.com\/2025\/10\/12\/mondial-2026-q-edouard-mendy-incertain-face-a-la-mauritanie\/#webpage\",\"url\":\"https:\/\/www.nettali.com\/2025\/10\/12\/mondial-2026-q-edouard-mendy-incertain-face-a-la-mauritanie\/\",\"name\":\"MONDIAL 2026 (Q) - \\u00c9douard Mendy incertain face \\u00e0 la Mauritanie | Nettali.com\",\"isPartOf\":{\"@id\":\"https:\/\/www.nettali.com\/#website\"},\"primaryImageOfPage\":{\"@id\":\"https:\/\/www.nettali.com\/2025\/10\/12\/mondial-2026-q-edouard-mendy-incertain-face-a-la-mauritanie\/#primaryimage\"},\"datePublished\":\"2025-10-12T06:55:10+00:00\",\"dateModified\":\"2025-10-12T06:55:10+00:00\",\"author\":{\"@id\":\"https:\/\/www.nettali.com\/#\/schema\/person\/bb147657c2986240405a608162b9bb23\"},\"breadcrumb\":{\"@id\":\"https:\/\/www.nettali.com\/2025\/10\/12\/mondial-2026-q-edouard-mendy-incertain-face-a-la-mauritanie\/#breadcrumb\"},\"inLanguage\":\"fr-FR\",\"potentialAction\":[{\"@type\":\"ReadAction\",\"target\":[\"https:\/\/www.nettali.com\/2025\/10\/12\/mondial-2026-q-edouard-mendy-incertain-face-a-la-mauritanie\/\"]}]},{\"@type\":\"BreadcrumbList\",\"@id\":\"https:\/\/www.nettali.com\/2025\/10\/12\/mondial-2026-q-edouard-mendy-incertain-face-a-la-mauritanie\/#breadcrumb\",\"itemListElement\":[{\"@type\":\"ListItem\",\"position\":1,\"name\":\"Accueil\",\"item\":\"https:\/\/www.nettali.com\/\"},{\"@type\":\"ListItem\",\"position\":2,\"name\":\"MONDIAL 2026 (Q) - \\u00c9douard Mendy incertain face \\u00e0 la Mauritanie\"}]},{\"@type\":\"Person\",\"@id\":\"https:\/\/www.nettali.com\/#\/schema\/person\/bb147657c2986240405a608162b9bb23\",\"name\":\"Ibrahima\",\"image\":{\"@type\":\"ImageObject\",\"@id\":\"https:\/\/www.nettali.com\/#personlogo\",\"inLanguage\":\"fr-FR\",\"url\":\"https:\/\/secure.gravatar.com\/avatar\/26a8a81f09f0dd7624c9d5c36c9ba3a2?s=96&d=mm&r=g\",\"contentUrl\":\"https:\/\/secure.gravatar.com\/avatar\/26a8a81f09f0dd7624c9d5c36c9ba3a2?s=96&d=mm&r=g\",\"caption\":\"Ibrahima\"},\"sameAs\":[\"https:\/\/www.nettali.com\"]}]}<\/script>\n<!-- \/ Yoast SEO Premium plugin. -->","yoast_head_json":{"title":"MONDIAL 2026 (Q) - \u00c9douard Mendy incertain face \u00e0 la Mauritanie | Nettali.com","robots":{"index":"index","follow":"follow","max-snippet":"max-snippet:-1","max-image-preview":"max-image-preview:large","max-video-preview":"max-video-preview:-1"},"canonical":"https:\/\/www.nettali.com\/2025\/10\/12\/mondial-2026-q-edouard-mendy-incertain-face-a-la-mauritanie\/","og_locale":"fr_FR","og_type":"article","og_title":"MONDIAL 2026 (Q) - \u00c9douard Mendy incertain face \u00e0 la Mauritanie","og_description":"NETTALI.COM - Apr\u00e8s le succ\u00e8s 5-0 \u00e0 Juba, le s\u00e9lectionneur a rappel\u00e9 que \"ce n\u2019est pas encore fini. Il reste un match important \u00e0 gagner \u00e0 domicile face \u00e0 la Mauritanie\". Mais pour le derby du 14 octobre au Stade Abdoulaye Wade de Diamniadio, Pape Thiaw pourrait ne pas compter sur son gardien titulaire, Edouard [&hellip;]","og_url":"https:\/\/www.nettali.com\/2025\/10\/12\/mondial-2026-q-edouard-mendy-incertain-face-a-la-mauritanie\/","og_site_name":"Nettali.com","article_publisher":"https:\/\/www.facebook.com\/nettalicom","article_published_time":"2025-10-12T06:55:10+00:00","og_image":[{"width":2560,"height":1440,"url":"https:\/\/www.nettali.com\/wp-content\/uploads\/2025\/10\/2022-11-21T000000Z_1383773269_UP1EIBL16SUYB_RTRMADP_3_SOCCER-WORLDCUP-SEN-NLD-REPORT_11_14_56_273-scaled.jpeg","type":"image\/jpeg"}],"twitter_card":"summary_large_image","twitter_misc":{"\u00c9crit par":"Ibrahima","Dur\u00e9e de lecture estim\u00e9e":"1 minute"},"schema":{"@context":"https:\/\/schema.org","@graph":[{"@type":"WebSite","@id":"https:\/\/www.nettali.com\/#website","url":"https:\/\/www.nettali.com\/","name":"Nettali.com","description":"Le rendez-vous critique du Net","potentialAction":[{"@type":"SearchAction","target":{"@type":"EntryPoint","urlTemplate":"https:\/\/www.nettali.com\/?s={search_term_string}"},"query-input":"required name=search_term_string"}],"inLanguage":"fr-FR"},{"@type":"ImageObject","@id":"https:\/\/www.nettali.com\/2025\/10\/12\/mondial-2026-q-edouard-mendy-incertain-face-a-la-mauritanie\/#primaryimage","inLanguage":"fr-FR","url":"https:\/\/www.nettali.com\/wp-content\/uploads\/2025\/10\/2022-11-21T000000Z_1383773269_UP1EIBL16SUYB_RTRMADP_3_SOCCER-WORLDCUP-SEN-NLD-REPORT_11_14_56_273-scaled.jpeg","contentUrl":"https:\/\/www.nettali.com\/wp-content\/uploads\/2025\/10\/2022-11-21T000000Z_1383773269_UP1EIBL16SUYB_RTRMADP_3_SOCCER-WORLDCUP-SEN-NLD-REPORT_11_14_56_273-scaled.jpeg","width":2560,"height":1440,"caption":"Soccer Football - FIFA World Cup Qatar 2022 - Group A - Senegal v Netherlands - Al Thumama Stadium, Doha, Qatar - November 21, 2022 Senegal's Edouard Mendy during the warm up before the match REUTERS\/Dylan Martinez"},{"@type":"WebPage","@id":"https:\/\/www.nettali.com\/2025\/10\/12\/mondial-2026-q-edouard-mendy-incertain-face-a-la-mauritanie\/#webpage","url":"https:\/\/www.nettali.com\/2025\/10\/12\/mondial-2026-q-edouard-mendy-incertain-face-a-la-mauritanie\/","name":"MONDIAL 2026 (Q) - \u00c9douard Mendy incertain face \u00e0 la Mauritanie | Nettali.com","isPartOf":{"@id":"https:\/\/www.nettali.com\/#website"},"primaryImageOfPage":{"@id":"https:\/\/www.nettali.com\/2025\/10\/12\/mondial-2026-q-edouard-mendy-incertain-face-a-la-mauritanie\/#primaryimage"},"datePublished":"2025-10-12T06:55:10+00:00","dateModified":"2025-10-12T06:55:10+00:00","author":{"@id":"https:\/\/www.nettali.com\/#\/schema\/person\/bb147657c2986240405a608162b9bb23"},"breadcrumb":{"@id":"https:\/\/www.nettali.com\/2025\/10\/12\/mondial-2026-q-edouard-mendy-incertain-face-a-la-mauritanie\/#breadcrumb"},"inLanguage":"fr-FR","potentialAction":[{"@type":"ReadAction","target":["https:\/\/www.nettali.com\/2025\/10\/12\/mondial-2026-q-edouard-mendy-incertain-face-a-la-mauritanie\/"]}]},{"@type":"BreadcrumbList","@id":"https:\/\/www.nettali.com\/2025\/10\/12\/mondial-2026-q-edouard-mendy-incertain-face-a-la-mauritanie\/#breadcrumb","itemListElement":[{"@type":"ListItem","position":1,"name":"Accueil","item":"https:\/\/www.nettali.com\/"},{"@type":"ListItem","position":2,"name":"MONDIAL 2026 (Q) - \u00c9douard Mendy incertain face \u00e0 la Mauritanie"}]},{"@type":"Person","@id":"https:\/\/www.nettali.com\/#\/schema\/person\/bb147657c2986240405a608162b9bb23","name":"Ibrahima","image":{"@type":"ImageObject","@id":"https:\/\/www.nettali.com\/#personlogo","inLanguage":"fr-FR","url":"https:\/\/secure.gravatar.com\/avatar\/26a8a81f09f0dd7624c9d5c36c9ba3a2?s=96&d=mm&r=g","contentUrl":"https:\/\/secure.gravatar.com\/avatar\/26a8a81f09f0dd7624c9d5c36c9ba3a2?s=96&d=mm&r=g","caption":"Ibrahima"},"sameAs":["https:\/\/www.nettali.com"]}]}},"_links":{"self":[{"href":"https:\/\/www.nettali.com\/rest\/wp\/v2\/posts\/162725"}],"collection":[{"href":"https:\/\/www.nettali.com\/rest\/wp\/v2\/posts"}],"about":[{"href":"https:\/\/www.nettali.com\/rest\/wp\/v2\/types\/post"}],"author":[{"embeddable":true,"href":"https:\/\/www.nettali.com\/rest\/wp\/v2\/users\/5"}],"replies":[{"embeddable":true,"href":"https:\/\/www.nettali.com\/rest\/wp\/v2\/comments?post=162725"}],"version-history":[{"count":1,"href":"https:\/\/www.nettali.com\/rest\/wp\/v2\/posts\/162725\/revisions"}],"predecessor-version":[{"id":162727,"href":"https:\/\/www.nettali.com\/rest\/wp\/v2\/posts\/162725\/revisions\/162727"}],"wp:featuredmedia":[{"embeddable":true,"href":"https:\/\/www.nettali.com\/rest\/wp\/v2\/media\/162726"}],"wp:attachment":[{"href":"https:\/\/www.nettali.com\/rest\/wp\/v2\/media?parent=162725"}],"wp:term":[{"taxonomy":"category","embeddable":true,"href":"https:\/\/www.nettali.com\/rest\/wp\/v2\/categories?post=162725"},{"taxonomy":"post_tag","embeddable":true,"href":"https:\/\/www.nettali.com\/rest\/wp\/v2\/tags?post=162725"}],"curies":[{"name":"wp","href":"https:\/\/api.w.org\/{rel}","templated":true}]}}