{"id":162718,"date":"2025-10-11T13:14:33","date_gmt":"2025-10-11T13:14:33","guid":{"rendered":"https:\/\/www.nettali.com\/?p=162718"},"modified":"2025-10-12T16:07:22","modified_gmt":"2025-10-12T16:07:22","slug":"abaissement-de-la-note-du-senegal-le-ministere-des-finances-denonce-une-evaluation-biaisee-de-moodys","status":"publish","type":"post","link":"https:\/\/www.nettali.com\/2025\/10\/11\/abaissement-de-la-note-du-senegal-le-ministere-des-finances-denonce-une-evaluation-biaisee-de-moodys\/","title":{"rendered":"ABAISSEMENT DE LA NOTE DU S\u00c9N\u00c9GAL -\u00a0 Le minist\u00e8re des Finances d\u00e9nonce une \u00e9valuation \u201cbiais\u00e9e\u201d de Moody\u2019s"},"content":{"rendered":"<p data-start=\"209\" data-end=\"375\"><strong>NETTALI.COM - Le minist\u00e8re des Finances estime que la d\u00e9gradation de la note du S\u00e9n\u00e9gal ne refl\u00e8te pas la r\u00e9alit\u00e9 \u00e9conomique du pays et appelle \u00e0 une analyse plus objective.<\/strong><\/p>\n<p data-start=\"377\" data-end=\"831\">L\u2019\u00c9tat du S\u00e9n\u00e9gal a vivement r\u00e9agi, jeudi 10 octobre, \u00e0 la d\u00e9cision de l\u2019agence de notation Moody\u2019s Investor Services d\u2019abaisser la note souveraine du pays de B3 \u00e0 Caa1, tout en maintenant une perspective inchang\u00e9e.<br data-start=\"600\" data-end=\"603\" \/>Dans un communiqu\u00e9 transmis \u00e0 la presse, le minist\u00e8re des Finances et du Budget dit avoir pris connaissance de cette d\u00e9cision <em>\u00ab avec regret \u00bb<\/em>, la jugeant <em>\u00ab fond\u00e9e sur des hypoth\u00e8ses sp\u00e9culatives, subjectives et biais\u00e9es \u00bb.<\/em><\/p>\n<p data-start=\"833\" data-end=\"1080\">Le d\u00e9partement dirig\u00e9 par Cheikh Diba estime que cette notation \u00ab ne refl\u00e8te ni la r\u00e9alit\u00e9 des fondamentaux \u00e9conomiques du S\u00e9n\u00e9gal, ni les efforts entrepris pour consolider la stabilit\u00e9 budg\u00e9taire et renforcer la soutenabilit\u00e9 de la dette \u00bb.<\/p>\n<h3 data-start=\"1082\" data-end=\"1127\"><strong data-start=\"1086\" data-end=\"1127\">Un plan de redressement d\u00e9j\u00e0 en cours<\/strong><\/h3>\n<p data-start=\"1128\" data-end=\"1472\">Le communiqu\u00e9 rappelle que le gouvernement a engag\u00e9 plusieurs r\u00e9formes dans le cadre du Plan de Redressement \u00c9conomique et Social (PRES), d\u00e9j\u00e0 en cours d\u2019ex\u00e9cution. Parmi les mesures cit\u00e9es figurent la r\u00e9vision du Code des imp\u00f4ts, l\u2019adoption d\u2019un nouveau Code des investissements et une rationalisation des d\u00e9penses publiques.<\/p>\n<p data-start=\"1474\" data-end=\"1800\">Le minist\u00e8re d\u00e9plore que Moody\u2019s ait pris sa d\u00e9cision sur la base de <em>\u00ab justifications partielles et pr\u00e9matur\u00e9es \u00bb<\/em>, s\u2019appuyant sur des sources \u00ab non d\u00e9voil\u00e9es \u00bb.<br data-start=\"1634\" data-end=\"1637\" \/><em>\u00ab De telles initiatives hasardeuses viennent confirmer la ligne de conduite douteuse de Moody\u2019s envers le S\u00e9n\u00e9gal depuis plusieurs mois \u00bb<\/em>, affirme le communiqu\u00e9.<\/p>\n<h3 data-start=\"1802\" data-end=\"1840\"><strong data-start=\"1806\" data-end=\"1840\">Des fondamentaux jug\u00e9s solides<\/strong><\/h3>\n<p data-start=\"1841\" data-end=\"2166\">Contrairement \u00e0 l\u2019\u00e9valuation de Moody\u2019s, le minist\u00e8re des Finances met en avant la robustesse des fondamentaux \u00e9conomiques du pays. Celle-ci se traduirait, selon lui, par une mobilisation r\u00e9ussie de financements diversifi\u00e9s, notamment sur le march\u00e9 financier r\u00e9gional, et une ex\u00e9cution budg\u00e9taire ma\u00eetris\u00e9e.<\/p>\n<p data-start=\"2168\" data-end=\"2427\">Le communiqu\u00e9 cite un d\u00e9ficit budg\u00e9taire de 588 milliards de FCFA et un taux d\u2019ex\u00e9cution des recettes de 50 % \u00e0 fin juin 2025, en ligne avec un objectif de d\u00e9ficit de 7,8 % du PIB pour cette ann\u00e9e et une cible de 5 % du PIB \u00e0 l\u2019horizon 2026.<\/p>\n<p data-start=\"2429\" data-end=\"2646\">Le minist\u00e8re souligne \u00e9galement des perspectives de croissance dynamique, port\u00e9es par le d\u00e9veloppement du secteur \u00e9nerg\u00e9tique, la mise en \u0153uvre de r\u00e9formes structurelles et l\u2019am\u00e9lioration du climat des affaires.<\/p>\n<p data-start=\"2699\" data-end=\"2978\">Enfin, le gouvernement appelle Moody\u2019s \u00e0 <em>\u00ab davantage de rigueur, d\u2019objectivit\u00e9 et de responsabilit\u00e9 \u00bb<\/em> dans ses analyses, tout en invitant les partenaires et investisseurs \u00e0 \u00e9valuer la situation r\u00e9elle du S\u00e9n\u00e9gal <em>\u00ab sur la base d\u2019informations fiables et de faits objectifs \u00bb.<\/em><\/p>\n<div class='share-to-whatsapp-wrapper'><div class='share-on-whsp'>PARTAGER SUR : <\/div><a data-text='ABAISSEMENT DE LA NOTE DU S\u00c9N\u00c9GAL -\u00a0 Le minist\u00e8re des Finances d\u00e9nonce une \u00e9valuation \u201cbiais\u00e9e\u201d de Moody\u2019s' data-link='https:\/\/www.nettali.com\/2025\/10\/11\/abaissement-de-la-note-du-senegal-le-ministere-des-finances-denonce-une-evaluation-biaisee-de-moodys\/' class='whatsapp-button whatsapp-share'>WhatsApp<\/a><div class='clear '><\/div><\/div>","protected":false},"excerpt":{"rendered":"<p>NETTALI.COM - Le minist\u00e8re des Finances estime que la d\u00e9gradation de la note du S\u00e9n\u00e9gal ne refl\u00e8te pas la r\u00e9alit\u00e9 \u00e9conomique du pays et appelle \u00e0 une analyse plus objective. L\u2019\u00c9tat du S\u00e9n\u00e9gal a vivement r\u00e9agi, jeudi 10 octobre, \u00e0 la d\u00e9cision de l\u2019agence de notation Moody\u2019s Investor Services d\u2019abaisser la note souveraine du pays [&hellip;]<\/p>\n","protected":false},"author":4,"featured_media":155980,"comment_status":"open","ping_status":"open","sticky":false,"template":"","format":"standard","meta":{"_et_pb_use_builder":"","_et_pb_old_content":""},"categories":[4],"tags":[],"yoast_head":"<!-- This site is optimized with the Yoast SEO Premium plugin v17.8 (Yoast SEO v17.8) - https:\/\/yoast.com\/wordpress\/plugins\/seo\/ -->\n<title>ABAISSEMENT DE LA NOTE DU S\u00c9N\u00c9GAL -\u00a0 Le minist\u00e8re des Finances d\u00e9nonce une \u00e9valuation \u201cbiais\u00e9e\u201d de Moody\u2019s | Nettali.com<\/title>\n<meta name=\"robots\" content=\"index, follow, max-snippet:-1, max-image-preview:large, max-video-preview:-1\" \/>\n<link rel=\"canonical\" href=\"https:\/\/www.nettali.com\/2025\/10\/11\/abaissement-de-la-note-du-senegal-le-ministere-des-finances-denonce-une-evaluation-biaisee-de-moodys\/\" \/>\n<meta property=\"og:locale\" content=\"fr_FR\" \/>\n<meta property=\"og:type\" content=\"article\" \/>\n<meta property=\"og:title\" content=\"ABAISSEMENT DE LA NOTE DU S\u00c9N\u00c9GAL -\u00a0 Le minist\u00e8re des Finances d\u00e9nonce une \u00e9valuation \u201cbiais\u00e9e\u201d de Moody\u2019s\" \/>\n<meta property=\"og:description\" content=\"NETTALI.COM - Le minist\u00e8re des Finances estime que la d\u00e9gradation de la note du S\u00e9n\u00e9gal ne refl\u00e8te pas la r\u00e9alit\u00e9 \u00e9conomique du pays et appelle \u00e0 une analyse plus objective. L\u2019\u00c9tat du S\u00e9n\u00e9gal a vivement r\u00e9agi, jeudi 10 octobre, \u00e0 la d\u00e9cision de l\u2019agence de notation Moody\u2019s Investor Services d\u2019abaisser la note souveraine du pays [&hellip;]\" \/>\n<meta property=\"og:url\" content=\"https:\/\/www.nettali.com\/2025\/10\/11\/abaissement-de-la-note-du-senegal-le-ministere-des-finances-denonce-une-evaluation-biaisee-de-moodys\/\" \/>\n<meta property=\"og:site_name\" content=\"Nettali.com\" \/>\n<meta property=\"article:publisher\" content=\"https:\/\/www.facebook.com\/nettalicom\" \/>\n<meta property=\"article:published_time\" content=\"2025-10-11T13:14:33+00:00\" \/>\n<meta property=\"article:modified_time\" content=\"2025-10-12T16:07:22+00:00\" \/>\n<meta property=\"og:image\" content=\"https:\/\/www.nettali.com\/wp-content\/uploads\/2025\/06\/Cheikh-Diba.jpg\" \/>\n\t<meta property=\"og:image:width\" content=\"600\" \/>\n\t<meta property=\"og:image:height\" content=\"390\" \/>\n<meta name=\"twitter:card\" content=\"summary_large_image\" \/>\n<meta name=\"twitter:label1\" content=\"\u00c9crit par\" \/>\n\t<meta name=\"twitter:data1\" content=\"Daouda\" \/>\n\t<meta name=\"twitter:label2\" content=\"Dur\u00e9e de lecture estim\u00e9e\" \/>\n\t<meta name=\"twitter:data2\" content=\"3 minutes\" \/>\n<script type=\"application\/ld+json\" class=\"yoast-schema-graph\">{\"@context\":\"https:\/\/schema.org\",\"@graph\":[{\"@type\":\"WebSite\",\"@id\":\"https:\/\/www.nettali.com\/#website\",\"url\":\"https:\/\/www.nettali.com\/\",\"name\":\"Nettali.com\",\"description\":\"Le rendez-vous critique du Net\",\"potentialAction\":[{\"@type\":\"SearchAction\",\"target\":{\"@type\":\"EntryPoint\",\"urlTemplate\":\"https:\/\/www.nettali.com\/?s={search_term_string}\"},\"query-input\":\"required name=search_term_string\"}],\"inLanguage\":\"fr-FR\"},{\"@type\":\"ImageObject\",\"@id\":\"https:\/\/www.nettali.com\/2025\/10\/11\/abaissement-de-la-note-du-senegal-le-ministere-des-finances-denonce-une-evaluation-biaisee-de-moodys\/#primaryimage\",\"inLanguage\":\"fr-FR\",\"url\":\"https:\/\/www.nettali.com\/wp-content\/uploads\/2025\/06\/Cheikh-Diba.jpg\",\"contentUrl\":\"https:\/\/www.nettali.com\/wp-content\/uploads\/2025\/06\/Cheikh-Diba.jpg\",\"width\":600,\"height\":390},{\"@type\":\"WebPage\",\"@id\":\"https:\/\/www.nettali.com\/2025\/10\/11\/abaissement-de-la-note-du-senegal-le-ministere-des-finances-denonce-une-evaluation-biaisee-de-moodys\/#webpage\",\"url\":\"https:\/\/www.nettali.com\/2025\/10\/11\/abaissement-de-la-note-du-senegal-le-ministere-des-finances-denonce-une-evaluation-biaisee-de-moodys\/\",\"name\":\"ABAISSEMENT DE LA NOTE DU S\\u00c9N\\u00c9GAL -\\u00a0 Le minist\\u00e8re des Finances d\\u00e9nonce une \\u00e9valuation \\u201cbiais\\u00e9e\\u201d de Moody\\u2019s | Nettali.com\",\"isPartOf\":{\"@id\":\"https:\/\/www.nettali.com\/#website\"},\"primaryImageOfPage\":{\"@id\":\"https:\/\/www.nettali.com\/2025\/10\/11\/abaissement-de-la-note-du-senegal-le-ministere-des-finances-denonce-une-evaluation-biaisee-de-moodys\/#primaryimage\"},\"datePublished\":\"2025-10-11T13:14:33+00:00\",\"dateModified\":\"2025-10-12T16:07:22+00:00\",\"author\":{\"@id\":\"https:\/\/www.nettali.com\/#\/schema\/person\/3317e0bb3aa1da309fbf7b2780901bf4\"},\"breadcrumb\":{\"@id\":\"https:\/\/www.nettali.com\/2025\/10\/11\/abaissement-de-la-note-du-senegal-le-ministere-des-finances-denonce-une-evaluation-biaisee-de-moodys\/#breadcrumb\"},\"inLanguage\":\"fr-FR\",\"potentialAction\":[{\"@type\":\"ReadAction\",\"target\":[\"https:\/\/www.nettali.com\/2025\/10\/11\/abaissement-de-la-note-du-senegal-le-ministere-des-finances-denonce-une-evaluation-biaisee-de-moodys\/\"]}]},{\"@type\":\"BreadcrumbList\",\"@id\":\"https:\/\/www.nettali.com\/2025\/10\/11\/abaissement-de-la-note-du-senegal-le-ministere-des-finances-denonce-une-evaluation-biaisee-de-moodys\/#breadcrumb\",\"itemListElement\":[{\"@type\":\"ListItem\",\"position\":1,\"name\":\"Accueil\",\"item\":\"https:\/\/www.nettali.com\/\"},{\"@type\":\"ListItem\",\"position\":2,\"name\":\"ABAISSEMENT DE LA NOTE DU S\\u00c9N\\u00c9GAL -\\u00a0 Le minist\\u00e8re des Finances d\\u00e9nonce une \\u00e9valuation \\u201cbiais\\u00e9e\\u201d de Moody\\u2019s\"}]},{\"@type\":\"Person\",\"@id\":\"https:\/\/www.nettali.com\/#\/schema\/person\/3317e0bb3aa1da309fbf7b2780901bf4\",\"name\":\"Daouda\",\"image\":{\"@type\":\"ImageObject\",\"@id\":\"https:\/\/www.nettali.com\/#personlogo\",\"inLanguage\":\"fr-FR\",\"url\":\"https:\/\/secure.gravatar.com\/avatar\/8d143b5a49345098ddcfee1c49c2f47c?s=96&d=mm&r=g\",\"contentUrl\":\"https:\/\/secure.gravatar.com\/avatar\/8d143b5a49345098ddcfee1c49c2f47c?s=96&d=mm&r=g\",\"caption\":\"Daouda\"},\"sameAs\":[\"https:\/\/www.nettali.com\"]}]}<\/script>\n<!-- \/ Yoast SEO Premium plugin. -->","yoast_head_json":{"title":"ABAISSEMENT DE LA NOTE DU S\u00c9N\u00c9GAL -\u00a0 Le minist\u00e8re des Finances d\u00e9nonce une \u00e9valuation \u201cbiais\u00e9e\u201d de Moody\u2019s | Nettali.com","robots":{"index":"index","follow":"follow","max-snippet":"max-snippet:-1","max-image-preview":"max-image-preview:large","max-video-preview":"max-video-preview:-1"},"canonical":"https:\/\/www.nettali.com\/2025\/10\/11\/abaissement-de-la-note-du-senegal-le-ministere-des-finances-denonce-une-evaluation-biaisee-de-moodys\/","og_locale":"fr_FR","og_type":"article","og_title":"ABAISSEMENT DE LA NOTE DU S\u00c9N\u00c9GAL -\u00a0 Le minist\u00e8re des Finances d\u00e9nonce une \u00e9valuation \u201cbiais\u00e9e\u201d de Moody\u2019s","og_description":"NETTALI.COM - Le minist\u00e8re des Finances estime que la d\u00e9gradation de la note du S\u00e9n\u00e9gal ne refl\u00e8te pas la r\u00e9alit\u00e9 \u00e9conomique du pays et appelle \u00e0 une analyse plus objective. L\u2019\u00c9tat du S\u00e9n\u00e9gal a vivement r\u00e9agi, jeudi 10 octobre, \u00e0 la d\u00e9cision de l\u2019agence de notation Moody\u2019s Investor Services d\u2019abaisser la note souveraine du pays [&hellip;]","og_url":"https:\/\/www.nettali.com\/2025\/10\/11\/abaissement-de-la-note-du-senegal-le-ministere-des-finances-denonce-une-evaluation-biaisee-de-moodys\/","og_site_name":"Nettali.com","article_publisher":"https:\/\/www.facebook.com\/nettalicom","article_published_time":"2025-10-11T13:14:33+00:00","article_modified_time":"2025-10-12T16:07:22+00:00","og_image":[{"width":600,"height":390,"url":"https:\/\/www.nettali.com\/wp-content\/uploads\/2025\/06\/Cheikh-Diba.jpg","type":"image\/jpeg"}],"twitter_card":"summary_large_image","twitter_misc":{"\u00c9crit par":"Daouda","Dur\u00e9e de lecture estim\u00e9e":"3 minutes"},"schema":{"@context":"https:\/\/schema.org","@graph":[{"@type":"WebSite","@id":"https:\/\/www.nettali.com\/#website","url":"https:\/\/www.nettali.com\/","name":"Nettali.com","description":"Le rendez-vous critique du Net","potentialAction":[{"@type":"SearchAction","target":{"@type":"EntryPoint","urlTemplate":"https:\/\/www.nettali.com\/?s={search_term_string}"},"query-input":"required name=search_term_string"}],"inLanguage":"fr-FR"},{"@type":"ImageObject","@id":"https:\/\/www.nettali.com\/2025\/10\/11\/abaissement-de-la-note-du-senegal-le-ministere-des-finances-denonce-une-evaluation-biaisee-de-moodys\/#primaryimage","inLanguage":"fr-FR","url":"https:\/\/www.nettali.com\/wp-content\/uploads\/2025\/06\/Cheikh-Diba.jpg","contentUrl":"https:\/\/www.nettali.com\/wp-content\/uploads\/2025\/06\/Cheikh-Diba.jpg","width":600,"height":390},{"@type":"WebPage","@id":"https:\/\/www.nettali.com\/2025\/10\/11\/abaissement-de-la-note-du-senegal-le-ministere-des-finances-denonce-une-evaluation-biaisee-de-moodys\/#webpage","url":"https:\/\/www.nettali.com\/2025\/10\/11\/abaissement-de-la-note-du-senegal-le-ministere-des-finances-denonce-une-evaluation-biaisee-de-moodys\/","name":"ABAISSEMENT DE LA NOTE DU S\u00c9N\u00c9GAL -\u00a0 Le minist\u00e8re des Finances d\u00e9nonce une \u00e9valuation \u201cbiais\u00e9e\u201d de Moody\u2019s | Nettali.com","isPartOf":{"@id":"https:\/\/www.nettali.com\/#website"},"primaryImageOfPage":{"@id":"https:\/\/www.nettali.com\/2025\/10\/11\/abaissement-de-la-note-du-senegal-le-ministere-des-finances-denonce-une-evaluation-biaisee-de-moodys\/#primaryimage"},"datePublished":"2025-10-11T13:14:33+00:00","dateModified":"2025-10-12T16:07:22+00:00","author":{"@id":"https:\/\/www.nettali.com\/#\/schema\/person\/3317e0bb3aa1da309fbf7b2780901bf4"},"breadcrumb":{"@id":"https:\/\/www.nettali.com\/2025\/10\/11\/abaissement-de-la-note-du-senegal-le-ministere-des-finances-denonce-une-evaluation-biaisee-de-moodys\/#breadcrumb"},"inLanguage":"fr-FR","potentialAction":[{"@type":"ReadAction","target":["https:\/\/www.nettali.com\/2025\/10\/11\/abaissement-de-la-note-du-senegal-le-ministere-des-finances-denonce-une-evaluation-biaisee-de-moodys\/"]}]},{"@type":"BreadcrumbList","@id":"https:\/\/www.nettali.com\/2025\/10\/11\/abaissement-de-la-note-du-senegal-le-ministere-des-finances-denonce-une-evaluation-biaisee-de-moodys\/#breadcrumb","itemListElement":[{"@type":"ListItem","position":1,"name":"Accueil","item":"https:\/\/www.nettali.com\/"},{"@type":"ListItem","position":2,"name":"ABAISSEMENT DE LA NOTE DU S\u00c9N\u00c9GAL -\u00a0 Le minist\u00e8re des Finances d\u00e9nonce une \u00e9valuation \u201cbiais\u00e9e\u201d de Moody\u2019s"}]},{"@type":"Person","@id":"https:\/\/www.nettali.com\/#\/schema\/person\/3317e0bb3aa1da309fbf7b2780901bf4","name":"Daouda","image":{"@type":"ImageObject","@id":"https:\/\/www.nettali.com\/#personlogo","inLanguage":"fr-FR","url":"https:\/\/secure.gravatar.com\/avatar\/8d143b5a49345098ddcfee1c49c2f47c?s=96&d=mm&r=g","contentUrl":"https:\/\/secure.gravatar.com\/avatar\/8d143b5a49345098ddcfee1c49c2f47c?s=96&d=mm&r=g","caption":"Daouda"},"sameAs":["https:\/\/www.nettali.com"]}]}},"_links":{"self":[{"href":"https:\/\/www.nettali.com\/rest\/wp\/v2\/posts\/162718"}],"collection":[{"href":"https:\/\/www.nettali.com\/rest\/wp\/v2\/posts"}],"about":[{"href":"https:\/\/www.nettali.com\/rest\/wp\/v2\/types\/post"}],"author":[{"embeddable":true,"href":"https:\/\/www.nettali.com\/rest\/wp\/v2\/users\/4"}],"replies":[{"embeddable":true,"href":"https:\/\/www.nettali.com\/rest\/wp\/v2\/comments?post=162718"}],"version-history":[{"count":1,"href":"https:\/\/www.nettali.com\/rest\/wp\/v2\/posts\/162718\/revisions"}],"predecessor-version":[{"id":162719,"href":"https:\/\/www.nettali.com\/rest\/wp\/v2\/posts\/162718\/revisions\/162719"}],"wp:featuredmedia":[{"embeddable":true,"href":"https:\/\/www.nettali.com\/rest\/wp\/v2\/media\/155980"}],"wp:attachment":[{"href":"https:\/\/www.nettali.com\/rest\/wp\/v2\/media?parent=162718"}],"wp:term":[{"taxonomy":"category","embeddable":true,"href":"https:\/\/www.nettali.com\/rest\/wp\/v2\/categories?post=162718"},{"taxonomy":"post_tag","embeddable":true,"href":"https:\/\/www.nettali.com\/rest\/wp\/v2\/tags?post=162718"}],"curies":[{"name":"wp","href":"https:\/\/api.w.org\/{rel}","templated":true}]}}