{"id":162705,"date":"2025-10-11T00:58:20","date_gmt":"2025-10-11T00:58:20","guid":{"rendered":"https:\/\/www.nettali.com\/?p=162705"},"modified":"2025-10-11T00:58:20","modified_gmt":"2025-10-11T00:58:20","slug":"aveu-dincompetence-ou-fuite-de-responsabilite-quand-ahmadou-al-amine-lo-fragilise-la-credibilite-de-la-gouvernance-financiere","status":"publish","type":"post","link":"https:\/\/www.nettali.com\/2025\/10\/11\/aveu-dincompetence-ou-fuite-de-responsabilite-quand-ahmadou-al-amine-lo-fragilise-la-credibilite-de-la-gouvernance-financiere\/","title":{"rendered":"\"Aveu d\u2019incomp\u00e9tence ou fuite de responsabilit\u00e9 ? Quand Ahmadou Al Amine L\u00f4 fragilise la cr\u00e9dibilit\u00e9 de la gouvernance financi\u00e8re\""},"content":{"rendered":"<p><strong>CONTRIBUTION -<\/strong> Les r\u00e9centes d\u00e9clarations de M. Ahmadou Al Amine L\u00f4, ancien Directeur national de la BCEAO pour le S\u00e9n\u00e9gal et actuel ministre d\u2019\u00c9tat aupr\u00e8s du pr\u00e9sident Bassirou Diomaye Faye, ont provoqu\u00e9 une onde de choc dans l\u2019opinion publique. Affirmer publiquement que \"<em>nous avons \u00e9t\u00e9 tromp\u00e9s<\/em>\" \u00e0 propos de la politique d\u2019endettement du r\u00e9gime pr\u00e9c\u00e9dent n\u2019est pas un simple acte de transparence, c\u2019est un aveu d\u2019incomp\u00e9tence et une tentative de d\u00e9responsabilisation aux cons\u00e9quences lourdes pour la cr\u00e9dibilit\u00e9 de nos institutions financi\u00e8res.<\/p>\n<p>Pendant plus d\u2019une d\u00e9cennie, M. L\u00f4 a \u00e9t\u00e9 au c\u0153ur du dispositif macro\u00e9conomique ayant soutenu le Plan S\u00e9n\u00e9gal \u00c9mergent (PSE). Il a \u00e9t\u00e9 l\u2019un des visages les plus visibles de la d\u00e9fense du mod\u00e8le \u00e9conomique du r\u00e9gime de Macky Sall, vantant la soutenabilit\u00e9 de la dette et la rigueur budg\u00e9taire suppos\u00e9e de l\u2019\u00c9tat. Si aujourd\u2019hui il reconna\u00eet que les chiffres \u00e9taient fauss\u00e9s, il est impossible de dissocier sa responsabilit\u00e9 de celle des anciens d\u00e9cideurs politiques.<\/p>\n<p>Un haut cadre de la BCEAO, d\u00e9positaire de la rigueur et de la transparence mon\u00e9taire, ne peut pr\u00e9tendre \u00e0 l\u2019ignorance de pratiques irr\u00e9guli\u00e8res aussi syst\u00e9miques. Car si le S\u00e9n\u00e9gal a effectivement dissimul\u00e9 une partie de son endettement, alors c\u2019est toute la cha\u00eene de contr\u00f4le, y compris la repr\u00e9sentation nationale de la Banque Centrale, qui a failli.<\/p>\n<p>Le recours \u00e0 un cabinet externe comme Forvis Mazars pour \u00e9tablir la v\u00e9racit\u00e9 des chiffres actuels souligne \u00e0 quel point la confiance dans les institutions nationales a \u00e9t\u00e9 \u00e9branl\u00e9e. Mais plus inqui\u00e9tant encore, c\u2019est de voir un acteur de premier plan de cette architecture \u00e9conomique vouloir se recycler dans la posture du repenti.<\/p>\n<p>Peut-on s\u00e9rieusement b\u00e2tir la nouvelle gouvernance sur ceux qui hier ont valid\u00e9 les d\u00e9rives qu\u2019ils d\u00e9noncent aujourd\u2019hui ?<br \/>\nEt demain, qui nous dit que le m\u00eame Ahmadou Al Amine L\u00f4 ne reviendra pas affirmer que la Vision 2050 du Projet, pourtant pr\u00e9sent\u00e9e comme la nouvelle boussole du d\u00e9veloppement national, \u00e9tait une erreur, une illusion, un mirage \u00e9conomique, et qu\u2019il a, encore une fois, \u00e9t\u00e9 induit en erreur ?<\/p>\n<p>Ce type de revirement fragilise la coh\u00e9rence de l\u2019action publique et renforce le scepticisme des citoyens envers leurs institutions.<br \/>\nLes S\u00e9n\u00e9galais sont pr\u00eats \u00e0 consentir des efforts pour redresser le pays, mais \u00e0 condition que la gouvernance nouvelle soit fond\u00e9e sur l\u2019exemplarit\u00e9 et la responsabilit\u00e9.<\/p>\n<p>Dans ce contexte, M. Ahmadou Al Amine L\u00f4 doit tirer les cons\u00e9quences de ses propres d\u00e9clarations et pr\u00e9senter sa d\u00e9mission, pour ne pas diluer le sens du sacrifice national que r\u00e9clame le redressement \u00e9conomique.<\/p>\n<p>\u00c0 ce niveau de responsabilit\u00e9, on n\u2019a pas le droit de se tromper deux fois. Quand on a \u00e9t\u00e9 gardien de la rigueur mon\u00e9taire et de la transparence financi\u00e8re, on ne peut pas se r\u00e9fugier derri\u00e8re l\u2019excuse de la tromperie des autres. On assume et on s\u2019efface.<\/p>\n<div class='share-to-whatsapp-wrapper'><div class='share-on-whsp'>PARTAGER SUR : <\/div><a data-text='\"Aveu d\u2019incomp\u00e9tence ou fuite de responsabilit\u00e9 ? Quand Ahmadou Al Amine L\u00f4 fragilise la cr\u00e9dibilit\u00e9 de la gouvernance financi\u00e8re\"' data-link='https:\/\/www.nettali.com\/2025\/10\/11\/aveu-dincompetence-ou-fuite-de-responsabilite-quand-ahmadou-al-amine-lo-fragilise-la-credibilite-de-la-gouvernance-financiere\/' class='whatsapp-button whatsapp-share'>WhatsApp<\/a><div class='clear '><\/div><\/div>","protected":false},"excerpt":{"rendered":"<p>CONTRIBUTION - Les r\u00e9centes d\u00e9clarations de M. Ahmadou Al Amine L\u00f4, ancien Directeur national de la BCEAO pour le S\u00e9n\u00e9gal et actuel ministre d\u2019\u00c9tat aupr\u00e8s du pr\u00e9sident Bassirou Diomaye Faye, ont provoqu\u00e9 une onde de choc dans l\u2019opinion publique. Affirmer publiquement que \"nous avons \u00e9t\u00e9 tromp\u00e9s\" \u00e0 propos de la politique d\u2019endettement du r\u00e9gime pr\u00e9c\u00e9dent [&hellip;]<\/p>\n","protected":false},"author":2,"featured_media":162706,"comment_status":"open","ping_status":"open","sticky":false,"template":"","format":"standard","meta":{"_et_pb_use_builder":"","_et_pb_old_content":""},"categories":[34933,2],"tags":[],"yoast_head":"<!-- This site is optimized with the Yoast SEO Premium plugin v17.8 (Yoast SEO v17.8) - https:\/\/yoast.com\/wordpress\/plugins\/seo\/ -->\n<title>&quot;Aveu d\u2019incomp\u00e9tence ou fuite de responsabilit\u00e9 ? Quand Ahmadou Al Amine L\u00f4 fragilise la cr\u00e9dibilit\u00e9 de la gouvernance financi\u00e8re&quot; | Nettali.com<\/title>\n<meta name=\"robots\" content=\"index, follow, max-snippet:-1, max-image-preview:large, max-video-preview:-1\" \/>\n<link rel=\"canonical\" href=\"https:\/\/www.nettali.com\/2025\/10\/11\/aveu-dincompetence-ou-fuite-de-responsabilite-quand-ahmadou-al-amine-lo-fragilise-la-credibilite-de-la-gouvernance-financiere\/\" \/>\n<meta property=\"og:locale\" content=\"fr_FR\" \/>\n<meta property=\"og:type\" content=\"article\" \/>\n<meta property=\"og:title\" content=\"&quot;Aveu d\u2019incomp\u00e9tence ou fuite de responsabilit\u00e9 ? Quand Ahmadou Al Amine L\u00f4 fragilise la cr\u00e9dibilit\u00e9 de la gouvernance financi\u00e8re&quot;\" \/>\n<meta property=\"og:description\" content=\"CONTRIBUTION - Les r\u00e9centes d\u00e9clarations de M. Ahmadou Al Amine L\u00f4, ancien Directeur national de la BCEAO pour le S\u00e9n\u00e9gal et actuel ministre d\u2019\u00c9tat aupr\u00e8s du pr\u00e9sident Bassirou Diomaye Faye, ont provoqu\u00e9 une onde de choc dans l\u2019opinion publique. Affirmer publiquement que &quot;nous avons \u00e9t\u00e9 tromp\u00e9s&quot; \u00e0 propos de la politique d\u2019endettement du r\u00e9gime pr\u00e9c\u00e9dent [&hellip;]\" \/>\n<meta property=\"og:url\" content=\"https:\/\/www.nettali.com\/2025\/10\/11\/aveu-dincompetence-ou-fuite-de-responsabilite-quand-ahmadou-al-amine-lo-fragilise-la-credibilite-de-la-gouvernance-financiere\/\" \/>\n<meta property=\"og:site_name\" content=\"Nettali.com\" \/>\n<meta property=\"article:publisher\" content=\"https:\/\/www.facebook.com\/nettalicom\" \/>\n<meta property=\"article:published_time\" content=\"2025-10-11T00:58:20+00:00\" \/>\n<meta property=\"og:image\" content=\"https:\/\/www.nettali.com\/wp-content\/uploads\/2025\/10\/cheikh-oumar-sy-1024x853-1.png\" \/>\n\t<meta property=\"og:image:width\" content=\"1024\" \/>\n\t<meta property=\"og:image:height\" content=\"853\" \/>\n<meta name=\"twitter:card\" content=\"summary_large_image\" \/>\n<meta name=\"twitter:label1\" content=\"\u00c9crit par\" \/>\n\t<meta name=\"twitter:data1\" content=\"CK\" \/>\n\t<meta name=\"twitter:label2\" content=\"Dur\u00e9e de lecture estim\u00e9e\" \/>\n\t<meta name=\"twitter:data2\" content=\"3 minutes\" \/>\n<script type=\"application\/ld+json\" class=\"yoast-schema-graph\">{\"@context\":\"https:\/\/schema.org\",\"@graph\":[{\"@type\":\"WebSite\",\"@id\":\"https:\/\/www.nettali.com\/#website\",\"url\":\"https:\/\/www.nettali.com\/\",\"name\":\"Nettali.com\",\"description\":\"Le rendez-vous critique du Net\",\"potentialAction\":[{\"@type\":\"SearchAction\",\"target\":{\"@type\":\"EntryPoint\",\"urlTemplate\":\"https:\/\/www.nettali.com\/?s={search_term_string}\"},\"query-input\":\"required name=search_term_string\"}],\"inLanguage\":\"fr-FR\"},{\"@type\":\"ImageObject\",\"@id\":\"https:\/\/www.nettali.com\/2025\/10\/11\/aveu-dincompetence-ou-fuite-de-responsabilite-quand-ahmadou-al-amine-lo-fragilise-la-credibilite-de-la-gouvernance-financiere\/#primaryimage\",\"inLanguage\":\"fr-FR\",\"url\":\"https:\/\/www.nettali.com\/wp-content\/uploads\/2025\/10\/cheikh-oumar-sy-1024x853-1.png\",\"contentUrl\":\"https:\/\/www.nettali.com\/wp-content\/uploads\/2025\/10\/cheikh-oumar-sy-1024x853-1.png\",\"width\":1024,\"height\":853},{\"@type\":\"WebPage\",\"@id\":\"https:\/\/www.nettali.com\/2025\/10\/11\/aveu-dincompetence-ou-fuite-de-responsabilite-quand-ahmadou-al-amine-lo-fragilise-la-credibilite-de-la-gouvernance-financiere\/#webpage\",\"url\":\"https:\/\/www.nettali.com\/2025\/10\/11\/aveu-dincompetence-ou-fuite-de-responsabilite-quand-ahmadou-al-amine-lo-fragilise-la-credibilite-de-la-gouvernance-financiere\/\",\"name\":\"\\\"Aveu d\\u2019incomp\\u00e9tence ou fuite de responsabilit\\u00e9 ? Quand Ahmadou Al Amine L\\u00f4 fragilise la cr\\u00e9dibilit\\u00e9 de la gouvernance financi\\u00e8re\\\" | Nettali.com\",\"isPartOf\":{\"@id\":\"https:\/\/www.nettali.com\/#website\"},\"primaryImageOfPage\":{\"@id\":\"https:\/\/www.nettali.com\/2025\/10\/11\/aveu-dincompetence-ou-fuite-de-responsabilite-quand-ahmadou-al-amine-lo-fragilise-la-credibilite-de-la-gouvernance-financiere\/#primaryimage\"},\"datePublished\":\"2025-10-11T00:58:20+00:00\",\"dateModified\":\"2025-10-11T00:58:20+00:00\",\"author\":{\"@id\":\"https:\/\/www.nettali.com\/#\/schema\/person\/d8ac7b7e27ddad43f1c0d2ef090d7f71\"},\"breadcrumb\":{\"@id\":\"https:\/\/www.nettali.com\/2025\/10\/11\/aveu-dincompetence-ou-fuite-de-responsabilite-quand-ahmadou-al-amine-lo-fragilise-la-credibilite-de-la-gouvernance-financiere\/#breadcrumb\"},\"inLanguage\":\"fr-FR\",\"potentialAction\":[{\"@type\":\"ReadAction\",\"target\":[\"https:\/\/www.nettali.com\/2025\/10\/11\/aveu-dincompetence-ou-fuite-de-responsabilite-quand-ahmadou-al-amine-lo-fragilise-la-credibilite-de-la-gouvernance-financiere\/\"]}]},{\"@type\":\"BreadcrumbList\",\"@id\":\"https:\/\/www.nettali.com\/2025\/10\/11\/aveu-dincompetence-ou-fuite-de-responsabilite-quand-ahmadou-al-amine-lo-fragilise-la-credibilite-de-la-gouvernance-financiere\/#breadcrumb\",\"itemListElement\":[{\"@type\":\"ListItem\",\"position\":1,\"name\":\"Accueil\",\"item\":\"https:\/\/www.nettali.com\/\"},{\"@type\":\"ListItem\",\"position\":2,\"name\":\"\\\"Aveu d\\u2019incomp\\u00e9tence ou fuite de responsabilit\\u00e9 ? Quand Ahmadou Al Amine L\\u00f4 fragilise la cr\\u00e9dibilit\\u00e9 de la gouvernance financi\\u00e8re\\\"\"}]},{\"@type\":\"Person\",\"@id\":\"https:\/\/www.nettali.com\/#\/schema\/person\/d8ac7b7e27ddad43f1c0d2ef090d7f71\",\"name\":\"CK\",\"image\":{\"@type\":\"ImageObject\",\"@id\":\"https:\/\/www.nettali.com\/#personlogo\",\"inLanguage\":\"fr-FR\",\"url\":\"https:\/\/secure.gravatar.com\/avatar\/1d8d5118b9327d94da7cd4ce7f17fec2?s=96&d=mm&r=g\",\"contentUrl\":\"https:\/\/secure.gravatar.com\/avatar\/1d8d5118b9327d94da7cd4ce7f17fec2?s=96&d=mm&r=g\",\"caption\":\"CK\"},\"sameAs\":[\"https:\/\/www.nettali.com\"]}]}<\/script>\n<!-- \/ Yoast SEO Premium plugin. -->","yoast_head_json":{"title":"\"Aveu d\u2019incomp\u00e9tence ou fuite de responsabilit\u00e9 ? Quand Ahmadou Al Amine L\u00f4 fragilise la cr\u00e9dibilit\u00e9 de la gouvernance financi\u00e8re\" | Nettali.com","robots":{"index":"index","follow":"follow","max-snippet":"max-snippet:-1","max-image-preview":"max-image-preview:large","max-video-preview":"max-video-preview:-1"},"canonical":"https:\/\/www.nettali.com\/2025\/10\/11\/aveu-dincompetence-ou-fuite-de-responsabilite-quand-ahmadou-al-amine-lo-fragilise-la-credibilite-de-la-gouvernance-financiere\/","og_locale":"fr_FR","og_type":"article","og_title":"\"Aveu d\u2019incomp\u00e9tence ou fuite de responsabilit\u00e9 ? Quand Ahmadou Al Amine L\u00f4 fragilise la cr\u00e9dibilit\u00e9 de la gouvernance financi\u00e8re\"","og_description":"CONTRIBUTION - Les r\u00e9centes d\u00e9clarations de M. Ahmadou Al Amine L\u00f4, ancien Directeur national de la BCEAO pour le S\u00e9n\u00e9gal et actuel ministre d\u2019\u00c9tat aupr\u00e8s du pr\u00e9sident Bassirou Diomaye Faye, ont provoqu\u00e9 une onde de choc dans l\u2019opinion publique. Affirmer publiquement que \"nous avons \u00e9t\u00e9 tromp\u00e9s\" \u00e0 propos de la politique d\u2019endettement du r\u00e9gime pr\u00e9c\u00e9dent [&hellip;]","og_url":"https:\/\/www.nettali.com\/2025\/10\/11\/aveu-dincompetence-ou-fuite-de-responsabilite-quand-ahmadou-al-amine-lo-fragilise-la-credibilite-de-la-gouvernance-financiere\/","og_site_name":"Nettali.com","article_publisher":"https:\/\/www.facebook.com\/nettalicom","article_published_time":"2025-10-11T00:58:20+00:00","og_image":[{"width":1024,"height":853,"url":"https:\/\/www.nettali.com\/wp-content\/uploads\/2025\/10\/cheikh-oumar-sy-1024x853-1.png","type":"image\/png"}],"twitter_card":"summary_large_image","twitter_misc":{"\u00c9crit par":"CK","Dur\u00e9e de lecture estim\u00e9e":"3 minutes"},"schema":{"@context":"https:\/\/schema.org","@graph":[{"@type":"WebSite","@id":"https:\/\/www.nettali.com\/#website","url":"https:\/\/www.nettali.com\/","name":"Nettali.com","description":"Le rendez-vous critique du Net","potentialAction":[{"@type":"SearchAction","target":{"@type":"EntryPoint","urlTemplate":"https:\/\/www.nettali.com\/?s={search_term_string}"},"query-input":"required name=search_term_string"}],"inLanguage":"fr-FR"},{"@type":"ImageObject","@id":"https:\/\/www.nettali.com\/2025\/10\/11\/aveu-dincompetence-ou-fuite-de-responsabilite-quand-ahmadou-al-amine-lo-fragilise-la-credibilite-de-la-gouvernance-financiere\/#primaryimage","inLanguage":"fr-FR","url":"https:\/\/www.nettali.com\/wp-content\/uploads\/2025\/10\/cheikh-oumar-sy-1024x853-1.png","contentUrl":"https:\/\/www.nettali.com\/wp-content\/uploads\/2025\/10\/cheikh-oumar-sy-1024x853-1.png","width":1024,"height":853},{"@type":"WebPage","@id":"https:\/\/www.nettali.com\/2025\/10\/11\/aveu-dincompetence-ou-fuite-de-responsabilite-quand-ahmadou-al-amine-lo-fragilise-la-credibilite-de-la-gouvernance-financiere\/#webpage","url":"https:\/\/www.nettali.com\/2025\/10\/11\/aveu-dincompetence-ou-fuite-de-responsabilite-quand-ahmadou-al-amine-lo-fragilise-la-credibilite-de-la-gouvernance-financiere\/","name":"\"Aveu d\u2019incomp\u00e9tence ou fuite de responsabilit\u00e9 ? Quand Ahmadou Al Amine L\u00f4 fragilise la cr\u00e9dibilit\u00e9 de la gouvernance financi\u00e8re\" | Nettali.com","isPartOf":{"@id":"https:\/\/www.nettali.com\/#website"},"primaryImageOfPage":{"@id":"https:\/\/www.nettali.com\/2025\/10\/11\/aveu-dincompetence-ou-fuite-de-responsabilite-quand-ahmadou-al-amine-lo-fragilise-la-credibilite-de-la-gouvernance-financiere\/#primaryimage"},"datePublished":"2025-10-11T00:58:20+00:00","dateModified":"2025-10-11T00:58:20+00:00","author":{"@id":"https:\/\/www.nettali.com\/#\/schema\/person\/d8ac7b7e27ddad43f1c0d2ef090d7f71"},"breadcrumb":{"@id":"https:\/\/www.nettali.com\/2025\/10\/11\/aveu-dincompetence-ou-fuite-de-responsabilite-quand-ahmadou-al-amine-lo-fragilise-la-credibilite-de-la-gouvernance-financiere\/#breadcrumb"},"inLanguage":"fr-FR","potentialAction":[{"@type":"ReadAction","target":["https:\/\/www.nettali.com\/2025\/10\/11\/aveu-dincompetence-ou-fuite-de-responsabilite-quand-ahmadou-al-amine-lo-fragilise-la-credibilite-de-la-gouvernance-financiere\/"]}]},{"@type":"BreadcrumbList","@id":"https:\/\/www.nettali.com\/2025\/10\/11\/aveu-dincompetence-ou-fuite-de-responsabilite-quand-ahmadou-al-amine-lo-fragilise-la-credibilite-de-la-gouvernance-financiere\/#breadcrumb","itemListElement":[{"@type":"ListItem","position":1,"name":"Accueil","item":"https:\/\/www.nettali.com\/"},{"@type":"ListItem","position":2,"name":"\"Aveu d\u2019incomp\u00e9tence ou fuite de responsabilit\u00e9 ? Quand Ahmadou Al Amine L\u00f4 fragilise la cr\u00e9dibilit\u00e9 de la gouvernance financi\u00e8re\""}]},{"@type":"Person","@id":"https:\/\/www.nettali.com\/#\/schema\/person\/d8ac7b7e27ddad43f1c0d2ef090d7f71","name":"CK","image":{"@type":"ImageObject","@id":"https:\/\/www.nettali.com\/#personlogo","inLanguage":"fr-FR","url":"https:\/\/secure.gravatar.com\/avatar\/1d8d5118b9327d94da7cd4ce7f17fec2?s=96&d=mm&r=g","contentUrl":"https:\/\/secure.gravatar.com\/avatar\/1d8d5118b9327d94da7cd4ce7f17fec2?s=96&d=mm&r=g","caption":"CK"},"sameAs":["https:\/\/www.nettali.com"]}]}},"_links":{"self":[{"href":"https:\/\/www.nettali.com\/rest\/wp\/v2\/posts\/162705"}],"collection":[{"href":"https:\/\/www.nettali.com\/rest\/wp\/v2\/posts"}],"about":[{"href":"https:\/\/www.nettali.com\/rest\/wp\/v2\/types\/post"}],"author":[{"embeddable":true,"href":"https:\/\/www.nettali.com\/rest\/wp\/v2\/users\/2"}],"replies":[{"embeddable":true,"href":"https:\/\/www.nettali.com\/rest\/wp\/v2\/comments?post=162705"}],"version-history":[{"count":1,"href":"https:\/\/www.nettali.com\/rest\/wp\/v2\/posts\/162705\/revisions"}],"predecessor-version":[{"id":162707,"href":"https:\/\/www.nettali.com\/rest\/wp\/v2\/posts\/162705\/revisions\/162707"}],"wp:featuredmedia":[{"embeddable":true,"href":"https:\/\/www.nettali.com\/rest\/wp\/v2\/media\/162706"}],"wp:attachment":[{"href":"https:\/\/www.nettali.com\/rest\/wp\/v2\/media?parent=162705"}],"wp:term":[{"taxonomy":"category","embeddable":true,"href":"https:\/\/www.nettali.com\/rest\/wp\/v2\/categories?post=162705"},{"taxonomy":"post_tag","embeddable":true,"href":"https:\/\/www.nettali.com\/rest\/wp\/v2\/tags?post=162705"}],"curies":[{"name":"wp","href":"https:\/\/api.w.org\/{rel}","templated":true}]}}