{"id":162678,"date":"2025-10-11T12:09:48","date_gmt":"2025-10-11T12:09:48","guid":{"rendered":"https:\/\/www.nettali.com\/?p=162678"},"modified":"2025-10-11T12:09:48","modified_gmt":"2025-10-11T12:09:48","slug":"affaire-madiambal-diagne-et-famille-le-cdeps-se-solidarise-et-appelle-au-respect-de-ses-droits-fondamentaux","status":"publish","type":"post","link":"https:\/\/www.nettali.com\/2025\/10\/11\/affaire-madiambal-diagne-et-famille-le-cdeps-se-solidarise-et-appelle-au-respect-de-ses-droits-fondamentaux\/","title":{"rendered":"AFFAIRE MADIAMBAL DIAGNE ET FAMILLE - Le CDEPS se solidarise et appelle au respect de ses droits fondamentaux"},"content":{"rendered":"<p><strong>NETTALI.COM - Le Conseil des \u00e9diteurs et diffuseurs de presse du S\u00e9n\u00e9gal (CDEPS) s\u2019inqui\u00e8te du traitement r\u00e9serv\u00e9 \u00e0 l\u2019ancien pr\u00e9sident de l\u2019organisation, actuellement \u00e9tabli en France.<\/strong><\/p>\n<p data-start=\"410\" data-end=\"681\">Le Conseil des \u00e9diteurs et diffuseurs de presse du S\u00e9n\u00e9gal (CDEPS) a r\u00e9agi \u00e0 la situation de Madiambal Diagne, ancien pr\u00e9sident de l\u2019organisation, faisant part de sa <em>\u00ab profonde inqui\u00e9tude \u00bb<\/em> face aux conditions dans lesquelles le journaliste a quitt\u00e9 le S\u00e9n\u00e9gal.<\/p>\n<p data-start=\"683\" data-end=\"1047\">Dans un communiqu\u00e9 dat\u00e9 du 9 octobre 2025, le CDEPS indique que Madiambal Diagne a quitt\u00e9 le pays <em>\u00ab \u00e0 la suite d\u2019une menace r\u00e9elle d\u2019arrestation \u00bb<\/em>, apr\u00e8s avoir \u00e9t\u00e9 emp\u00each\u00e9 d\u2019embarquer pour la France et convoqu\u00e9 par la police. L\u2019organisation explique que ces circonstances ont conduit le journaliste \u00e0 s\u2019installer en France \u00ab pour y pr\u00e9parer sa d\u00e9fense \u00bb.<\/p>\n<p data-start=\"1049\" data-end=\"1313\">Le CDEPS dit s\u2019\u00e9mouvoir de <em>\u00ab la violence avec laquelle des proc\u00e9dures judiciaires et polici\u00e8res ont \u00e9t\u00e9 engag\u00e9es \u00bb<\/em> contre son ancien pr\u00e9sident, estimant que ces pratiques <em>\u00ab constituent une pr\u00e9occupation inqui\u00e9tante pour la libert\u00e9 des citoyens et de la presse \u00bb<\/em>.<\/p>\n<p data-start=\"1315\" data-end=\"1547\">Le communiqu\u00e9 souligne par ailleurs que les entreprises membres du CDEPS traversent <em>\u00ab des situations \u00e9conomiques difficiles \u00bb<\/em>, aggrav\u00e9es selon lui par <em>\u00ab des mesures injustes et ill\u00e9gales visant \u00e0 saper leur sant\u00e9 financi\u00e8re \u00bb<\/em>.<\/p>\n<p data-start=\"1549\" data-end=\"1671\">Enfin, le Conseil affirme sa solidarit\u00e9 totale avec M. Diagne, lui apportant \u00ab un fort soutien \u00bb dans cette \u00e9preuve.<\/p>\n<div class='share-to-whatsapp-wrapper'><div class='share-on-whsp'>PARTAGER SUR : <\/div><a data-text='AFFAIRE MADIAMBAL DIAGNE ET FAMILLE - Le CDEPS se solidarise et appelle au respect de ses droits fondamentaux' data-link='https:\/\/www.nettali.com\/2025\/10\/11\/affaire-madiambal-diagne-et-famille-le-cdeps-se-solidarise-et-appelle-au-respect-de-ses-droits-fondamentaux\/' class='whatsapp-button whatsapp-share'>WhatsApp<\/a><div class='clear '><\/div><\/div>","protected":false},"excerpt":{"rendered":"<p>NETTALI.COM - Le Conseil des \u00e9diteurs et diffuseurs de presse du S\u00e9n\u00e9gal (CDEPS) s\u2019inqui\u00e8te du traitement r\u00e9serv\u00e9 \u00e0 l\u2019ancien pr\u00e9sident de l\u2019organisation, actuellement \u00e9tabli en France. Le Conseil des \u00e9diteurs et diffuseurs de presse du S\u00e9n\u00e9gal (CDEPS) a r\u00e9agi \u00e0 la situation de Madiambal Diagne, ancien pr\u00e9sident de l\u2019organisation, faisant part de sa \u00ab profonde [&hellip;]<\/p>\n","protected":false},"author":2,"featured_media":162152,"comment_status":"open","ping_status":"open","sticky":false,"template":"","format":"standard","meta":{"_et_pb_use_builder":"","_et_pb_old_content":""},"categories":[3],"tags":[],"yoast_head":"<!-- This site is optimized with the Yoast SEO Premium plugin v17.8 (Yoast SEO v17.8) - https:\/\/yoast.com\/wordpress\/plugins\/seo\/ -->\n<title>AFFAIRE MADIAMBAL DIAGNE ET FAMILLE - Le CDEPS se solidarise et appelle au respect de ses droits fondamentaux | Nettali.com<\/title>\n<meta name=\"robots\" content=\"index, follow, max-snippet:-1, max-image-preview:large, max-video-preview:-1\" \/>\n<link rel=\"canonical\" href=\"https:\/\/www.nettali.com\/2025\/10\/11\/affaire-madiambal-diagne-et-famille-le-cdeps-se-solidarise-et-appelle-au-respect-de-ses-droits-fondamentaux\/\" \/>\n<meta property=\"og:locale\" content=\"fr_FR\" \/>\n<meta property=\"og:type\" content=\"article\" \/>\n<meta property=\"og:title\" content=\"AFFAIRE MADIAMBAL DIAGNE ET FAMILLE - Le CDEPS se solidarise et appelle au respect de ses droits fondamentaux\" \/>\n<meta property=\"og:description\" content=\"NETTALI.COM - Le Conseil des \u00e9diteurs et diffuseurs de presse du S\u00e9n\u00e9gal (CDEPS) s\u2019inqui\u00e8te du traitement r\u00e9serv\u00e9 \u00e0 l\u2019ancien pr\u00e9sident de l\u2019organisation, actuellement \u00e9tabli en France. Le Conseil des \u00e9diteurs et diffuseurs de presse du S\u00e9n\u00e9gal (CDEPS) a r\u00e9agi \u00e0 la situation de Madiambal Diagne, ancien pr\u00e9sident de l\u2019organisation, faisant part de sa \u00ab profonde [&hellip;]\" \/>\n<meta property=\"og:url\" content=\"https:\/\/www.nettali.com\/2025\/10\/11\/affaire-madiambal-diagne-et-famille-le-cdeps-se-solidarise-et-appelle-au-respect-de-ses-droits-fondamentaux\/\" \/>\n<meta property=\"og:site_name\" content=\"Nettali.com\" \/>\n<meta property=\"article:publisher\" content=\"https:\/\/www.facebook.com\/nettalicom\" \/>\n<meta property=\"article:published_time\" content=\"2025-10-11T12:09:48+00:00\" \/>\n<meta property=\"og:image\" content=\"https:\/\/www.nettali.com\/wp-content\/uploads\/2025\/10\/Madiambal-Diagne.jpg\" \/>\n\t<meta property=\"og:image:width\" content=\"1260\" \/>\n\t<meta property=\"og:image:height\" content=\"800\" \/>\n<meta name=\"twitter:card\" content=\"summary_large_image\" \/>\n<meta name=\"twitter:label1\" content=\"\u00c9crit par\" \/>\n\t<meta name=\"twitter:data1\" content=\"CK\" \/>\n\t<meta name=\"twitter:label2\" content=\"Dur\u00e9e de lecture estim\u00e9e\" \/>\n\t<meta name=\"twitter:data2\" content=\"2 minutes\" \/>\n<script type=\"application\/ld+json\" class=\"yoast-schema-graph\">{\"@context\":\"https:\/\/schema.org\",\"@graph\":[{\"@type\":\"WebSite\",\"@id\":\"https:\/\/www.nettali.com\/#website\",\"url\":\"https:\/\/www.nettali.com\/\",\"name\":\"Nettali.com\",\"description\":\"Le rendez-vous critique du Net\",\"potentialAction\":[{\"@type\":\"SearchAction\",\"target\":{\"@type\":\"EntryPoint\",\"urlTemplate\":\"https:\/\/www.nettali.com\/?s={search_term_string}\"},\"query-input\":\"required name=search_term_string\"}],\"inLanguage\":\"fr-FR\"},{\"@type\":\"ImageObject\",\"@id\":\"https:\/\/www.nettali.com\/2025\/10\/11\/affaire-madiambal-diagne-et-famille-le-cdeps-se-solidarise-et-appelle-au-respect-de-ses-droits-fondamentaux\/#primaryimage\",\"inLanguage\":\"fr-FR\",\"url\":\"https:\/\/www.nettali.com\/wp-content\/uploads\/2025\/10\/Madiambal-Diagne.jpg\",\"contentUrl\":\"https:\/\/www.nettali.com\/wp-content\/uploads\/2025\/10\/Madiambal-Diagne.jpg\",\"width\":1260,\"height\":800},{\"@type\":\"WebPage\",\"@id\":\"https:\/\/www.nettali.com\/2025\/10\/11\/affaire-madiambal-diagne-et-famille-le-cdeps-se-solidarise-et-appelle-au-respect-de-ses-droits-fondamentaux\/#webpage\",\"url\":\"https:\/\/www.nettali.com\/2025\/10\/11\/affaire-madiambal-diagne-et-famille-le-cdeps-se-solidarise-et-appelle-au-respect-de-ses-droits-fondamentaux\/\",\"name\":\"AFFAIRE MADIAMBAL DIAGNE ET FAMILLE - Le CDEPS se solidarise et appelle au respect de ses droits fondamentaux | Nettali.com\",\"isPartOf\":{\"@id\":\"https:\/\/www.nettali.com\/#website\"},\"primaryImageOfPage\":{\"@id\":\"https:\/\/www.nettali.com\/2025\/10\/11\/affaire-madiambal-diagne-et-famille-le-cdeps-se-solidarise-et-appelle-au-respect-de-ses-droits-fondamentaux\/#primaryimage\"},\"datePublished\":\"2025-10-11T12:09:48+00:00\",\"dateModified\":\"2025-10-11T12:09:48+00:00\",\"author\":{\"@id\":\"https:\/\/www.nettali.com\/#\/schema\/person\/d8ac7b7e27ddad43f1c0d2ef090d7f71\"},\"breadcrumb\":{\"@id\":\"https:\/\/www.nettali.com\/2025\/10\/11\/affaire-madiambal-diagne-et-famille-le-cdeps-se-solidarise-et-appelle-au-respect-de-ses-droits-fondamentaux\/#breadcrumb\"},\"inLanguage\":\"fr-FR\",\"potentialAction\":[{\"@type\":\"ReadAction\",\"target\":[\"https:\/\/www.nettali.com\/2025\/10\/11\/affaire-madiambal-diagne-et-famille-le-cdeps-se-solidarise-et-appelle-au-respect-de-ses-droits-fondamentaux\/\"]}]},{\"@type\":\"BreadcrumbList\",\"@id\":\"https:\/\/www.nettali.com\/2025\/10\/11\/affaire-madiambal-diagne-et-famille-le-cdeps-se-solidarise-et-appelle-au-respect-de-ses-droits-fondamentaux\/#breadcrumb\",\"itemListElement\":[{\"@type\":\"ListItem\",\"position\":1,\"name\":\"Accueil\",\"item\":\"https:\/\/www.nettali.com\/\"},{\"@type\":\"ListItem\",\"position\":2,\"name\":\"AFFAIRE MADIAMBAL DIAGNE ET FAMILLE - Le CDEPS se solidarise et appelle au respect de ses droits fondamentaux\"}]},{\"@type\":\"Person\",\"@id\":\"https:\/\/www.nettali.com\/#\/schema\/person\/d8ac7b7e27ddad43f1c0d2ef090d7f71\",\"name\":\"CK\",\"image\":{\"@type\":\"ImageObject\",\"@id\":\"https:\/\/www.nettali.com\/#personlogo\",\"inLanguage\":\"fr-FR\",\"url\":\"https:\/\/secure.gravatar.com\/avatar\/1d8d5118b9327d94da7cd4ce7f17fec2?s=96&d=mm&r=g\",\"contentUrl\":\"https:\/\/secure.gravatar.com\/avatar\/1d8d5118b9327d94da7cd4ce7f17fec2?s=96&d=mm&r=g\",\"caption\":\"CK\"},\"sameAs\":[\"https:\/\/www.nettali.com\"]}]}<\/script>\n<!-- \/ Yoast SEO Premium plugin. -->","yoast_head_json":{"title":"AFFAIRE MADIAMBAL DIAGNE ET FAMILLE - Le CDEPS se solidarise et appelle au respect de ses droits fondamentaux | Nettali.com","robots":{"index":"index","follow":"follow","max-snippet":"max-snippet:-1","max-image-preview":"max-image-preview:large","max-video-preview":"max-video-preview:-1"},"canonical":"https:\/\/www.nettali.com\/2025\/10\/11\/affaire-madiambal-diagne-et-famille-le-cdeps-se-solidarise-et-appelle-au-respect-de-ses-droits-fondamentaux\/","og_locale":"fr_FR","og_type":"article","og_title":"AFFAIRE MADIAMBAL DIAGNE ET FAMILLE - Le CDEPS se solidarise et appelle au respect de ses droits fondamentaux","og_description":"NETTALI.COM - Le Conseil des \u00e9diteurs et diffuseurs de presse du S\u00e9n\u00e9gal (CDEPS) s\u2019inqui\u00e8te du traitement r\u00e9serv\u00e9 \u00e0 l\u2019ancien pr\u00e9sident de l\u2019organisation, actuellement \u00e9tabli en France. Le Conseil des \u00e9diteurs et diffuseurs de presse du S\u00e9n\u00e9gal (CDEPS) a r\u00e9agi \u00e0 la situation de Madiambal Diagne, ancien pr\u00e9sident de l\u2019organisation, faisant part de sa \u00ab profonde [&hellip;]","og_url":"https:\/\/www.nettali.com\/2025\/10\/11\/affaire-madiambal-diagne-et-famille-le-cdeps-se-solidarise-et-appelle-au-respect-de-ses-droits-fondamentaux\/","og_site_name":"Nettali.com","article_publisher":"https:\/\/www.facebook.com\/nettalicom","article_published_time":"2025-10-11T12:09:48+00:00","og_image":[{"width":1260,"height":800,"url":"https:\/\/www.nettali.com\/wp-content\/uploads\/2025\/10\/Madiambal-Diagne.jpg","type":"image\/jpeg"}],"twitter_card":"summary_large_image","twitter_misc":{"\u00c9crit par":"CK","Dur\u00e9e de lecture estim\u00e9e":"2 minutes"},"schema":{"@context":"https:\/\/schema.org","@graph":[{"@type":"WebSite","@id":"https:\/\/www.nettali.com\/#website","url":"https:\/\/www.nettali.com\/","name":"Nettali.com","description":"Le rendez-vous critique du Net","potentialAction":[{"@type":"SearchAction","target":{"@type":"EntryPoint","urlTemplate":"https:\/\/www.nettali.com\/?s={search_term_string}"},"query-input":"required name=search_term_string"}],"inLanguage":"fr-FR"},{"@type":"ImageObject","@id":"https:\/\/www.nettali.com\/2025\/10\/11\/affaire-madiambal-diagne-et-famille-le-cdeps-se-solidarise-et-appelle-au-respect-de-ses-droits-fondamentaux\/#primaryimage","inLanguage":"fr-FR","url":"https:\/\/www.nettali.com\/wp-content\/uploads\/2025\/10\/Madiambal-Diagne.jpg","contentUrl":"https:\/\/www.nettali.com\/wp-content\/uploads\/2025\/10\/Madiambal-Diagne.jpg","width":1260,"height":800},{"@type":"WebPage","@id":"https:\/\/www.nettali.com\/2025\/10\/11\/affaire-madiambal-diagne-et-famille-le-cdeps-se-solidarise-et-appelle-au-respect-de-ses-droits-fondamentaux\/#webpage","url":"https:\/\/www.nettali.com\/2025\/10\/11\/affaire-madiambal-diagne-et-famille-le-cdeps-se-solidarise-et-appelle-au-respect-de-ses-droits-fondamentaux\/","name":"AFFAIRE MADIAMBAL DIAGNE ET FAMILLE - Le CDEPS se solidarise et appelle au respect de ses droits fondamentaux | Nettali.com","isPartOf":{"@id":"https:\/\/www.nettali.com\/#website"},"primaryImageOfPage":{"@id":"https:\/\/www.nettali.com\/2025\/10\/11\/affaire-madiambal-diagne-et-famille-le-cdeps-se-solidarise-et-appelle-au-respect-de-ses-droits-fondamentaux\/#primaryimage"},"datePublished":"2025-10-11T12:09:48+00:00","dateModified":"2025-10-11T12:09:48+00:00","author":{"@id":"https:\/\/www.nettali.com\/#\/schema\/person\/d8ac7b7e27ddad43f1c0d2ef090d7f71"},"breadcrumb":{"@id":"https:\/\/www.nettali.com\/2025\/10\/11\/affaire-madiambal-diagne-et-famille-le-cdeps-se-solidarise-et-appelle-au-respect-de-ses-droits-fondamentaux\/#breadcrumb"},"inLanguage":"fr-FR","potentialAction":[{"@type":"ReadAction","target":["https:\/\/www.nettali.com\/2025\/10\/11\/affaire-madiambal-diagne-et-famille-le-cdeps-se-solidarise-et-appelle-au-respect-de-ses-droits-fondamentaux\/"]}]},{"@type":"BreadcrumbList","@id":"https:\/\/www.nettali.com\/2025\/10\/11\/affaire-madiambal-diagne-et-famille-le-cdeps-se-solidarise-et-appelle-au-respect-de-ses-droits-fondamentaux\/#breadcrumb","itemListElement":[{"@type":"ListItem","position":1,"name":"Accueil","item":"https:\/\/www.nettali.com\/"},{"@type":"ListItem","position":2,"name":"AFFAIRE MADIAMBAL DIAGNE ET FAMILLE - Le CDEPS se solidarise et appelle au respect de ses droits fondamentaux"}]},{"@type":"Person","@id":"https:\/\/www.nettali.com\/#\/schema\/person\/d8ac7b7e27ddad43f1c0d2ef090d7f71","name":"CK","image":{"@type":"ImageObject","@id":"https:\/\/www.nettali.com\/#personlogo","inLanguage":"fr-FR","url":"https:\/\/secure.gravatar.com\/avatar\/1d8d5118b9327d94da7cd4ce7f17fec2?s=96&d=mm&r=g","contentUrl":"https:\/\/secure.gravatar.com\/avatar\/1d8d5118b9327d94da7cd4ce7f17fec2?s=96&d=mm&r=g","caption":"CK"},"sameAs":["https:\/\/www.nettali.com"]}]}},"_links":{"self":[{"href":"https:\/\/www.nettali.com\/rest\/wp\/v2\/posts\/162678"}],"collection":[{"href":"https:\/\/www.nettali.com\/rest\/wp\/v2\/posts"}],"about":[{"href":"https:\/\/www.nettali.com\/rest\/wp\/v2\/types\/post"}],"author":[{"embeddable":true,"href":"https:\/\/www.nettali.com\/rest\/wp\/v2\/users\/2"}],"replies":[{"embeddable":true,"href":"https:\/\/www.nettali.com\/rest\/wp\/v2\/comments?post=162678"}],"version-history":[{"count":3,"href":"https:\/\/www.nettali.com\/rest\/wp\/v2\/posts\/162678\/revisions"}],"predecessor-version":[{"id":162717,"href":"https:\/\/www.nettali.com\/rest\/wp\/v2\/posts\/162678\/revisions\/162717"}],"wp:featuredmedia":[{"embeddable":true,"href":"https:\/\/www.nettali.com\/rest\/wp\/v2\/media\/162152"}],"wp:attachment":[{"href":"https:\/\/www.nettali.com\/rest\/wp\/v2\/media?parent=162678"}],"wp:term":[{"taxonomy":"category","embeddable":true,"href":"https:\/\/www.nettali.com\/rest\/wp\/v2\/categories?post=162678"},{"taxonomy":"post_tag","embeddable":true,"href":"https:\/\/www.nettali.com\/rest\/wp\/v2\/tags?post=162678"}],"curies":[{"name":"wp","href":"https:\/\/api.w.org\/{rel}","templated":true}]}}