{"id":162542,"date":"2025-10-08T10:10:22","date_gmt":"2025-10-08T10:10:22","guid":{"rendered":"https:\/\/www.nettali.com\/?p=162542"},"modified":"2025-10-08T08:32:22","modified_gmt":"2025-10-08T08:32:22","slug":"rentree-scolaire-2025-entre-defis-a-relever-et-innovations-majeures","status":"publish","type":"post","link":"https:\/\/www.nettali.com\/2025\/10\/08\/rentree-scolaire-2025-entre-defis-a-relever-et-innovations-majeures\/","title":{"rendered":"RENTREE SCOLAIRE 2025 - Entre d\u00e9fis \u00e0 relever et innovations majeures"},"content":{"rendered":"<p><strong>NETTALI.COM - Le gouvernement a annonc\u00e9 plusieurs mesures pour un d\u00e9marrage effectif des enseignements-apprentissages et un bon d\u00e9roulement de la rentr\u00e9e scolaire, qui a lieu, cette ann\u00e9e, le mercredi 8 octobre. Une rentr\u00e9e scolaire qui va concerner plus de 4,5 millions d\u2019\u00e9l\u00e8ves r\u00e9partis entre le pr\u00e9scolaire l\u2019\u00e9l\u00e9mentaire et l\u2019enseignement moyen, mais aussi l'\u00e9ducation de base, sans oublier les \u00ab daara \u00bb et les autres ordres d\u2019enseignement. Mais, comme chaque ann\u00e9e, les d\u00e9fis \u00e0 relever sont nombreux pour une ann\u00e9e scolaire apais\u00e9e.\u00a0<\/strong><\/p>\n<p>C\u2019est reparti pour une nouvelle ann\u00e9e scolaire ! Ce mercredi 8 octobre, des millions d\u2019\u00e9l\u00e8ves rejoignent les classes. Aussi, le personnel administratif, les autorit\u00e9s locales, les enseignants et autres acteurs de l'\u00e9ducations, se sont-ils mobilis\u00e9s pour un d\u00e9marrage effectif des cours, sans beaucoup de couacs. Mais, entre besoins en personnels enseignants, en infrastructures, acc\u00e8s \u00e0 l\u2019internet, urgences li\u00e9es aux \u00e9difices d\u00e9labr\u00e9s, \u00e9coles encore inond\u00e9es, les d\u00e9fis \u00e0 relever sont nombreux.<\/p>\n<p>Rappelons que dans cette logique de r\u00e9soudre les probl\u00e8mes persistants avant la rentr\u00e9e effective, le pr\u00e9sident de la R\u00e9publique Bassirou Diomaye Faye avait,\u00a0 lors du Conseil des ministres mercredi 1er octobre, demand\u00e9 au Gouvernement de \"<em>mettre en oeuvre toutes les mesures n\u00e9cessaires en vue du respect du calendrier scolaire et du bon d\u00e9roulement des enseignements et apprentissages sur toute l\u2019\u00e9tendue du territoire national<\/em>\". Il avait \u00e9galement rappel\u00e9 au Premier Ministre \u00ab <em>l\u2019urgence d\u2019acc\u00e9l\u00e9rer la mise en oeuvre du programme national de r\u00e9sorption des abris provisoires et de veiller \u00e0 la r\u00e9alisation des constructions et \u00e9quipements scolaires modernes<\/em> \u00bb.<\/p>\n<p>Vendredi 3 octobre, lors du Conseil interminist\u00e9riel sur la rentr\u00e9e scolaire, 32 mesures avaient \u00e9t\u00e9 prises pour une ann\u00e9e scolaire r\u00e9ussie. Parmi les plus urgentes, il y a d\u2019abord la lib\u00e9ration des \u00e9coles occup\u00e9es par les eaux de pluie, la mise \u00e0 disposition de l\u2019eau, de l\u2019\u00e9lectricit\u00e9 et de latrines s\u00e9par\u00e9es pour gar\u00e7ons et filles dans les \u00e9coles.<\/p>\n<p>A noter aussi que pour cette nouvelle rentr\u00e9e scolaire, des innovations majeures ont \u00e9t\u00e9 apport\u00e9es par le nouveau gouvernement. Notamment l\u2019interdiction stricte de l\u2019utilisation des t\u00e9l\u00e9phones portables dans l\u2019enceinte des \u00e9coles, coll\u00e8ges et lyc\u00e9es en est une, l\u2019int\u00e9gration progressive et inclusive de l\u2019intelligence artificielle \u00e0 l\u2019\u00e9cole, la suppression de l\u2019entr\u00e9e en sixi\u00e8me d\u00e8s l\u2019ann\u00e9e scolaire 2025\/2026 a \u00e9galement \u00e9t\u00e9 annonc\u00e9e par les autorit\u00e9s. Une mesure qui vise \u00e0 simplifier le passage au coll\u00e8ge, tout en adoptant de nouveaux dispositifs d\u2019\u00e9valuation.<\/p>\n<p>&nbsp;<\/p>\n<div class='share-to-whatsapp-wrapper'><div class='share-on-whsp'>PARTAGER SUR : <\/div><a data-text='RENTREE SCOLAIRE 2025 - Entre d\u00e9fis \u00e0 relever et innovations majeures' data-link='https:\/\/www.nettali.com\/2025\/10\/08\/rentree-scolaire-2025-entre-defis-a-relever-et-innovations-majeures\/' class='whatsapp-button whatsapp-share'>WhatsApp<\/a><div class='clear '><\/div><\/div>","protected":false},"excerpt":{"rendered":"<p>NETTALI.COM - Le gouvernement a annonc\u00e9 plusieurs mesures pour un d\u00e9marrage effectif des enseignements-apprentissages et un bon d\u00e9roulement de la rentr\u00e9e scolaire, qui a lieu, cette ann\u00e9e, le mercredi 8 octobre. Une rentr\u00e9e scolaire qui va concerner plus de 4,5 millions d\u2019\u00e9l\u00e8ves r\u00e9partis entre le pr\u00e9scolaire l\u2019\u00e9l\u00e9mentaire et l\u2019enseignement moyen, mais aussi l'\u00e9ducation de base, [&hellip;]<\/p>\n","protected":false},"author":2,"featured_media":162543,"comment_status":"open","ping_status":"open","sticky":false,"template":"","format":"standard","meta":{"_et_pb_use_builder":"","_et_pb_old_content":""},"categories":[3],"tags":[],"yoast_head":"<!-- This site is optimized with the Yoast SEO Premium plugin v17.8 (Yoast SEO v17.8) - https:\/\/yoast.com\/wordpress\/plugins\/seo\/ -->\n<title>RENTREE SCOLAIRE 2025 - Entre d\u00e9fis \u00e0 relever et innovations majeures | Nettali.com<\/title>\n<meta name=\"robots\" content=\"index, follow, max-snippet:-1, max-image-preview:large, max-video-preview:-1\" \/>\n<link rel=\"canonical\" href=\"https:\/\/www.nettali.com\/2025\/10\/08\/rentree-scolaire-2025-entre-defis-a-relever-et-innovations-majeures\/\" \/>\n<meta property=\"og:locale\" content=\"fr_FR\" \/>\n<meta property=\"og:type\" content=\"article\" \/>\n<meta property=\"og:title\" content=\"RENTREE SCOLAIRE 2025 - Entre d\u00e9fis \u00e0 relever et innovations majeures\" \/>\n<meta property=\"og:description\" content=\"NETTALI.COM - Le gouvernement a annonc\u00e9 plusieurs mesures pour un d\u00e9marrage effectif des enseignements-apprentissages et un bon d\u00e9roulement de la rentr\u00e9e scolaire, qui a lieu, cette ann\u00e9e, le mercredi 8 octobre. Une rentr\u00e9e scolaire qui va concerner plus de 4,5 millions d\u2019\u00e9l\u00e8ves r\u00e9partis entre le pr\u00e9scolaire l\u2019\u00e9l\u00e9mentaire et l\u2019enseignement moyen, mais aussi l&#039;\u00e9ducation de base, [&hellip;]\" \/>\n<meta property=\"og:url\" content=\"https:\/\/www.nettali.com\/2025\/10\/08\/rentree-scolaire-2025-entre-defis-a-relever-et-innovations-majeures\/\" \/>\n<meta property=\"og:site_name\" content=\"Nettali.com\" \/>\n<meta property=\"article:publisher\" content=\"https:\/\/www.facebook.com\/nettalicom\" \/>\n<meta property=\"article:published_time\" content=\"2025-10-08T10:10:22+00:00\" \/>\n<meta property=\"article:modified_time\" content=\"2025-10-08T08:32:22+00:00\" \/>\n<meta property=\"og:image\" content=\"https:\/\/www.nettali.com\/wp-content\/uploads\/2025\/10\/images-3.jpeg\" \/>\n\t<meta property=\"og:image:width\" content=\"322\" \/>\n\t<meta property=\"og:image:height\" content=\"157\" \/>\n<meta name=\"twitter:card\" content=\"summary_large_image\" \/>\n<meta name=\"twitter:label1\" content=\"\u00c9crit par\" \/>\n\t<meta name=\"twitter:data1\" content=\"CK\" \/>\n\t<meta name=\"twitter:label2\" content=\"Dur\u00e9e de lecture estim\u00e9e\" \/>\n\t<meta name=\"twitter:data2\" content=\"2 minutes\" \/>\n<script type=\"application\/ld+json\" class=\"yoast-schema-graph\">{\"@context\":\"https:\/\/schema.org\",\"@graph\":[{\"@type\":\"WebSite\",\"@id\":\"https:\/\/www.nettali.com\/#website\",\"url\":\"https:\/\/www.nettali.com\/\",\"name\":\"Nettali.com\",\"description\":\"Le rendez-vous critique du Net\",\"potentialAction\":[{\"@type\":\"SearchAction\",\"target\":{\"@type\":\"EntryPoint\",\"urlTemplate\":\"https:\/\/www.nettali.com\/?s={search_term_string}\"},\"query-input\":\"required name=search_term_string\"}],\"inLanguage\":\"fr-FR\"},{\"@type\":\"ImageObject\",\"@id\":\"https:\/\/www.nettali.com\/2025\/10\/08\/rentree-scolaire-2025-entre-defis-a-relever-et-innovations-majeures\/#primaryimage\",\"inLanguage\":\"fr-FR\",\"url\":\"https:\/\/www.nettali.com\/wp-content\/uploads\/2025\/10\/images-3.jpeg\",\"contentUrl\":\"https:\/\/www.nettali.com\/wp-content\/uploads\/2025\/10\/images-3.jpeg\",\"width\":322,\"height\":157},{\"@type\":\"WebPage\",\"@id\":\"https:\/\/www.nettali.com\/2025\/10\/08\/rentree-scolaire-2025-entre-defis-a-relever-et-innovations-majeures\/#webpage\",\"url\":\"https:\/\/www.nettali.com\/2025\/10\/08\/rentree-scolaire-2025-entre-defis-a-relever-et-innovations-majeures\/\",\"name\":\"RENTREE SCOLAIRE 2025 - Entre d\\u00e9fis \\u00e0 relever et innovations majeures | Nettali.com\",\"isPartOf\":{\"@id\":\"https:\/\/www.nettali.com\/#website\"},\"primaryImageOfPage\":{\"@id\":\"https:\/\/www.nettali.com\/2025\/10\/08\/rentree-scolaire-2025-entre-defis-a-relever-et-innovations-majeures\/#primaryimage\"},\"datePublished\":\"2025-10-08T10:10:22+00:00\",\"dateModified\":\"2025-10-08T08:32:22+00:00\",\"author\":{\"@id\":\"https:\/\/www.nettali.com\/#\/schema\/person\/d8ac7b7e27ddad43f1c0d2ef090d7f71\"},\"breadcrumb\":{\"@id\":\"https:\/\/www.nettali.com\/2025\/10\/08\/rentree-scolaire-2025-entre-defis-a-relever-et-innovations-majeures\/#breadcrumb\"},\"inLanguage\":\"fr-FR\",\"potentialAction\":[{\"@type\":\"ReadAction\",\"target\":[\"https:\/\/www.nettali.com\/2025\/10\/08\/rentree-scolaire-2025-entre-defis-a-relever-et-innovations-majeures\/\"]}]},{\"@type\":\"BreadcrumbList\",\"@id\":\"https:\/\/www.nettali.com\/2025\/10\/08\/rentree-scolaire-2025-entre-defis-a-relever-et-innovations-majeures\/#breadcrumb\",\"itemListElement\":[{\"@type\":\"ListItem\",\"position\":1,\"name\":\"Accueil\",\"item\":\"https:\/\/www.nettali.com\/\"},{\"@type\":\"ListItem\",\"position\":2,\"name\":\"RENTREE SCOLAIRE 2025 - Entre d\\u00e9fis \\u00e0 relever et innovations majeures\"}]},{\"@type\":\"Person\",\"@id\":\"https:\/\/www.nettali.com\/#\/schema\/person\/d8ac7b7e27ddad43f1c0d2ef090d7f71\",\"name\":\"CK\",\"image\":{\"@type\":\"ImageObject\",\"@id\":\"https:\/\/www.nettali.com\/#personlogo\",\"inLanguage\":\"fr-FR\",\"url\":\"https:\/\/secure.gravatar.com\/avatar\/1d8d5118b9327d94da7cd4ce7f17fec2?s=96&d=mm&r=g\",\"contentUrl\":\"https:\/\/secure.gravatar.com\/avatar\/1d8d5118b9327d94da7cd4ce7f17fec2?s=96&d=mm&r=g\",\"caption\":\"CK\"},\"sameAs\":[\"https:\/\/www.nettali.com\"]}]}<\/script>\n<!-- \/ Yoast SEO Premium plugin. -->","yoast_head_json":{"title":"RENTREE SCOLAIRE 2025 - Entre d\u00e9fis \u00e0 relever et innovations majeures | Nettali.com","robots":{"index":"index","follow":"follow","max-snippet":"max-snippet:-1","max-image-preview":"max-image-preview:large","max-video-preview":"max-video-preview:-1"},"canonical":"https:\/\/www.nettali.com\/2025\/10\/08\/rentree-scolaire-2025-entre-defis-a-relever-et-innovations-majeures\/","og_locale":"fr_FR","og_type":"article","og_title":"RENTREE SCOLAIRE 2025 - Entre d\u00e9fis \u00e0 relever et innovations majeures","og_description":"NETTALI.COM - Le gouvernement a annonc\u00e9 plusieurs mesures pour un d\u00e9marrage effectif des enseignements-apprentissages et un bon d\u00e9roulement de la rentr\u00e9e scolaire, qui a lieu, cette ann\u00e9e, le mercredi 8 octobre. Une rentr\u00e9e scolaire qui va concerner plus de 4,5 millions d\u2019\u00e9l\u00e8ves r\u00e9partis entre le pr\u00e9scolaire l\u2019\u00e9l\u00e9mentaire et l\u2019enseignement moyen, mais aussi l'\u00e9ducation de base, [&hellip;]","og_url":"https:\/\/www.nettali.com\/2025\/10\/08\/rentree-scolaire-2025-entre-defis-a-relever-et-innovations-majeures\/","og_site_name":"Nettali.com","article_publisher":"https:\/\/www.facebook.com\/nettalicom","article_published_time":"2025-10-08T10:10:22+00:00","article_modified_time":"2025-10-08T08:32:22+00:00","og_image":[{"width":322,"height":157,"url":"https:\/\/www.nettali.com\/wp-content\/uploads\/2025\/10\/images-3.jpeg","type":"image\/jpeg"}],"twitter_card":"summary_large_image","twitter_misc":{"\u00c9crit par":"CK","Dur\u00e9e de lecture estim\u00e9e":"2 minutes"},"schema":{"@context":"https:\/\/schema.org","@graph":[{"@type":"WebSite","@id":"https:\/\/www.nettali.com\/#website","url":"https:\/\/www.nettali.com\/","name":"Nettali.com","description":"Le rendez-vous critique du Net","potentialAction":[{"@type":"SearchAction","target":{"@type":"EntryPoint","urlTemplate":"https:\/\/www.nettali.com\/?s={search_term_string}"},"query-input":"required name=search_term_string"}],"inLanguage":"fr-FR"},{"@type":"ImageObject","@id":"https:\/\/www.nettali.com\/2025\/10\/08\/rentree-scolaire-2025-entre-defis-a-relever-et-innovations-majeures\/#primaryimage","inLanguage":"fr-FR","url":"https:\/\/www.nettali.com\/wp-content\/uploads\/2025\/10\/images-3.jpeg","contentUrl":"https:\/\/www.nettali.com\/wp-content\/uploads\/2025\/10\/images-3.jpeg","width":322,"height":157},{"@type":"WebPage","@id":"https:\/\/www.nettali.com\/2025\/10\/08\/rentree-scolaire-2025-entre-defis-a-relever-et-innovations-majeures\/#webpage","url":"https:\/\/www.nettali.com\/2025\/10\/08\/rentree-scolaire-2025-entre-defis-a-relever-et-innovations-majeures\/","name":"RENTREE SCOLAIRE 2025 - Entre d\u00e9fis \u00e0 relever et innovations majeures | Nettali.com","isPartOf":{"@id":"https:\/\/www.nettali.com\/#website"},"primaryImageOfPage":{"@id":"https:\/\/www.nettali.com\/2025\/10\/08\/rentree-scolaire-2025-entre-defis-a-relever-et-innovations-majeures\/#primaryimage"},"datePublished":"2025-10-08T10:10:22+00:00","dateModified":"2025-10-08T08:32:22+00:00","author":{"@id":"https:\/\/www.nettali.com\/#\/schema\/person\/d8ac7b7e27ddad43f1c0d2ef090d7f71"},"breadcrumb":{"@id":"https:\/\/www.nettali.com\/2025\/10\/08\/rentree-scolaire-2025-entre-defis-a-relever-et-innovations-majeures\/#breadcrumb"},"inLanguage":"fr-FR","potentialAction":[{"@type":"ReadAction","target":["https:\/\/www.nettali.com\/2025\/10\/08\/rentree-scolaire-2025-entre-defis-a-relever-et-innovations-majeures\/"]}]},{"@type":"BreadcrumbList","@id":"https:\/\/www.nettali.com\/2025\/10\/08\/rentree-scolaire-2025-entre-defis-a-relever-et-innovations-majeures\/#breadcrumb","itemListElement":[{"@type":"ListItem","position":1,"name":"Accueil","item":"https:\/\/www.nettali.com\/"},{"@type":"ListItem","position":2,"name":"RENTREE SCOLAIRE 2025 - Entre d\u00e9fis \u00e0 relever et innovations majeures"}]},{"@type":"Person","@id":"https:\/\/www.nettali.com\/#\/schema\/person\/d8ac7b7e27ddad43f1c0d2ef090d7f71","name":"CK","image":{"@type":"ImageObject","@id":"https:\/\/www.nettali.com\/#personlogo","inLanguage":"fr-FR","url":"https:\/\/secure.gravatar.com\/avatar\/1d8d5118b9327d94da7cd4ce7f17fec2?s=96&d=mm&r=g","contentUrl":"https:\/\/secure.gravatar.com\/avatar\/1d8d5118b9327d94da7cd4ce7f17fec2?s=96&d=mm&r=g","caption":"CK"},"sameAs":["https:\/\/www.nettali.com"]}]}},"_links":{"self":[{"href":"https:\/\/www.nettali.com\/rest\/wp\/v2\/posts\/162542"}],"collection":[{"href":"https:\/\/www.nettali.com\/rest\/wp\/v2\/posts"}],"about":[{"href":"https:\/\/www.nettali.com\/rest\/wp\/v2\/types\/post"}],"author":[{"embeddable":true,"href":"https:\/\/www.nettali.com\/rest\/wp\/v2\/users\/2"}],"replies":[{"embeddable":true,"href":"https:\/\/www.nettali.com\/rest\/wp\/v2\/comments?post=162542"}],"version-history":[{"count":1,"href":"https:\/\/www.nettali.com\/rest\/wp\/v2\/posts\/162542\/revisions"}],"predecessor-version":[{"id":162544,"href":"https:\/\/www.nettali.com\/rest\/wp\/v2\/posts\/162542\/revisions\/162544"}],"wp:featuredmedia":[{"embeddable":true,"href":"https:\/\/www.nettali.com\/rest\/wp\/v2\/media\/162543"}],"wp:attachment":[{"href":"https:\/\/www.nettali.com\/rest\/wp\/v2\/media?parent=162542"}],"wp:term":[{"taxonomy":"category","embeddable":true,"href":"https:\/\/www.nettali.com\/rest\/wp\/v2\/categories?post=162542"},{"taxonomy":"post_tag","embeddable":true,"href":"https:\/\/www.nettali.com\/rest\/wp\/v2\/tags?post=162542"}],"curies":[{"name":"wp","href":"https:\/\/api.w.org\/{rel}","templated":true}]}}