{"id":162533,"date":"2025-10-08T07:04:55","date_gmt":"2025-10-08T07:04:55","guid":{"rendered":"https:\/\/www.nettali.com\/?p=162533"},"modified":"2025-10-08T18:14:53","modified_gmt":"2025-10-08T18:14:53","slug":"discours-de-sonko-sur-la-reforme-monetaire-bougar-diouf-denonce-une-scene-dhumiliation-publique","status":"publish","type":"post","link":"https:\/\/www.nettali.com\/2025\/10\/08\/discours-de-sonko-sur-la-reforme-monetaire-bougar-diouf-denonce-une-scene-dhumiliation-publique\/","title":{"rendered":"DISCOURS D'OUSMANE SONKO EN PRESENCE DE DIOMAYE FAYE ET DE SISSOCO EMBALLO - Bougar Diouf d\u00e9nonce une \"sc\u00e8ne d\u2019humiliation publique\""},"content":{"rendered":"<p data-start=\"274\" data-end=\"435\"><strong>NETTALI.COM - L\u2019Union des Panafricanistes S\u00e9n\u00e9galais critique le ton du Premier ministre lors de la c\u00e9r\u00e9monie d\u2019ouverture du Salon de l\u2019Investissement FII S\u00e9n\u00e9gal 2025.<\/strong><\/p>\n<p data-start=\"437\" data-end=\"976\">L\u2019Union des Panafricanistes S\u00e9n\u00e9galais (UPS) a r\u00e9agi avec fermet\u00e9 au discours du Premier ministre Ousmane Sonko prononc\u00e9 le lundi 7 octobre 2025, \u00e0 l\u2019occasion de la c\u00e9r\u00e9monie officielle du Salon de l\u2019Investissement FII S\u00e9n\u00e9gal 2025.<br data-start=\"681\" data-end=\"684\" \/>Dans un communiqu\u00e9 rendu public, le mouvement panafricaniste dit exprimer sa <em>\u00ab profonde indignation \u00bb<\/em> face \u00e0 ce qu\u2019il qualifie de <em>\u00ab sc\u00e8ne d\u2019humiliation publique \u00bb<\/em>, survenue en pr\u00e9sence du pr\u00e9sident Bassirou Diomaye Faye et de son homologue bissau-guin\u00e9en Umaro Sissoco Embal\u00f3.<\/p>\n<p data-start=\"978\" data-end=\"1464\">Selon l\u2019UPS, ce moment, qui devait constituer un cadre d\u2019unit\u00e9 et de diplomatie africaine, <em>\u00ab s\u2019est transform\u00e9 en un \u00e9pisode regrettable, marqu\u00e9 par des propos jug\u00e9s inopportuns et une attitude inadapt\u00e9e \u00e0 la solennit\u00e9 de l\u2019\u00e9v\u00e9nement \u00bb<\/em>.<br data-start=\"1217\" data-end=\"1220\" \/>Le mouvement cite notamment le passage du discours du Premier ministre dans lequel Ousmane Sonko a appel\u00e9 \u00e0 <em>\u00ab un v\u00e9ritable courage politique dans la prise de d\u00e9cision de nos autorit\u00e9s \u00bb<\/em> concernant la r\u00e9forme mon\u00e9taire en Afrique de l\u2019Ouest.<\/p>\n<p data-start=\"1466\" data-end=\"1985\">Pour l\u2019organisation dirig\u00e9e par Bougar Diouf, ces d\u00e9clarations, faites <em>\u00ab sous le regard du monde et des partenaires africains \u00bb<\/em>, manquent de retenue et risquent de porter atteinte \u00e0 l\u2019image institutionnelle du S\u00e9n\u00e9gal. <em>\u00ab Un Premier ministre, f\u00fbt-il charismatique et populaire, ne saurait s\u2019autoriser \u00e0 adopter un ton inappropri\u00e9 envers son propre Pr\u00e9sident et un Chef d\u2019\u00c9tat fr\u00e8re \u00bb<\/em>, a fait savoir M. Diouf, appelant \u00e0 <em>\u00ab un sursaut r\u00e9publicain \u00bb<\/em> et \u00e0 <em>\u00ab un retour \u00e0 la mesure dans la parole publique \u00bb<\/em>.<\/p>\n<p data-start=\"1987\" data-end=\"2369\">L\u2019UPS estime que les enjeux li\u00e9s \u00e0 la r\u00e9forme mon\u00e9taire ouest-africaine n\u00e9cessitent un dialogue constructif et une approche concert\u00e9e entre les dirigeants, plut\u00f4t qu\u2019une confrontation publique.<\/p>\n<p data-start=\"1987\" data-end=\"2369\">Le mouvement invite par ailleurs les autorit\u00e9s s\u00e9n\u00e9galaises \u00e0 privil\u00e9gier la coh\u00e9sion institutionnelle et le respect des symboles de l\u2019\u00c9tat dans les prises de parole officielles.<\/p>\n<p>&nbsp;<\/p>\n<div class='share-to-whatsapp-wrapper'><div class='share-on-whsp'>PARTAGER SUR : <\/div><a data-text='DISCOURS D'OUSMANE SONKO EN PRESENCE DE DIOMAYE FAYE ET DE SISSOCO EMBALLO - Bougar Diouf d\u00e9nonce une \"sc\u00e8ne d\u2019humiliation publique\"' data-link='https:\/\/www.nettali.com\/2025\/10\/08\/discours-de-sonko-sur-la-reforme-monetaire-bougar-diouf-denonce-une-scene-dhumiliation-publique\/' class='whatsapp-button whatsapp-share'>WhatsApp<\/a><div class='clear '><\/div><\/div>","protected":false},"excerpt":{"rendered":"<p>NETTALI.COM - L\u2019Union des Panafricanistes S\u00e9n\u00e9galais critique le ton du Premier ministre lors de la c\u00e9r\u00e9monie d\u2019ouverture du Salon de l\u2019Investissement FII S\u00e9n\u00e9gal 2025. L\u2019Union des Panafricanistes S\u00e9n\u00e9galais (UPS) a r\u00e9agi avec fermet\u00e9 au discours du Premier ministre Ousmane Sonko prononc\u00e9 le lundi 7 octobre 2025, \u00e0 l\u2019occasion de la c\u00e9r\u00e9monie officielle du Salon de [&hellip;]<\/p>\n","protected":false},"author":4,"featured_media":162534,"comment_status":"open","ping_status":"open","sticky":false,"template":"","format":"standard","meta":{"_et_pb_use_builder":"","_et_pb_old_content":""},"categories":[2],"tags":[],"yoast_head":"<!-- This site is optimized with the Yoast SEO Premium plugin v17.8 (Yoast SEO v17.8) - https:\/\/yoast.com\/wordpress\/plugins\/seo\/ -->\n<title>DISCOURS D&#039;OUSMANE SONKO EN PRESENCE DE DIOMAYE FAYE ET DE SISSOCO EMBALLO - Bougar Diouf d\u00e9nonce une &quot;sc\u00e8ne d\u2019humiliation publique&quot; | Nettali.com<\/title>\n<meta name=\"robots\" content=\"index, follow, max-snippet:-1, max-image-preview:large, max-video-preview:-1\" \/>\n<link rel=\"canonical\" href=\"https:\/\/www.nettali.com\/2025\/10\/08\/discours-de-sonko-sur-la-reforme-monetaire-bougar-diouf-denonce-une-scene-dhumiliation-publique\/\" \/>\n<meta property=\"og:locale\" content=\"fr_FR\" \/>\n<meta property=\"og:type\" content=\"article\" \/>\n<meta property=\"og:title\" content=\"DISCOURS D&#039;OUSMANE SONKO EN PRESENCE DE DIOMAYE FAYE ET DE SISSOCO EMBALLO - Bougar Diouf d\u00e9nonce une &quot;sc\u00e8ne d\u2019humiliation publique&quot;\" \/>\n<meta property=\"og:description\" content=\"NETTALI.COM - L\u2019Union des Panafricanistes S\u00e9n\u00e9galais critique le ton du Premier ministre lors de la c\u00e9r\u00e9monie d\u2019ouverture du Salon de l\u2019Investissement FII S\u00e9n\u00e9gal 2025. L\u2019Union des Panafricanistes S\u00e9n\u00e9galais (UPS) a r\u00e9agi avec fermet\u00e9 au discours du Premier ministre Ousmane Sonko prononc\u00e9 le lundi 7 octobre 2025, \u00e0 l\u2019occasion de la c\u00e9r\u00e9monie officielle du Salon de [&hellip;]\" \/>\n<meta property=\"og:url\" content=\"https:\/\/www.nettali.com\/2025\/10\/08\/discours-de-sonko-sur-la-reforme-monetaire-bougar-diouf-denonce-une-scene-dhumiliation-publique\/\" \/>\n<meta property=\"og:site_name\" content=\"Nettali.com\" \/>\n<meta property=\"article:publisher\" content=\"https:\/\/www.facebook.com\/nettalicom\" \/>\n<meta property=\"article:published_time\" content=\"2025-10-08T07:04:55+00:00\" \/>\n<meta property=\"article:modified_time\" content=\"2025-10-08T18:14:53+00:00\" \/>\n<meta property=\"og:image\" content=\"https:\/\/www.nettali.com\/wp-content\/uploads\/2025\/10\/Bougar.jpg\" \/>\n\t<meta property=\"og:image:width\" content=\"720\" \/>\n\t<meta property=\"og:image:height\" content=\"576\" \/>\n<meta name=\"twitter:card\" content=\"summary_large_image\" \/>\n<meta name=\"twitter:label1\" content=\"\u00c9crit par\" \/>\n\t<meta name=\"twitter:data1\" content=\"Daouda\" \/>\n\t<meta name=\"twitter:label2\" content=\"Dur\u00e9e de lecture estim\u00e9e\" \/>\n\t<meta name=\"twitter:data2\" content=\"2 minutes\" \/>\n<script type=\"application\/ld+json\" class=\"yoast-schema-graph\">{\"@context\":\"https:\/\/schema.org\",\"@graph\":[{\"@type\":\"WebSite\",\"@id\":\"https:\/\/www.nettali.com\/#website\",\"url\":\"https:\/\/www.nettali.com\/\",\"name\":\"Nettali.com\",\"description\":\"Le rendez-vous critique du Net\",\"potentialAction\":[{\"@type\":\"SearchAction\",\"target\":{\"@type\":\"EntryPoint\",\"urlTemplate\":\"https:\/\/www.nettali.com\/?s={search_term_string}\"},\"query-input\":\"required name=search_term_string\"}],\"inLanguage\":\"fr-FR\"},{\"@type\":\"ImageObject\",\"@id\":\"https:\/\/www.nettali.com\/2025\/10\/08\/discours-de-sonko-sur-la-reforme-monetaire-bougar-diouf-denonce-une-scene-dhumiliation-publique\/#primaryimage\",\"inLanguage\":\"fr-FR\",\"url\":\"https:\/\/www.nettali.com\/wp-content\/uploads\/2025\/10\/Bougar.jpg\",\"contentUrl\":\"https:\/\/www.nettali.com\/wp-content\/uploads\/2025\/10\/Bougar.jpg\",\"width\":720,\"height\":576},{\"@type\":\"WebPage\",\"@id\":\"https:\/\/www.nettali.com\/2025\/10\/08\/discours-de-sonko-sur-la-reforme-monetaire-bougar-diouf-denonce-une-scene-dhumiliation-publique\/#webpage\",\"url\":\"https:\/\/www.nettali.com\/2025\/10\/08\/discours-de-sonko-sur-la-reforme-monetaire-bougar-diouf-denonce-une-scene-dhumiliation-publique\/\",\"name\":\"DISCOURS D'OUSMANE SONKO EN PRESENCE DE DIOMAYE FAYE ET DE SISSOCO EMBALLO - Bougar Diouf d\\u00e9nonce une \\\"sc\\u00e8ne d\\u2019humiliation publique\\\" | Nettali.com\",\"isPartOf\":{\"@id\":\"https:\/\/www.nettali.com\/#website\"},\"primaryImageOfPage\":{\"@id\":\"https:\/\/www.nettali.com\/2025\/10\/08\/discours-de-sonko-sur-la-reforme-monetaire-bougar-diouf-denonce-une-scene-dhumiliation-publique\/#primaryimage\"},\"datePublished\":\"2025-10-08T07:04:55+00:00\",\"dateModified\":\"2025-10-08T18:14:53+00:00\",\"author\":{\"@id\":\"https:\/\/www.nettali.com\/#\/schema\/person\/3317e0bb3aa1da309fbf7b2780901bf4\"},\"breadcrumb\":{\"@id\":\"https:\/\/www.nettali.com\/2025\/10\/08\/discours-de-sonko-sur-la-reforme-monetaire-bougar-diouf-denonce-une-scene-dhumiliation-publique\/#breadcrumb\"},\"inLanguage\":\"fr-FR\",\"potentialAction\":[{\"@type\":\"ReadAction\",\"target\":[\"https:\/\/www.nettali.com\/2025\/10\/08\/discours-de-sonko-sur-la-reforme-monetaire-bougar-diouf-denonce-une-scene-dhumiliation-publique\/\"]}]},{\"@type\":\"BreadcrumbList\",\"@id\":\"https:\/\/www.nettali.com\/2025\/10\/08\/discours-de-sonko-sur-la-reforme-monetaire-bougar-diouf-denonce-une-scene-dhumiliation-publique\/#breadcrumb\",\"itemListElement\":[{\"@type\":\"ListItem\",\"position\":1,\"name\":\"Accueil\",\"item\":\"https:\/\/www.nettali.com\/\"},{\"@type\":\"ListItem\",\"position\":2,\"name\":\"DISCOURS D'OUSMANE SONKO EN PRESENCE DE DIOMAYE FAYE ET DE SISSOCO EMBALLO - Bougar Diouf d\\u00e9nonce une \\\"sc\\u00e8ne d\\u2019humiliation publique\\\"\"}]},{\"@type\":\"Person\",\"@id\":\"https:\/\/www.nettali.com\/#\/schema\/person\/3317e0bb3aa1da309fbf7b2780901bf4\",\"name\":\"Daouda\",\"image\":{\"@type\":\"ImageObject\",\"@id\":\"https:\/\/www.nettali.com\/#personlogo\",\"inLanguage\":\"fr-FR\",\"url\":\"https:\/\/secure.gravatar.com\/avatar\/8d143b5a49345098ddcfee1c49c2f47c?s=96&d=mm&r=g\",\"contentUrl\":\"https:\/\/secure.gravatar.com\/avatar\/8d143b5a49345098ddcfee1c49c2f47c?s=96&d=mm&r=g\",\"caption\":\"Daouda\"},\"sameAs\":[\"https:\/\/www.nettali.com\"]}]}<\/script>\n<!-- \/ Yoast SEO Premium plugin. -->","yoast_head_json":{"title":"DISCOURS D'OUSMANE SONKO EN PRESENCE DE DIOMAYE FAYE ET DE SISSOCO EMBALLO - Bougar Diouf d\u00e9nonce une \"sc\u00e8ne d\u2019humiliation publique\" | Nettali.com","robots":{"index":"index","follow":"follow","max-snippet":"max-snippet:-1","max-image-preview":"max-image-preview:large","max-video-preview":"max-video-preview:-1"},"canonical":"https:\/\/www.nettali.com\/2025\/10\/08\/discours-de-sonko-sur-la-reforme-monetaire-bougar-diouf-denonce-une-scene-dhumiliation-publique\/","og_locale":"fr_FR","og_type":"article","og_title":"DISCOURS D'OUSMANE SONKO EN PRESENCE DE DIOMAYE FAYE ET DE SISSOCO EMBALLO - Bougar Diouf d\u00e9nonce une \"sc\u00e8ne d\u2019humiliation publique\"","og_description":"NETTALI.COM - L\u2019Union des Panafricanistes S\u00e9n\u00e9galais critique le ton du Premier ministre lors de la c\u00e9r\u00e9monie d\u2019ouverture du Salon de l\u2019Investissement FII S\u00e9n\u00e9gal 2025. L\u2019Union des Panafricanistes S\u00e9n\u00e9galais (UPS) a r\u00e9agi avec fermet\u00e9 au discours du Premier ministre Ousmane Sonko prononc\u00e9 le lundi 7 octobre 2025, \u00e0 l\u2019occasion de la c\u00e9r\u00e9monie officielle du Salon de [&hellip;]","og_url":"https:\/\/www.nettali.com\/2025\/10\/08\/discours-de-sonko-sur-la-reforme-monetaire-bougar-diouf-denonce-une-scene-dhumiliation-publique\/","og_site_name":"Nettali.com","article_publisher":"https:\/\/www.facebook.com\/nettalicom","article_published_time":"2025-10-08T07:04:55+00:00","article_modified_time":"2025-10-08T18:14:53+00:00","og_image":[{"width":720,"height":576,"url":"https:\/\/www.nettali.com\/wp-content\/uploads\/2025\/10\/Bougar.jpg","type":"image\/jpeg"}],"twitter_card":"summary_large_image","twitter_misc":{"\u00c9crit par":"Daouda","Dur\u00e9e de lecture estim\u00e9e":"2 minutes"},"schema":{"@context":"https:\/\/schema.org","@graph":[{"@type":"WebSite","@id":"https:\/\/www.nettali.com\/#website","url":"https:\/\/www.nettali.com\/","name":"Nettali.com","description":"Le rendez-vous critique du Net","potentialAction":[{"@type":"SearchAction","target":{"@type":"EntryPoint","urlTemplate":"https:\/\/www.nettali.com\/?s={search_term_string}"},"query-input":"required name=search_term_string"}],"inLanguage":"fr-FR"},{"@type":"ImageObject","@id":"https:\/\/www.nettali.com\/2025\/10\/08\/discours-de-sonko-sur-la-reforme-monetaire-bougar-diouf-denonce-une-scene-dhumiliation-publique\/#primaryimage","inLanguage":"fr-FR","url":"https:\/\/www.nettali.com\/wp-content\/uploads\/2025\/10\/Bougar.jpg","contentUrl":"https:\/\/www.nettali.com\/wp-content\/uploads\/2025\/10\/Bougar.jpg","width":720,"height":576},{"@type":"WebPage","@id":"https:\/\/www.nettali.com\/2025\/10\/08\/discours-de-sonko-sur-la-reforme-monetaire-bougar-diouf-denonce-une-scene-dhumiliation-publique\/#webpage","url":"https:\/\/www.nettali.com\/2025\/10\/08\/discours-de-sonko-sur-la-reforme-monetaire-bougar-diouf-denonce-une-scene-dhumiliation-publique\/","name":"DISCOURS D'OUSMANE SONKO EN PRESENCE DE DIOMAYE FAYE ET DE SISSOCO EMBALLO - Bougar Diouf d\u00e9nonce une \"sc\u00e8ne d\u2019humiliation publique\" | Nettali.com","isPartOf":{"@id":"https:\/\/www.nettali.com\/#website"},"primaryImageOfPage":{"@id":"https:\/\/www.nettali.com\/2025\/10\/08\/discours-de-sonko-sur-la-reforme-monetaire-bougar-diouf-denonce-une-scene-dhumiliation-publique\/#primaryimage"},"datePublished":"2025-10-08T07:04:55+00:00","dateModified":"2025-10-08T18:14:53+00:00","author":{"@id":"https:\/\/www.nettali.com\/#\/schema\/person\/3317e0bb3aa1da309fbf7b2780901bf4"},"breadcrumb":{"@id":"https:\/\/www.nettali.com\/2025\/10\/08\/discours-de-sonko-sur-la-reforme-monetaire-bougar-diouf-denonce-une-scene-dhumiliation-publique\/#breadcrumb"},"inLanguage":"fr-FR","potentialAction":[{"@type":"ReadAction","target":["https:\/\/www.nettali.com\/2025\/10\/08\/discours-de-sonko-sur-la-reforme-monetaire-bougar-diouf-denonce-une-scene-dhumiliation-publique\/"]}]},{"@type":"BreadcrumbList","@id":"https:\/\/www.nettali.com\/2025\/10\/08\/discours-de-sonko-sur-la-reforme-monetaire-bougar-diouf-denonce-une-scene-dhumiliation-publique\/#breadcrumb","itemListElement":[{"@type":"ListItem","position":1,"name":"Accueil","item":"https:\/\/www.nettali.com\/"},{"@type":"ListItem","position":2,"name":"DISCOURS D'OUSMANE SONKO EN PRESENCE DE DIOMAYE FAYE ET DE SISSOCO EMBALLO - Bougar Diouf d\u00e9nonce une \"sc\u00e8ne d\u2019humiliation publique\""}]},{"@type":"Person","@id":"https:\/\/www.nettali.com\/#\/schema\/person\/3317e0bb3aa1da309fbf7b2780901bf4","name":"Daouda","image":{"@type":"ImageObject","@id":"https:\/\/www.nettali.com\/#personlogo","inLanguage":"fr-FR","url":"https:\/\/secure.gravatar.com\/avatar\/8d143b5a49345098ddcfee1c49c2f47c?s=96&d=mm&r=g","contentUrl":"https:\/\/secure.gravatar.com\/avatar\/8d143b5a49345098ddcfee1c49c2f47c?s=96&d=mm&r=g","caption":"Daouda"},"sameAs":["https:\/\/www.nettali.com"]}]}},"_links":{"self":[{"href":"https:\/\/www.nettali.com\/rest\/wp\/v2\/posts\/162533"}],"collection":[{"href":"https:\/\/www.nettali.com\/rest\/wp\/v2\/posts"}],"about":[{"href":"https:\/\/www.nettali.com\/rest\/wp\/v2\/types\/post"}],"author":[{"embeddable":true,"href":"https:\/\/www.nettali.com\/rest\/wp\/v2\/users\/4"}],"replies":[{"embeddable":true,"href":"https:\/\/www.nettali.com\/rest\/wp\/v2\/comments?post=162533"}],"version-history":[{"count":5,"href":"https:\/\/www.nettali.com\/rest\/wp\/v2\/posts\/162533\/revisions"}],"predecessor-version":[{"id":162539,"href":"https:\/\/www.nettali.com\/rest\/wp\/v2\/posts\/162533\/revisions\/162539"}],"wp:featuredmedia":[{"embeddable":true,"href":"https:\/\/www.nettali.com\/rest\/wp\/v2\/media\/162534"}],"wp:attachment":[{"href":"https:\/\/www.nettali.com\/rest\/wp\/v2\/media?parent=162533"}],"wp:term":[{"taxonomy":"category","embeddable":true,"href":"https:\/\/www.nettali.com\/rest\/wp\/v2\/categories?post=162533"},{"taxonomy":"post_tag","embeddable":true,"href":"https:\/\/www.nettali.com\/rest\/wp\/v2\/tags?post=162533"}],"curies":[{"name":"wp","href":"https:\/\/api.w.org\/{rel}","templated":true}]}}