{"id":162531,"date":"2025-10-08T06:56:35","date_gmt":"2025-10-08T06:56:35","guid":{"rendered":"https:\/\/www.nettali.com\/?p=162531"},"modified":"2025-10-09T18:15:08","modified_gmt":"2025-10-09T18:15:08","slug":"supposee-dette-cachee-macky-sall-engage-la-bataille-de-clarification","status":"publish","type":"post","link":"https:\/\/www.nettali.com\/2025\/10\/08\/supposee-dette-cachee-macky-sall-engage-la-bataille-de-clarification\/","title":{"rendered":"SUPPOS\u00c9E DETTE CACH\u00c9E - Macky Sall engage la bataille de clarification"},"content":{"rendered":"<p><strong>NETTALI.COM - L\u2019ancien pr\u00e9sident du S\u00e9n\u00e9gal a saisi les autorit\u00e9s financi\u00e8res pour obtenir des \u00e9claircissements sur le rapport de l\u2019Inspection g\u00e9n\u00e9rale des finances (IGF) \u00e9voquant une dette non d\u00e9clar\u00e9e.<\/strong><\/p>\n<p>L\u2019ancien chef de l\u2019\u00c9tat Macky Sall est r\u00e9solu \u00e0 d\u00e9fendre l\u2019honorabilit\u00e9 de son r\u00e9gime face aux all\u00e9gations de \u00ab dette cach\u00e9e \u00bb laiss\u00e9e par son gouvernement. Selon des sources concordantes, l\u2019ex-pr\u00e9sident a mobilis\u00e9 plusieurs cabinets d\u2019avocats internationaux et s\u00e9n\u00e9galais, ainsi que des experts financiers, sous la coordination du b\u00e2tonnier Me Pierre-Olivier Sur, afin d\u2019apporter des r\u00e9ponses pr\u00e9cises aux accusations.<\/p>\n<p>Dans ce cadre, ses conseils ont adress\u00e9 deux courriers officiels, en date du 7 octobre 2025, \u00e0 des institutions cl\u00e9s de l\u2019\u00c9tat :<br \/>\n\u2013 l\u2019un au ministre des Finances et du Budget, Cheikh Diba ;<br \/>\n\u2013 l\u2019autre au pr\u00e9sident de la Cour des comptes, Mamadou Faye.<\/p>\n<p>Selon les informations obtenues, ces correspondances visent \u00e0 obtenir des clarifications sur les conclusions du rapport de l\u2019Inspection g\u00e9n\u00e9rale des finances (IGF), lequel \u00e9voquerait des irr\u00e9gularit\u00e9s ou engagements financiers non comptabilis\u00e9s durant les derni\u00e8res ann\u00e9es du magist\u00e8re de Macky Sall.<\/p>\n<p>Les avocats de l\u2019ancien pr\u00e9sident demandent notamment \u00e0 la Cour des comptes de confirmer la rigueur et la r\u00e9gularit\u00e9 de la proc\u00e9dure suivie par l\u2019IGF. Ils soulignent que, compte tenu du caract\u00e8re potentiellement sensible des informations contenues dans le rapport, une v\u00e9rification ind\u00e9pendante et transparente s\u2019impose.<\/p>\n<p>Cette d\u00e9marche s\u2019inscrit dans une offensive de clarification men\u00e9e par l\u2019ancien pr\u00e9sident, qui souhaite \u00ab lever toute ambigu\u00eft\u00e9 \u00bb sur la gestion des finances publiques durant ses mandats.<br \/>\nElle intervient dans un contexte de vives discussions autour de la situation budg\u00e9taire du pays et de la d\u00e9couverte pr\u00e9sum\u00e9e de dettes non inscrites dans les documents officiels de l\u2019\u00c9tat.<\/p>\n<p>&nbsp;<\/p>\n<div class='share-to-whatsapp-wrapper'><div class='share-on-whsp'>PARTAGER SUR : <\/div><a data-text='SUPPOS\u00c9E DETTE CACH\u00c9E - Macky Sall engage la bataille de clarification' data-link='https:\/\/www.nettali.com\/2025\/10\/08\/supposee-dette-cachee-macky-sall-engage-la-bataille-de-clarification\/' class='whatsapp-button whatsapp-share'>WhatsApp<\/a><div class='clear '><\/div><\/div>","protected":false},"excerpt":{"rendered":"<p>NETTALI.COM - L\u2019ancien pr\u00e9sident du S\u00e9n\u00e9gal a saisi les autorit\u00e9s financi\u00e8res pour obtenir des \u00e9claircissements sur le rapport de l\u2019Inspection g\u00e9n\u00e9rale des finances (IGF) \u00e9voquant une dette non d\u00e9clar\u00e9e. L\u2019ancien chef de l\u2019\u00c9tat Macky Sall est r\u00e9solu \u00e0 d\u00e9fendre l\u2019honorabilit\u00e9 de son r\u00e9gime face aux all\u00e9gations de \u00ab dette cach\u00e9e \u00bb laiss\u00e9e par son gouvernement. [&hellip;]<\/p>\n","protected":false},"author":4,"featured_media":114893,"comment_status":"open","ping_status":"open","sticky":false,"template":"","format":"standard","meta":{"_et_pb_use_builder":"","_et_pb_old_content":""},"categories":[4],"tags":[],"yoast_head":"<!-- This site is optimized with the Yoast SEO Premium plugin v17.8 (Yoast SEO v17.8) - https:\/\/yoast.com\/wordpress\/plugins\/seo\/ -->\n<title>SUPPOS\u00c9E DETTE CACH\u00c9E - Macky Sall engage la bataille de clarification | Nettali.com<\/title>\n<meta name=\"robots\" content=\"index, follow, max-snippet:-1, max-image-preview:large, max-video-preview:-1\" \/>\n<link rel=\"canonical\" href=\"https:\/\/www.nettali.com\/2025\/10\/08\/supposee-dette-cachee-macky-sall-engage-la-bataille-de-clarification\/\" \/>\n<meta property=\"og:locale\" content=\"fr_FR\" \/>\n<meta property=\"og:type\" content=\"article\" \/>\n<meta property=\"og:title\" content=\"SUPPOS\u00c9E DETTE CACH\u00c9E - Macky Sall engage la bataille de clarification\" \/>\n<meta property=\"og:description\" content=\"NETTALI.COM - L\u2019ancien pr\u00e9sident du S\u00e9n\u00e9gal a saisi les autorit\u00e9s financi\u00e8res pour obtenir des \u00e9claircissements sur le rapport de l\u2019Inspection g\u00e9n\u00e9rale des finances (IGF) \u00e9voquant une dette non d\u00e9clar\u00e9e. L\u2019ancien chef de l\u2019\u00c9tat Macky Sall est r\u00e9solu \u00e0 d\u00e9fendre l\u2019honorabilit\u00e9 de son r\u00e9gime face aux all\u00e9gations de \u00ab dette cach\u00e9e \u00bb laiss\u00e9e par son gouvernement. [&hellip;]\" \/>\n<meta property=\"og:url\" content=\"https:\/\/www.nettali.com\/2025\/10\/08\/supposee-dette-cachee-macky-sall-engage-la-bataille-de-clarification\/\" \/>\n<meta property=\"og:site_name\" content=\"Nettali.com\" \/>\n<meta property=\"article:publisher\" content=\"https:\/\/www.facebook.com\/nettalicom\" \/>\n<meta property=\"article:published_time\" content=\"2025-10-08T06:56:35+00:00\" \/>\n<meta property=\"article:modified_time\" content=\"2025-10-09T18:15:08+00:00\" \/>\n<meta property=\"og:image\" content=\"https:\/\/www.nettali.com\/wp-content\/uploads\/2023\/07\/macky-sall-2-696x451-1-696x430-1.png\" \/>\n\t<meta property=\"og:image:width\" content=\"696\" \/>\n\t<meta property=\"og:image:height\" content=\"430\" \/>\n<meta name=\"twitter:card\" content=\"summary_large_image\" \/>\n<meta name=\"twitter:label1\" content=\"\u00c9crit par\" \/>\n\t<meta name=\"twitter:data1\" content=\"Daouda\" \/>\n\t<meta name=\"twitter:label2\" content=\"Dur\u00e9e de lecture estim\u00e9e\" \/>\n\t<meta name=\"twitter:data2\" content=\"2 minutes\" \/>\n<script type=\"application\/ld+json\" class=\"yoast-schema-graph\">{\"@context\":\"https:\/\/schema.org\",\"@graph\":[{\"@type\":\"WebSite\",\"@id\":\"https:\/\/www.nettali.com\/#website\",\"url\":\"https:\/\/www.nettali.com\/\",\"name\":\"Nettali.com\",\"description\":\"Le rendez-vous critique du Net\",\"potentialAction\":[{\"@type\":\"SearchAction\",\"target\":{\"@type\":\"EntryPoint\",\"urlTemplate\":\"https:\/\/www.nettali.com\/?s={search_term_string}\"},\"query-input\":\"required name=search_term_string\"}],\"inLanguage\":\"fr-FR\"},{\"@type\":\"ImageObject\",\"@id\":\"https:\/\/www.nettali.com\/2025\/10\/08\/supposee-dette-cachee-macky-sall-engage-la-bataille-de-clarification\/#primaryimage\",\"inLanguage\":\"fr-FR\",\"url\":\"https:\/\/www.nettali.com\/wp-content\/uploads\/2023\/07\/macky-sall-2-696x451-1-696x430-1.png\",\"contentUrl\":\"https:\/\/www.nettali.com\/wp-content\/uploads\/2023\/07\/macky-sall-2-696x451-1-696x430-1.png\",\"width\":696,\"height\":430},{\"@type\":\"WebPage\",\"@id\":\"https:\/\/www.nettali.com\/2025\/10\/08\/supposee-dette-cachee-macky-sall-engage-la-bataille-de-clarification\/#webpage\",\"url\":\"https:\/\/www.nettali.com\/2025\/10\/08\/supposee-dette-cachee-macky-sall-engage-la-bataille-de-clarification\/\",\"name\":\"SUPPOS\\u00c9E DETTE CACH\\u00c9E - Macky Sall engage la bataille de clarification | Nettali.com\",\"isPartOf\":{\"@id\":\"https:\/\/www.nettali.com\/#website\"},\"primaryImageOfPage\":{\"@id\":\"https:\/\/www.nettali.com\/2025\/10\/08\/supposee-dette-cachee-macky-sall-engage-la-bataille-de-clarification\/#primaryimage\"},\"datePublished\":\"2025-10-08T06:56:35+00:00\",\"dateModified\":\"2025-10-09T18:15:08+00:00\",\"author\":{\"@id\":\"https:\/\/www.nettali.com\/#\/schema\/person\/3317e0bb3aa1da309fbf7b2780901bf4\"},\"breadcrumb\":{\"@id\":\"https:\/\/www.nettali.com\/2025\/10\/08\/supposee-dette-cachee-macky-sall-engage-la-bataille-de-clarification\/#breadcrumb\"},\"inLanguage\":\"fr-FR\",\"potentialAction\":[{\"@type\":\"ReadAction\",\"target\":[\"https:\/\/www.nettali.com\/2025\/10\/08\/supposee-dette-cachee-macky-sall-engage-la-bataille-de-clarification\/\"]}]},{\"@type\":\"BreadcrumbList\",\"@id\":\"https:\/\/www.nettali.com\/2025\/10\/08\/supposee-dette-cachee-macky-sall-engage-la-bataille-de-clarification\/#breadcrumb\",\"itemListElement\":[{\"@type\":\"ListItem\",\"position\":1,\"name\":\"Accueil\",\"item\":\"https:\/\/www.nettali.com\/\"},{\"@type\":\"ListItem\",\"position\":2,\"name\":\"SUPPOS\\u00c9E DETTE CACH\\u00c9E - Macky Sall engage la bataille de clarification\"}]},{\"@type\":\"Person\",\"@id\":\"https:\/\/www.nettali.com\/#\/schema\/person\/3317e0bb3aa1da309fbf7b2780901bf4\",\"name\":\"Daouda\",\"image\":{\"@type\":\"ImageObject\",\"@id\":\"https:\/\/www.nettali.com\/#personlogo\",\"inLanguage\":\"fr-FR\",\"url\":\"https:\/\/secure.gravatar.com\/avatar\/8d143b5a49345098ddcfee1c49c2f47c?s=96&d=mm&r=g\",\"contentUrl\":\"https:\/\/secure.gravatar.com\/avatar\/8d143b5a49345098ddcfee1c49c2f47c?s=96&d=mm&r=g\",\"caption\":\"Daouda\"},\"sameAs\":[\"https:\/\/www.nettali.com\"]}]}<\/script>\n<!-- \/ Yoast SEO Premium plugin. -->","yoast_head_json":{"title":"SUPPOS\u00c9E DETTE CACH\u00c9E - Macky Sall engage la bataille de clarification | Nettali.com","robots":{"index":"index","follow":"follow","max-snippet":"max-snippet:-1","max-image-preview":"max-image-preview:large","max-video-preview":"max-video-preview:-1"},"canonical":"https:\/\/www.nettali.com\/2025\/10\/08\/supposee-dette-cachee-macky-sall-engage-la-bataille-de-clarification\/","og_locale":"fr_FR","og_type":"article","og_title":"SUPPOS\u00c9E DETTE CACH\u00c9E - Macky Sall engage la bataille de clarification","og_description":"NETTALI.COM - L\u2019ancien pr\u00e9sident du S\u00e9n\u00e9gal a saisi les autorit\u00e9s financi\u00e8res pour obtenir des \u00e9claircissements sur le rapport de l\u2019Inspection g\u00e9n\u00e9rale des finances (IGF) \u00e9voquant une dette non d\u00e9clar\u00e9e. L\u2019ancien chef de l\u2019\u00c9tat Macky Sall est r\u00e9solu \u00e0 d\u00e9fendre l\u2019honorabilit\u00e9 de son r\u00e9gime face aux all\u00e9gations de \u00ab dette cach\u00e9e \u00bb laiss\u00e9e par son gouvernement. [&hellip;]","og_url":"https:\/\/www.nettali.com\/2025\/10\/08\/supposee-dette-cachee-macky-sall-engage-la-bataille-de-clarification\/","og_site_name":"Nettali.com","article_publisher":"https:\/\/www.facebook.com\/nettalicom","article_published_time":"2025-10-08T06:56:35+00:00","article_modified_time":"2025-10-09T18:15:08+00:00","og_image":[{"width":696,"height":430,"url":"https:\/\/www.nettali.com\/wp-content\/uploads\/2023\/07\/macky-sall-2-696x451-1-696x430-1.png","type":"image\/png"}],"twitter_card":"summary_large_image","twitter_misc":{"\u00c9crit par":"Daouda","Dur\u00e9e de lecture estim\u00e9e":"2 minutes"},"schema":{"@context":"https:\/\/schema.org","@graph":[{"@type":"WebSite","@id":"https:\/\/www.nettali.com\/#website","url":"https:\/\/www.nettali.com\/","name":"Nettali.com","description":"Le rendez-vous critique du Net","potentialAction":[{"@type":"SearchAction","target":{"@type":"EntryPoint","urlTemplate":"https:\/\/www.nettali.com\/?s={search_term_string}"},"query-input":"required name=search_term_string"}],"inLanguage":"fr-FR"},{"@type":"ImageObject","@id":"https:\/\/www.nettali.com\/2025\/10\/08\/supposee-dette-cachee-macky-sall-engage-la-bataille-de-clarification\/#primaryimage","inLanguage":"fr-FR","url":"https:\/\/www.nettali.com\/wp-content\/uploads\/2023\/07\/macky-sall-2-696x451-1-696x430-1.png","contentUrl":"https:\/\/www.nettali.com\/wp-content\/uploads\/2023\/07\/macky-sall-2-696x451-1-696x430-1.png","width":696,"height":430},{"@type":"WebPage","@id":"https:\/\/www.nettali.com\/2025\/10\/08\/supposee-dette-cachee-macky-sall-engage-la-bataille-de-clarification\/#webpage","url":"https:\/\/www.nettali.com\/2025\/10\/08\/supposee-dette-cachee-macky-sall-engage-la-bataille-de-clarification\/","name":"SUPPOS\u00c9E DETTE CACH\u00c9E - Macky Sall engage la bataille de clarification | Nettali.com","isPartOf":{"@id":"https:\/\/www.nettali.com\/#website"},"primaryImageOfPage":{"@id":"https:\/\/www.nettali.com\/2025\/10\/08\/supposee-dette-cachee-macky-sall-engage-la-bataille-de-clarification\/#primaryimage"},"datePublished":"2025-10-08T06:56:35+00:00","dateModified":"2025-10-09T18:15:08+00:00","author":{"@id":"https:\/\/www.nettali.com\/#\/schema\/person\/3317e0bb3aa1da309fbf7b2780901bf4"},"breadcrumb":{"@id":"https:\/\/www.nettali.com\/2025\/10\/08\/supposee-dette-cachee-macky-sall-engage-la-bataille-de-clarification\/#breadcrumb"},"inLanguage":"fr-FR","potentialAction":[{"@type":"ReadAction","target":["https:\/\/www.nettali.com\/2025\/10\/08\/supposee-dette-cachee-macky-sall-engage-la-bataille-de-clarification\/"]}]},{"@type":"BreadcrumbList","@id":"https:\/\/www.nettali.com\/2025\/10\/08\/supposee-dette-cachee-macky-sall-engage-la-bataille-de-clarification\/#breadcrumb","itemListElement":[{"@type":"ListItem","position":1,"name":"Accueil","item":"https:\/\/www.nettali.com\/"},{"@type":"ListItem","position":2,"name":"SUPPOS\u00c9E DETTE CACH\u00c9E - Macky Sall engage la bataille de clarification"}]},{"@type":"Person","@id":"https:\/\/www.nettali.com\/#\/schema\/person\/3317e0bb3aa1da309fbf7b2780901bf4","name":"Daouda","image":{"@type":"ImageObject","@id":"https:\/\/www.nettali.com\/#personlogo","inLanguage":"fr-FR","url":"https:\/\/secure.gravatar.com\/avatar\/8d143b5a49345098ddcfee1c49c2f47c?s=96&d=mm&r=g","contentUrl":"https:\/\/secure.gravatar.com\/avatar\/8d143b5a49345098ddcfee1c49c2f47c?s=96&d=mm&r=g","caption":"Daouda"},"sameAs":["https:\/\/www.nettali.com"]}]}},"_links":{"self":[{"href":"https:\/\/www.nettali.com\/rest\/wp\/v2\/posts\/162531"}],"collection":[{"href":"https:\/\/www.nettali.com\/rest\/wp\/v2\/posts"}],"about":[{"href":"https:\/\/www.nettali.com\/rest\/wp\/v2\/types\/post"}],"author":[{"embeddable":true,"href":"https:\/\/www.nettali.com\/rest\/wp\/v2\/users\/4"}],"replies":[{"embeddable":true,"href":"https:\/\/www.nettali.com\/rest\/wp\/v2\/comments?post=162531"}],"version-history":[{"count":1,"href":"https:\/\/www.nettali.com\/rest\/wp\/v2\/posts\/162531\/revisions"}],"predecessor-version":[{"id":162532,"href":"https:\/\/www.nettali.com\/rest\/wp\/v2\/posts\/162531\/revisions\/162532"}],"wp:featuredmedia":[{"embeddable":true,"href":"https:\/\/www.nettali.com\/rest\/wp\/v2\/media\/114893"}],"wp:attachment":[{"href":"https:\/\/www.nettali.com\/rest\/wp\/v2\/media?parent=162531"}],"wp:term":[{"taxonomy":"category","embeddable":true,"href":"https:\/\/www.nettali.com\/rest\/wp\/v2\/categories?post=162531"},{"taxonomy":"post_tag","embeddable":true,"href":"https:\/\/www.nettali.com\/rest\/wp\/v2\/tags?post=162531"}],"curies":[{"name":"wp","href":"https:\/\/api.w.org\/{rel}","templated":true}]}}