{"id":162529,"date":"2025-10-08T06:52:34","date_gmt":"2025-10-08T06:52:34","guid":{"rendered":"https:\/\/www.nettali.com\/?p=162529"},"modified":"2025-10-08T06:52:34","modified_gmt":"2025-10-08T06:52:34","slug":"ousmane-fii-senegal-sonko-appelle-a-une-renaissance-africaine-fondee-sur-la-rigueur-la-culture-et-la-souverainete-economique","status":"publish","type":"post","link":"https:\/\/www.nettali.com\/2025\/10\/08\/ousmane-fii-senegal-sonko-appelle-a-une-renaissance-africaine-fondee-sur-la-rigueur-la-culture-et-la-souverainete-economique\/","title":{"rendered":"Ousmane FII SENEGAL - Sonko appelle \u00e0 une Renaissance africaine fond\u00e9e sur la rigueur, la culture et la souverainet\u00e9 \u00e9conomique"},"content":{"rendered":"<p data-start=\"309\" data-end=\"499\"><strong>NETTALI.COM - Le Premier ministre s\u00e9n\u00e9galais a plaid\u00e9, lors d\u2019un panel du Forum Invest in S\u00e9n\u00e9gal, pour un mod\u00e8le africain de d\u00e9veloppement ancr\u00e9 dans l\u2019identit\u00e9 culturelle et la bonne gouvernance.<\/strong><\/p>\n<p data-start=\"501\" data-end=\"940\">Le Premier ministre du S\u00e9n\u00e9gal, Ousmane Sonko, a pris part ce mardi 7 octobre \u00e0 un panel consacr\u00e9 \u00e0 la <em data-start=\"608\" data-end=\"631\">Renaissance africaine<\/em> dans le cadre du Forum Invest in S\u00e9n\u00e9gal. Dans son intervention, il a invit\u00e9 les acteurs politiques, \u00e9conomiques et culturels du continent \u00e0 repenser les fondements du d\u00e9veloppement africain autour de la rigueur, de la souverainet\u00e9 \u00e9conomique et de la valorisation des langues et cultures africaines.<\/p>\n<p data-start=\"942\" data-end=\"1441\">Selon le chef du gouvernement, la Renaissance africaine \u00ab n\u2019est pas un concept nouveau \u00bb, mais un appel \u00e0 revisiter l\u2019histoire pour comprendre les ruptures et les pertes d\u2019identit\u00e9 du continent. <em>\u00ab Une renaissance suppose que nous avons d\u00e9j\u00e0 \u00e9voqu\u00e9 la question de la naissance, la premi\u00e8re naissance \u00bb<\/em>, a-t-il d\u00e9clar\u00e9, avant de souligner les \u00ab trous \u00bb dans la m\u00e9moire historique africaine, notamment ceux li\u00e9s aux grandes civilisations de l\u2019Antiquit\u00e9 et aux empires m\u00e9di\u00e9vaux du Mali et du Ghana.<\/p>\n<p data-start=\"1506\" data-end=\"1985\">Pour Ousmane Sonko, le d\u00e9veloppement ne peut \u00eatre dissoci\u00e9 de la culture. Il a insist\u00e9 sur la n\u00e9cessit\u00e9 de donner une place centrale aux langues africaines dans les politiques publiques et \u00e9ducatives.<br data-start=\"1714\" data-end=\"1717\" \/><em>\u00ab Si nous nous exprimions en fran\u00e7ais, en anglais, en arabe ou en chinois, cet atelier aurait lieu ailleurs \u00bb<\/em>, a-t-il affirm\u00e9, regrettant que les divisions linguistiques entre pays francophones et anglophones continuent d\u2019alimenter des rivalit\u00e9s internes au continent.<\/p>\n<h4 data-start=\"1987\" data-end=\"2048\"><strong data-start=\"1992\" data-end=\"2048\">Des r\u00e9formes \u00e9conomiques pour une Afrique souveraine<\/strong><\/h4>\n<p data-start=\"2050\" data-end=\"2560\">Sur le plan \u00e9conomique, le Premier ministre a appel\u00e9 \u00e0 une gestion plus rigoureuse et transparente des ressources naturelles africaines. <em>\u00ab Pourquoi, dans tous les autres continents, on fait beaucoup plus et beaucoup mieux avec ces ressources naturelles que nous, qui en avons autant ? \u00bb<\/em>, s\u2019est-il interrog\u00e9.<br data-start=\"2361\" data-end=\"2364\" \/>Il a ainsi plaid\u00e9 pour un assainissement macro\u00e9conomique et une meilleure efficacit\u00e9 des d\u00e9penses publiques, afin de renforcer la productivit\u00e9 et la comp\u00e9titivit\u00e9 des \u00e9conomies africaines.<\/p>\n<p data-start=\"2562\" data-end=\"2844\"><em>\u00ab Nos d\u00e9penses impactent moins la production et la productivit\u00e9 qualitative qu\u2019ailleurs dans le monde \u00bb<\/em>, a-t-il ajout\u00e9, estimant que la r\u00e9ussite du d\u00e9veloppement africain passe par une gouvernance exemplaire et des politiques \u00e9conomiques orient\u00e9es vers la cr\u00e9ation de valeur locale.<\/p>\n<p data-start=\"2914\" data-end=\"3375\">Abordant la question s\u00e9curitaire, Ousmane Sonko a rappel\u00e9 que la Renaissance africaine ne saurait \u00eatre effective sans paix et stabilit\u00e9. L\u2019Afrique, a-t-il soulign\u00e9, est aujourd\u2019hui <em>\u00ab l\u2019un des continents les plus affect\u00e9s par les conflits et l\u2019ins\u00e9curit\u00e9 \u00bb<\/em>.<br data-start=\"3174\" data-end=\"3177\" \/><em>\u00ab Nous devons poser le d\u00e9bat s\u00e9curitaire, qui est extr\u00eamement important \u00bb<\/em>, a-t-il insist\u00e9, estimant que la coh\u00e9sion sociale et la s\u00e9curit\u00e9 sont des pr\u00e9alables \u00e0 tout progr\u00e8s \u00e9conomique et politique.<\/p>\n<h4 data-start=\"3377\" data-end=\"3437\"><strong data-start=\"3382\" data-end=\"3437\">Un appel \u00e0 une transformation profonde du continent<\/strong><\/h4>\n<p data-start=\"3439\" data-end=\"3786\">En conclusion, le Premier ministre a appel\u00e9 les Africains \u00e0 prendre en main leur destin, en renouant avec leurs racines culturelles et en r\u00e9formant leurs pratiques de gouvernance.<br data-start=\"3622\" data-end=\"3625\" \/><em>\u00ab Les m\u00eames m\u00e9thodes qui ont march\u00e9 ailleurs, bas\u00e9es sur la rigueur dans la gestion des affaires publiques, doivent \u00eatre appliqu\u00e9es en Afrique \u00bb<\/em>, a-t-il affirm\u00e9.<\/p>\n<p data-start=\"3788\" data-end=\"4077\">Cette intervention s\u2019inscrit dans la continuit\u00e9 du message d\u00e9livr\u00e9 par Ousmane Sonko lors du lancement du Forum Invest in S\u00e9n\u00e9gal le 27 mai dernier, o\u00f9 il avait expos\u00e9 les bases d\u2019un nouveau paradigme \u00e9conomique ax\u00e9 sur la souverainet\u00e9, la transparence et la transformation locale.<\/p>\n<div class='share-to-whatsapp-wrapper'><div class='share-on-whsp'>PARTAGER SUR : <\/div><a data-text='Ousmane FII SENEGAL - Sonko appelle \u00e0 une Renaissance africaine fond\u00e9e sur la rigueur, la culture et la souverainet\u00e9 \u00e9conomique' data-link='https:\/\/www.nettali.com\/2025\/10\/08\/ousmane-fii-senegal-sonko-appelle-a-une-renaissance-africaine-fondee-sur-la-rigueur-la-culture-et-la-souverainete-economique\/' class='whatsapp-button whatsapp-share'>WhatsApp<\/a><div class='clear '><\/div><\/div>","protected":false},"excerpt":{"rendered":"<p>NETTALI.COM - Le Premier ministre s\u00e9n\u00e9galais a plaid\u00e9, lors d\u2019un panel du Forum Invest in S\u00e9n\u00e9gal, pour un mod\u00e8le africain de d\u00e9veloppement ancr\u00e9 dans l\u2019identit\u00e9 culturelle et la bonne gouvernance. Le Premier ministre du S\u00e9n\u00e9gal, Ousmane Sonko, a pris part ce mardi 7 octobre \u00e0 un panel consacr\u00e9 \u00e0 la Renaissance africaine dans le cadre [&hellip;]<\/p>\n","protected":false},"author":4,"featured_media":9807,"comment_status":"open","ping_status":"open","sticky":false,"template":"","format":"standard","meta":{"_et_pb_use_builder":"","_et_pb_old_content":""},"categories":[2],"tags":[],"yoast_head":"<!-- This site is optimized with the Yoast SEO Premium plugin v17.8 (Yoast SEO v17.8) - https:\/\/yoast.com\/wordpress\/plugins\/seo\/ -->\n<title>Ousmane FII SENEGAL - Sonko appelle \u00e0 une Renaissance africaine fond\u00e9e sur la rigueur, la culture et la souverainet\u00e9 \u00e9conomique | Nettali.com<\/title>\n<meta name=\"robots\" content=\"index, follow, max-snippet:-1, max-image-preview:large, max-video-preview:-1\" \/>\n<link rel=\"canonical\" href=\"https:\/\/www.nettali.com\/2025\/10\/08\/ousmane-fii-senegal-sonko-appelle-a-une-renaissance-africaine-fondee-sur-la-rigueur-la-culture-et-la-souverainete-economique\/\" \/>\n<meta property=\"og:locale\" content=\"fr_FR\" \/>\n<meta property=\"og:type\" content=\"article\" \/>\n<meta property=\"og:title\" content=\"Ousmane FII SENEGAL - Sonko appelle \u00e0 une Renaissance africaine fond\u00e9e sur la rigueur, la culture et la souverainet\u00e9 \u00e9conomique\" \/>\n<meta property=\"og:description\" content=\"NETTALI.COM - Le Premier ministre s\u00e9n\u00e9galais a plaid\u00e9, lors d\u2019un panel du Forum Invest in S\u00e9n\u00e9gal, pour un mod\u00e8le africain de d\u00e9veloppement ancr\u00e9 dans l\u2019identit\u00e9 culturelle et la bonne gouvernance. Le Premier ministre du S\u00e9n\u00e9gal, Ousmane Sonko, a pris part ce mardi 7 octobre \u00e0 un panel consacr\u00e9 \u00e0 la Renaissance africaine dans le cadre [&hellip;]\" \/>\n<meta property=\"og:url\" content=\"https:\/\/www.nettali.com\/2025\/10\/08\/ousmane-fii-senegal-sonko-appelle-a-une-renaissance-africaine-fondee-sur-la-rigueur-la-culture-et-la-souverainete-economique\/\" \/>\n<meta property=\"og:site_name\" content=\"Nettali.com\" \/>\n<meta property=\"article:publisher\" content=\"https:\/\/www.facebook.com\/nettalicom\" \/>\n<meta property=\"article:published_time\" content=\"2025-10-08T06:52:34+00:00\" \/>\n<meta property=\"og:image\" content=\"https:\/\/www.nettali.com\/wp-content\/uploads\/2019\/05\/sonko_0.jpg\" \/>\n\t<meta property=\"og:image:width\" content=\"678\" \/>\n\t<meta property=\"og:image:height\" content=\"381\" \/>\n<meta name=\"twitter:card\" content=\"summary_large_image\" \/>\n<meta name=\"twitter:label1\" content=\"\u00c9crit par\" \/>\n\t<meta name=\"twitter:data1\" content=\"Daouda\" \/>\n\t<meta name=\"twitter:label2\" content=\"Dur\u00e9e de lecture estim\u00e9e\" \/>\n\t<meta name=\"twitter:data2\" content=\"3 minutes\" \/>\n<script type=\"application\/ld+json\" class=\"yoast-schema-graph\">{\"@context\":\"https:\/\/schema.org\",\"@graph\":[{\"@type\":\"WebSite\",\"@id\":\"https:\/\/www.nettali.com\/#website\",\"url\":\"https:\/\/www.nettali.com\/\",\"name\":\"Nettali.com\",\"description\":\"Le rendez-vous critique du Net\",\"potentialAction\":[{\"@type\":\"SearchAction\",\"target\":{\"@type\":\"EntryPoint\",\"urlTemplate\":\"https:\/\/www.nettali.com\/?s={search_term_string}\"},\"query-input\":\"required name=search_term_string\"}],\"inLanguage\":\"fr-FR\"},{\"@type\":\"ImageObject\",\"@id\":\"https:\/\/www.nettali.com\/2025\/10\/08\/ousmane-fii-senegal-sonko-appelle-a-une-renaissance-africaine-fondee-sur-la-rigueur-la-culture-et-la-souverainete-economique\/#primaryimage\",\"inLanguage\":\"fr-FR\",\"url\":\"https:\/\/www.nettali.com\/wp-content\/uploads\/2019\/05\/sonko_0.jpg\",\"contentUrl\":\"https:\/\/www.nettali.com\/wp-content\/uploads\/2019\/05\/sonko_0.jpg\",\"width\":678,\"height\":381},{\"@type\":\"WebPage\",\"@id\":\"https:\/\/www.nettali.com\/2025\/10\/08\/ousmane-fii-senegal-sonko-appelle-a-une-renaissance-africaine-fondee-sur-la-rigueur-la-culture-et-la-souverainete-economique\/#webpage\",\"url\":\"https:\/\/www.nettali.com\/2025\/10\/08\/ousmane-fii-senegal-sonko-appelle-a-une-renaissance-africaine-fondee-sur-la-rigueur-la-culture-et-la-souverainete-economique\/\",\"name\":\"Ousmane FII SENEGAL - Sonko appelle \\u00e0 une Renaissance africaine fond\\u00e9e sur la rigueur, la culture et la souverainet\\u00e9 \\u00e9conomique | Nettali.com\",\"isPartOf\":{\"@id\":\"https:\/\/www.nettali.com\/#website\"},\"primaryImageOfPage\":{\"@id\":\"https:\/\/www.nettali.com\/2025\/10\/08\/ousmane-fii-senegal-sonko-appelle-a-une-renaissance-africaine-fondee-sur-la-rigueur-la-culture-et-la-souverainete-economique\/#primaryimage\"},\"datePublished\":\"2025-10-08T06:52:34+00:00\",\"dateModified\":\"2025-10-08T06:52:34+00:00\",\"author\":{\"@id\":\"https:\/\/www.nettali.com\/#\/schema\/person\/3317e0bb3aa1da309fbf7b2780901bf4\"},\"breadcrumb\":{\"@id\":\"https:\/\/www.nettali.com\/2025\/10\/08\/ousmane-fii-senegal-sonko-appelle-a-une-renaissance-africaine-fondee-sur-la-rigueur-la-culture-et-la-souverainete-economique\/#breadcrumb\"},\"inLanguage\":\"fr-FR\",\"potentialAction\":[{\"@type\":\"ReadAction\",\"target\":[\"https:\/\/www.nettali.com\/2025\/10\/08\/ousmane-fii-senegal-sonko-appelle-a-une-renaissance-africaine-fondee-sur-la-rigueur-la-culture-et-la-souverainete-economique\/\"]}]},{\"@type\":\"BreadcrumbList\",\"@id\":\"https:\/\/www.nettali.com\/2025\/10\/08\/ousmane-fii-senegal-sonko-appelle-a-une-renaissance-africaine-fondee-sur-la-rigueur-la-culture-et-la-souverainete-economique\/#breadcrumb\",\"itemListElement\":[{\"@type\":\"ListItem\",\"position\":1,\"name\":\"Accueil\",\"item\":\"https:\/\/www.nettali.com\/\"},{\"@type\":\"ListItem\",\"position\":2,\"name\":\"Ousmane FII SENEGAL - Sonko appelle \\u00e0 une Renaissance africaine fond\\u00e9e sur la rigueur, la culture et la souverainet\\u00e9 \\u00e9conomique\"}]},{\"@type\":\"Person\",\"@id\":\"https:\/\/www.nettali.com\/#\/schema\/person\/3317e0bb3aa1da309fbf7b2780901bf4\",\"name\":\"Daouda\",\"image\":{\"@type\":\"ImageObject\",\"@id\":\"https:\/\/www.nettali.com\/#personlogo\",\"inLanguage\":\"fr-FR\",\"url\":\"https:\/\/secure.gravatar.com\/avatar\/8d143b5a49345098ddcfee1c49c2f47c?s=96&d=mm&r=g\",\"contentUrl\":\"https:\/\/secure.gravatar.com\/avatar\/8d143b5a49345098ddcfee1c49c2f47c?s=96&d=mm&r=g\",\"caption\":\"Daouda\"},\"sameAs\":[\"https:\/\/www.nettali.com\"]}]}<\/script>\n<!-- \/ Yoast SEO Premium plugin. -->","yoast_head_json":{"title":"Ousmane FII SENEGAL - Sonko appelle \u00e0 une Renaissance africaine fond\u00e9e sur la rigueur, la culture et la souverainet\u00e9 \u00e9conomique | Nettali.com","robots":{"index":"index","follow":"follow","max-snippet":"max-snippet:-1","max-image-preview":"max-image-preview:large","max-video-preview":"max-video-preview:-1"},"canonical":"https:\/\/www.nettali.com\/2025\/10\/08\/ousmane-fii-senegal-sonko-appelle-a-une-renaissance-africaine-fondee-sur-la-rigueur-la-culture-et-la-souverainete-economique\/","og_locale":"fr_FR","og_type":"article","og_title":"Ousmane FII SENEGAL - Sonko appelle \u00e0 une Renaissance africaine fond\u00e9e sur la rigueur, la culture et la souverainet\u00e9 \u00e9conomique","og_description":"NETTALI.COM - Le Premier ministre s\u00e9n\u00e9galais a plaid\u00e9, lors d\u2019un panel du Forum Invest in S\u00e9n\u00e9gal, pour un mod\u00e8le africain de d\u00e9veloppement ancr\u00e9 dans l\u2019identit\u00e9 culturelle et la bonne gouvernance. Le Premier ministre du S\u00e9n\u00e9gal, Ousmane Sonko, a pris part ce mardi 7 octobre \u00e0 un panel consacr\u00e9 \u00e0 la Renaissance africaine dans le cadre [&hellip;]","og_url":"https:\/\/www.nettali.com\/2025\/10\/08\/ousmane-fii-senegal-sonko-appelle-a-une-renaissance-africaine-fondee-sur-la-rigueur-la-culture-et-la-souverainete-economique\/","og_site_name":"Nettali.com","article_publisher":"https:\/\/www.facebook.com\/nettalicom","article_published_time":"2025-10-08T06:52:34+00:00","og_image":[{"width":678,"height":381,"url":"https:\/\/www.nettali.com\/wp-content\/uploads\/2019\/05\/sonko_0.jpg","type":"image\/jpeg"}],"twitter_card":"summary_large_image","twitter_misc":{"\u00c9crit par":"Daouda","Dur\u00e9e de lecture estim\u00e9e":"3 minutes"},"schema":{"@context":"https:\/\/schema.org","@graph":[{"@type":"WebSite","@id":"https:\/\/www.nettali.com\/#website","url":"https:\/\/www.nettali.com\/","name":"Nettali.com","description":"Le rendez-vous critique du Net","potentialAction":[{"@type":"SearchAction","target":{"@type":"EntryPoint","urlTemplate":"https:\/\/www.nettali.com\/?s={search_term_string}"},"query-input":"required name=search_term_string"}],"inLanguage":"fr-FR"},{"@type":"ImageObject","@id":"https:\/\/www.nettali.com\/2025\/10\/08\/ousmane-fii-senegal-sonko-appelle-a-une-renaissance-africaine-fondee-sur-la-rigueur-la-culture-et-la-souverainete-economique\/#primaryimage","inLanguage":"fr-FR","url":"https:\/\/www.nettali.com\/wp-content\/uploads\/2019\/05\/sonko_0.jpg","contentUrl":"https:\/\/www.nettali.com\/wp-content\/uploads\/2019\/05\/sonko_0.jpg","width":678,"height":381},{"@type":"WebPage","@id":"https:\/\/www.nettali.com\/2025\/10\/08\/ousmane-fii-senegal-sonko-appelle-a-une-renaissance-africaine-fondee-sur-la-rigueur-la-culture-et-la-souverainete-economique\/#webpage","url":"https:\/\/www.nettali.com\/2025\/10\/08\/ousmane-fii-senegal-sonko-appelle-a-une-renaissance-africaine-fondee-sur-la-rigueur-la-culture-et-la-souverainete-economique\/","name":"Ousmane FII SENEGAL - Sonko appelle \u00e0 une Renaissance africaine fond\u00e9e sur la rigueur, la culture et la souverainet\u00e9 \u00e9conomique | Nettali.com","isPartOf":{"@id":"https:\/\/www.nettali.com\/#website"},"primaryImageOfPage":{"@id":"https:\/\/www.nettali.com\/2025\/10\/08\/ousmane-fii-senegal-sonko-appelle-a-une-renaissance-africaine-fondee-sur-la-rigueur-la-culture-et-la-souverainete-economique\/#primaryimage"},"datePublished":"2025-10-08T06:52:34+00:00","dateModified":"2025-10-08T06:52:34+00:00","author":{"@id":"https:\/\/www.nettali.com\/#\/schema\/person\/3317e0bb3aa1da309fbf7b2780901bf4"},"breadcrumb":{"@id":"https:\/\/www.nettali.com\/2025\/10\/08\/ousmane-fii-senegal-sonko-appelle-a-une-renaissance-africaine-fondee-sur-la-rigueur-la-culture-et-la-souverainete-economique\/#breadcrumb"},"inLanguage":"fr-FR","potentialAction":[{"@type":"ReadAction","target":["https:\/\/www.nettali.com\/2025\/10\/08\/ousmane-fii-senegal-sonko-appelle-a-une-renaissance-africaine-fondee-sur-la-rigueur-la-culture-et-la-souverainete-economique\/"]}]},{"@type":"BreadcrumbList","@id":"https:\/\/www.nettali.com\/2025\/10\/08\/ousmane-fii-senegal-sonko-appelle-a-une-renaissance-africaine-fondee-sur-la-rigueur-la-culture-et-la-souverainete-economique\/#breadcrumb","itemListElement":[{"@type":"ListItem","position":1,"name":"Accueil","item":"https:\/\/www.nettali.com\/"},{"@type":"ListItem","position":2,"name":"Ousmane FII SENEGAL - Sonko appelle \u00e0 une Renaissance africaine fond\u00e9e sur la rigueur, la culture et la souverainet\u00e9 \u00e9conomique"}]},{"@type":"Person","@id":"https:\/\/www.nettali.com\/#\/schema\/person\/3317e0bb3aa1da309fbf7b2780901bf4","name":"Daouda","image":{"@type":"ImageObject","@id":"https:\/\/www.nettali.com\/#personlogo","inLanguage":"fr-FR","url":"https:\/\/secure.gravatar.com\/avatar\/8d143b5a49345098ddcfee1c49c2f47c?s=96&d=mm&r=g","contentUrl":"https:\/\/secure.gravatar.com\/avatar\/8d143b5a49345098ddcfee1c49c2f47c?s=96&d=mm&r=g","caption":"Daouda"},"sameAs":["https:\/\/www.nettali.com"]}]}},"_links":{"self":[{"href":"https:\/\/www.nettali.com\/rest\/wp\/v2\/posts\/162529"}],"collection":[{"href":"https:\/\/www.nettali.com\/rest\/wp\/v2\/posts"}],"about":[{"href":"https:\/\/www.nettali.com\/rest\/wp\/v2\/types\/post"}],"author":[{"embeddable":true,"href":"https:\/\/www.nettali.com\/rest\/wp\/v2\/users\/4"}],"replies":[{"embeddable":true,"href":"https:\/\/www.nettali.com\/rest\/wp\/v2\/comments?post=162529"}],"version-history":[{"count":1,"href":"https:\/\/www.nettali.com\/rest\/wp\/v2\/posts\/162529\/revisions"}],"predecessor-version":[{"id":162530,"href":"https:\/\/www.nettali.com\/rest\/wp\/v2\/posts\/162529\/revisions\/162530"}],"wp:featuredmedia":[{"embeddable":true,"href":"https:\/\/www.nettali.com\/rest\/wp\/v2\/media\/9807"}],"wp:attachment":[{"href":"https:\/\/www.nettali.com\/rest\/wp\/v2\/media?parent=162529"}],"wp:term":[{"taxonomy":"category","embeddable":true,"href":"https:\/\/www.nettali.com\/rest\/wp\/v2\/categories?post=162529"},{"taxonomy":"post_tag","embeddable":true,"href":"https:\/\/www.nettali.com\/rest\/wp\/v2\/tags?post=162529"}],"curies":[{"name":"wp","href":"https:\/\/api.w.org\/{rel}","templated":true}]}}