{"id":162526,"date":"2025-10-08T06:44:18","date_gmt":"2025-10-08T06:44:18","guid":{"rendered":"https:\/\/www.nettali.com\/?p=162526"},"modified":"2025-10-08T18:16:49","modified_gmt":"2025-10-08T18:16:49","slug":"presidence-salimata-dieng-limogee-apres-un-post-critique-sur-la-gestion-de-la-jeunesse","status":"publish","type":"post","link":"https:\/\/www.nettali.com\/2025\/10\/08\/presidence-salimata-dieng-limogee-apres-un-post-critique-sur-la-gestion-de-la-jeunesse\/","title":{"rendered":"PRESIDENCE - Salimata Dieng limog\u00e9e apr\u00e8s un post critique sur la gestion de la jeunesse"},"content":{"rendered":"<p data-start=\"307\" data-end=\"517\"><strong>NETTALI.COM - La secr\u00e9taire g\u00e9n\u00e9rale nationale de la Jeunesse Patriotique du S\u00e9n\u00e9gal (JPS) a \u00e9t\u00e9 d\u00e9mise de ses fonctions \u00e0 la Pr\u00e9sidence \u00e0 la suite d\u2019une publication jug\u00e9e critique envers son parti et le gouvernement.<\/strong><\/p>\n<p data-start=\"519\" data-end=\"911\">La Pr\u00e9sidence de la R\u00e9publique du S\u00e9n\u00e9gal a mis fin aux fonctions de Salimata Dieng, charg\u00e9e de mission et secr\u00e9taire g\u00e9n\u00e9rale nationale de la Jeunesse Patriotique du S\u00e9n\u00e9gal (JPS), l\u2019organe jeunesse du parti Pastef. Cette d\u00e9cision fait suite \u00e0 la publication, sur les r\u00e9seaux sociaux, d\u2019un texte jug\u00e9 critique sur la place et la gestion des jeunes dans le parti et au sein de l\u2019\u00c9tat.<\/p>\n<p data-start=\"913\" data-end=\"1300\">Dans un post intitul\u00e9 <em data-start=\"935\" data-end=\"1011\">\u00ab Pastef entre n\u00e9gligence de la jeunesse et oubli de certains militants\u2026 \u00bb<\/em>, la militante appelait \u00e0 une plus grande implication des jeunes dans les affaires publiques et d\u00e9non\u00e7ait une forme de marginalisation des cadres issus de la JPS.<br data-start=\"1181\" data-end=\"1184\" \/>Cette sortie n\u2019a pas tard\u00e9 \u00e0 cr\u00e9er des remous, aussi bien \u00e0 la Pr\u00e9sidence que dans les cercles dirigeants de Pastef.<\/p>\n<p data-start=\"1302\" data-end=\"1725\">Selon des sources proches du dossier, une r\u00e9union d\u2019urgence aurait \u00e9t\u00e9 convoqu\u00e9e \u00e0 la Pr\u00e9sidence, r\u00e9unissant plusieurs charg\u00e9s de mission pour \u00e9voquer le sujet. Dans la foul\u00e9e, un arr\u00eat\u00e9 pr\u00e9sidentiel aurait \u00e9t\u00e9 sign\u00e9, actant la fin des fonctions de Salimata Dieng.<br data-start=\"1574\" data-end=\"1577\" \/>Le limogeage, rest\u00e9 jusque-l\u00e0 discret, marque une nouvelle \u00e9viction d\u2019un collaborateur du Palais pour prise de position publique jug\u00e9e sensible.<\/p>\n<p data-start=\"1727\" data-end=\"2094\">Salimata Dieng, qui figurait \u00e0 la 30\u1d49 position sur la liste nationale de Pastef lors des derni\u00e8res l\u00e9gislatives, \u00e9tait consid\u00e9r\u00e9e comme l\u2019une des figures montantes de la jeunesse du parti. Sa mise \u00e0 l\u2019\u00e9cart pourrait raviver les tensions internes au sein de la JPS, o\u00f9 plusieurs militants r\u00e9clament une meilleure repr\u00e9sentation dans les sph\u00e8res d\u00e9cisionnelles.<\/p>\n<div class='share-to-whatsapp-wrapper'><div class='share-on-whsp'>PARTAGER SUR : <\/div><a data-text='PRESIDENCE - Salimata Dieng limog\u00e9e apr\u00e8s un post critique sur la gestion de la jeunesse' data-link='https:\/\/www.nettali.com\/2025\/10\/08\/presidence-salimata-dieng-limogee-apres-un-post-critique-sur-la-gestion-de-la-jeunesse\/' class='whatsapp-button whatsapp-share'>WhatsApp<\/a><div class='clear '><\/div><\/div>","protected":false},"excerpt":{"rendered":"<p>NETTALI.COM - La secr\u00e9taire g\u00e9n\u00e9rale nationale de la Jeunesse Patriotique du S\u00e9n\u00e9gal (JPS) a \u00e9t\u00e9 d\u00e9mise de ses fonctions \u00e0 la Pr\u00e9sidence \u00e0 la suite d\u2019une publication jug\u00e9e critique envers son parti et le gouvernement. La Pr\u00e9sidence de la R\u00e9publique du S\u00e9n\u00e9gal a mis fin aux fonctions de Salimata Dieng, charg\u00e9e de mission et secr\u00e9taire [&hellip;]<\/p>\n","protected":false},"author":4,"featured_media":162527,"comment_status":"open","ping_status":"open","sticky":false,"template":"","format":"standard","meta":{"_et_pb_use_builder":"","_et_pb_old_content":""},"categories":[2],"tags":[],"yoast_head":"<!-- This site is optimized with the Yoast SEO Premium plugin v17.8 (Yoast SEO v17.8) - https:\/\/yoast.com\/wordpress\/plugins\/seo\/ -->\n<title>PRESIDENCE - Salimata Dieng limog\u00e9e apr\u00e8s un post critique sur la gestion de la jeunesse | Nettali.com<\/title>\n<meta name=\"robots\" content=\"index, follow, max-snippet:-1, max-image-preview:large, max-video-preview:-1\" \/>\n<link rel=\"canonical\" href=\"https:\/\/www.nettali.com\/2025\/10\/08\/presidence-salimata-dieng-limogee-apres-un-post-critique-sur-la-gestion-de-la-jeunesse\/\" \/>\n<meta property=\"og:locale\" content=\"fr_FR\" \/>\n<meta property=\"og:type\" content=\"article\" \/>\n<meta property=\"og:title\" content=\"PRESIDENCE - Salimata Dieng limog\u00e9e apr\u00e8s un post critique sur la gestion de la jeunesse\" \/>\n<meta property=\"og:description\" content=\"NETTALI.COM - La secr\u00e9taire g\u00e9n\u00e9rale nationale de la Jeunesse Patriotique du S\u00e9n\u00e9gal (JPS) a \u00e9t\u00e9 d\u00e9mise de ses fonctions \u00e0 la Pr\u00e9sidence \u00e0 la suite d\u2019une publication jug\u00e9e critique envers son parti et le gouvernement. La Pr\u00e9sidence de la R\u00e9publique du S\u00e9n\u00e9gal a mis fin aux fonctions de Salimata Dieng, charg\u00e9e de mission et secr\u00e9taire [&hellip;]\" \/>\n<meta property=\"og:url\" content=\"https:\/\/www.nettali.com\/2025\/10\/08\/presidence-salimata-dieng-limogee-apres-un-post-critique-sur-la-gestion-de-la-jeunesse\/\" \/>\n<meta property=\"og:site_name\" content=\"Nettali.com\" \/>\n<meta property=\"article:publisher\" content=\"https:\/\/www.facebook.com\/nettalicom\" \/>\n<meta property=\"article:published_time\" content=\"2025-10-08T06:44:18+00:00\" \/>\n<meta property=\"article:modified_time\" content=\"2025-10-08T18:16:49+00:00\" \/>\n<meta property=\"og:image\" content=\"https:\/\/www.nettali.com\/wp-content\/uploads\/2025\/10\/Salimata-Dieng.jpg\" \/>\n\t<meta property=\"og:image:width\" content=\"1260\" \/>\n\t<meta property=\"og:image:height\" content=\"800\" \/>\n<meta name=\"twitter:card\" content=\"summary_large_image\" \/>\n<meta name=\"twitter:label1\" content=\"\u00c9crit par\" \/>\n\t<meta name=\"twitter:data1\" content=\"Daouda\" \/>\n\t<meta name=\"twitter:label2\" content=\"Dur\u00e9e de lecture estim\u00e9e\" \/>\n\t<meta name=\"twitter:data2\" content=\"2 minutes\" \/>\n<script type=\"application\/ld+json\" class=\"yoast-schema-graph\">{\"@context\":\"https:\/\/schema.org\",\"@graph\":[{\"@type\":\"WebSite\",\"@id\":\"https:\/\/www.nettali.com\/#website\",\"url\":\"https:\/\/www.nettali.com\/\",\"name\":\"Nettali.com\",\"description\":\"Le rendez-vous critique du Net\",\"potentialAction\":[{\"@type\":\"SearchAction\",\"target\":{\"@type\":\"EntryPoint\",\"urlTemplate\":\"https:\/\/www.nettali.com\/?s={search_term_string}\"},\"query-input\":\"required name=search_term_string\"}],\"inLanguage\":\"fr-FR\"},{\"@type\":\"ImageObject\",\"@id\":\"https:\/\/www.nettali.com\/2025\/10\/08\/presidence-salimata-dieng-limogee-apres-un-post-critique-sur-la-gestion-de-la-jeunesse\/#primaryimage\",\"inLanguage\":\"fr-FR\",\"url\":\"https:\/\/www.nettali.com\/wp-content\/uploads\/2025\/10\/Salimata-Dieng.jpg\",\"contentUrl\":\"https:\/\/www.nettali.com\/wp-content\/uploads\/2025\/10\/Salimata-Dieng.jpg\",\"width\":1260,\"height\":800},{\"@type\":\"WebPage\",\"@id\":\"https:\/\/www.nettali.com\/2025\/10\/08\/presidence-salimata-dieng-limogee-apres-un-post-critique-sur-la-gestion-de-la-jeunesse\/#webpage\",\"url\":\"https:\/\/www.nettali.com\/2025\/10\/08\/presidence-salimata-dieng-limogee-apres-un-post-critique-sur-la-gestion-de-la-jeunesse\/\",\"name\":\"PRESIDENCE - Salimata Dieng limog\\u00e9e apr\\u00e8s un post critique sur la gestion de la jeunesse | Nettali.com\",\"isPartOf\":{\"@id\":\"https:\/\/www.nettali.com\/#website\"},\"primaryImageOfPage\":{\"@id\":\"https:\/\/www.nettali.com\/2025\/10\/08\/presidence-salimata-dieng-limogee-apres-un-post-critique-sur-la-gestion-de-la-jeunesse\/#primaryimage\"},\"datePublished\":\"2025-10-08T06:44:18+00:00\",\"dateModified\":\"2025-10-08T18:16:49+00:00\",\"author\":{\"@id\":\"https:\/\/www.nettali.com\/#\/schema\/person\/3317e0bb3aa1da309fbf7b2780901bf4\"},\"breadcrumb\":{\"@id\":\"https:\/\/www.nettali.com\/2025\/10\/08\/presidence-salimata-dieng-limogee-apres-un-post-critique-sur-la-gestion-de-la-jeunesse\/#breadcrumb\"},\"inLanguage\":\"fr-FR\",\"potentialAction\":[{\"@type\":\"ReadAction\",\"target\":[\"https:\/\/www.nettali.com\/2025\/10\/08\/presidence-salimata-dieng-limogee-apres-un-post-critique-sur-la-gestion-de-la-jeunesse\/\"]}]},{\"@type\":\"BreadcrumbList\",\"@id\":\"https:\/\/www.nettali.com\/2025\/10\/08\/presidence-salimata-dieng-limogee-apres-un-post-critique-sur-la-gestion-de-la-jeunesse\/#breadcrumb\",\"itemListElement\":[{\"@type\":\"ListItem\",\"position\":1,\"name\":\"Accueil\",\"item\":\"https:\/\/www.nettali.com\/\"},{\"@type\":\"ListItem\",\"position\":2,\"name\":\"PRESIDENCE - Salimata Dieng limog\\u00e9e apr\\u00e8s un post critique sur la gestion de la jeunesse\"}]},{\"@type\":\"Person\",\"@id\":\"https:\/\/www.nettali.com\/#\/schema\/person\/3317e0bb3aa1da309fbf7b2780901bf4\",\"name\":\"Daouda\",\"image\":{\"@type\":\"ImageObject\",\"@id\":\"https:\/\/www.nettali.com\/#personlogo\",\"inLanguage\":\"fr-FR\",\"url\":\"https:\/\/secure.gravatar.com\/avatar\/8d143b5a49345098ddcfee1c49c2f47c?s=96&d=mm&r=g\",\"contentUrl\":\"https:\/\/secure.gravatar.com\/avatar\/8d143b5a49345098ddcfee1c49c2f47c?s=96&d=mm&r=g\",\"caption\":\"Daouda\"},\"sameAs\":[\"https:\/\/www.nettali.com\"]}]}<\/script>\n<!-- \/ Yoast SEO Premium plugin. -->","yoast_head_json":{"title":"PRESIDENCE - Salimata Dieng limog\u00e9e apr\u00e8s un post critique sur la gestion de la jeunesse | Nettali.com","robots":{"index":"index","follow":"follow","max-snippet":"max-snippet:-1","max-image-preview":"max-image-preview:large","max-video-preview":"max-video-preview:-1"},"canonical":"https:\/\/www.nettali.com\/2025\/10\/08\/presidence-salimata-dieng-limogee-apres-un-post-critique-sur-la-gestion-de-la-jeunesse\/","og_locale":"fr_FR","og_type":"article","og_title":"PRESIDENCE - Salimata Dieng limog\u00e9e apr\u00e8s un post critique sur la gestion de la jeunesse","og_description":"NETTALI.COM - La secr\u00e9taire g\u00e9n\u00e9rale nationale de la Jeunesse Patriotique du S\u00e9n\u00e9gal (JPS) a \u00e9t\u00e9 d\u00e9mise de ses fonctions \u00e0 la Pr\u00e9sidence \u00e0 la suite d\u2019une publication jug\u00e9e critique envers son parti et le gouvernement. La Pr\u00e9sidence de la R\u00e9publique du S\u00e9n\u00e9gal a mis fin aux fonctions de Salimata Dieng, charg\u00e9e de mission et secr\u00e9taire [&hellip;]","og_url":"https:\/\/www.nettali.com\/2025\/10\/08\/presidence-salimata-dieng-limogee-apres-un-post-critique-sur-la-gestion-de-la-jeunesse\/","og_site_name":"Nettali.com","article_publisher":"https:\/\/www.facebook.com\/nettalicom","article_published_time":"2025-10-08T06:44:18+00:00","article_modified_time":"2025-10-08T18:16:49+00:00","og_image":[{"width":1260,"height":800,"url":"https:\/\/www.nettali.com\/wp-content\/uploads\/2025\/10\/Salimata-Dieng.jpg","type":"image\/jpeg"}],"twitter_card":"summary_large_image","twitter_misc":{"\u00c9crit par":"Daouda","Dur\u00e9e de lecture estim\u00e9e":"2 minutes"},"schema":{"@context":"https:\/\/schema.org","@graph":[{"@type":"WebSite","@id":"https:\/\/www.nettali.com\/#website","url":"https:\/\/www.nettali.com\/","name":"Nettali.com","description":"Le rendez-vous critique du Net","potentialAction":[{"@type":"SearchAction","target":{"@type":"EntryPoint","urlTemplate":"https:\/\/www.nettali.com\/?s={search_term_string}"},"query-input":"required name=search_term_string"}],"inLanguage":"fr-FR"},{"@type":"ImageObject","@id":"https:\/\/www.nettali.com\/2025\/10\/08\/presidence-salimata-dieng-limogee-apres-un-post-critique-sur-la-gestion-de-la-jeunesse\/#primaryimage","inLanguage":"fr-FR","url":"https:\/\/www.nettali.com\/wp-content\/uploads\/2025\/10\/Salimata-Dieng.jpg","contentUrl":"https:\/\/www.nettali.com\/wp-content\/uploads\/2025\/10\/Salimata-Dieng.jpg","width":1260,"height":800},{"@type":"WebPage","@id":"https:\/\/www.nettali.com\/2025\/10\/08\/presidence-salimata-dieng-limogee-apres-un-post-critique-sur-la-gestion-de-la-jeunesse\/#webpage","url":"https:\/\/www.nettali.com\/2025\/10\/08\/presidence-salimata-dieng-limogee-apres-un-post-critique-sur-la-gestion-de-la-jeunesse\/","name":"PRESIDENCE - Salimata Dieng limog\u00e9e apr\u00e8s un post critique sur la gestion de la jeunesse | Nettali.com","isPartOf":{"@id":"https:\/\/www.nettali.com\/#website"},"primaryImageOfPage":{"@id":"https:\/\/www.nettali.com\/2025\/10\/08\/presidence-salimata-dieng-limogee-apres-un-post-critique-sur-la-gestion-de-la-jeunesse\/#primaryimage"},"datePublished":"2025-10-08T06:44:18+00:00","dateModified":"2025-10-08T18:16:49+00:00","author":{"@id":"https:\/\/www.nettali.com\/#\/schema\/person\/3317e0bb3aa1da309fbf7b2780901bf4"},"breadcrumb":{"@id":"https:\/\/www.nettali.com\/2025\/10\/08\/presidence-salimata-dieng-limogee-apres-un-post-critique-sur-la-gestion-de-la-jeunesse\/#breadcrumb"},"inLanguage":"fr-FR","potentialAction":[{"@type":"ReadAction","target":["https:\/\/www.nettali.com\/2025\/10\/08\/presidence-salimata-dieng-limogee-apres-un-post-critique-sur-la-gestion-de-la-jeunesse\/"]}]},{"@type":"BreadcrumbList","@id":"https:\/\/www.nettali.com\/2025\/10\/08\/presidence-salimata-dieng-limogee-apres-un-post-critique-sur-la-gestion-de-la-jeunesse\/#breadcrumb","itemListElement":[{"@type":"ListItem","position":1,"name":"Accueil","item":"https:\/\/www.nettali.com\/"},{"@type":"ListItem","position":2,"name":"PRESIDENCE - Salimata Dieng limog\u00e9e apr\u00e8s un post critique sur la gestion de la jeunesse"}]},{"@type":"Person","@id":"https:\/\/www.nettali.com\/#\/schema\/person\/3317e0bb3aa1da309fbf7b2780901bf4","name":"Daouda","image":{"@type":"ImageObject","@id":"https:\/\/www.nettali.com\/#personlogo","inLanguage":"fr-FR","url":"https:\/\/secure.gravatar.com\/avatar\/8d143b5a49345098ddcfee1c49c2f47c?s=96&d=mm&r=g","contentUrl":"https:\/\/secure.gravatar.com\/avatar\/8d143b5a49345098ddcfee1c49c2f47c?s=96&d=mm&r=g","caption":"Daouda"},"sameAs":["https:\/\/www.nettali.com"]}]}},"_links":{"self":[{"href":"https:\/\/www.nettali.com\/rest\/wp\/v2\/posts\/162526"}],"collection":[{"href":"https:\/\/www.nettali.com\/rest\/wp\/v2\/posts"}],"about":[{"href":"https:\/\/www.nettali.com\/rest\/wp\/v2\/types\/post"}],"author":[{"embeddable":true,"href":"https:\/\/www.nettali.com\/rest\/wp\/v2\/users\/4"}],"replies":[{"embeddable":true,"href":"https:\/\/www.nettali.com\/rest\/wp\/v2\/comments?post=162526"}],"version-history":[{"count":1,"href":"https:\/\/www.nettali.com\/rest\/wp\/v2\/posts\/162526\/revisions"}],"predecessor-version":[{"id":162528,"href":"https:\/\/www.nettali.com\/rest\/wp\/v2\/posts\/162526\/revisions\/162528"}],"wp:featuredmedia":[{"embeddable":true,"href":"https:\/\/www.nettali.com\/rest\/wp\/v2\/media\/162527"}],"wp:attachment":[{"href":"https:\/\/www.nettali.com\/rest\/wp\/v2\/media?parent=162526"}],"wp:term":[{"taxonomy":"category","embeddable":true,"href":"https:\/\/www.nettali.com\/rest\/wp\/v2\/categories?post=162526"},{"taxonomy":"post_tag","embeddable":true,"href":"https:\/\/www.nettali.com\/rest\/wp\/v2\/tags?post=162526"}],"curies":[{"name":"wp","href":"https:\/\/api.w.org\/{rel}","templated":true}]}}