{"id":162500,"date":"2025-10-07T16:25:51","date_gmt":"2025-10-07T16:25:51","guid":{"rendered":"https:\/\/www.nettali.com\/?p=162500"},"modified":"2025-10-07T16:51:46","modified_gmt":"2025-10-07T16:51:46","slug":"championnats-du-monde-taekwondo-itf-les-taekwondoistes-senegalais-bloques-a-dakar","status":"publish","type":"post","link":"https:\/\/www.nettali.com\/2025\/10\/07\/championnats-du-monde-taekwondo-itf-les-taekwondoistes-senegalais-bloques-a-dakar\/","title":{"rendered":"CHAMPIONNATS DU MONDE TAEKWONDO ITF - Les Taekwondo\u00efstes s\u00e9n\u00e9galais bloqu\u00e9s \u00e0 Dakar"},"content":{"rendered":"<p><strong>NETTALI.COM - L'\u00e9quipe nationale du S\u00e9n\u00e9gal de Taekwondo ITF a brill\u00e9 de mille feux \u00e0 l'occasion de la premi\u00e8re \u00e9dition de l'Open International de Dakar tenue le 28 septembre dernier. Avec 18 m\u00e9dailles dont 16 en Or et 2 en Argent, les athl\u00e8tes s\u00e9n\u00e9galais ont litt\u00e9ralement survol\u00e9 la comp\u00e9tition. Cependant, malgr\u00e9 cette exceptionnelle performance les Taekwondo\u00efstes s\u00e9n\u00e9galais vont malheureusement rater les championnats du monde de Taekwondo ITF qui d\u00e9butent ce mardi 7 octobre, en Croatie.<\/strong><\/p>\n<p>Les championnats du monde de Taekwondo ITF qui d\u00e9marrent ce 7 octobre en Croatie se tiendront sans le S\u00e9n\u00e9gal. Devant se rendre sur les lieux de la comp\u00e9tition, l\u2019\u00e9quipe nationale du S\u00e9n\u00e9gal de Taekwondo ITF est bloqu\u00e9e \u00e0 Dakar \u00e0 cause d\u2019un manque de moyens financiers. Apr\u00e8s avoir remport\u00e9 haut la main l\u2019Open international de Dakar le 28 septembre dernier au stade Amadou Barry de Gu\u00e9diawaye, avec 18 m\u00e9dailles dont 16 en or et 2 en argent face au Mali qui n\u2019a pu remporter que 2 m\u00e9dailles, l\u2019\u00e9quipe nationale du S\u00e9n\u00e9gal de Taekwondo ITF qui voulait surfer sur cette vague performance pour prendre part \u00e0 cette comp\u00e9tition mondiale a vu son r\u00eave bris\u00e9.<\/p>\n<p>\"<em>Nous devons \u00eatre \u00e0 l\u2019instant en Croatie pour les championnats du monde du monde qui se tiennent le 7 octobre en Croatie. Mais nous ne pourront pas. Parce que l'id\u00e9e \u00e9tait de finir l\u2019Open et rallier la Croatie<\/em>\", a laiss\u00e9 entendre le secr\u00e9taire g\u00e9n\u00e9ral de l'association s\u00e9n\u00e9galaise de Taekwondo ITF, Me Assane Tour\u00e9 en conf\u00e9rence de presse ce dimanche 5 octobre.<\/p>\n<p>\"<em>Nous avons organis\u00e9 l'Open International avec nos propres moyens, sans aucun accompagnement du minist\u00e8re des sports. <\/em><br \/>\n<em>Ce sont les diff\u00e9rentes salles et de bonne volont\u00e9s qui ont fait des contributions. Mais nous ne pourront pas participer \u00e0 ces championnats du monde par faute de moyens<\/em>\", regrette Me Assane Tour\u00e9.<\/p>\n<p>En effet, sur un budget pr\u00e9visionnel de 9 millions, les responsables de l\u2019Open international de Dakar n\u2019ont pu mobiliser que 2 millions 700 francs pour tenir cette manifestation sportive.<\/p>\n<p><em><strong>\"Le Taekwondo ITF est plus authentique\"<\/strong><\/em><\/p>\n<p>Cr\u00e9\u00e9e depuis 2019, l'association s\u00e9n\u00e9galaise de Taekwondo ITF compte plus de 20 clubs pr\u00e9sents dans les r\u00e9gions comme Kaolack, Saint-Louis, Dakar, Thi\u00e8s, Durbel... Apr\u00e8s cinq ans d'existence, l'association n'a qu'un seul r\u00eave : passer en f\u00e9d\u00e9ration.<\/p>\n<p>Revenant sur ce qui diff\u00e9rencie le Taekwondo ITF et le Taekwondo WTF, Me Assane Tour\u00e9 souligne que le Taekwondo ITF est plus authentique. A l'en croire, leur discipline se distingue par ses techniques de combat sp\u00e9cifiques avec l\u2019utilisation des pieds et des poings pour les techniques de combat.<\/p>\n<p>Rappelons que, Me Dame Seck, 7e Dan en WTF, est le p\u00e8re fondateur du Taekwondo ITF au S\u00e9n\u00e9gal. Pratiqu\u00e9 au pays de la T\u00e9ranga depuis 2018, le Taekwondo ITF est bien repr\u00e9sent\u00e9 au niveau international. 128 pays le pratiquent \u00e0 travers le monde.<\/p>\n<div class='share-to-whatsapp-wrapper'><div class='share-on-whsp'>PARTAGER SUR : <\/div><a data-text='CHAMPIONNATS DU MONDE TAEKWONDO ITF - Les Taekwondo\u00efstes s\u00e9n\u00e9galais bloqu\u00e9s \u00e0 Dakar' data-link='https:\/\/www.nettali.com\/2025\/10\/07\/championnats-du-monde-taekwondo-itf-les-taekwondoistes-senegalais-bloques-a-dakar\/' class='whatsapp-button whatsapp-share'>WhatsApp<\/a><div class='clear '><\/div><\/div>","protected":false},"excerpt":{"rendered":"<p>NETTALI.COM - L'\u00e9quipe nationale du S\u00e9n\u00e9gal de Taekwondo ITF a brill\u00e9 de mille feux \u00e0 l'occasion de la premi\u00e8re \u00e9dition de l'Open International de Dakar tenue le 28 septembre dernier. Avec 18 m\u00e9dailles dont 16 en Or et 2 en Argent, les athl\u00e8tes s\u00e9n\u00e9galais ont litt\u00e9ralement survol\u00e9 la comp\u00e9tition. Cependant, malgr\u00e9 cette exceptionnelle performance les [&hellip;]<\/p>\n","protected":false},"author":5,"featured_media":162424,"comment_status":"open","ping_status":"open","sticky":false,"template":"","format":"standard","meta":{"_et_pb_use_builder":"","_et_pb_old_content":""},"categories":[6],"tags":[],"yoast_head":"<!-- This site is optimized with the Yoast SEO Premium plugin v17.8 (Yoast SEO v17.8) - https:\/\/yoast.com\/wordpress\/plugins\/seo\/ -->\n<title>CHAMPIONNATS DU MONDE TAEKWONDO ITF - Les Taekwondo\u00efstes s\u00e9n\u00e9galais bloqu\u00e9s \u00e0 Dakar | Nettali.com<\/title>\n<meta name=\"robots\" content=\"index, follow, max-snippet:-1, max-image-preview:large, max-video-preview:-1\" \/>\n<link rel=\"canonical\" href=\"https:\/\/www.nettali.com\/2025\/10\/07\/championnats-du-monde-taekwondo-itf-les-taekwondoistes-senegalais-bloques-a-dakar\/\" \/>\n<meta property=\"og:locale\" content=\"fr_FR\" \/>\n<meta property=\"og:type\" content=\"article\" \/>\n<meta property=\"og:title\" content=\"CHAMPIONNATS DU MONDE TAEKWONDO ITF - Les Taekwondo\u00efstes s\u00e9n\u00e9galais bloqu\u00e9s \u00e0 Dakar\" \/>\n<meta property=\"og:description\" content=\"NETTALI.COM - L&#039;\u00e9quipe nationale du S\u00e9n\u00e9gal de Taekwondo ITF a brill\u00e9 de mille feux \u00e0 l&#039;occasion de la premi\u00e8re \u00e9dition de l&#039;Open International de Dakar tenue le 28 septembre dernier. Avec 18 m\u00e9dailles dont 16 en Or et 2 en Argent, les athl\u00e8tes s\u00e9n\u00e9galais ont litt\u00e9ralement survol\u00e9 la comp\u00e9tition. Cependant, malgr\u00e9 cette exceptionnelle performance les [&hellip;]\" \/>\n<meta property=\"og:url\" content=\"https:\/\/www.nettali.com\/2025\/10\/07\/championnats-du-monde-taekwondo-itf-les-taekwondoistes-senegalais-bloques-a-dakar\/\" \/>\n<meta property=\"og:site_name\" content=\"Nettali.com\" \/>\n<meta property=\"article:publisher\" content=\"https:\/\/www.facebook.com\/nettalicom\" \/>\n<meta property=\"article:published_time\" content=\"2025-10-07T16:25:51+00:00\" \/>\n<meta property=\"article:modified_time\" content=\"2025-10-07T16:51:46+00:00\" \/>\n<meta property=\"og:image\" content=\"https:\/\/www.nettali.com\/wp-content\/uploads\/2025\/10\/Screenshot_20251006_121751_Gallery.jpg\" \/>\n\t<meta property=\"og:image:width\" content=\"1080\" \/>\n\t<meta property=\"og:image:height\" content=\"541\" \/>\n<meta name=\"twitter:card\" content=\"summary_large_image\" \/>\n<meta name=\"twitter:label1\" content=\"\u00c9crit par\" \/>\n\t<meta name=\"twitter:data1\" content=\"Ibrahima\" \/>\n\t<meta name=\"twitter:label2\" content=\"Dur\u00e9e de lecture estim\u00e9e\" \/>\n\t<meta name=\"twitter:data2\" content=\"3 minutes\" \/>\n<script type=\"application\/ld+json\" class=\"yoast-schema-graph\">{\"@context\":\"https:\/\/schema.org\",\"@graph\":[{\"@type\":\"WebSite\",\"@id\":\"https:\/\/www.nettali.com\/#website\",\"url\":\"https:\/\/www.nettali.com\/\",\"name\":\"Nettali.com\",\"description\":\"Le rendez-vous critique du Net\",\"potentialAction\":[{\"@type\":\"SearchAction\",\"target\":{\"@type\":\"EntryPoint\",\"urlTemplate\":\"https:\/\/www.nettali.com\/?s={search_term_string}\"},\"query-input\":\"required name=search_term_string\"}],\"inLanguage\":\"fr-FR\"},{\"@type\":\"ImageObject\",\"@id\":\"https:\/\/www.nettali.com\/2025\/10\/07\/championnats-du-monde-taekwondo-itf-les-taekwondoistes-senegalais-bloques-a-dakar\/#primaryimage\",\"inLanguage\":\"fr-FR\",\"url\":\"https:\/\/www.nettali.com\/wp-content\/uploads\/2025\/10\/Screenshot_20251006_121751_Gallery.jpg\",\"contentUrl\":\"https:\/\/www.nettali.com\/wp-content\/uploads\/2025\/10\/Screenshot_20251006_121751_Gallery.jpg\",\"width\":1080,\"height\":541},{\"@type\":\"WebPage\",\"@id\":\"https:\/\/www.nettali.com\/2025\/10\/07\/championnats-du-monde-taekwondo-itf-les-taekwondoistes-senegalais-bloques-a-dakar\/#webpage\",\"url\":\"https:\/\/www.nettali.com\/2025\/10\/07\/championnats-du-monde-taekwondo-itf-les-taekwondoistes-senegalais-bloques-a-dakar\/\",\"name\":\"CHAMPIONNATS DU MONDE TAEKWONDO ITF - Les Taekwondo\\u00efstes s\\u00e9n\\u00e9galais bloqu\\u00e9s \\u00e0 Dakar | Nettali.com\",\"isPartOf\":{\"@id\":\"https:\/\/www.nettali.com\/#website\"},\"primaryImageOfPage\":{\"@id\":\"https:\/\/www.nettali.com\/2025\/10\/07\/championnats-du-monde-taekwondo-itf-les-taekwondoistes-senegalais-bloques-a-dakar\/#primaryimage\"},\"datePublished\":\"2025-10-07T16:25:51+00:00\",\"dateModified\":\"2025-10-07T16:51:46+00:00\",\"author\":{\"@id\":\"https:\/\/www.nettali.com\/#\/schema\/person\/bb147657c2986240405a608162b9bb23\"},\"breadcrumb\":{\"@id\":\"https:\/\/www.nettali.com\/2025\/10\/07\/championnats-du-monde-taekwondo-itf-les-taekwondoistes-senegalais-bloques-a-dakar\/#breadcrumb\"},\"inLanguage\":\"fr-FR\",\"potentialAction\":[{\"@type\":\"ReadAction\",\"target\":[\"https:\/\/www.nettali.com\/2025\/10\/07\/championnats-du-monde-taekwondo-itf-les-taekwondoistes-senegalais-bloques-a-dakar\/\"]}]},{\"@type\":\"BreadcrumbList\",\"@id\":\"https:\/\/www.nettali.com\/2025\/10\/07\/championnats-du-monde-taekwondo-itf-les-taekwondoistes-senegalais-bloques-a-dakar\/#breadcrumb\",\"itemListElement\":[{\"@type\":\"ListItem\",\"position\":1,\"name\":\"Accueil\",\"item\":\"https:\/\/www.nettali.com\/\"},{\"@type\":\"ListItem\",\"position\":2,\"name\":\"CHAMPIONNATS DU MONDE TAEKWONDO ITF - Les Taekwondo\\u00efstes s\\u00e9n\\u00e9galais bloqu\\u00e9s \\u00e0 Dakar\"}]},{\"@type\":\"Person\",\"@id\":\"https:\/\/www.nettali.com\/#\/schema\/person\/bb147657c2986240405a608162b9bb23\",\"name\":\"Ibrahima\",\"image\":{\"@type\":\"ImageObject\",\"@id\":\"https:\/\/www.nettali.com\/#personlogo\",\"inLanguage\":\"fr-FR\",\"url\":\"https:\/\/secure.gravatar.com\/avatar\/26a8a81f09f0dd7624c9d5c36c9ba3a2?s=96&d=mm&r=g\",\"contentUrl\":\"https:\/\/secure.gravatar.com\/avatar\/26a8a81f09f0dd7624c9d5c36c9ba3a2?s=96&d=mm&r=g\",\"caption\":\"Ibrahima\"},\"sameAs\":[\"https:\/\/www.nettali.com\"]}]}<\/script>\n<!-- \/ Yoast SEO Premium plugin. -->","yoast_head_json":{"title":"CHAMPIONNATS DU MONDE TAEKWONDO ITF - Les Taekwondo\u00efstes s\u00e9n\u00e9galais bloqu\u00e9s \u00e0 Dakar | Nettali.com","robots":{"index":"index","follow":"follow","max-snippet":"max-snippet:-1","max-image-preview":"max-image-preview:large","max-video-preview":"max-video-preview:-1"},"canonical":"https:\/\/www.nettali.com\/2025\/10\/07\/championnats-du-monde-taekwondo-itf-les-taekwondoistes-senegalais-bloques-a-dakar\/","og_locale":"fr_FR","og_type":"article","og_title":"CHAMPIONNATS DU MONDE TAEKWONDO ITF - Les Taekwondo\u00efstes s\u00e9n\u00e9galais bloqu\u00e9s \u00e0 Dakar","og_description":"NETTALI.COM - L'\u00e9quipe nationale du S\u00e9n\u00e9gal de Taekwondo ITF a brill\u00e9 de mille feux \u00e0 l'occasion de la premi\u00e8re \u00e9dition de l'Open International de Dakar tenue le 28 septembre dernier. Avec 18 m\u00e9dailles dont 16 en Or et 2 en Argent, les athl\u00e8tes s\u00e9n\u00e9galais ont litt\u00e9ralement survol\u00e9 la comp\u00e9tition. Cependant, malgr\u00e9 cette exceptionnelle performance les [&hellip;]","og_url":"https:\/\/www.nettali.com\/2025\/10\/07\/championnats-du-monde-taekwondo-itf-les-taekwondoistes-senegalais-bloques-a-dakar\/","og_site_name":"Nettali.com","article_publisher":"https:\/\/www.facebook.com\/nettalicom","article_published_time":"2025-10-07T16:25:51+00:00","article_modified_time":"2025-10-07T16:51:46+00:00","og_image":[{"width":1080,"height":541,"url":"https:\/\/www.nettali.com\/wp-content\/uploads\/2025\/10\/Screenshot_20251006_121751_Gallery.jpg","type":"image\/jpeg"}],"twitter_card":"summary_large_image","twitter_misc":{"\u00c9crit par":"Ibrahima","Dur\u00e9e de lecture estim\u00e9e":"3 minutes"},"schema":{"@context":"https:\/\/schema.org","@graph":[{"@type":"WebSite","@id":"https:\/\/www.nettali.com\/#website","url":"https:\/\/www.nettali.com\/","name":"Nettali.com","description":"Le rendez-vous critique du Net","potentialAction":[{"@type":"SearchAction","target":{"@type":"EntryPoint","urlTemplate":"https:\/\/www.nettali.com\/?s={search_term_string}"},"query-input":"required name=search_term_string"}],"inLanguage":"fr-FR"},{"@type":"ImageObject","@id":"https:\/\/www.nettali.com\/2025\/10\/07\/championnats-du-monde-taekwondo-itf-les-taekwondoistes-senegalais-bloques-a-dakar\/#primaryimage","inLanguage":"fr-FR","url":"https:\/\/www.nettali.com\/wp-content\/uploads\/2025\/10\/Screenshot_20251006_121751_Gallery.jpg","contentUrl":"https:\/\/www.nettali.com\/wp-content\/uploads\/2025\/10\/Screenshot_20251006_121751_Gallery.jpg","width":1080,"height":541},{"@type":"WebPage","@id":"https:\/\/www.nettali.com\/2025\/10\/07\/championnats-du-monde-taekwondo-itf-les-taekwondoistes-senegalais-bloques-a-dakar\/#webpage","url":"https:\/\/www.nettali.com\/2025\/10\/07\/championnats-du-monde-taekwondo-itf-les-taekwondoistes-senegalais-bloques-a-dakar\/","name":"CHAMPIONNATS DU MONDE TAEKWONDO ITF - Les Taekwondo\u00efstes s\u00e9n\u00e9galais bloqu\u00e9s \u00e0 Dakar | Nettali.com","isPartOf":{"@id":"https:\/\/www.nettali.com\/#website"},"primaryImageOfPage":{"@id":"https:\/\/www.nettali.com\/2025\/10\/07\/championnats-du-monde-taekwondo-itf-les-taekwondoistes-senegalais-bloques-a-dakar\/#primaryimage"},"datePublished":"2025-10-07T16:25:51+00:00","dateModified":"2025-10-07T16:51:46+00:00","author":{"@id":"https:\/\/www.nettali.com\/#\/schema\/person\/bb147657c2986240405a608162b9bb23"},"breadcrumb":{"@id":"https:\/\/www.nettali.com\/2025\/10\/07\/championnats-du-monde-taekwondo-itf-les-taekwondoistes-senegalais-bloques-a-dakar\/#breadcrumb"},"inLanguage":"fr-FR","potentialAction":[{"@type":"ReadAction","target":["https:\/\/www.nettali.com\/2025\/10\/07\/championnats-du-monde-taekwondo-itf-les-taekwondoistes-senegalais-bloques-a-dakar\/"]}]},{"@type":"BreadcrumbList","@id":"https:\/\/www.nettali.com\/2025\/10\/07\/championnats-du-monde-taekwondo-itf-les-taekwondoistes-senegalais-bloques-a-dakar\/#breadcrumb","itemListElement":[{"@type":"ListItem","position":1,"name":"Accueil","item":"https:\/\/www.nettali.com\/"},{"@type":"ListItem","position":2,"name":"CHAMPIONNATS DU MONDE TAEKWONDO ITF - Les Taekwondo\u00efstes s\u00e9n\u00e9galais bloqu\u00e9s \u00e0 Dakar"}]},{"@type":"Person","@id":"https:\/\/www.nettali.com\/#\/schema\/person\/bb147657c2986240405a608162b9bb23","name":"Ibrahima","image":{"@type":"ImageObject","@id":"https:\/\/www.nettali.com\/#personlogo","inLanguage":"fr-FR","url":"https:\/\/secure.gravatar.com\/avatar\/26a8a81f09f0dd7624c9d5c36c9ba3a2?s=96&d=mm&r=g","contentUrl":"https:\/\/secure.gravatar.com\/avatar\/26a8a81f09f0dd7624c9d5c36c9ba3a2?s=96&d=mm&r=g","caption":"Ibrahima"},"sameAs":["https:\/\/www.nettali.com"]}]}},"_links":{"self":[{"href":"https:\/\/www.nettali.com\/rest\/wp\/v2\/posts\/162500"}],"collection":[{"href":"https:\/\/www.nettali.com\/rest\/wp\/v2\/posts"}],"about":[{"href":"https:\/\/www.nettali.com\/rest\/wp\/v2\/types\/post"}],"author":[{"embeddable":true,"href":"https:\/\/www.nettali.com\/rest\/wp\/v2\/users\/5"}],"replies":[{"embeddable":true,"href":"https:\/\/www.nettali.com\/rest\/wp\/v2\/comments?post=162500"}],"version-history":[{"count":2,"href":"https:\/\/www.nettali.com\/rest\/wp\/v2\/posts\/162500\/revisions"}],"predecessor-version":[{"id":162509,"href":"https:\/\/www.nettali.com\/rest\/wp\/v2\/posts\/162500\/revisions\/162509"}],"wp:featuredmedia":[{"embeddable":true,"href":"https:\/\/www.nettali.com\/rest\/wp\/v2\/media\/162424"}],"wp:attachment":[{"href":"https:\/\/www.nettali.com\/rest\/wp\/v2\/media?parent=162500"}],"wp:term":[{"taxonomy":"category","embeddable":true,"href":"https:\/\/www.nettali.com\/rest\/wp\/v2\/categories?post=162500"},{"taxonomy":"post_tag","embeddable":true,"href":"https:\/\/www.nettali.com\/rest\/wp\/v2\/tags?post=162500"}],"curies":[{"name":"wp","href":"https:\/\/api.w.org\/{rel}","templated":true}]}}