{"id":162129,"date":"2025-09-30T20:21:33","date_gmt":"2025-09-30T20:21:33","guid":{"rendered":"https:\/\/www.nettali.com\/?p=162129"},"modified":"2025-09-30T20:21:33","modified_gmt":"2025-09-30T20:21:33","slug":"le-ministre-de-linterieur-en-tournee-dans-les-services-de-la-police-nationale","status":"publish","type":"post","link":"https:\/\/www.nettali.com\/2025\/09\/30\/le-ministre-de-linterieur-en-tournee-dans-les-services-de-la-police-nationale\/","title":{"rendered":"Le ministre de l\u2019Int\u00e9rieur en tourn\u00e9e dans les services de la Police nationale"},"content":{"rendered":"<p data-start=\"158\" data-end=\"425\"><strong data-start=\"158\" data-end=\"423\">NETTALI.COM - Accompagn\u00e9 du Directeur g\u00e9n\u00e9ral de la Police nationale, Mame Seydou Ndour, le ministre de l\u2019Int\u00e9rieur et de la S\u00e9curit\u00e9 publique, Me Mouhamadou Bamba Ciss\u00e9, a visit\u00e9 ce mardi plusieurs structures strat\u00e9giques de son d\u00e9partement, allant de la Police judiciaire \u00e0 la Direction de la Surveillance du territoire.<\/strong><\/p>\n<p data-start=\"427\" data-end=\"976\">Ce mardi 30 septembre, le ministre de l\u2019Int\u00e9rieur et de la S\u00e9curit\u00e9 publique a entam\u00e9 une tourn\u00e9e de terrain aupr\u00e8s des services plac\u00e9s sous sa tutelle. Accueilli aux c\u00f4t\u00e9s du Directeur g\u00e9n\u00e9ral de la Police nationale et de son cabinet, il a d\u00e9but\u00e9 sa visite par la Direction de la Police judiciaire, o\u00f9 il a pu \u00e9changer avec les responsables de la Division des investigations criminelles, du Bureau central national d\u2019Interpol, de la Division sp\u00e9ciale de cybers\u00e9curit\u00e9, de la Division de la police scientifique et technique ainsi que du Laboratoire ADN.<\/p>\n<p data-start=\"978\" data-end=\"1347\">La d\u00e9l\u00e9gation s\u2019est ensuite rendue \u00e0 la Direction de la Surveillance du territoire, \u00e0 la Direction de la Formation de la Police nationale et \u00e0 la Direction de Police des \u00e9trangers et des titres de voyage. Dans chaque service, le ministre a assist\u00e9 \u00e0 des expos\u00e9s sur les missions, les r\u00e9sultats et les contraintes rencontr\u00e9es, parfois illustr\u00e9s par des d\u00e9monstrations.<\/p>\n<p data-start=\"1349\" data-end=\"1607\">Au terme de la visite, il a adress\u00e9 ses f\u00e9licitations aux personnels, saluant leur engagement au service de la s\u00e9curit\u00e9 publique. Il a \u00e9galement r\u00e9affirm\u00e9 son soutien pour l\u2019am\u00e9lioration de leurs conditions de travail et le renforcement des moyens allou\u00e9s.<\/p>\n<div class='share-to-whatsapp-wrapper'><div class='share-on-whsp'>PARTAGER SUR : <\/div><a data-text='Le ministre de l\u2019Int\u00e9rieur en tourn\u00e9e dans les services de la Police nationale' data-link='https:\/\/www.nettali.com\/2025\/09\/30\/le-ministre-de-linterieur-en-tournee-dans-les-services-de-la-police-nationale\/' class='whatsapp-button whatsapp-share'>WhatsApp<\/a><div class='clear '><\/div><\/div>","protected":false},"excerpt":{"rendered":"<p>NETTALI.COM - Accompagn\u00e9 du Directeur g\u00e9n\u00e9ral de la Police nationale, Mame Seydou Ndour, le ministre de l\u2019Int\u00e9rieur et de la S\u00e9curit\u00e9 publique, Me Mouhamadou Bamba Ciss\u00e9, a visit\u00e9 ce mardi plusieurs structures strat\u00e9giques de son d\u00e9partement, allant de la Police judiciaire \u00e0 la Direction de la Surveillance du territoire. Ce mardi 30 septembre, le ministre [&hellip;]<\/p>\n","protected":false},"author":4,"featured_media":162130,"comment_status":"open","ping_status":"open","sticky":false,"template":"","format":"standard","meta":{"_et_pb_use_builder":"","_et_pb_old_content":""},"categories":[3],"tags":[],"yoast_head":"<!-- This site is optimized with the Yoast SEO Premium plugin v17.8 (Yoast SEO v17.8) - https:\/\/yoast.com\/wordpress\/plugins\/seo\/ -->\n<title>Le ministre de l\u2019Int\u00e9rieur en tourn\u00e9e dans les services de la Police nationale | Nettali.com<\/title>\n<meta name=\"robots\" content=\"index, follow, max-snippet:-1, max-image-preview:large, max-video-preview:-1\" \/>\n<link rel=\"canonical\" href=\"https:\/\/www.nettali.com\/2025\/09\/30\/le-ministre-de-linterieur-en-tournee-dans-les-services-de-la-police-nationale\/\" \/>\n<meta property=\"og:locale\" content=\"fr_FR\" \/>\n<meta property=\"og:type\" content=\"article\" \/>\n<meta property=\"og:title\" content=\"Le ministre de l\u2019Int\u00e9rieur en tourn\u00e9e dans les services de la Police nationale\" \/>\n<meta property=\"og:description\" content=\"NETTALI.COM - Accompagn\u00e9 du Directeur g\u00e9n\u00e9ral de la Police nationale, Mame Seydou Ndour, le ministre de l\u2019Int\u00e9rieur et de la S\u00e9curit\u00e9 publique, Me Mouhamadou Bamba Ciss\u00e9, a visit\u00e9 ce mardi plusieurs structures strat\u00e9giques de son d\u00e9partement, allant de la Police judiciaire \u00e0 la Direction de la Surveillance du territoire. Ce mardi 30 septembre, le ministre [&hellip;]\" \/>\n<meta property=\"og:url\" content=\"https:\/\/www.nettali.com\/2025\/09\/30\/le-ministre-de-linterieur-en-tournee-dans-les-services-de-la-police-nationale\/\" \/>\n<meta property=\"og:site_name\" content=\"Nettali.com\" \/>\n<meta property=\"article:publisher\" content=\"https:\/\/www.facebook.com\/nettalicom\" \/>\n<meta property=\"article:published_time\" content=\"2025-09-30T20:21:33+00:00\" \/>\n<meta property=\"og:image\" content=\"https:\/\/www.nettali.com\/wp-content\/uploads\/2025\/09\/Bamba-Cisse\u0301-1.jpg\" \/>\n\t<meta property=\"og:image:width\" content=\"1080\" \/>\n\t<meta property=\"og:image:height\" content=\"720\" \/>\n<meta name=\"twitter:card\" content=\"summary_large_image\" \/>\n<meta name=\"twitter:label1\" content=\"\u00c9crit par\" \/>\n\t<meta name=\"twitter:data1\" content=\"Daouda\" \/>\n\t<meta name=\"twitter:label2\" content=\"Dur\u00e9e de lecture estim\u00e9e\" \/>\n\t<meta name=\"twitter:data2\" content=\"2 minutes\" \/>\n<script type=\"application\/ld+json\" class=\"yoast-schema-graph\">{\"@context\":\"https:\/\/schema.org\",\"@graph\":[{\"@type\":\"WebSite\",\"@id\":\"https:\/\/www.nettali.com\/#website\",\"url\":\"https:\/\/www.nettali.com\/\",\"name\":\"Nettali.com\",\"description\":\"Le rendez-vous critique du Net\",\"potentialAction\":[{\"@type\":\"SearchAction\",\"target\":{\"@type\":\"EntryPoint\",\"urlTemplate\":\"https:\/\/www.nettali.com\/?s={search_term_string}\"},\"query-input\":\"required name=search_term_string\"}],\"inLanguage\":\"fr-FR\"},{\"@type\":\"ImageObject\",\"@id\":\"https:\/\/www.nettali.com\/2025\/09\/30\/le-ministre-de-linterieur-en-tournee-dans-les-services-de-la-police-nationale\/#primaryimage\",\"inLanguage\":\"fr-FR\",\"url\":\"https:\/\/www.nettali.com\/wp-content\/uploads\/2025\/09\/Bamba-Cisse\\u0301-1.jpg\",\"contentUrl\":\"https:\/\/www.nettali.com\/wp-content\/uploads\/2025\/09\/Bamba-Cisse\\u0301-1.jpg\",\"width\":1080,\"height\":720},{\"@type\":\"WebPage\",\"@id\":\"https:\/\/www.nettali.com\/2025\/09\/30\/le-ministre-de-linterieur-en-tournee-dans-les-services-de-la-police-nationale\/#webpage\",\"url\":\"https:\/\/www.nettali.com\/2025\/09\/30\/le-ministre-de-linterieur-en-tournee-dans-les-services-de-la-police-nationale\/\",\"name\":\"Le ministre de l\\u2019Int\\u00e9rieur en tourn\\u00e9e dans les services de la Police nationale | Nettali.com\",\"isPartOf\":{\"@id\":\"https:\/\/www.nettali.com\/#website\"},\"primaryImageOfPage\":{\"@id\":\"https:\/\/www.nettali.com\/2025\/09\/30\/le-ministre-de-linterieur-en-tournee-dans-les-services-de-la-police-nationale\/#primaryimage\"},\"datePublished\":\"2025-09-30T20:21:33+00:00\",\"dateModified\":\"2025-09-30T20:21:33+00:00\",\"author\":{\"@id\":\"https:\/\/www.nettali.com\/#\/schema\/person\/3317e0bb3aa1da309fbf7b2780901bf4\"},\"breadcrumb\":{\"@id\":\"https:\/\/www.nettali.com\/2025\/09\/30\/le-ministre-de-linterieur-en-tournee-dans-les-services-de-la-police-nationale\/#breadcrumb\"},\"inLanguage\":\"fr-FR\",\"potentialAction\":[{\"@type\":\"ReadAction\",\"target\":[\"https:\/\/www.nettali.com\/2025\/09\/30\/le-ministre-de-linterieur-en-tournee-dans-les-services-de-la-police-nationale\/\"]}]},{\"@type\":\"BreadcrumbList\",\"@id\":\"https:\/\/www.nettali.com\/2025\/09\/30\/le-ministre-de-linterieur-en-tournee-dans-les-services-de-la-police-nationale\/#breadcrumb\",\"itemListElement\":[{\"@type\":\"ListItem\",\"position\":1,\"name\":\"Accueil\",\"item\":\"https:\/\/www.nettali.com\/\"},{\"@type\":\"ListItem\",\"position\":2,\"name\":\"Le ministre de l\\u2019Int\\u00e9rieur en tourn\\u00e9e dans les services de la Police nationale\"}]},{\"@type\":\"Person\",\"@id\":\"https:\/\/www.nettali.com\/#\/schema\/person\/3317e0bb3aa1da309fbf7b2780901bf4\",\"name\":\"Daouda\",\"image\":{\"@type\":\"ImageObject\",\"@id\":\"https:\/\/www.nettali.com\/#personlogo\",\"inLanguage\":\"fr-FR\",\"url\":\"https:\/\/secure.gravatar.com\/avatar\/8d143b5a49345098ddcfee1c49c2f47c?s=96&d=mm&r=g\",\"contentUrl\":\"https:\/\/secure.gravatar.com\/avatar\/8d143b5a49345098ddcfee1c49c2f47c?s=96&d=mm&r=g\",\"caption\":\"Daouda\"},\"sameAs\":[\"https:\/\/www.nettali.com\"]}]}<\/script>\n<!-- \/ Yoast SEO Premium plugin. -->","yoast_head_json":{"title":"Le ministre de l\u2019Int\u00e9rieur en tourn\u00e9e dans les services de la Police nationale | Nettali.com","robots":{"index":"index","follow":"follow","max-snippet":"max-snippet:-1","max-image-preview":"max-image-preview:large","max-video-preview":"max-video-preview:-1"},"canonical":"https:\/\/www.nettali.com\/2025\/09\/30\/le-ministre-de-linterieur-en-tournee-dans-les-services-de-la-police-nationale\/","og_locale":"fr_FR","og_type":"article","og_title":"Le ministre de l\u2019Int\u00e9rieur en tourn\u00e9e dans les services de la Police nationale","og_description":"NETTALI.COM - Accompagn\u00e9 du Directeur g\u00e9n\u00e9ral de la Police nationale, Mame Seydou Ndour, le ministre de l\u2019Int\u00e9rieur et de la S\u00e9curit\u00e9 publique, Me Mouhamadou Bamba Ciss\u00e9, a visit\u00e9 ce mardi plusieurs structures strat\u00e9giques de son d\u00e9partement, allant de la Police judiciaire \u00e0 la Direction de la Surveillance du territoire. Ce mardi 30 septembre, le ministre [&hellip;]","og_url":"https:\/\/www.nettali.com\/2025\/09\/30\/le-ministre-de-linterieur-en-tournee-dans-les-services-de-la-police-nationale\/","og_site_name":"Nettali.com","article_publisher":"https:\/\/www.facebook.com\/nettalicom","article_published_time":"2025-09-30T20:21:33+00:00","og_image":[{"width":1080,"height":720,"url":"https:\/\/www.nettali.com\/wp-content\/uploads\/2025\/09\/Bamba-Cisse\u0301-1.jpg","type":"image\/jpeg"}],"twitter_card":"summary_large_image","twitter_misc":{"\u00c9crit par":"Daouda","Dur\u00e9e de lecture estim\u00e9e":"2 minutes"},"schema":{"@context":"https:\/\/schema.org","@graph":[{"@type":"WebSite","@id":"https:\/\/www.nettali.com\/#website","url":"https:\/\/www.nettali.com\/","name":"Nettali.com","description":"Le rendez-vous critique du Net","potentialAction":[{"@type":"SearchAction","target":{"@type":"EntryPoint","urlTemplate":"https:\/\/www.nettali.com\/?s={search_term_string}"},"query-input":"required name=search_term_string"}],"inLanguage":"fr-FR"},{"@type":"ImageObject","@id":"https:\/\/www.nettali.com\/2025\/09\/30\/le-ministre-de-linterieur-en-tournee-dans-les-services-de-la-police-nationale\/#primaryimage","inLanguage":"fr-FR","url":"https:\/\/www.nettali.com\/wp-content\/uploads\/2025\/09\/Bamba-Cisse\u0301-1.jpg","contentUrl":"https:\/\/www.nettali.com\/wp-content\/uploads\/2025\/09\/Bamba-Cisse\u0301-1.jpg","width":1080,"height":720},{"@type":"WebPage","@id":"https:\/\/www.nettali.com\/2025\/09\/30\/le-ministre-de-linterieur-en-tournee-dans-les-services-de-la-police-nationale\/#webpage","url":"https:\/\/www.nettali.com\/2025\/09\/30\/le-ministre-de-linterieur-en-tournee-dans-les-services-de-la-police-nationale\/","name":"Le ministre de l\u2019Int\u00e9rieur en tourn\u00e9e dans les services de la Police nationale | Nettali.com","isPartOf":{"@id":"https:\/\/www.nettali.com\/#website"},"primaryImageOfPage":{"@id":"https:\/\/www.nettali.com\/2025\/09\/30\/le-ministre-de-linterieur-en-tournee-dans-les-services-de-la-police-nationale\/#primaryimage"},"datePublished":"2025-09-30T20:21:33+00:00","dateModified":"2025-09-30T20:21:33+00:00","author":{"@id":"https:\/\/www.nettali.com\/#\/schema\/person\/3317e0bb3aa1da309fbf7b2780901bf4"},"breadcrumb":{"@id":"https:\/\/www.nettali.com\/2025\/09\/30\/le-ministre-de-linterieur-en-tournee-dans-les-services-de-la-police-nationale\/#breadcrumb"},"inLanguage":"fr-FR","potentialAction":[{"@type":"ReadAction","target":["https:\/\/www.nettali.com\/2025\/09\/30\/le-ministre-de-linterieur-en-tournee-dans-les-services-de-la-police-nationale\/"]}]},{"@type":"BreadcrumbList","@id":"https:\/\/www.nettali.com\/2025\/09\/30\/le-ministre-de-linterieur-en-tournee-dans-les-services-de-la-police-nationale\/#breadcrumb","itemListElement":[{"@type":"ListItem","position":1,"name":"Accueil","item":"https:\/\/www.nettali.com\/"},{"@type":"ListItem","position":2,"name":"Le ministre de l\u2019Int\u00e9rieur en tourn\u00e9e dans les services de la Police nationale"}]},{"@type":"Person","@id":"https:\/\/www.nettali.com\/#\/schema\/person\/3317e0bb3aa1da309fbf7b2780901bf4","name":"Daouda","image":{"@type":"ImageObject","@id":"https:\/\/www.nettali.com\/#personlogo","inLanguage":"fr-FR","url":"https:\/\/secure.gravatar.com\/avatar\/8d143b5a49345098ddcfee1c49c2f47c?s=96&d=mm&r=g","contentUrl":"https:\/\/secure.gravatar.com\/avatar\/8d143b5a49345098ddcfee1c49c2f47c?s=96&d=mm&r=g","caption":"Daouda"},"sameAs":["https:\/\/www.nettali.com"]}]}},"_links":{"self":[{"href":"https:\/\/www.nettali.com\/rest\/wp\/v2\/posts\/162129"}],"collection":[{"href":"https:\/\/www.nettali.com\/rest\/wp\/v2\/posts"}],"about":[{"href":"https:\/\/www.nettali.com\/rest\/wp\/v2\/types\/post"}],"author":[{"embeddable":true,"href":"https:\/\/www.nettali.com\/rest\/wp\/v2\/users\/4"}],"replies":[{"embeddable":true,"href":"https:\/\/www.nettali.com\/rest\/wp\/v2\/comments?post=162129"}],"version-history":[{"count":1,"href":"https:\/\/www.nettali.com\/rest\/wp\/v2\/posts\/162129\/revisions"}],"predecessor-version":[{"id":162131,"href":"https:\/\/www.nettali.com\/rest\/wp\/v2\/posts\/162129\/revisions\/162131"}],"wp:featuredmedia":[{"embeddable":true,"href":"https:\/\/www.nettali.com\/rest\/wp\/v2\/media\/162130"}],"wp:attachment":[{"href":"https:\/\/www.nettali.com\/rest\/wp\/v2\/media?parent=162129"}],"wp:term":[{"taxonomy":"category","embeddable":true,"href":"https:\/\/www.nettali.com\/rest\/wp\/v2\/categories?post=162129"},{"taxonomy":"post_tag","embeddable":true,"href":"https:\/\/www.nettali.com\/rest\/wp\/v2\/tags?post=162129"}],"curies":[{"name":"wp","href":"https:\/\/api.w.org\/{rel}","templated":true}]}}