{"id":162126,"date":"2025-09-30T19:37:49","date_gmt":"2025-09-30T19:37:49","guid":{"rendered":"https:\/\/www.nettali.com\/?p=162126"},"modified":"2025-09-30T19:37:49","modified_gmt":"2025-09-30T19:37:49","slug":"rdc-lancien-president-joseph-kabila-condamne-par-contumace-a-la-peine-de-mort","status":"publish","type":"post","link":"https:\/\/www.nettali.com\/2025\/09\/30\/rdc-lancien-president-joseph-kabila-condamne-par-contumace-a-la-peine-de-mort\/","title":{"rendered":"RDC - L\u2019ancien pr\u00e9sident Joseph Kabila condamn\u00e9 par contumace \u00e0 la peine de mort"},"content":{"rendered":"<p><strong>NETTALI.COM - La haute cour militaire a suivi les r\u00e9quisitions du minist\u00e8re public en condamnant \u00e0 mort, mardi 30 septembre, l\u2019ex-chef de l\u2019Etat congolais en exil pour trahison et crimes de guerre.<\/strong><\/p>\n<p>L\u2019ex-pr\u00e9sident de la r\u00e9publique d\u00e9mocratique du Congo (RDC), Joseph Kabila, a \u00e9t\u00e9 condamn\u00e9 \u00e0 mort ce mardi 30 septembre au terme d\u2019un proc\u00e8s par contumace pour \u00abtrahison\u00bb\u00a0men\u00e9 devant la justice militaire du pays.<\/p>\n<p>Une r\u00e9cente r\u00e9apparition de Kabila dans le pays avait inqui\u00e9t\u00e9 Kinshasa et, selon certains observateurs, cette condamnation vise \u00e0 \u00e9carter la possibilit\u00e9 qu\u2019il puisse f\u00e9d\u00e9rer l\u2019opposition \u00e0 l\u2019int\u00e9rieur du pays, m\u00eame si aucune information n\u2019a \u00e9t\u00e9 donn\u00e9e sur l\u2019endroit o\u00f9\u00a0l\u2019ancien chef d\u2019Etat (2001-2019)\u00a0se trouve actuellement.<\/p>\n<p>Ag\u00e9 de 54 ans, Joseph Kabila, qui n\u2019\u00e9tait pas pr\u00e9sent \u00e0 son proc\u00e8s dans la capitale et n\u2019y \u00e9tait pas non plus repr\u00e9sent\u00e9, a \u00e9t\u00e9 reconnu coupable de complicit\u00e9 avec\u00a0le groupe arm\u00e9 antigouvernemental M23.<\/p>\n<p>Entre janvier et f\u00e9vrier,\u00a0le M23\u00a0soutenu par le Rwanda et son arm\u00e9e a conduit des offensives d\u2019ampleur dans l\u2019est du pays, s\u2019emparant de vastes pans de territoires le long de la fronti\u00e8re rwandaise face \u00e0 une arm\u00e9e congolaise d\u00e9pass\u00e9e.<\/p>\n<p>Peu apr\u00e8s ces revers militaires qui ont fragilis\u00e9 le r\u00e9gime de Kinshasa, Joseph Kabila, qui avait quitt\u00e9 le sol congolais en 2023 selon son entourage, a fait une apparition surprise\u00a0\u00e0 Goma, capitale de la province du Nord-Kivu et fief\u00a0du M23.<\/p>\n<p>Ces derni\u00e8res ann\u00e9es, l\u2019ancien pr\u00e9sident, expert dans l\u2019art de manier le secret, \u00e9tait rest\u00e9 tr\u00e8s discret sur ses nouveaux lieux d\u2019attache, faisant quelques apparitions notamment en Afrique du Sud et en Namibie.<\/p>\n<p>En mai, dans une rare allocution en ligne, Kabila, qui jouit encore d\u2019un n\u00e9buleux r\u00e9seau d\u2019influence, avait d\u00e9clar\u00e9 que\u00a0<em>\u00abla dictature doit prendre fin\u00bb<\/em>\u00a0en RDC et s\u2019\u00e9tait dit pr\u00eat \u00e0\u00a0<em>\u00abjouer sa partition\u00bb,<\/em>\u00a0se posant ouvertement comme un opposant \u00e0\u00a0l\u2019actuel pr\u00e9sident, F\u00e9lix Tshisekedi.<\/p>\n<p>Sur injonction du gouvernement, l\u2019immunit\u00e9 parlementaire de Joseph Kabila en tant que s\u00e9nateur \u00e0 vie a \u00e9t\u00e9 lev\u00e9e fin mai et un proc\u00e8s pour trahison s\u2019est ouvert fin juillet.<\/p>\n<p><strong>\u00abAdversaire\u00bb<\/strong><\/p>\n<p>Une arrestation de l\u2019ex-pr\u00e9sident par les autorit\u00e9s congolaises semble \u00e0 ce stade peu probable malgr\u00e9 sa condamnation \u00e0 la peine capitale. Un moratoire sur l\u2019ex\u00e9cution de la peine capitale en vigueur depuis 2003 a \u00e9t\u00e9 lev\u00e9 en 2024. Toutefois, aucune ex\u00e9cution n\u2019a eu lieu depuis.<\/p>\n<p>Un recours contre le verdict de la Haute Cour militaire, plus haute juridiction militaire du pays, est encore possible devant la Cour de cassation, uniquement pour tenter de faire valoir une irr\u00e9gularit\u00e9 dans la proc\u00e9dure mais pas pour r\u00e9examiner le fond.<\/p>\n<p>Fils de Laurent-D\u00e9sir\u00e9 Kabila, rebelle ayant fait tomber le dictateur Mobutu Sese Seko, Joseph Kabila, avait h\u00e9rit\u00e9 du pouvoir en 2001 par succession de type monarchique apr\u00e8s l\u2019assassinat de son p\u00e8re en janvier de la m\u00eame ann\u00e9e. En 2019, apr\u00e8s deux mandats, il avait quitt\u00e9 le pouvoir en laissant la place \u00e0 F\u00e9lix Tshisekedi.<\/p>\n<p>&nbsp;<\/p>\n<p>&nbsp;<\/p>\n<div class='share-to-whatsapp-wrapper'><div class='share-on-whsp'>PARTAGER SUR : <\/div><a data-text='RDC - L\u2019ancien pr\u00e9sident Joseph Kabila condamn\u00e9 par contumace \u00e0 la peine de mort' data-link='https:\/\/www.nettali.com\/2025\/09\/30\/rdc-lancien-president-joseph-kabila-condamne-par-contumace-a-la-peine-de-mort\/' class='whatsapp-button whatsapp-share'>WhatsApp<\/a><div class='clear '><\/div><\/div>","protected":false},"excerpt":{"rendered":"<p>NETTALI.COM - La haute cour militaire a suivi les r\u00e9quisitions du minist\u00e8re public en condamnant \u00e0 mort, mardi 30 septembre, l\u2019ex-chef de l\u2019Etat congolais en exil pour trahison et crimes de guerre. L\u2019ex-pr\u00e9sident de la r\u00e9publique d\u00e9mocratique du Congo (RDC), Joseph Kabila, a \u00e9t\u00e9 condamn\u00e9 \u00e0 mort ce mardi 30 septembre au terme d\u2019un proc\u00e8s [&hellip;]<\/p>\n","protected":false},"author":4,"featured_media":162127,"comment_status":"open","ping_status":"open","sticky":false,"template":"","format":"standard","meta":{"_et_pb_use_builder":"","_et_pb_old_content":""},"categories":[8],"tags":[],"yoast_head":"<!-- This site is optimized with the Yoast SEO Premium plugin v17.8 (Yoast SEO v17.8) - https:\/\/yoast.com\/wordpress\/plugins\/seo\/ -->\n<title>RDC - L\u2019ancien pr\u00e9sident Joseph Kabila condamn\u00e9 par contumace \u00e0 la peine de mort | Nettali.com<\/title>\n<meta name=\"robots\" content=\"index, follow, max-snippet:-1, max-image-preview:large, max-video-preview:-1\" \/>\n<link rel=\"canonical\" href=\"https:\/\/www.nettali.com\/2025\/09\/30\/rdc-lancien-president-joseph-kabila-condamne-par-contumace-a-la-peine-de-mort\/\" \/>\n<meta property=\"og:locale\" content=\"fr_FR\" \/>\n<meta property=\"og:type\" content=\"article\" \/>\n<meta property=\"og:title\" content=\"RDC - L\u2019ancien pr\u00e9sident Joseph Kabila condamn\u00e9 par contumace \u00e0 la peine de mort\" \/>\n<meta property=\"og:description\" content=\"NETTALI.COM - La haute cour militaire a suivi les r\u00e9quisitions du minist\u00e8re public en condamnant \u00e0 mort, mardi 30 septembre, l\u2019ex-chef de l\u2019Etat congolais en exil pour trahison et crimes de guerre. L\u2019ex-pr\u00e9sident de la r\u00e9publique d\u00e9mocratique du Congo (RDC), Joseph Kabila, a \u00e9t\u00e9 condamn\u00e9 \u00e0 mort ce mardi 30 septembre au terme d\u2019un proc\u00e8s [&hellip;]\" \/>\n<meta property=\"og:url\" content=\"https:\/\/www.nettali.com\/2025\/09\/30\/rdc-lancien-president-joseph-kabila-condamne-par-contumace-a-la-peine-de-mort\/\" \/>\n<meta property=\"og:site_name\" content=\"Nettali.com\" \/>\n<meta property=\"article:publisher\" content=\"https:\/\/www.facebook.com\/nettalicom\" \/>\n<meta property=\"article:published_time\" content=\"2025-09-30T19:37:49+00:00\" \/>\n<meta property=\"og:image\" content=\"https:\/\/www.nettali.com\/wp-content\/uploads\/2025\/09\/Kabila.png\" \/>\n\t<meta property=\"og:image:width\" content=\"635\" \/>\n\t<meta property=\"og:image:height\" content=\"355\" \/>\n<meta name=\"twitter:card\" content=\"summary_large_image\" \/>\n<meta name=\"twitter:label1\" content=\"\u00c9crit par\" \/>\n\t<meta name=\"twitter:data1\" content=\"Daouda\" \/>\n\t<meta name=\"twitter:label2\" content=\"Dur\u00e9e de lecture estim\u00e9e\" \/>\n\t<meta name=\"twitter:data2\" content=\"3 minutes\" \/>\n<script type=\"application\/ld+json\" class=\"yoast-schema-graph\">{\"@context\":\"https:\/\/schema.org\",\"@graph\":[{\"@type\":\"WebSite\",\"@id\":\"https:\/\/www.nettali.com\/#website\",\"url\":\"https:\/\/www.nettali.com\/\",\"name\":\"Nettali.com\",\"description\":\"Le rendez-vous critique du Net\",\"potentialAction\":[{\"@type\":\"SearchAction\",\"target\":{\"@type\":\"EntryPoint\",\"urlTemplate\":\"https:\/\/www.nettali.com\/?s={search_term_string}\"},\"query-input\":\"required name=search_term_string\"}],\"inLanguage\":\"fr-FR\"},{\"@type\":\"ImageObject\",\"@id\":\"https:\/\/www.nettali.com\/2025\/09\/30\/rdc-lancien-president-joseph-kabila-condamne-par-contumace-a-la-peine-de-mort\/#primaryimage\",\"inLanguage\":\"fr-FR\",\"url\":\"https:\/\/www.nettali.com\/wp-content\/uploads\/2025\/09\/Kabila.png\",\"contentUrl\":\"https:\/\/www.nettali.com\/wp-content\/uploads\/2025\/09\/Kabila.png\",\"width\":635,\"height\":355},{\"@type\":\"WebPage\",\"@id\":\"https:\/\/www.nettali.com\/2025\/09\/30\/rdc-lancien-president-joseph-kabila-condamne-par-contumace-a-la-peine-de-mort\/#webpage\",\"url\":\"https:\/\/www.nettali.com\/2025\/09\/30\/rdc-lancien-president-joseph-kabila-condamne-par-contumace-a-la-peine-de-mort\/\",\"name\":\"RDC - L\\u2019ancien pr\\u00e9sident Joseph Kabila condamn\\u00e9 par contumace \\u00e0 la peine de mort | Nettali.com\",\"isPartOf\":{\"@id\":\"https:\/\/www.nettali.com\/#website\"},\"primaryImageOfPage\":{\"@id\":\"https:\/\/www.nettali.com\/2025\/09\/30\/rdc-lancien-president-joseph-kabila-condamne-par-contumace-a-la-peine-de-mort\/#primaryimage\"},\"datePublished\":\"2025-09-30T19:37:49+00:00\",\"dateModified\":\"2025-09-30T19:37:49+00:00\",\"author\":{\"@id\":\"https:\/\/www.nettali.com\/#\/schema\/person\/3317e0bb3aa1da309fbf7b2780901bf4\"},\"breadcrumb\":{\"@id\":\"https:\/\/www.nettali.com\/2025\/09\/30\/rdc-lancien-president-joseph-kabila-condamne-par-contumace-a-la-peine-de-mort\/#breadcrumb\"},\"inLanguage\":\"fr-FR\",\"potentialAction\":[{\"@type\":\"ReadAction\",\"target\":[\"https:\/\/www.nettali.com\/2025\/09\/30\/rdc-lancien-president-joseph-kabila-condamne-par-contumace-a-la-peine-de-mort\/\"]}]},{\"@type\":\"BreadcrumbList\",\"@id\":\"https:\/\/www.nettali.com\/2025\/09\/30\/rdc-lancien-president-joseph-kabila-condamne-par-contumace-a-la-peine-de-mort\/#breadcrumb\",\"itemListElement\":[{\"@type\":\"ListItem\",\"position\":1,\"name\":\"Accueil\",\"item\":\"https:\/\/www.nettali.com\/\"},{\"@type\":\"ListItem\",\"position\":2,\"name\":\"RDC - L\\u2019ancien pr\\u00e9sident Joseph Kabila condamn\\u00e9 par contumace \\u00e0 la peine de mort\"}]},{\"@type\":\"Person\",\"@id\":\"https:\/\/www.nettali.com\/#\/schema\/person\/3317e0bb3aa1da309fbf7b2780901bf4\",\"name\":\"Daouda\",\"image\":{\"@type\":\"ImageObject\",\"@id\":\"https:\/\/www.nettali.com\/#personlogo\",\"inLanguage\":\"fr-FR\",\"url\":\"https:\/\/secure.gravatar.com\/avatar\/8d143b5a49345098ddcfee1c49c2f47c?s=96&d=mm&r=g\",\"contentUrl\":\"https:\/\/secure.gravatar.com\/avatar\/8d143b5a49345098ddcfee1c49c2f47c?s=96&d=mm&r=g\",\"caption\":\"Daouda\"},\"sameAs\":[\"https:\/\/www.nettali.com\"]}]}<\/script>\n<!-- \/ Yoast SEO Premium plugin. -->","yoast_head_json":{"title":"RDC - L\u2019ancien pr\u00e9sident Joseph Kabila condamn\u00e9 par contumace \u00e0 la peine de mort | Nettali.com","robots":{"index":"index","follow":"follow","max-snippet":"max-snippet:-1","max-image-preview":"max-image-preview:large","max-video-preview":"max-video-preview:-1"},"canonical":"https:\/\/www.nettali.com\/2025\/09\/30\/rdc-lancien-president-joseph-kabila-condamne-par-contumace-a-la-peine-de-mort\/","og_locale":"fr_FR","og_type":"article","og_title":"RDC - L\u2019ancien pr\u00e9sident Joseph Kabila condamn\u00e9 par contumace \u00e0 la peine de mort","og_description":"NETTALI.COM - La haute cour militaire a suivi les r\u00e9quisitions du minist\u00e8re public en condamnant \u00e0 mort, mardi 30 septembre, l\u2019ex-chef de l\u2019Etat congolais en exil pour trahison et crimes de guerre. L\u2019ex-pr\u00e9sident de la r\u00e9publique d\u00e9mocratique du Congo (RDC), Joseph Kabila, a \u00e9t\u00e9 condamn\u00e9 \u00e0 mort ce mardi 30 septembre au terme d\u2019un proc\u00e8s [&hellip;]","og_url":"https:\/\/www.nettali.com\/2025\/09\/30\/rdc-lancien-president-joseph-kabila-condamne-par-contumace-a-la-peine-de-mort\/","og_site_name":"Nettali.com","article_publisher":"https:\/\/www.facebook.com\/nettalicom","article_published_time":"2025-09-30T19:37:49+00:00","og_image":[{"width":635,"height":355,"url":"https:\/\/www.nettali.com\/wp-content\/uploads\/2025\/09\/Kabila.png","type":"image\/png"}],"twitter_card":"summary_large_image","twitter_misc":{"\u00c9crit par":"Daouda","Dur\u00e9e de lecture estim\u00e9e":"3 minutes"},"schema":{"@context":"https:\/\/schema.org","@graph":[{"@type":"WebSite","@id":"https:\/\/www.nettali.com\/#website","url":"https:\/\/www.nettali.com\/","name":"Nettali.com","description":"Le rendez-vous critique du Net","potentialAction":[{"@type":"SearchAction","target":{"@type":"EntryPoint","urlTemplate":"https:\/\/www.nettali.com\/?s={search_term_string}"},"query-input":"required name=search_term_string"}],"inLanguage":"fr-FR"},{"@type":"ImageObject","@id":"https:\/\/www.nettali.com\/2025\/09\/30\/rdc-lancien-president-joseph-kabila-condamne-par-contumace-a-la-peine-de-mort\/#primaryimage","inLanguage":"fr-FR","url":"https:\/\/www.nettali.com\/wp-content\/uploads\/2025\/09\/Kabila.png","contentUrl":"https:\/\/www.nettali.com\/wp-content\/uploads\/2025\/09\/Kabila.png","width":635,"height":355},{"@type":"WebPage","@id":"https:\/\/www.nettali.com\/2025\/09\/30\/rdc-lancien-president-joseph-kabila-condamne-par-contumace-a-la-peine-de-mort\/#webpage","url":"https:\/\/www.nettali.com\/2025\/09\/30\/rdc-lancien-president-joseph-kabila-condamne-par-contumace-a-la-peine-de-mort\/","name":"RDC - L\u2019ancien pr\u00e9sident Joseph Kabila condamn\u00e9 par contumace \u00e0 la peine de mort | Nettali.com","isPartOf":{"@id":"https:\/\/www.nettali.com\/#website"},"primaryImageOfPage":{"@id":"https:\/\/www.nettali.com\/2025\/09\/30\/rdc-lancien-president-joseph-kabila-condamne-par-contumace-a-la-peine-de-mort\/#primaryimage"},"datePublished":"2025-09-30T19:37:49+00:00","dateModified":"2025-09-30T19:37:49+00:00","author":{"@id":"https:\/\/www.nettali.com\/#\/schema\/person\/3317e0bb3aa1da309fbf7b2780901bf4"},"breadcrumb":{"@id":"https:\/\/www.nettali.com\/2025\/09\/30\/rdc-lancien-president-joseph-kabila-condamne-par-contumace-a-la-peine-de-mort\/#breadcrumb"},"inLanguage":"fr-FR","potentialAction":[{"@type":"ReadAction","target":["https:\/\/www.nettali.com\/2025\/09\/30\/rdc-lancien-president-joseph-kabila-condamne-par-contumace-a-la-peine-de-mort\/"]}]},{"@type":"BreadcrumbList","@id":"https:\/\/www.nettali.com\/2025\/09\/30\/rdc-lancien-president-joseph-kabila-condamne-par-contumace-a-la-peine-de-mort\/#breadcrumb","itemListElement":[{"@type":"ListItem","position":1,"name":"Accueil","item":"https:\/\/www.nettali.com\/"},{"@type":"ListItem","position":2,"name":"RDC - L\u2019ancien pr\u00e9sident Joseph Kabila condamn\u00e9 par contumace \u00e0 la peine de mort"}]},{"@type":"Person","@id":"https:\/\/www.nettali.com\/#\/schema\/person\/3317e0bb3aa1da309fbf7b2780901bf4","name":"Daouda","image":{"@type":"ImageObject","@id":"https:\/\/www.nettali.com\/#personlogo","inLanguage":"fr-FR","url":"https:\/\/secure.gravatar.com\/avatar\/8d143b5a49345098ddcfee1c49c2f47c?s=96&d=mm&r=g","contentUrl":"https:\/\/secure.gravatar.com\/avatar\/8d143b5a49345098ddcfee1c49c2f47c?s=96&d=mm&r=g","caption":"Daouda"},"sameAs":["https:\/\/www.nettali.com"]}]}},"_links":{"self":[{"href":"https:\/\/www.nettali.com\/rest\/wp\/v2\/posts\/162126"}],"collection":[{"href":"https:\/\/www.nettali.com\/rest\/wp\/v2\/posts"}],"about":[{"href":"https:\/\/www.nettali.com\/rest\/wp\/v2\/types\/post"}],"author":[{"embeddable":true,"href":"https:\/\/www.nettali.com\/rest\/wp\/v2\/users\/4"}],"replies":[{"embeddable":true,"href":"https:\/\/www.nettali.com\/rest\/wp\/v2\/comments?post=162126"}],"version-history":[{"count":1,"href":"https:\/\/www.nettali.com\/rest\/wp\/v2\/posts\/162126\/revisions"}],"predecessor-version":[{"id":162128,"href":"https:\/\/www.nettali.com\/rest\/wp\/v2\/posts\/162126\/revisions\/162128"}],"wp:featuredmedia":[{"embeddable":true,"href":"https:\/\/www.nettali.com\/rest\/wp\/v2\/media\/162127"}],"wp:attachment":[{"href":"https:\/\/www.nettali.com\/rest\/wp\/v2\/media?parent=162126"}],"wp:term":[{"taxonomy":"category","embeddable":true,"href":"https:\/\/www.nettali.com\/rest\/wp\/v2\/categories?post=162126"},{"taxonomy":"post_tag","embeddable":true,"href":"https:\/\/www.nettali.com\/rest\/wp\/v2\/tags?post=162126"}],"curies":[{"name":"wp","href":"https:\/\/api.w.org\/{rel}","templated":true}]}}