{"id":162122,"date":"2025-09-30T18:48:43","date_gmt":"2025-09-30T18:48:43","guid":{"rendered":"https:\/\/www.nettali.com\/?p=162122"},"modified":"2025-09-30T18:55:15","modified_gmt":"2025-09-30T18:55:15","slug":"me-demba-cire-bathily-je-ne-fais-pas-partie-des-avocats-de-madiambal","status":"publish","type":"post","link":"https:\/\/www.nettali.com\/2025\/09\/30\/me-demba-cire-bathily-je-ne-fais-pas-partie-des-avocats-de-madiambal\/","title":{"rendered":"Me DEMBA CIRE BATHILY : \"Je ne fais pas partie des avocats de Madiambal\""},"content":{"rendered":"<p><strong>NETTALI.COM - Cit\u00e9 parmi les avocats devant assurer la d\u00e9fense de Madiambal Diagne, Me Demba Cir\u00e9 Bathily d\u00e9ment. L'avocat pr\u00e9cise d\u00e9fendre Mouhamed Diagne pour bien d'autres raisons.\u00a0<\/strong><\/p>\n<p>C'est Madiambal Diagne, lui-m\u00eame, qui l'a cit\u00e9 dans son dernier post. Le journaliste soutient que Me Demba Cir\u00e9 Bathily sera parmi les avocats qui vont assurer sa d\u00e9fense devant les juges du P\u00f4le judiciaire financier (PJF). Seulement, l'information est vite d\u00e9mentie par le principal concern\u00e9.<\/p>\n<p>\"<em>Je viens de lire dans un post que je serais parmi les avocats de M. Madiambal Diagne par ses soins. Je tiens \u00e0 pr\u00e9ciser que je ne fais pas partie de ses avocats et que c\u2019est s\u00fbrement par erreur que ce post a \u00e9t\u00e9 fait<\/em>\", \u00e9crit Me Demba Cir\u00e9 Bathily. Qui informe : \"<em>Mon cabinet assure la defense de Mouhamed Diagne qui n\u2019 a rien \u00e0 voir avec les faits incrimin\u00e9s et qui par ailleurs est mon beau fils<\/em>.\"<\/p>\n<p>Pourtant, Mouhamed Diagne, fils de Madiambal Diagne, est cit\u00e9 dans le m\u00eame dossier que son p\u00e8re. Ils sont tous les deux cit\u00e9s dans le rapport de la Cellule nationale de traitement des informations financi\u00e8res (Centif).<\/p>\n<p>Pour rappel, d\u00e9clar\u00e9 fugitif et sous le coup d'un mandat d'arr\u00eat international, Madiambal Diagne a commis un pool d'avocats parmi lesquels des S\u00e9n\u00e9galais, mais aussi le cabinet William Bourdon et Associ\u00e9s.<\/p>\n<div class='share-to-whatsapp-wrapper'><div class='share-on-whsp'>PARTAGER SUR : <\/div><a data-text='Me DEMBA CIRE BATHILY : \"Je ne fais pas partie des avocats de Madiambal\"' data-link='https:\/\/www.nettali.com\/2025\/09\/30\/me-demba-cire-bathily-je-ne-fais-pas-partie-des-avocats-de-madiambal\/' class='whatsapp-button whatsapp-share'>WhatsApp<\/a><div class='clear '><\/div><\/div>","protected":false},"excerpt":{"rendered":"<p>NETTALI.COM - Cit\u00e9 parmi les avocats devant assurer la d\u00e9fense de Madiambal Diagne, Me Demba Cir\u00e9 Bathily d\u00e9ment. L'avocat pr\u00e9cise d\u00e9fendre Mouhamed Diagne pour bien d'autres raisons.\u00a0 C'est Madiambal Diagne, lui-m\u00eame, qui l'a cit\u00e9 dans son dernier post. Le journaliste soutient que Me Demba Cir\u00e9 Bathily sera parmi les avocats qui vont assurer sa d\u00e9fense [&hellip;]<\/p>\n","protected":false},"author":3,"featured_media":19370,"comment_status":"open","ping_status":"open","sticky":false,"template":"","format":"standard","meta":{"_et_pb_use_builder":"","_et_pb_old_content":""},"categories":[3],"tags":[],"yoast_head":"<!-- This site is optimized with the Yoast SEO Premium plugin v17.8 (Yoast SEO v17.8) - https:\/\/yoast.com\/wordpress\/plugins\/seo\/ -->\n<title>Me DEMBA CIRE BATHILY : &quot;Je ne fais pas partie des avocats de Madiambal&quot; | Nettali.com<\/title>\n<meta name=\"robots\" content=\"index, follow, max-snippet:-1, max-image-preview:large, max-video-preview:-1\" \/>\n<link rel=\"canonical\" href=\"https:\/\/www.nettali.com\/2025\/09\/30\/me-demba-cire-bathily-je-ne-fais-pas-partie-des-avocats-de-madiambal\/\" \/>\n<meta property=\"og:locale\" content=\"fr_FR\" \/>\n<meta property=\"og:type\" content=\"article\" \/>\n<meta property=\"og:title\" content=\"Me DEMBA CIRE BATHILY : &quot;Je ne fais pas partie des avocats de Madiambal&quot;\" \/>\n<meta property=\"og:description\" content=\"NETTALI.COM - Cit\u00e9 parmi les avocats devant assurer la d\u00e9fense de Madiambal Diagne, Me Demba Cir\u00e9 Bathily d\u00e9ment. L&#039;avocat pr\u00e9cise d\u00e9fendre Mouhamed Diagne pour bien d&#039;autres raisons.\u00a0 C&#039;est Madiambal Diagne, lui-m\u00eame, qui l&#039;a cit\u00e9 dans son dernier post. Le journaliste soutient que Me Demba Cir\u00e9 Bathily sera parmi les avocats qui vont assurer sa d\u00e9fense [&hellip;]\" \/>\n<meta property=\"og:url\" content=\"https:\/\/www.nettali.com\/2025\/09\/30\/me-demba-cire-bathily-je-ne-fais-pas-partie-des-avocats-de-madiambal\/\" \/>\n<meta property=\"og:site_name\" content=\"Nettali.com\" \/>\n<meta property=\"article:publisher\" content=\"https:\/\/www.facebook.com\/nettalicom\" \/>\n<meta property=\"article:published_time\" content=\"2025-09-30T18:48:43+00:00\" \/>\n<meta property=\"article:modified_time\" content=\"2025-09-30T18:55:15+00:00\" \/>\n<meta property=\"og:image\" content=\"https:\/\/www.nettali.com\/wp-content\/uploads\/2019\/10\/Demba-Cire-Bathily.jpg\" \/>\n\t<meta property=\"og:image:width\" content=\"720\" \/>\n\t<meta property=\"og:image:height\" content=\"481\" \/>\n<meta name=\"twitter:card\" content=\"summary_large_image\" \/>\n<meta name=\"twitter:label1\" content=\"\u00c9crit par\" \/>\n\t<meta name=\"twitter:data1\" content=\"Moustapha\" \/>\n\t<meta name=\"twitter:label2\" content=\"Dur\u00e9e de lecture estim\u00e9e\" \/>\n\t<meta name=\"twitter:data2\" content=\"1 minute\" \/>\n<script type=\"application\/ld+json\" class=\"yoast-schema-graph\">{\"@context\":\"https:\/\/schema.org\",\"@graph\":[{\"@type\":\"WebSite\",\"@id\":\"https:\/\/www.nettali.com\/#website\",\"url\":\"https:\/\/www.nettali.com\/\",\"name\":\"Nettali.com\",\"description\":\"Le rendez-vous critique du Net\",\"potentialAction\":[{\"@type\":\"SearchAction\",\"target\":{\"@type\":\"EntryPoint\",\"urlTemplate\":\"https:\/\/www.nettali.com\/?s={search_term_string}\"},\"query-input\":\"required name=search_term_string\"}],\"inLanguage\":\"fr-FR\"},{\"@type\":\"ImageObject\",\"@id\":\"https:\/\/www.nettali.com\/2025\/09\/30\/me-demba-cire-bathily-je-ne-fais-pas-partie-des-avocats-de-madiambal\/#primaryimage\",\"inLanguage\":\"fr-FR\",\"url\":\"https:\/\/www.nettali.com\/wp-content\/uploads\/2019\/10\/Demba-Cire-Bathily.jpg\",\"contentUrl\":\"https:\/\/www.nettali.com\/wp-content\/uploads\/2019\/10\/Demba-Cire-Bathily.jpg\",\"width\":720,\"height\":481},{\"@type\":\"WebPage\",\"@id\":\"https:\/\/www.nettali.com\/2025\/09\/30\/me-demba-cire-bathily-je-ne-fais-pas-partie-des-avocats-de-madiambal\/#webpage\",\"url\":\"https:\/\/www.nettali.com\/2025\/09\/30\/me-demba-cire-bathily-je-ne-fais-pas-partie-des-avocats-de-madiambal\/\",\"name\":\"Me DEMBA CIRE BATHILY : \\\"Je ne fais pas partie des avocats de Madiambal\\\" | Nettali.com\",\"isPartOf\":{\"@id\":\"https:\/\/www.nettali.com\/#website\"},\"primaryImageOfPage\":{\"@id\":\"https:\/\/www.nettali.com\/2025\/09\/30\/me-demba-cire-bathily-je-ne-fais-pas-partie-des-avocats-de-madiambal\/#primaryimage\"},\"datePublished\":\"2025-09-30T18:48:43+00:00\",\"dateModified\":\"2025-09-30T18:55:15+00:00\",\"author\":{\"@id\":\"https:\/\/www.nettali.com\/#\/schema\/person\/7962a12a6e0267f88f0ffa544c36469a\"},\"breadcrumb\":{\"@id\":\"https:\/\/www.nettali.com\/2025\/09\/30\/me-demba-cire-bathily-je-ne-fais-pas-partie-des-avocats-de-madiambal\/#breadcrumb\"},\"inLanguage\":\"fr-FR\",\"potentialAction\":[{\"@type\":\"ReadAction\",\"target\":[\"https:\/\/www.nettali.com\/2025\/09\/30\/me-demba-cire-bathily-je-ne-fais-pas-partie-des-avocats-de-madiambal\/\"]}]},{\"@type\":\"BreadcrumbList\",\"@id\":\"https:\/\/www.nettali.com\/2025\/09\/30\/me-demba-cire-bathily-je-ne-fais-pas-partie-des-avocats-de-madiambal\/#breadcrumb\",\"itemListElement\":[{\"@type\":\"ListItem\",\"position\":1,\"name\":\"Accueil\",\"item\":\"https:\/\/www.nettali.com\/\"},{\"@type\":\"ListItem\",\"position\":2,\"name\":\"Me DEMBA CIRE BATHILY : \\\"Je ne fais pas partie des avocats de Madiambal\\\"\"}]},{\"@type\":\"Person\",\"@id\":\"https:\/\/www.nettali.com\/#\/schema\/person\/7962a12a6e0267f88f0ffa544c36469a\",\"name\":\"Moustapha\",\"image\":{\"@type\":\"ImageObject\",\"@id\":\"https:\/\/www.nettali.com\/#personlogo\",\"inLanguage\":\"fr-FR\",\"url\":\"https:\/\/secure.gravatar.com\/avatar\/10fdf6a071cccdcf374e3dbe45159590?s=96&d=mm&r=g\",\"contentUrl\":\"https:\/\/secure.gravatar.com\/avatar\/10fdf6a071cccdcf374e3dbe45159590?s=96&d=mm&r=g\",\"caption\":\"Moustapha\"},\"sameAs\":[\"https:\/\/www.nettali.com\"]}]}<\/script>\n<!-- \/ Yoast SEO Premium plugin. -->","yoast_head_json":{"title":"Me DEMBA CIRE BATHILY : \"Je ne fais pas partie des avocats de Madiambal\" | Nettali.com","robots":{"index":"index","follow":"follow","max-snippet":"max-snippet:-1","max-image-preview":"max-image-preview:large","max-video-preview":"max-video-preview:-1"},"canonical":"https:\/\/www.nettali.com\/2025\/09\/30\/me-demba-cire-bathily-je-ne-fais-pas-partie-des-avocats-de-madiambal\/","og_locale":"fr_FR","og_type":"article","og_title":"Me DEMBA CIRE BATHILY : \"Je ne fais pas partie des avocats de Madiambal\"","og_description":"NETTALI.COM - Cit\u00e9 parmi les avocats devant assurer la d\u00e9fense de Madiambal Diagne, Me Demba Cir\u00e9 Bathily d\u00e9ment. L'avocat pr\u00e9cise d\u00e9fendre Mouhamed Diagne pour bien d'autres raisons.\u00a0 C'est Madiambal Diagne, lui-m\u00eame, qui l'a cit\u00e9 dans son dernier post. Le journaliste soutient que Me Demba Cir\u00e9 Bathily sera parmi les avocats qui vont assurer sa d\u00e9fense [&hellip;]","og_url":"https:\/\/www.nettali.com\/2025\/09\/30\/me-demba-cire-bathily-je-ne-fais-pas-partie-des-avocats-de-madiambal\/","og_site_name":"Nettali.com","article_publisher":"https:\/\/www.facebook.com\/nettalicom","article_published_time":"2025-09-30T18:48:43+00:00","article_modified_time":"2025-09-30T18:55:15+00:00","og_image":[{"width":720,"height":481,"url":"https:\/\/www.nettali.com\/wp-content\/uploads\/2019\/10\/Demba-Cire-Bathily.jpg","type":"image\/jpeg"}],"twitter_card":"summary_large_image","twitter_misc":{"\u00c9crit par":"Moustapha","Dur\u00e9e de lecture estim\u00e9e":"1 minute"},"schema":{"@context":"https:\/\/schema.org","@graph":[{"@type":"WebSite","@id":"https:\/\/www.nettali.com\/#website","url":"https:\/\/www.nettali.com\/","name":"Nettali.com","description":"Le rendez-vous critique du Net","potentialAction":[{"@type":"SearchAction","target":{"@type":"EntryPoint","urlTemplate":"https:\/\/www.nettali.com\/?s={search_term_string}"},"query-input":"required name=search_term_string"}],"inLanguage":"fr-FR"},{"@type":"ImageObject","@id":"https:\/\/www.nettali.com\/2025\/09\/30\/me-demba-cire-bathily-je-ne-fais-pas-partie-des-avocats-de-madiambal\/#primaryimage","inLanguage":"fr-FR","url":"https:\/\/www.nettali.com\/wp-content\/uploads\/2019\/10\/Demba-Cire-Bathily.jpg","contentUrl":"https:\/\/www.nettali.com\/wp-content\/uploads\/2019\/10\/Demba-Cire-Bathily.jpg","width":720,"height":481},{"@type":"WebPage","@id":"https:\/\/www.nettali.com\/2025\/09\/30\/me-demba-cire-bathily-je-ne-fais-pas-partie-des-avocats-de-madiambal\/#webpage","url":"https:\/\/www.nettali.com\/2025\/09\/30\/me-demba-cire-bathily-je-ne-fais-pas-partie-des-avocats-de-madiambal\/","name":"Me DEMBA CIRE BATHILY : \"Je ne fais pas partie des avocats de Madiambal\" | Nettali.com","isPartOf":{"@id":"https:\/\/www.nettali.com\/#website"},"primaryImageOfPage":{"@id":"https:\/\/www.nettali.com\/2025\/09\/30\/me-demba-cire-bathily-je-ne-fais-pas-partie-des-avocats-de-madiambal\/#primaryimage"},"datePublished":"2025-09-30T18:48:43+00:00","dateModified":"2025-09-30T18:55:15+00:00","author":{"@id":"https:\/\/www.nettali.com\/#\/schema\/person\/7962a12a6e0267f88f0ffa544c36469a"},"breadcrumb":{"@id":"https:\/\/www.nettali.com\/2025\/09\/30\/me-demba-cire-bathily-je-ne-fais-pas-partie-des-avocats-de-madiambal\/#breadcrumb"},"inLanguage":"fr-FR","potentialAction":[{"@type":"ReadAction","target":["https:\/\/www.nettali.com\/2025\/09\/30\/me-demba-cire-bathily-je-ne-fais-pas-partie-des-avocats-de-madiambal\/"]}]},{"@type":"BreadcrumbList","@id":"https:\/\/www.nettali.com\/2025\/09\/30\/me-demba-cire-bathily-je-ne-fais-pas-partie-des-avocats-de-madiambal\/#breadcrumb","itemListElement":[{"@type":"ListItem","position":1,"name":"Accueil","item":"https:\/\/www.nettali.com\/"},{"@type":"ListItem","position":2,"name":"Me DEMBA CIRE BATHILY : \"Je ne fais pas partie des avocats de Madiambal\""}]},{"@type":"Person","@id":"https:\/\/www.nettali.com\/#\/schema\/person\/7962a12a6e0267f88f0ffa544c36469a","name":"Moustapha","image":{"@type":"ImageObject","@id":"https:\/\/www.nettali.com\/#personlogo","inLanguage":"fr-FR","url":"https:\/\/secure.gravatar.com\/avatar\/10fdf6a071cccdcf374e3dbe45159590?s=96&d=mm&r=g","contentUrl":"https:\/\/secure.gravatar.com\/avatar\/10fdf6a071cccdcf374e3dbe45159590?s=96&d=mm&r=g","caption":"Moustapha"},"sameAs":["https:\/\/www.nettali.com"]}]}},"_links":{"self":[{"href":"https:\/\/www.nettali.com\/rest\/wp\/v2\/posts\/162122"}],"collection":[{"href":"https:\/\/www.nettali.com\/rest\/wp\/v2\/posts"}],"about":[{"href":"https:\/\/www.nettali.com\/rest\/wp\/v2\/types\/post"}],"author":[{"embeddable":true,"href":"https:\/\/www.nettali.com\/rest\/wp\/v2\/users\/3"}],"replies":[{"embeddable":true,"href":"https:\/\/www.nettali.com\/rest\/wp\/v2\/comments?post=162122"}],"version-history":[{"count":3,"href":"https:\/\/www.nettali.com\/rest\/wp\/v2\/posts\/162122\/revisions"}],"predecessor-version":[{"id":162125,"href":"https:\/\/www.nettali.com\/rest\/wp\/v2\/posts\/162122\/revisions\/162125"}],"wp:featuredmedia":[{"embeddable":true,"href":"https:\/\/www.nettali.com\/rest\/wp\/v2\/media\/19370"}],"wp:attachment":[{"href":"https:\/\/www.nettali.com\/rest\/wp\/v2\/media?parent=162122"}],"wp:term":[{"taxonomy":"category","embeddable":true,"href":"https:\/\/www.nettali.com\/rest\/wp\/v2\/categories?post=162122"},{"taxonomy":"post_tag","embeddable":true,"href":"https:\/\/www.nettali.com\/rest\/wp\/v2\/tags?post=162122"}],"curies":[{"name":"wp","href":"https:\/\/api.w.org\/{rel}","templated":true}]}}