{"id":162105,"date":"2025-09-30T14:41:30","date_gmt":"2025-09-30T14:41:30","guid":{"rendered":"https:\/\/www.nettali.com\/?p=162105"},"modified":"2025-10-01T06:51:43","modified_gmt":"2025-10-01T06:51:43","slug":"dsc-lamignou-darou-place-en-garde-a-vue-pour-discours-contraire-aux-bonnes-moeurs","status":"publish","type":"post","link":"https:\/\/www.nettali.com\/2025\/09\/30\/dsc-lamignou-darou-place-en-garde-a-vue-pour-discours-contraire-aux-bonnes-moeurs\/","title":{"rendered":"DSC - Lamignou Darou plac\u00e9 en garde \u00e0 vue"},"content":{"rendered":"<p data-start=\"164\" data-end=\"379\"><strong data-start=\"164\" data-end=\"377\">NETTALI.COM - Convoqu\u00e9 ce mardi 30 septembre \u00e0 la Division sp\u00e9ciale de cybers\u00e9curit\u00e9, le membre de Pastef est poursuivi pour des propos injurieux visant des participants \u00e0 une marche pacifique. Le procureur s\u2019est autosaisi de l\u2019affaire.<\/strong><\/p>\n<p data-start=\"381\" data-end=\"762\">Manoumb\u00e9 Diop, plus connu sous le nom de <em data-start=\"422\" data-end=\"438\">Lamignou Darou<\/em>, a \u00e9t\u00e9 plac\u00e9 en garde \u00e0 vue ce mardi par la Division sp\u00e9ciale de cybers\u00e9curit\u00e9 (DSC). Selon nos sources, il est poursuivi pour \u00ab discours contraire aux bonnes m\u0153urs \u00bb apr\u00e8s avoir prof\u00e9r\u00e9 des insultes \u00e0 l\u2019endroit de participants \u00e0 la marche pacifique organis\u00e9e par le collectif <em data-start=\"741\" data-end=\"759\">Rappel \u00e0 l\u2019ordre<\/em>.<\/p>\n<p data-start=\"764\" data-end=\"881\">Le procureur de la R\u00e9publique, qui s\u2019est autosaisi du dossier, a ordonn\u00e9 sa convocation et son audition par la DSC.<\/p>\n<p data-start=\"883\" data-end=\"1221\">Peu apr\u00e8s l\u2019annonce de cette convocation, le Directeur g\u00e9n\u00e9ral du Port autonome de Dakar (PAD), Waly Diouf Bodian, a publiquement affich\u00e9 son soutien \u00e0 Lamignou Darou.<\/p>\n<p data-start=\"883\" data-end=\"1221\">\u00ab <em>Je soutiens sans aucune r\u00e9serve Lamignou Darou. C\u2019est le prototype du patriote parfaitement engag\u00e9 pour d\u00e9fendre le projet et le Premier ministre<\/em> \u00bb, a-t-il d\u00e9clar\u00e9.<\/p>\n<div class='share-to-whatsapp-wrapper'><div class='share-on-whsp'>PARTAGER SUR : <\/div><a data-text='DSC - Lamignou Darou plac\u00e9 en garde \u00e0 vue' data-link='https:\/\/www.nettali.com\/2025\/09\/30\/dsc-lamignou-darou-place-en-garde-a-vue-pour-discours-contraire-aux-bonnes-moeurs\/' class='whatsapp-button whatsapp-share'>WhatsApp<\/a><div class='clear '><\/div><\/div>","protected":false},"excerpt":{"rendered":"<p>NETTALI.COM - Convoqu\u00e9 ce mardi 30 septembre \u00e0 la Division sp\u00e9ciale de cybers\u00e9curit\u00e9, le membre de Pastef est poursuivi pour des propos injurieux visant des participants \u00e0 une marche pacifique. Le procureur s\u2019est autosaisi de l\u2019affaire. Manoumb\u00e9 Diop, plus connu sous le nom de Lamignou Darou, a \u00e9t\u00e9 plac\u00e9 en garde \u00e0 vue ce mardi [&hellip;]<\/p>\n","protected":false},"author":4,"featured_media":162106,"comment_status":"open","ping_status":"open","sticky":false,"template":"","format":"standard","meta":{"_et_pb_use_builder":"","_et_pb_old_content":""},"categories":[3],"tags":[],"yoast_head":"<!-- This site is optimized with the Yoast SEO Premium plugin v17.8 (Yoast SEO v17.8) - https:\/\/yoast.com\/wordpress\/plugins\/seo\/ -->\n<title>DSC - Lamignou Darou plac\u00e9 en garde \u00e0 vue | Nettali.com<\/title>\n<meta name=\"robots\" content=\"index, follow, max-snippet:-1, max-image-preview:large, max-video-preview:-1\" \/>\n<link rel=\"canonical\" href=\"https:\/\/www.nettali.com\/2025\/09\/30\/dsc-lamignou-darou-place-en-garde-a-vue-pour-discours-contraire-aux-bonnes-moeurs\/\" \/>\n<meta property=\"og:locale\" content=\"fr_FR\" \/>\n<meta property=\"og:type\" content=\"article\" \/>\n<meta property=\"og:title\" content=\"DSC - Lamignou Darou plac\u00e9 en garde \u00e0 vue\" \/>\n<meta property=\"og:description\" content=\"NETTALI.COM - Convoqu\u00e9 ce mardi 30 septembre \u00e0 la Division sp\u00e9ciale de cybers\u00e9curit\u00e9, le membre de Pastef est poursuivi pour des propos injurieux visant des participants \u00e0 une marche pacifique. Le procureur s\u2019est autosaisi de l\u2019affaire. Manoumb\u00e9 Diop, plus connu sous le nom de Lamignou Darou, a \u00e9t\u00e9 plac\u00e9 en garde \u00e0 vue ce mardi [&hellip;]\" \/>\n<meta property=\"og:url\" content=\"https:\/\/www.nettali.com\/2025\/09\/30\/dsc-lamignou-darou-place-en-garde-a-vue-pour-discours-contraire-aux-bonnes-moeurs\/\" \/>\n<meta property=\"og:site_name\" content=\"Nettali.com\" \/>\n<meta property=\"article:publisher\" content=\"https:\/\/www.facebook.com\/nettalicom\" \/>\n<meta property=\"article:published_time\" content=\"2025-09-30T14:41:30+00:00\" \/>\n<meta property=\"article:modified_time\" content=\"2025-10-01T06:51:43+00:00\" \/>\n<meta property=\"og:image\" content=\"https:\/\/www.nettali.com\/wp-content\/uploads\/2025\/09\/Lamignou-Darou-e1759243272256.jpg\" \/>\n\t<meta property=\"og:image:width\" content=\"828\" \/>\n\t<meta property=\"og:image:height\" content=\"643\" \/>\n<meta name=\"twitter:card\" content=\"summary_large_image\" \/>\n<meta name=\"twitter:label1\" content=\"\u00c9crit par\" \/>\n\t<meta name=\"twitter:data1\" content=\"Daouda\" \/>\n\t<meta name=\"twitter:label2\" content=\"Dur\u00e9e de lecture estim\u00e9e\" \/>\n\t<meta name=\"twitter:data2\" content=\"1 minute\" \/>\n<script type=\"application\/ld+json\" class=\"yoast-schema-graph\">{\"@context\":\"https:\/\/schema.org\",\"@graph\":[{\"@type\":\"WebSite\",\"@id\":\"https:\/\/www.nettali.com\/#website\",\"url\":\"https:\/\/www.nettali.com\/\",\"name\":\"Nettali.com\",\"description\":\"Le rendez-vous critique du Net\",\"potentialAction\":[{\"@type\":\"SearchAction\",\"target\":{\"@type\":\"EntryPoint\",\"urlTemplate\":\"https:\/\/www.nettali.com\/?s={search_term_string}\"},\"query-input\":\"required name=search_term_string\"}],\"inLanguage\":\"fr-FR\"},{\"@type\":\"ImageObject\",\"@id\":\"https:\/\/www.nettali.com\/2025\/09\/30\/dsc-lamignou-darou-place-en-garde-a-vue-pour-discours-contraire-aux-bonnes-moeurs\/#primaryimage\",\"inLanguage\":\"fr-FR\",\"url\":\"https:\/\/www.nettali.com\/wp-content\/uploads\/2025\/09\/Lamignou-Darou-e1759243272256.jpg\",\"contentUrl\":\"https:\/\/www.nettali.com\/wp-content\/uploads\/2025\/09\/Lamignou-Darou-e1759243272256.jpg\",\"width\":828,\"height\":643},{\"@type\":\"WebPage\",\"@id\":\"https:\/\/www.nettali.com\/2025\/09\/30\/dsc-lamignou-darou-place-en-garde-a-vue-pour-discours-contraire-aux-bonnes-moeurs\/#webpage\",\"url\":\"https:\/\/www.nettali.com\/2025\/09\/30\/dsc-lamignou-darou-place-en-garde-a-vue-pour-discours-contraire-aux-bonnes-moeurs\/\",\"name\":\"DSC - Lamignou Darou plac\\u00e9 en garde \\u00e0 vue | Nettali.com\",\"isPartOf\":{\"@id\":\"https:\/\/www.nettali.com\/#website\"},\"primaryImageOfPage\":{\"@id\":\"https:\/\/www.nettali.com\/2025\/09\/30\/dsc-lamignou-darou-place-en-garde-a-vue-pour-discours-contraire-aux-bonnes-moeurs\/#primaryimage\"},\"datePublished\":\"2025-09-30T14:41:30+00:00\",\"dateModified\":\"2025-10-01T06:51:43+00:00\",\"author\":{\"@id\":\"https:\/\/www.nettali.com\/#\/schema\/person\/3317e0bb3aa1da309fbf7b2780901bf4\"},\"breadcrumb\":{\"@id\":\"https:\/\/www.nettali.com\/2025\/09\/30\/dsc-lamignou-darou-place-en-garde-a-vue-pour-discours-contraire-aux-bonnes-moeurs\/#breadcrumb\"},\"inLanguage\":\"fr-FR\",\"potentialAction\":[{\"@type\":\"ReadAction\",\"target\":[\"https:\/\/www.nettali.com\/2025\/09\/30\/dsc-lamignou-darou-place-en-garde-a-vue-pour-discours-contraire-aux-bonnes-moeurs\/\"]}]},{\"@type\":\"BreadcrumbList\",\"@id\":\"https:\/\/www.nettali.com\/2025\/09\/30\/dsc-lamignou-darou-place-en-garde-a-vue-pour-discours-contraire-aux-bonnes-moeurs\/#breadcrumb\",\"itemListElement\":[{\"@type\":\"ListItem\",\"position\":1,\"name\":\"Accueil\",\"item\":\"https:\/\/www.nettali.com\/\"},{\"@type\":\"ListItem\",\"position\":2,\"name\":\"DSC - Lamignou Darou plac\\u00e9 en garde \\u00e0 vue\"}]},{\"@type\":\"Person\",\"@id\":\"https:\/\/www.nettali.com\/#\/schema\/person\/3317e0bb3aa1da309fbf7b2780901bf4\",\"name\":\"Daouda\",\"image\":{\"@type\":\"ImageObject\",\"@id\":\"https:\/\/www.nettali.com\/#personlogo\",\"inLanguage\":\"fr-FR\",\"url\":\"https:\/\/secure.gravatar.com\/avatar\/8d143b5a49345098ddcfee1c49c2f47c?s=96&d=mm&r=g\",\"contentUrl\":\"https:\/\/secure.gravatar.com\/avatar\/8d143b5a49345098ddcfee1c49c2f47c?s=96&d=mm&r=g\",\"caption\":\"Daouda\"},\"sameAs\":[\"https:\/\/www.nettali.com\"]}]}<\/script>\n<!-- \/ Yoast SEO Premium plugin. -->","yoast_head_json":{"title":"DSC - Lamignou Darou plac\u00e9 en garde \u00e0 vue | Nettali.com","robots":{"index":"index","follow":"follow","max-snippet":"max-snippet:-1","max-image-preview":"max-image-preview:large","max-video-preview":"max-video-preview:-1"},"canonical":"https:\/\/www.nettali.com\/2025\/09\/30\/dsc-lamignou-darou-place-en-garde-a-vue-pour-discours-contraire-aux-bonnes-moeurs\/","og_locale":"fr_FR","og_type":"article","og_title":"DSC - Lamignou Darou plac\u00e9 en garde \u00e0 vue","og_description":"NETTALI.COM - Convoqu\u00e9 ce mardi 30 septembre \u00e0 la Division sp\u00e9ciale de cybers\u00e9curit\u00e9, le membre de Pastef est poursuivi pour des propos injurieux visant des participants \u00e0 une marche pacifique. Le procureur s\u2019est autosaisi de l\u2019affaire. Manoumb\u00e9 Diop, plus connu sous le nom de Lamignou Darou, a \u00e9t\u00e9 plac\u00e9 en garde \u00e0 vue ce mardi [&hellip;]","og_url":"https:\/\/www.nettali.com\/2025\/09\/30\/dsc-lamignou-darou-place-en-garde-a-vue-pour-discours-contraire-aux-bonnes-moeurs\/","og_site_name":"Nettali.com","article_publisher":"https:\/\/www.facebook.com\/nettalicom","article_published_time":"2025-09-30T14:41:30+00:00","article_modified_time":"2025-10-01T06:51:43+00:00","og_image":[{"width":828,"height":643,"url":"https:\/\/www.nettali.com\/wp-content\/uploads\/2025\/09\/Lamignou-Darou-e1759243272256.jpg","type":"image\/jpeg"}],"twitter_card":"summary_large_image","twitter_misc":{"\u00c9crit par":"Daouda","Dur\u00e9e de lecture estim\u00e9e":"1 minute"},"schema":{"@context":"https:\/\/schema.org","@graph":[{"@type":"WebSite","@id":"https:\/\/www.nettali.com\/#website","url":"https:\/\/www.nettali.com\/","name":"Nettali.com","description":"Le rendez-vous critique du Net","potentialAction":[{"@type":"SearchAction","target":{"@type":"EntryPoint","urlTemplate":"https:\/\/www.nettali.com\/?s={search_term_string}"},"query-input":"required name=search_term_string"}],"inLanguage":"fr-FR"},{"@type":"ImageObject","@id":"https:\/\/www.nettali.com\/2025\/09\/30\/dsc-lamignou-darou-place-en-garde-a-vue-pour-discours-contraire-aux-bonnes-moeurs\/#primaryimage","inLanguage":"fr-FR","url":"https:\/\/www.nettali.com\/wp-content\/uploads\/2025\/09\/Lamignou-Darou-e1759243272256.jpg","contentUrl":"https:\/\/www.nettali.com\/wp-content\/uploads\/2025\/09\/Lamignou-Darou-e1759243272256.jpg","width":828,"height":643},{"@type":"WebPage","@id":"https:\/\/www.nettali.com\/2025\/09\/30\/dsc-lamignou-darou-place-en-garde-a-vue-pour-discours-contraire-aux-bonnes-moeurs\/#webpage","url":"https:\/\/www.nettali.com\/2025\/09\/30\/dsc-lamignou-darou-place-en-garde-a-vue-pour-discours-contraire-aux-bonnes-moeurs\/","name":"DSC - Lamignou Darou plac\u00e9 en garde \u00e0 vue | Nettali.com","isPartOf":{"@id":"https:\/\/www.nettali.com\/#website"},"primaryImageOfPage":{"@id":"https:\/\/www.nettali.com\/2025\/09\/30\/dsc-lamignou-darou-place-en-garde-a-vue-pour-discours-contraire-aux-bonnes-moeurs\/#primaryimage"},"datePublished":"2025-09-30T14:41:30+00:00","dateModified":"2025-10-01T06:51:43+00:00","author":{"@id":"https:\/\/www.nettali.com\/#\/schema\/person\/3317e0bb3aa1da309fbf7b2780901bf4"},"breadcrumb":{"@id":"https:\/\/www.nettali.com\/2025\/09\/30\/dsc-lamignou-darou-place-en-garde-a-vue-pour-discours-contraire-aux-bonnes-moeurs\/#breadcrumb"},"inLanguage":"fr-FR","potentialAction":[{"@type":"ReadAction","target":["https:\/\/www.nettali.com\/2025\/09\/30\/dsc-lamignou-darou-place-en-garde-a-vue-pour-discours-contraire-aux-bonnes-moeurs\/"]}]},{"@type":"BreadcrumbList","@id":"https:\/\/www.nettali.com\/2025\/09\/30\/dsc-lamignou-darou-place-en-garde-a-vue-pour-discours-contraire-aux-bonnes-moeurs\/#breadcrumb","itemListElement":[{"@type":"ListItem","position":1,"name":"Accueil","item":"https:\/\/www.nettali.com\/"},{"@type":"ListItem","position":2,"name":"DSC - Lamignou Darou plac\u00e9 en garde \u00e0 vue"}]},{"@type":"Person","@id":"https:\/\/www.nettali.com\/#\/schema\/person\/3317e0bb3aa1da309fbf7b2780901bf4","name":"Daouda","image":{"@type":"ImageObject","@id":"https:\/\/www.nettali.com\/#personlogo","inLanguage":"fr-FR","url":"https:\/\/secure.gravatar.com\/avatar\/8d143b5a49345098ddcfee1c49c2f47c?s=96&d=mm&r=g","contentUrl":"https:\/\/secure.gravatar.com\/avatar\/8d143b5a49345098ddcfee1c49c2f47c?s=96&d=mm&r=g","caption":"Daouda"},"sameAs":["https:\/\/www.nettali.com"]}]}},"_links":{"self":[{"href":"https:\/\/www.nettali.com\/rest\/wp\/v2\/posts\/162105"}],"collection":[{"href":"https:\/\/www.nettali.com\/rest\/wp\/v2\/posts"}],"about":[{"href":"https:\/\/www.nettali.com\/rest\/wp\/v2\/types\/post"}],"author":[{"embeddable":true,"href":"https:\/\/www.nettali.com\/rest\/wp\/v2\/users\/4"}],"replies":[{"embeddable":true,"href":"https:\/\/www.nettali.com\/rest\/wp\/v2\/comments?post=162105"}],"version-history":[{"count":4,"href":"https:\/\/www.nettali.com\/rest\/wp\/v2\/posts\/162105\/revisions"}],"predecessor-version":[{"id":162116,"href":"https:\/\/www.nettali.com\/rest\/wp\/v2\/posts\/162105\/revisions\/162116"}],"wp:featuredmedia":[{"embeddable":true,"href":"https:\/\/www.nettali.com\/rest\/wp\/v2\/media\/162106"}],"wp:attachment":[{"href":"https:\/\/www.nettali.com\/rest\/wp\/v2\/media?parent=162105"}],"wp:term":[{"taxonomy":"category","embeddable":true,"href":"https:\/\/www.nettali.com\/rest\/wp\/v2\/categories?post=162105"},{"taxonomy":"post_tag","embeddable":true,"href":"https:\/\/www.nettali.com\/rest\/wp\/v2\/tags?post=162105"}],"curies":[{"name":"wp","href":"https:\/\/api.w.org\/{rel}","templated":true}]}}