{"id":162100,"date":"2025-09-30T14:29:58","date_gmt":"2025-09-30T14:29:58","guid":{"rendered":"https:\/\/www.nettali.com\/?p=162100"},"modified":"2025-09-30T14:29:58","modified_gmt":"2025-09-30T14:29:58","slug":"fievre-de-la-vallee-du-rift-un-huitieme-deces-enregistre-au-senegal","status":"publish","type":"post","link":"https:\/\/www.nettali.com\/2025\/09\/30\/fievre-de-la-vallee-du-rift-un-huitieme-deces-enregistre-au-senegal\/","title":{"rendered":"FI\u00c8VRE DE LA VALL\u00c9E DU RIFT- Un huiti\u00e8me d\u00e9c\u00e8s enregistr\u00e9 au S\u00e9n\u00e9gal"},"content":{"rendered":"<p><strong>NETTALI.COM-\u00a0Le Comit\u00e9 r\u00e9gional de gestion des \u00e9pid\u00e9mies a annonc\u00e9 une aggravation du bilan de la Fi\u00e8vre de la Vall\u00e9e du Rift. Huit d\u00e9c\u00e8s et 28 cas confirm\u00e9s sont d\u00e9sormais recens\u00e9s, accentuant l\u2019inqui\u00e9tude des autorit\u00e9s sanitaires et v\u00e9t\u00e9rinaires.<\/strong><\/p>\n<p>La situation sanitaire s\u2019alourdit face \u00e0 l\u2019\u00e9pid\u00e9mie de la Fi\u00e8vre de la Vall\u00e9e du Rift (FVR). Selon les informations relay\u00e9es par Le Soleil et confirm\u00e9es par le Comit\u00e9 r\u00e9gional de gestion des \u00e9pid\u00e9mies, coordonn\u00e9 par le Dr Abdoulaye Sall, le nombre de victimes est pass\u00e9 de sept \u00e0 huit en l\u2019espace de deux jours. Dans le m\u00eame temps, les cas de contamination sont pass\u00e9s de 21 \u00e0 28.<\/p>\n<p>La FVR, maladie virale d\u2019origine animale, continue ainsi de se propager dans plusieurs localit\u00e9s du nord du pays. Le virus, identifi\u00e9 pour la premi\u00e8re fois en 1931 dans la vall\u00e9e du Rift au Kenya, affecte principalement le b\u00e9tail, mais il peut aussi se transmettre \u00e0 l\u2019homme, soit par piq\u00fbre de moustiques, soit par contact direct avec le sang ou les tissus d\u2019animaux infect\u00e9s.<\/p>\n<p>Les autorit\u00e9s rappellent que la pr\u00e9vention repose avant tout sur la lutte contre les moustiques, la vaccination du b\u00e9tail et la sensibilisation des communaut\u00e9s. \u00ab Nous appelons \u00e0 la vigilance et \u00e0 l\u2019engagement de tous pour briser la cha\u00eene de transmission \u00bb, a insist\u00e9 le Dr Sall en marge des r\u00e9unions de suivi \u00e9pid\u00e9miologique.<\/p>\n<p>Face \u00e0 cette recrudescence, des campagnes de communication et de mobilisation communautaire sont en cours, en attendant le renforcement des dispositifs de surveillance et de riposte pour contenir la propagation du virus.<\/p>\n<div class='share-to-whatsapp-wrapper'><div class='share-on-whsp'>PARTAGER SUR : <\/div><a data-text='FI\u00c8VRE DE LA VALL\u00c9E DU RIFT- Un huiti\u00e8me d\u00e9c\u00e8s enregistr\u00e9 au S\u00e9n\u00e9gal' data-link='https:\/\/www.nettali.com\/2025\/09\/30\/fievre-de-la-vallee-du-rift-un-huitieme-deces-enregistre-au-senegal\/' class='whatsapp-button whatsapp-share'>WhatsApp<\/a><div class='clear '><\/div><\/div>","protected":false},"excerpt":{"rendered":"<p>NETTALI.COM-\u00a0Le Comit\u00e9 r\u00e9gional de gestion des \u00e9pid\u00e9mies a annonc\u00e9 une aggravation du bilan de la Fi\u00e8vre de la Vall\u00e9e du Rift. Huit d\u00e9c\u00e8s et 28 cas confirm\u00e9s sont d\u00e9sormais recens\u00e9s, accentuant l\u2019inqui\u00e9tude des autorit\u00e9s sanitaires et v\u00e9t\u00e9rinaires. La situation sanitaire s\u2019alourdit face \u00e0 l\u2019\u00e9pid\u00e9mie de la Fi\u00e8vre de la Vall\u00e9e du Rift (FVR). Selon les [&hellip;]<\/p>\n","protected":false},"author":6,"featured_media":162104,"comment_status":"open","ping_status":"open","sticky":false,"template":"","format":"standard","meta":{"_et_pb_use_builder":"","_et_pb_old_content":""},"categories":[22],"tags":[],"yoast_head":"<!-- This site is optimized with the Yoast SEO Premium plugin v17.8 (Yoast SEO v17.8) - https:\/\/yoast.com\/wordpress\/plugins\/seo\/ -->\n<title>FI\u00c8VRE DE LA VALL\u00c9E DU RIFT- Un huiti\u00e8me d\u00e9c\u00e8s enregistr\u00e9 au S\u00e9n\u00e9gal | Nettali.com<\/title>\n<meta name=\"robots\" content=\"index, follow, max-snippet:-1, max-image-preview:large, max-video-preview:-1\" \/>\n<link rel=\"canonical\" href=\"https:\/\/www.nettali.com\/2025\/09\/30\/fievre-de-la-vallee-du-rift-un-huitieme-deces-enregistre-au-senegal\/\" \/>\n<meta property=\"og:locale\" content=\"fr_FR\" \/>\n<meta property=\"og:type\" content=\"article\" \/>\n<meta property=\"og:title\" content=\"FI\u00c8VRE DE LA VALL\u00c9E DU RIFT- Un huiti\u00e8me d\u00e9c\u00e8s enregistr\u00e9 au S\u00e9n\u00e9gal\" \/>\n<meta property=\"og:description\" content=\"NETTALI.COM-\u00a0Le Comit\u00e9 r\u00e9gional de gestion des \u00e9pid\u00e9mies a annonc\u00e9 une aggravation du bilan de la Fi\u00e8vre de la Vall\u00e9e du Rift. Huit d\u00e9c\u00e8s et 28 cas confirm\u00e9s sont d\u00e9sormais recens\u00e9s, accentuant l\u2019inqui\u00e9tude des autorit\u00e9s sanitaires et v\u00e9t\u00e9rinaires. La situation sanitaire s\u2019alourdit face \u00e0 l\u2019\u00e9pid\u00e9mie de la Fi\u00e8vre de la Vall\u00e9e du Rift (FVR). Selon les [&hellip;]\" \/>\n<meta property=\"og:url\" content=\"https:\/\/www.nettali.com\/2025\/09\/30\/fievre-de-la-vallee-du-rift-un-huitieme-deces-enregistre-au-senegal\/\" \/>\n<meta property=\"og:site_name\" content=\"Nettali.com\" \/>\n<meta property=\"article:publisher\" content=\"https:\/\/www.facebook.com\/nettalicom\" \/>\n<meta property=\"article:published_time\" content=\"2025-09-30T14:29:58+00:00\" \/>\n<meta property=\"og:image\" content=\"https:\/\/www.nettali.com\/wp-content\/uploads\/2025\/09\/images-14.jpeg\" \/>\n\t<meta property=\"og:image:width\" content=\"561\" \/>\n\t<meta property=\"og:image:height\" content=\"356\" \/>\n<meta name=\"twitter:card\" content=\"summary_large_image\" \/>\n<meta name=\"twitter:label1\" content=\"\u00c9crit par\" \/>\n\t<meta name=\"twitter:data1\" content=\"Fatou\" \/>\n\t<meta name=\"twitter:label2\" content=\"Dur\u00e9e de lecture estim\u00e9e\" \/>\n\t<meta name=\"twitter:data2\" content=\"2 minutes\" \/>\n<script type=\"application\/ld+json\" class=\"yoast-schema-graph\">{\"@context\":\"https:\/\/schema.org\",\"@graph\":[{\"@type\":\"WebSite\",\"@id\":\"https:\/\/www.nettali.com\/#website\",\"url\":\"https:\/\/www.nettali.com\/\",\"name\":\"Nettali.com\",\"description\":\"Le rendez-vous critique du Net\",\"potentialAction\":[{\"@type\":\"SearchAction\",\"target\":{\"@type\":\"EntryPoint\",\"urlTemplate\":\"https:\/\/www.nettali.com\/?s={search_term_string}\"},\"query-input\":\"required name=search_term_string\"}],\"inLanguage\":\"fr-FR\"},{\"@type\":\"ImageObject\",\"@id\":\"https:\/\/www.nettali.com\/2025\/09\/30\/fievre-de-la-vallee-du-rift-un-huitieme-deces-enregistre-au-senegal\/#primaryimage\",\"inLanguage\":\"fr-FR\",\"url\":\"https:\/\/www.nettali.com\/wp-content\/uploads\/2025\/09\/images-14.jpeg\",\"contentUrl\":\"https:\/\/www.nettali.com\/wp-content\/uploads\/2025\/09\/images-14.jpeg\",\"width\":561,\"height\":356},{\"@type\":\"WebPage\",\"@id\":\"https:\/\/www.nettali.com\/2025\/09\/30\/fievre-de-la-vallee-du-rift-un-huitieme-deces-enregistre-au-senegal\/#webpage\",\"url\":\"https:\/\/www.nettali.com\/2025\/09\/30\/fievre-de-la-vallee-du-rift-un-huitieme-deces-enregistre-au-senegal\/\",\"name\":\"FI\\u00c8VRE DE LA VALL\\u00c9E DU RIFT- Un huiti\\u00e8me d\\u00e9c\\u00e8s enregistr\\u00e9 au S\\u00e9n\\u00e9gal | Nettali.com\",\"isPartOf\":{\"@id\":\"https:\/\/www.nettali.com\/#website\"},\"primaryImageOfPage\":{\"@id\":\"https:\/\/www.nettali.com\/2025\/09\/30\/fievre-de-la-vallee-du-rift-un-huitieme-deces-enregistre-au-senegal\/#primaryimage\"},\"datePublished\":\"2025-09-30T14:29:58+00:00\",\"dateModified\":\"2025-09-30T14:29:58+00:00\",\"author\":{\"@id\":\"https:\/\/www.nettali.com\/#\/schema\/person\/418274a86bdf87caff7a3ef476bd0bbf\"},\"breadcrumb\":{\"@id\":\"https:\/\/www.nettali.com\/2025\/09\/30\/fievre-de-la-vallee-du-rift-un-huitieme-deces-enregistre-au-senegal\/#breadcrumb\"},\"inLanguage\":\"fr-FR\",\"potentialAction\":[{\"@type\":\"ReadAction\",\"target\":[\"https:\/\/www.nettali.com\/2025\/09\/30\/fievre-de-la-vallee-du-rift-un-huitieme-deces-enregistre-au-senegal\/\"]}]},{\"@type\":\"BreadcrumbList\",\"@id\":\"https:\/\/www.nettali.com\/2025\/09\/30\/fievre-de-la-vallee-du-rift-un-huitieme-deces-enregistre-au-senegal\/#breadcrumb\",\"itemListElement\":[{\"@type\":\"ListItem\",\"position\":1,\"name\":\"Accueil\",\"item\":\"https:\/\/www.nettali.com\/\"},{\"@type\":\"ListItem\",\"position\":2,\"name\":\"FI\\u00c8VRE DE LA VALL\\u00c9E DU RIFT- Un huiti\\u00e8me d\\u00e9c\\u00e8s enregistr\\u00e9 au S\\u00e9n\\u00e9gal\"}]},{\"@type\":\"Person\",\"@id\":\"https:\/\/www.nettali.com\/#\/schema\/person\/418274a86bdf87caff7a3ef476bd0bbf\",\"name\":\"Fatou\",\"image\":{\"@type\":\"ImageObject\",\"@id\":\"https:\/\/www.nettali.com\/#personlogo\",\"inLanguage\":\"fr-FR\",\"url\":\"https:\/\/secure.gravatar.com\/avatar\/5a9442a2bee7b4dcf167cab035858e9a?s=96&d=mm&r=g\",\"contentUrl\":\"https:\/\/secure.gravatar.com\/avatar\/5a9442a2bee7b4dcf167cab035858e9a?s=96&d=mm&r=g\",\"caption\":\"Fatou\"},\"sameAs\":[\"https:\/\/www.nettali.com\"]}]}<\/script>\n<!-- \/ Yoast SEO Premium plugin. -->","yoast_head_json":{"title":"FI\u00c8VRE DE LA VALL\u00c9E DU RIFT- Un huiti\u00e8me d\u00e9c\u00e8s enregistr\u00e9 au S\u00e9n\u00e9gal | Nettali.com","robots":{"index":"index","follow":"follow","max-snippet":"max-snippet:-1","max-image-preview":"max-image-preview:large","max-video-preview":"max-video-preview:-1"},"canonical":"https:\/\/www.nettali.com\/2025\/09\/30\/fievre-de-la-vallee-du-rift-un-huitieme-deces-enregistre-au-senegal\/","og_locale":"fr_FR","og_type":"article","og_title":"FI\u00c8VRE DE LA VALL\u00c9E DU RIFT- Un huiti\u00e8me d\u00e9c\u00e8s enregistr\u00e9 au S\u00e9n\u00e9gal","og_description":"NETTALI.COM-\u00a0Le Comit\u00e9 r\u00e9gional de gestion des \u00e9pid\u00e9mies a annonc\u00e9 une aggravation du bilan de la Fi\u00e8vre de la Vall\u00e9e du Rift. Huit d\u00e9c\u00e8s et 28 cas confirm\u00e9s sont d\u00e9sormais recens\u00e9s, accentuant l\u2019inqui\u00e9tude des autorit\u00e9s sanitaires et v\u00e9t\u00e9rinaires. La situation sanitaire s\u2019alourdit face \u00e0 l\u2019\u00e9pid\u00e9mie de la Fi\u00e8vre de la Vall\u00e9e du Rift (FVR). Selon les [&hellip;]","og_url":"https:\/\/www.nettali.com\/2025\/09\/30\/fievre-de-la-vallee-du-rift-un-huitieme-deces-enregistre-au-senegal\/","og_site_name":"Nettali.com","article_publisher":"https:\/\/www.facebook.com\/nettalicom","article_published_time":"2025-09-30T14:29:58+00:00","og_image":[{"width":561,"height":356,"url":"https:\/\/www.nettali.com\/wp-content\/uploads\/2025\/09\/images-14.jpeg","type":"image\/jpeg"}],"twitter_card":"summary_large_image","twitter_misc":{"\u00c9crit par":"Fatou","Dur\u00e9e de lecture estim\u00e9e":"2 minutes"},"schema":{"@context":"https:\/\/schema.org","@graph":[{"@type":"WebSite","@id":"https:\/\/www.nettali.com\/#website","url":"https:\/\/www.nettali.com\/","name":"Nettali.com","description":"Le rendez-vous critique du Net","potentialAction":[{"@type":"SearchAction","target":{"@type":"EntryPoint","urlTemplate":"https:\/\/www.nettali.com\/?s={search_term_string}"},"query-input":"required name=search_term_string"}],"inLanguage":"fr-FR"},{"@type":"ImageObject","@id":"https:\/\/www.nettali.com\/2025\/09\/30\/fievre-de-la-vallee-du-rift-un-huitieme-deces-enregistre-au-senegal\/#primaryimage","inLanguage":"fr-FR","url":"https:\/\/www.nettali.com\/wp-content\/uploads\/2025\/09\/images-14.jpeg","contentUrl":"https:\/\/www.nettali.com\/wp-content\/uploads\/2025\/09\/images-14.jpeg","width":561,"height":356},{"@type":"WebPage","@id":"https:\/\/www.nettali.com\/2025\/09\/30\/fievre-de-la-vallee-du-rift-un-huitieme-deces-enregistre-au-senegal\/#webpage","url":"https:\/\/www.nettali.com\/2025\/09\/30\/fievre-de-la-vallee-du-rift-un-huitieme-deces-enregistre-au-senegal\/","name":"FI\u00c8VRE DE LA VALL\u00c9E DU RIFT- Un huiti\u00e8me d\u00e9c\u00e8s enregistr\u00e9 au S\u00e9n\u00e9gal | Nettali.com","isPartOf":{"@id":"https:\/\/www.nettali.com\/#website"},"primaryImageOfPage":{"@id":"https:\/\/www.nettali.com\/2025\/09\/30\/fievre-de-la-vallee-du-rift-un-huitieme-deces-enregistre-au-senegal\/#primaryimage"},"datePublished":"2025-09-30T14:29:58+00:00","dateModified":"2025-09-30T14:29:58+00:00","author":{"@id":"https:\/\/www.nettali.com\/#\/schema\/person\/418274a86bdf87caff7a3ef476bd0bbf"},"breadcrumb":{"@id":"https:\/\/www.nettali.com\/2025\/09\/30\/fievre-de-la-vallee-du-rift-un-huitieme-deces-enregistre-au-senegal\/#breadcrumb"},"inLanguage":"fr-FR","potentialAction":[{"@type":"ReadAction","target":["https:\/\/www.nettali.com\/2025\/09\/30\/fievre-de-la-vallee-du-rift-un-huitieme-deces-enregistre-au-senegal\/"]}]},{"@type":"BreadcrumbList","@id":"https:\/\/www.nettali.com\/2025\/09\/30\/fievre-de-la-vallee-du-rift-un-huitieme-deces-enregistre-au-senegal\/#breadcrumb","itemListElement":[{"@type":"ListItem","position":1,"name":"Accueil","item":"https:\/\/www.nettali.com\/"},{"@type":"ListItem","position":2,"name":"FI\u00c8VRE DE LA VALL\u00c9E DU RIFT- Un huiti\u00e8me d\u00e9c\u00e8s enregistr\u00e9 au S\u00e9n\u00e9gal"}]},{"@type":"Person","@id":"https:\/\/www.nettali.com\/#\/schema\/person\/418274a86bdf87caff7a3ef476bd0bbf","name":"Fatou","image":{"@type":"ImageObject","@id":"https:\/\/www.nettali.com\/#personlogo","inLanguage":"fr-FR","url":"https:\/\/secure.gravatar.com\/avatar\/5a9442a2bee7b4dcf167cab035858e9a?s=96&d=mm&r=g","contentUrl":"https:\/\/secure.gravatar.com\/avatar\/5a9442a2bee7b4dcf167cab035858e9a?s=96&d=mm&r=g","caption":"Fatou"},"sameAs":["https:\/\/www.nettali.com"]}]}},"_links":{"self":[{"href":"https:\/\/www.nettali.com\/rest\/wp\/v2\/posts\/162100"}],"collection":[{"href":"https:\/\/www.nettali.com\/rest\/wp\/v2\/posts"}],"about":[{"href":"https:\/\/www.nettali.com\/rest\/wp\/v2\/types\/post"}],"author":[{"embeddable":true,"href":"https:\/\/www.nettali.com\/rest\/wp\/v2\/users\/6"}],"replies":[{"embeddable":true,"href":"https:\/\/www.nettali.com\/rest\/wp\/v2\/comments?post=162100"}],"version-history":[{"count":1,"href":"https:\/\/www.nettali.com\/rest\/wp\/v2\/posts\/162100\/revisions"}],"predecessor-version":[{"id":162103,"href":"https:\/\/www.nettali.com\/rest\/wp\/v2\/posts\/162100\/revisions\/162103"}],"wp:featuredmedia":[{"embeddable":true,"href":"https:\/\/www.nettali.com\/rest\/wp\/v2\/media\/162104"}],"wp:attachment":[{"href":"https:\/\/www.nettali.com\/rest\/wp\/v2\/media?parent=162100"}],"wp:term":[{"taxonomy":"category","embeddable":true,"href":"https:\/\/www.nettali.com\/rest\/wp\/v2\/categories?post=162100"},{"taxonomy":"post_tag","embeddable":true,"href":"https:\/\/www.nettali.com\/rest\/wp\/v2\/tags?post=162100"}],"curies":[{"name":"wp","href":"https:\/\/api.w.org\/{rel}","templated":true}]}}