{"id":162094,"date":"2025-09-30T15:00:35","date_gmt":"2025-09-30T15:00:35","guid":{"rendered":"https:\/\/www.nettali.com\/?p=162094"},"modified":"2025-09-30T08:47:11","modified_gmt":"2025-09-30T08:47:11","slug":"barca-yamal-titulaire-un-doute-en-pointe","status":"publish","type":"post","link":"https:\/\/www.nettali.com\/2025\/09\/30\/barca-yamal-titulaire-un-doute-en-pointe\/","title":{"rendered":"BAR\u00c7A - Yamal titulaire, un doute en pointe ?"},"content":{"rendered":"<p><strong>NETTALI.COM -<\/strong> Deux jours avant le match de Ligue des Champions face au Paris Saint- Germain mercredi (21h), la presse catalane commence \u00e0 dessiner la compo probable du FC Barcelone. Et comme on pouvait s'y attendre, Lamine Yamal est pressenti dans le onze de d\u00e9part.<\/p>\n<p>De retour apr\u00e8s une pubalgie, l'ailier espagnol a fait une entr\u00e9e d\u00e9cisive contre la Real Sociedad (2-1) dimanche en Liga. Sa demi-heure pass\u00e9e sur le terrain, a apparemment rassur\u00e9 Hansi Flick. Pour compl\u00e9ter sa ligne offensive, l'entra\u00eeneur du Bar\u00e7a, notamment priv\u00e9 de Raphinha bless\u00e9, devrait aligner Marcus Rashford \u00e0 gauche. Quant \u00e0 la pointe, Mundo Deportivo \u00e9voque un doute entre Robert Lewandowski et Ferran Torres qui a marqu\u00e9 des points pendant l'absence du Polonais en d\u00e9but de saison.<\/p>\n<p>A noter que le vice-capitaine Ronald Araujo est annonc\u00e9 rempla\u00e7ant. Ce sont Eric Garcia et Pau Cubarsi qui ont la pr\u00e9f\u00e9rence du coach allemand en d\u00e9fense centrale.<\/p>\n<p>La compo probable du Bar\u00e7a : Szczesny - Kound\u00e9, Eric Garcia, Cubarsi, Gerard Martin - De Jong, Pedri - Yamal, Olmo, Rashford - Lewandowski (ou Ferran Torres).<\/p>\n<div class='share-to-whatsapp-wrapper'><div class='share-on-whsp'>PARTAGER SUR : <\/div><a data-text='BAR\u00c7A - Yamal titulaire, un doute en pointe ?' data-link='https:\/\/www.nettali.com\/2025\/09\/30\/barca-yamal-titulaire-un-doute-en-pointe\/' class='whatsapp-button whatsapp-share'>WhatsApp<\/a><div class='clear '><\/div><\/div>","protected":false},"excerpt":{"rendered":"<p>NETTALI.COM - Deux jours avant le match de Ligue des Champions face au Paris Saint- Germain mercredi (21h), la presse catalane commence \u00e0 dessiner la compo probable du FC Barcelone. Et comme on pouvait s'y attendre, Lamine Yamal est pressenti dans le onze de d\u00e9part. De retour apr\u00e8s une pubalgie, l'ailier espagnol a fait une [&hellip;]<\/p>\n","protected":false},"author":2,"featured_media":162097,"comment_status":"open","ping_status":"open","sticky":false,"template":"","format":"standard","meta":{"_et_pb_use_builder":"","_et_pb_old_content":""},"categories":[6],"tags":[],"yoast_head":"<!-- This site is optimized with the Yoast SEO Premium plugin v17.8 (Yoast SEO v17.8) - https:\/\/yoast.com\/wordpress\/plugins\/seo\/ -->\n<title>BAR\u00c7A - Yamal titulaire, un doute en pointe ? | Nettali.com<\/title>\n<meta name=\"robots\" content=\"index, follow, max-snippet:-1, max-image-preview:large, max-video-preview:-1\" \/>\n<link rel=\"canonical\" href=\"https:\/\/www.nettali.com\/2025\/09\/30\/barca-yamal-titulaire-un-doute-en-pointe\/\" \/>\n<meta property=\"og:locale\" content=\"fr_FR\" \/>\n<meta property=\"og:type\" content=\"article\" \/>\n<meta property=\"og:title\" content=\"BAR\u00c7A - Yamal titulaire, un doute en pointe ?\" \/>\n<meta property=\"og:description\" content=\"NETTALI.COM - Deux jours avant le match de Ligue des Champions face au Paris Saint- Germain mercredi (21h), la presse catalane commence \u00e0 dessiner la compo probable du FC Barcelone. Et comme on pouvait s&#039;y attendre, Lamine Yamal est pressenti dans le onze de d\u00e9part. De retour apr\u00e8s une pubalgie, l&#039;ailier espagnol a fait une [&hellip;]\" \/>\n<meta property=\"og:url\" content=\"https:\/\/www.nettali.com\/2025\/09\/30\/barca-yamal-titulaire-un-doute-en-pointe\/\" \/>\n<meta property=\"og:site_name\" content=\"Nettali.com\" \/>\n<meta property=\"article:publisher\" content=\"https:\/\/www.facebook.com\/nettalicom\" \/>\n<meta property=\"article:published_time\" content=\"2025-09-30T15:00:35+00:00\" \/>\n<meta property=\"article:modified_time\" content=\"2025-09-30T08:47:11+00:00\" \/>\n<meta property=\"og:image\" content=\"https:\/\/www.nettali.com\/wp-content\/uploads\/2025\/09\/yamal-fc-barcelone-joie-12.jpg\" \/>\n\t<meta property=\"og:image:width\" content=\"390\" \/>\n\t<meta property=\"og:image:height\" content=\"260\" \/>\n<meta name=\"twitter:card\" content=\"summary_large_image\" \/>\n<meta name=\"twitter:label1\" content=\"\u00c9crit par\" \/>\n\t<meta name=\"twitter:data1\" content=\"CK\" \/>\n\t<meta name=\"twitter:label2\" content=\"Dur\u00e9e de lecture estim\u00e9e\" \/>\n\t<meta name=\"twitter:data2\" content=\"1 minute\" \/>\n<script type=\"application\/ld+json\" class=\"yoast-schema-graph\">{\"@context\":\"https:\/\/schema.org\",\"@graph\":[{\"@type\":\"WebSite\",\"@id\":\"https:\/\/www.nettali.com\/#website\",\"url\":\"https:\/\/www.nettali.com\/\",\"name\":\"Nettali.com\",\"description\":\"Le rendez-vous critique du Net\",\"potentialAction\":[{\"@type\":\"SearchAction\",\"target\":{\"@type\":\"EntryPoint\",\"urlTemplate\":\"https:\/\/www.nettali.com\/?s={search_term_string}\"},\"query-input\":\"required name=search_term_string\"}],\"inLanguage\":\"fr-FR\"},{\"@type\":\"ImageObject\",\"@id\":\"https:\/\/www.nettali.com\/2025\/09\/30\/barca-yamal-titulaire-un-doute-en-pointe\/#primaryimage\",\"inLanguage\":\"fr-FR\",\"url\":\"https:\/\/www.nettali.com\/wp-content\/uploads\/2025\/09\/yamal-fc-barcelone-joie-12.jpg\",\"contentUrl\":\"https:\/\/www.nettali.com\/wp-content\/uploads\/2025\/09\/yamal-fc-barcelone-joie-12.jpg\",\"width\":390,\"height\":260},{\"@type\":\"WebPage\",\"@id\":\"https:\/\/www.nettali.com\/2025\/09\/30\/barca-yamal-titulaire-un-doute-en-pointe\/#webpage\",\"url\":\"https:\/\/www.nettali.com\/2025\/09\/30\/barca-yamal-titulaire-un-doute-en-pointe\/\",\"name\":\"BAR\\u00c7A - Yamal titulaire, un doute en pointe ? | Nettali.com\",\"isPartOf\":{\"@id\":\"https:\/\/www.nettali.com\/#website\"},\"primaryImageOfPage\":{\"@id\":\"https:\/\/www.nettali.com\/2025\/09\/30\/barca-yamal-titulaire-un-doute-en-pointe\/#primaryimage\"},\"datePublished\":\"2025-09-30T15:00:35+00:00\",\"dateModified\":\"2025-09-30T08:47:11+00:00\",\"author\":{\"@id\":\"https:\/\/www.nettali.com\/#\/schema\/person\/d8ac7b7e27ddad43f1c0d2ef090d7f71\"},\"breadcrumb\":{\"@id\":\"https:\/\/www.nettali.com\/2025\/09\/30\/barca-yamal-titulaire-un-doute-en-pointe\/#breadcrumb\"},\"inLanguage\":\"fr-FR\",\"potentialAction\":[{\"@type\":\"ReadAction\",\"target\":[\"https:\/\/www.nettali.com\/2025\/09\/30\/barca-yamal-titulaire-un-doute-en-pointe\/\"]}]},{\"@type\":\"BreadcrumbList\",\"@id\":\"https:\/\/www.nettali.com\/2025\/09\/30\/barca-yamal-titulaire-un-doute-en-pointe\/#breadcrumb\",\"itemListElement\":[{\"@type\":\"ListItem\",\"position\":1,\"name\":\"Accueil\",\"item\":\"https:\/\/www.nettali.com\/\"},{\"@type\":\"ListItem\",\"position\":2,\"name\":\"BAR\\u00c7A - Yamal titulaire, un doute en pointe ?\"}]},{\"@type\":\"Person\",\"@id\":\"https:\/\/www.nettali.com\/#\/schema\/person\/d8ac7b7e27ddad43f1c0d2ef090d7f71\",\"name\":\"CK\",\"image\":{\"@type\":\"ImageObject\",\"@id\":\"https:\/\/www.nettali.com\/#personlogo\",\"inLanguage\":\"fr-FR\",\"url\":\"https:\/\/secure.gravatar.com\/avatar\/1d8d5118b9327d94da7cd4ce7f17fec2?s=96&d=mm&r=g\",\"contentUrl\":\"https:\/\/secure.gravatar.com\/avatar\/1d8d5118b9327d94da7cd4ce7f17fec2?s=96&d=mm&r=g\",\"caption\":\"CK\"},\"sameAs\":[\"https:\/\/www.nettali.com\"]}]}<\/script>\n<!-- \/ Yoast SEO Premium plugin. -->","yoast_head_json":{"title":"BAR\u00c7A - Yamal titulaire, un doute en pointe ? | Nettali.com","robots":{"index":"index","follow":"follow","max-snippet":"max-snippet:-1","max-image-preview":"max-image-preview:large","max-video-preview":"max-video-preview:-1"},"canonical":"https:\/\/www.nettali.com\/2025\/09\/30\/barca-yamal-titulaire-un-doute-en-pointe\/","og_locale":"fr_FR","og_type":"article","og_title":"BAR\u00c7A - Yamal titulaire, un doute en pointe ?","og_description":"NETTALI.COM - Deux jours avant le match de Ligue des Champions face au Paris Saint- Germain mercredi (21h), la presse catalane commence \u00e0 dessiner la compo probable du FC Barcelone. Et comme on pouvait s'y attendre, Lamine Yamal est pressenti dans le onze de d\u00e9part. De retour apr\u00e8s une pubalgie, l'ailier espagnol a fait une [&hellip;]","og_url":"https:\/\/www.nettali.com\/2025\/09\/30\/barca-yamal-titulaire-un-doute-en-pointe\/","og_site_name":"Nettali.com","article_publisher":"https:\/\/www.facebook.com\/nettalicom","article_published_time":"2025-09-30T15:00:35+00:00","article_modified_time":"2025-09-30T08:47:11+00:00","og_image":[{"width":390,"height":260,"url":"https:\/\/www.nettali.com\/wp-content\/uploads\/2025\/09\/yamal-fc-barcelone-joie-12.jpg","type":"image\/jpeg"}],"twitter_card":"summary_large_image","twitter_misc":{"\u00c9crit par":"CK","Dur\u00e9e de lecture estim\u00e9e":"1 minute"},"schema":{"@context":"https:\/\/schema.org","@graph":[{"@type":"WebSite","@id":"https:\/\/www.nettali.com\/#website","url":"https:\/\/www.nettali.com\/","name":"Nettali.com","description":"Le rendez-vous critique du Net","potentialAction":[{"@type":"SearchAction","target":{"@type":"EntryPoint","urlTemplate":"https:\/\/www.nettali.com\/?s={search_term_string}"},"query-input":"required name=search_term_string"}],"inLanguage":"fr-FR"},{"@type":"ImageObject","@id":"https:\/\/www.nettali.com\/2025\/09\/30\/barca-yamal-titulaire-un-doute-en-pointe\/#primaryimage","inLanguage":"fr-FR","url":"https:\/\/www.nettali.com\/wp-content\/uploads\/2025\/09\/yamal-fc-barcelone-joie-12.jpg","contentUrl":"https:\/\/www.nettali.com\/wp-content\/uploads\/2025\/09\/yamal-fc-barcelone-joie-12.jpg","width":390,"height":260},{"@type":"WebPage","@id":"https:\/\/www.nettali.com\/2025\/09\/30\/barca-yamal-titulaire-un-doute-en-pointe\/#webpage","url":"https:\/\/www.nettali.com\/2025\/09\/30\/barca-yamal-titulaire-un-doute-en-pointe\/","name":"BAR\u00c7A - Yamal titulaire, un doute en pointe ? | Nettali.com","isPartOf":{"@id":"https:\/\/www.nettali.com\/#website"},"primaryImageOfPage":{"@id":"https:\/\/www.nettali.com\/2025\/09\/30\/barca-yamal-titulaire-un-doute-en-pointe\/#primaryimage"},"datePublished":"2025-09-30T15:00:35+00:00","dateModified":"2025-09-30T08:47:11+00:00","author":{"@id":"https:\/\/www.nettali.com\/#\/schema\/person\/d8ac7b7e27ddad43f1c0d2ef090d7f71"},"breadcrumb":{"@id":"https:\/\/www.nettali.com\/2025\/09\/30\/barca-yamal-titulaire-un-doute-en-pointe\/#breadcrumb"},"inLanguage":"fr-FR","potentialAction":[{"@type":"ReadAction","target":["https:\/\/www.nettali.com\/2025\/09\/30\/barca-yamal-titulaire-un-doute-en-pointe\/"]}]},{"@type":"BreadcrumbList","@id":"https:\/\/www.nettali.com\/2025\/09\/30\/barca-yamal-titulaire-un-doute-en-pointe\/#breadcrumb","itemListElement":[{"@type":"ListItem","position":1,"name":"Accueil","item":"https:\/\/www.nettali.com\/"},{"@type":"ListItem","position":2,"name":"BAR\u00c7A - Yamal titulaire, un doute en pointe ?"}]},{"@type":"Person","@id":"https:\/\/www.nettali.com\/#\/schema\/person\/d8ac7b7e27ddad43f1c0d2ef090d7f71","name":"CK","image":{"@type":"ImageObject","@id":"https:\/\/www.nettali.com\/#personlogo","inLanguage":"fr-FR","url":"https:\/\/secure.gravatar.com\/avatar\/1d8d5118b9327d94da7cd4ce7f17fec2?s=96&d=mm&r=g","contentUrl":"https:\/\/secure.gravatar.com\/avatar\/1d8d5118b9327d94da7cd4ce7f17fec2?s=96&d=mm&r=g","caption":"CK"},"sameAs":["https:\/\/www.nettali.com"]}]}},"_links":{"self":[{"href":"https:\/\/www.nettali.com\/rest\/wp\/v2\/posts\/162094"}],"collection":[{"href":"https:\/\/www.nettali.com\/rest\/wp\/v2\/posts"}],"about":[{"href":"https:\/\/www.nettali.com\/rest\/wp\/v2\/types\/post"}],"author":[{"embeddable":true,"href":"https:\/\/www.nettali.com\/rest\/wp\/v2\/users\/2"}],"replies":[{"embeddable":true,"href":"https:\/\/www.nettali.com\/rest\/wp\/v2\/comments?post=162094"}],"version-history":[{"count":1,"href":"https:\/\/www.nettali.com\/rest\/wp\/v2\/posts\/162094\/revisions"}],"predecessor-version":[{"id":162098,"href":"https:\/\/www.nettali.com\/rest\/wp\/v2\/posts\/162094\/revisions\/162098"}],"wp:featuredmedia":[{"embeddable":true,"href":"https:\/\/www.nettali.com\/rest\/wp\/v2\/media\/162097"}],"wp:attachment":[{"href":"https:\/\/www.nettali.com\/rest\/wp\/v2\/media?parent=162094"}],"wp:term":[{"taxonomy":"category","embeddable":true,"href":"https:\/\/www.nettali.com\/rest\/wp\/v2\/categories?post=162094"},{"taxonomy":"post_tag","embeddable":true,"href":"https:\/\/www.nettali.com\/rest\/wp\/v2\/tags?post=162094"}],"curies":[{"name":"wp","href":"https:\/\/api.w.org\/{rel}","templated":true}]}}