{"id":162070,"date":"2025-09-30T06:56:27","date_gmt":"2025-09-30T06:56:27","guid":{"rendered":"https:\/\/www.nettali.com\/?p=162070"},"modified":"2025-09-30T08:16:09","modified_gmt":"2025-09-30T08:16:09","slug":"dette-cachee-abdourahmane-sarr-recadre-macky-sall","status":"publish","type":"post","link":"https:\/\/www.nettali.com\/2025\/09\/30\/dette-cachee-abdourahmane-sarr-recadre-macky-sall\/","title":{"rendered":"\"DETTE CACH\u00c9E\" \u2013 Abdourahmane Sarr r\u00e9agit aux explications de Macky Sall"},"content":{"rendered":"<p data-start=\"137\" data-end=\"488\"><strong>NETTALI.COM - Le ministre de l\u2019\u00c9conomie, du Plan et de la Coop\u00e9ration, Abdourahmane Sarr, estime que le d\u00e9bat sur la transmission de donn\u00e9es erron\u00e9es par le S\u00e9n\u00e9gal au FMI, doit \u00eatre \u00e9clairci au niveau du Conseil d\u2019administration de l\u2019institution. Selon lui, les m\u00e9canismes budg\u00e9taires et financiers en cause, montrent que la dette demeure soutenable et que le pays peut retrouver la confiance des march\u00e9s.<\/strong><\/p>\n<p data-start=\"490\" data-end=\"733\">Le ministre de l\u2019\u00c9conomie, du Plan et de la Coop\u00e9ration, Abdourahmane Sarr, a r\u00e9agi aux d\u00e9clarations de l\u2019ex-pr\u00e9sident Macky Sall sur la gestion de la dette et les accusations de manipulation des chiffres transmis au Fonds Mon\u00e9taire International (FMI).<\/p>\n<p data-start=\"735\" data-end=\"1211\">Il explique que l\u2019institution financi\u00e8re internationale devra d\u00e9montrer, devant son Conseil d\u2019administration, comment le cadrage macro\u00e9conomique avant et apr\u00e8s la d\u00e9couverte des donn\u00e9es erron\u00e9es reste coh\u00e9rent. <em>\u00ab Les paiements effectu\u00e9s directement \u00e0 l\u2019\u00e9tranger ne transitent pas par la Banque centrale. Les d\u00e9caissements effectu\u00e9s sur ressources ext\u00e9rieures, volontairement omis dans les d\u00e9ficits rapport\u00e9s, ne sont pas comptabilis\u00e9s dans la dette non plus \u00bb,<\/em> pr\u00e9cise-t-il.<\/p>\n<p data-start=\"735\" data-end=\"1211\">Sarr insiste sur un point : si certains flux ont pu \u00eatre dissimul\u00e9s, le remboursement de la dette, lui, ne pouvait pas \u00e9chapper au Tr\u00e9sor. <em>\u00ab Le service de la dette est in\u00e9vitable et n\u00e9cessairement connu, puisque c\u2019est le Tr\u00e9sor qui l\u2019ex\u00e9cute \u00bb<\/em>, rappelle-t-il.<\/p>\n<p data-start=\"1479\" data-end=\"1760\">En conclusion, il estime que le FMI devra aussi confirmer que la dette du S\u00e9n\u00e9gal demeure soutenable. Une situation qui explique, selon lui, que le service se faisait sans difficult\u00e9 et qui devrait, \u00e0 terme, permettre au pays de retrouver la confiance des march\u00e9s internationaux.<\/p>\n<p>&nbsp;<\/p>\n<div class='share-to-whatsapp-wrapper'><div class='share-on-whsp'>PARTAGER SUR : <\/div><a data-text='\"DETTE CACH\u00c9E\" \u2013 Abdourahmane Sarr r\u00e9agit aux explications de Macky Sall' data-link='https:\/\/www.nettali.com\/2025\/09\/30\/dette-cachee-abdourahmane-sarr-recadre-macky-sall\/' class='whatsapp-button whatsapp-share'>WhatsApp<\/a><div class='clear '><\/div><\/div>","protected":false},"excerpt":{"rendered":"<p>NETTALI.COM - Le ministre de l\u2019\u00c9conomie, du Plan et de la Coop\u00e9ration, Abdourahmane Sarr, estime que le d\u00e9bat sur la transmission de donn\u00e9es erron\u00e9es par le S\u00e9n\u00e9gal au FMI, doit \u00eatre \u00e9clairci au niveau du Conseil d\u2019administration de l\u2019institution. Selon lui, les m\u00e9canismes budg\u00e9taires et financiers en cause, montrent que la dette demeure soutenable et [&hellip;]<\/p>\n","protected":false},"author":4,"featured_media":147169,"comment_status":"open","ping_status":"open","sticky":false,"template":"","format":"standard","meta":{"_et_pb_use_builder":"","_et_pb_old_content":""},"categories":[4],"tags":[],"yoast_head":"<!-- This site is optimized with the Yoast SEO Premium plugin v17.8 (Yoast SEO v17.8) - https:\/\/yoast.com\/wordpress\/plugins\/seo\/ -->\n<title>&quot;DETTE CACH\u00c9E&quot; \u2013 Abdourahmane Sarr r\u00e9agit aux explications de Macky Sall | Nettali.com<\/title>\n<meta name=\"robots\" content=\"index, follow, max-snippet:-1, max-image-preview:large, max-video-preview:-1\" \/>\n<link rel=\"canonical\" href=\"https:\/\/www.nettali.com\/2025\/09\/30\/dette-cachee-abdourahmane-sarr-recadre-macky-sall\/\" \/>\n<meta property=\"og:locale\" content=\"fr_FR\" \/>\n<meta property=\"og:type\" content=\"article\" \/>\n<meta property=\"og:title\" content=\"&quot;DETTE CACH\u00c9E&quot; \u2013 Abdourahmane Sarr r\u00e9agit aux explications de Macky Sall\" \/>\n<meta property=\"og:description\" content=\"NETTALI.COM - Le ministre de l\u2019\u00c9conomie, du Plan et de la Coop\u00e9ration, Abdourahmane Sarr, estime que le d\u00e9bat sur la transmission de donn\u00e9es erron\u00e9es par le S\u00e9n\u00e9gal au FMI, doit \u00eatre \u00e9clairci au niveau du Conseil d\u2019administration de l\u2019institution. Selon lui, les m\u00e9canismes budg\u00e9taires et financiers en cause, montrent que la dette demeure soutenable et [&hellip;]\" \/>\n<meta property=\"og:url\" content=\"https:\/\/www.nettali.com\/2025\/09\/30\/dette-cachee-abdourahmane-sarr-recadre-macky-sall\/\" \/>\n<meta property=\"og:site_name\" content=\"Nettali.com\" \/>\n<meta property=\"article:publisher\" content=\"https:\/\/www.facebook.com\/nettalicom\" \/>\n<meta property=\"article:published_time\" content=\"2025-09-30T06:56:27+00:00\" \/>\n<meta property=\"article:modified_time\" content=\"2025-09-30T08:16:09+00:00\" \/>\n<meta property=\"og:image\" content=\"https:\/\/www.nettali.com\/wp-content\/uploads\/2025\/01\/Abdourahmane-Sarr-Ministre-de-lEconomie-du-Plan-et-de-la-Cooperation-du-Senegal-.jpg\" \/>\n\t<meta property=\"og:image:width\" content=\"1200\" \/>\n\t<meta property=\"og:image:height\" content=\"748\" \/>\n<meta name=\"twitter:card\" content=\"summary_large_image\" \/>\n<meta name=\"twitter:label1\" content=\"\u00c9crit par\" \/>\n\t<meta name=\"twitter:data1\" content=\"Daouda\" \/>\n\t<meta name=\"twitter:label2\" content=\"Dur\u00e9e de lecture estim\u00e9e\" \/>\n\t<meta name=\"twitter:data2\" content=\"1 minute\" \/>\n<script type=\"application\/ld+json\" class=\"yoast-schema-graph\">{\"@context\":\"https:\/\/schema.org\",\"@graph\":[{\"@type\":\"WebSite\",\"@id\":\"https:\/\/www.nettali.com\/#website\",\"url\":\"https:\/\/www.nettali.com\/\",\"name\":\"Nettali.com\",\"description\":\"Le rendez-vous critique du Net\",\"potentialAction\":[{\"@type\":\"SearchAction\",\"target\":{\"@type\":\"EntryPoint\",\"urlTemplate\":\"https:\/\/www.nettali.com\/?s={search_term_string}\"},\"query-input\":\"required name=search_term_string\"}],\"inLanguage\":\"fr-FR\"},{\"@type\":\"ImageObject\",\"@id\":\"https:\/\/www.nettali.com\/2025\/09\/30\/dette-cachee-abdourahmane-sarr-recadre-macky-sall\/#primaryimage\",\"inLanguage\":\"fr-FR\",\"url\":\"https:\/\/www.nettali.com\/wp-content\/uploads\/2025\/01\/Abdourahmane-Sarr-Ministre-de-lEconomie-du-Plan-et-de-la-Cooperation-du-Senegal-.jpg\",\"contentUrl\":\"https:\/\/www.nettali.com\/wp-content\/uploads\/2025\/01\/Abdourahmane-Sarr-Ministre-de-lEconomie-du-Plan-et-de-la-Cooperation-du-Senegal-.jpg\",\"width\":1200,\"height\":748},{\"@type\":\"WebPage\",\"@id\":\"https:\/\/www.nettali.com\/2025\/09\/30\/dette-cachee-abdourahmane-sarr-recadre-macky-sall\/#webpage\",\"url\":\"https:\/\/www.nettali.com\/2025\/09\/30\/dette-cachee-abdourahmane-sarr-recadre-macky-sall\/\",\"name\":\"\\\"DETTE CACH\\u00c9E\\\" \\u2013 Abdourahmane Sarr r\\u00e9agit aux explications de Macky Sall | Nettali.com\",\"isPartOf\":{\"@id\":\"https:\/\/www.nettali.com\/#website\"},\"primaryImageOfPage\":{\"@id\":\"https:\/\/www.nettali.com\/2025\/09\/30\/dette-cachee-abdourahmane-sarr-recadre-macky-sall\/#primaryimage\"},\"datePublished\":\"2025-09-30T06:56:27+00:00\",\"dateModified\":\"2025-09-30T08:16:09+00:00\",\"author\":{\"@id\":\"https:\/\/www.nettali.com\/#\/schema\/person\/3317e0bb3aa1da309fbf7b2780901bf4\"},\"breadcrumb\":{\"@id\":\"https:\/\/www.nettali.com\/2025\/09\/30\/dette-cachee-abdourahmane-sarr-recadre-macky-sall\/#breadcrumb\"},\"inLanguage\":\"fr-FR\",\"potentialAction\":[{\"@type\":\"ReadAction\",\"target\":[\"https:\/\/www.nettali.com\/2025\/09\/30\/dette-cachee-abdourahmane-sarr-recadre-macky-sall\/\"]}]},{\"@type\":\"BreadcrumbList\",\"@id\":\"https:\/\/www.nettali.com\/2025\/09\/30\/dette-cachee-abdourahmane-sarr-recadre-macky-sall\/#breadcrumb\",\"itemListElement\":[{\"@type\":\"ListItem\",\"position\":1,\"name\":\"Accueil\",\"item\":\"https:\/\/www.nettali.com\/\"},{\"@type\":\"ListItem\",\"position\":2,\"name\":\"\\\"DETTE CACH\\u00c9E\\\" \\u2013 Abdourahmane Sarr r\\u00e9agit aux explications de Macky Sall\"}]},{\"@type\":\"Person\",\"@id\":\"https:\/\/www.nettali.com\/#\/schema\/person\/3317e0bb3aa1da309fbf7b2780901bf4\",\"name\":\"Daouda\",\"image\":{\"@type\":\"ImageObject\",\"@id\":\"https:\/\/www.nettali.com\/#personlogo\",\"inLanguage\":\"fr-FR\",\"url\":\"https:\/\/secure.gravatar.com\/avatar\/8d143b5a49345098ddcfee1c49c2f47c?s=96&d=mm&r=g\",\"contentUrl\":\"https:\/\/secure.gravatar.com\/avatar\/8d143b5a49345098ddcfee1c49c2f47c?s=96&d=mm&r=g\",\"caption\":\"Daouda\"},\"sameAs\":[\"https:\/\/www.nettali.com\"]}]}<\/script>\n<!-- \/ Yoast SEO Premium plugin. -->","yoast_head_json":{"title":"\"DETTE CACH\u00c9E\" \u2013 Abdourahmane Sarr r\u00e9agit aux explications de Macky Sall | Nettali.com","robots":{"index":"index","follow":"follow","max-snippet":"max-snippet:-1","max-image-preview":"max-image-preview:large","max-video-preview":"max-video-preview:-1"},"canonical":"https:\/\/www.nettali.com\/2025\/09\/30\/dette-cachee-abdourahmane-sarr-recadre-macky-sall\/","og_locale":"fr_FR","og_type":"article","og_title":"\"DETTE CACH\u00c9E\" \u2013 Abdourahmane Sarr r\u00e9agit aux explications de Macky Sall","og_description":"NETTALI.COM - Le ministre de l\u2019\u00c9conomie, du Plan et de la Coop\u00e9ration, Abdourahmane Sarr, estime que le d\u00e9bat sur la transmission de donn\u00e9es erron\u00e9es par le S\u00e9n\u00e9gal au FMI, doit \u00eatre \u00e9clairci au niveau du Conseil d\u2019administration de l\u2019institution. Selon lui, les m\u00e9canismes budg\u00e9taires et financiers en cause, montrent que la dette demeure soutenable et [&hellip;]","og_url":"https:\/\/www.nettali.com\/2025\/09\/30\/dette-cachee-abdourahmane-sarr-recadre-macky-sall\/","og_site_name":"Nettali.com","article_publisher":"https:\/\/www.facebook.com\/nettalicom","article_published_time":"2025-09-30T06:56:27+00:00","article_modified_time":"2025-09-30T08:16:09+00:00","og_image":[{"width":1200,"height":748,"url":"https:\/\/www.nettali.com\/wp-content\/uploads\/2025\/01\/Abdourahmane-Sarr-Ministre-de-lEconomie-du-Plan-et-de-la-Cooperation-du-Senegal-.jpg","type":"image\/jpeg"}],"twitter_card":"summary_large_image","twitter_misc":{"\u00c9crit par":"Daouda","Dur\u00e9e de lecture estim\u00e9e":"1 minute"},"schema":{"@context":"https:\/\/schema.org","@graph":[{"@type":"WebSite","@id":"https:\/\/www.nettali.com\/#website","url":"https:\/\/www.nettali.com\/","name":"Nettali.com","description":"Le rendez-vous critique du Net","potentialAction":[{"@type":"SearchAction","target":{"@type":"EntryPoint","urlTemplate":"https:\/\/www.nettali.com\/?s={search_term_string}"},"query-input":"required name=search_term_string"}],"inLanguage":"fr-FR"},{"@type":"ImageObject","@id":"https:\/\/www.nettali.com\/2025\/09\/30\/dette-cachee-abdourahmane-sarr-recadre-macky-sall\/#primaryimage","inLanguage":"fr-FR","url":"https:\/\/www.nettali.com\/wp-content\/uploads\/2025\/01\/Abdourahmane-Sarr-Ministre-de-lEconomie-du-Plan-et-de-la-Cooperation-du-Senegal-.jpg","contentUrl":"https:\/\/www.nettali.com\/wp-content\/uploads\/2025\/01\/Abdourahmane-Sarr-Ministre-de-lEconomie-du-Plan-et-de-la-Cooperation-du-Senegal-.jpg","width":1200,"height":748},{"@type":"WebPage","@id":"https:\/\/www.nettali.com\/2025\/09\/30\/dette-cachee-abdourahmane-sarr-recadre-macky-sall\/#webpage","url":"https:\/\/www.nettali.com\/2025\/09\/30\/dette-cachee-abdourahmane-sarr-recadre-macky-sall\/","name":"\"DETTE CACH\u00c9E\" \u2013 Abdourahmane Sarr r\u00e9agit aux explications de Macky Sall | Nettali.com","isPartOf":{"@id":"https:\/\/www.nettali.com\/#website"},"primaryImageOfPage":{"@id":"https:\/\/www.nettali.com\/2025\/09\/30\/dette-cachee-abdourahmane-sarr-recadre-macky-sall\/#primaryimage"},"datePublished":"2025-09-30T06:56:27+00:00","dateModified":"2025-09-30T08:16:09+00:00","author":{"@id":"https:\/\/www.nettali.com\/#\/schema\/person\/3317e0bb3aa1da309fbf7b2780901bf4"},"breadcrumb":{"@id":"https:\/\/www.nettali.com\/2025\/09\/30\/dette-cachee-abdourahmane-sarr-recadre-macky-sall\/#breadcrumb"},"inLanguage":"fr-FR","potentialAction":[{"@type":"ReadAction","target":["https:\/\/www.nettali.com\/2025\/09\/30\/dette-cachee-abdourahmane-sarr-recadre-macky-sall\/"]}]},{"@type":"BreadcrumbList","@id":"https:\/\/www.nettali.com\/2025\/09\/30\/dette-cachee-abdourahmane-sarr-recadre-macky-sall\/#breadcrumb","itemListElement":[{"@type":"ListItem","position":1,"name":"Accueil","item":"https:\/\/www.nettali.com\/"},{"@type":"ListItem","position":2,"name":"\"DETTE CACH\u00c9E\" \u2013 Abdourahmane Sarr r\u00e9agit aux explications de Macky Sall"}]},{"@type":"Person","@id":"https:\/\/www.nettali.com\/#\/schema\/person\/3317e0bb3aa1da309fbf7b2780901bf4","name":"Daouda","image":{"@type":"ImageObject","@id":"https:\/\/www.nettali.com\/#personlogo","inLanguage":"fr-FR","url":"https:\/\/secure.gravatar.com\/avatar\/8d143b5a49345098ddcfee1c49c2f47c?s=96&d=mm&r=g","contentUrl":"https:\/\/secure.gravatar.com\/avatar\/8d143b5a49345098ddcfee1c49c2f47c?s=96&d=mm&r=g","caption":"Daouda"},"sameAs":["https:\/\/www.nettali.com"]}]}},"_links":{"self":[{"href":"https:\/\/www.nettali.com\/rest\/wp\/v2\/posts\/162070"}],"collection":[{"href":"https:\/\/www.nettali.com\/rest\/wp\/v2\/posts"}],"about":[{"href":"https:\/\/www.nettali.com\/rest\/wp\/v2\/types\/post"}],"author":[{"embeddable":true,"href":"https:\/\/www.nettali.com\/rest\/wp\/v2\/users\/4"}],"replies":[{"embeddable":true,"href":"https:\/\/www.nettali.com\/rest\/wp\/v2\/comments?post=162070"}],"version-history":[{"count":4,"href":"https:\/\/www.nettali.com\/rest\/wp\/v2\/posts\/162070\/revisions"}],"predecessor-version":[{"id":162083,"href":"https:\/\/www.nettali.com\/rest\/wp\/v2\/posts\/162070\/revisions\/162083"}],"wp:featuredmedia":[{"embeddable":true,"href":"https:\/\/www.nettali.com\/rest\/wp\/v2\/media\/147169"}],"wp:attachment":[{"href":"https:\/\/www.nettali.com\/rest\/wp\/v2\/media?parent=162070"}],"wp:term":[{"taxonomy":"category","embeddable":true,"href":"https:\/\/www.nettali.com\/rest\/wp\/v2\/categories?post=162070"},{"taxonomy":"post_tag","embeddable":true,"href":"https:\/\/www.nettali.com\/rest\/wp\/v2\/tags?post=162070"}],"curies":[{"name":"wp","href":"https:\/\/api.w.org\/{rel}","templated":true}]}}