{"id":162058,"date":"2025-09-29T22:44:35","date_gmt":"2025-09-29T22:44:35","guid":{"rendered":"https:\/\/www.nettali.com\/?p=162058"},"modified":"2025-09-29T22:44:35","modified_gmt":"2025-09-29T22:44:35","slug":"kaolack-un-homme-decede-lors-dune-priere-mortuaire","status":"publish","type":"post","link":"https:\/\/www.nettali.com\/2025\/09\/29\/kaolack-un-homme-decede-lors-dune-priere-mortuaire\/","title":{"rendered":"KAOLACK - Un homme d\u00e9c\u00e8de lors d\u2019une pri\u00e8re mortuaire"},"content":{"rendered":"<p><strong>NETTALI.COM - A Kaolack, une pri\u00e8re mortuaire a tourn\u00e9 au drame ce lundi 29 septembre 2025. N. Camara, commer\u00e7ant connu du march\u00e9 central et du quartier Sam, a succomb\u00e9 \u00e0 un malaise alors qu\u2019il assistait \u00e0 la c\u00e9r\u00e9monie organis\u00e9e \u00e0 la mosqu\u00e9e Diakaye L\u00e9bou de Kasnack. \u00c9vacu\u00e9 en urgence \u00e0 l\u2019h\u00f4pital, il est d\u00e9c\u00e9d\u00e9 peu apr\u00e8s.<\/strong><\/p>\n<p>La c\u00e9r\u00e9monie concernait le fils d\u2019un op\u00e9rateur \u00e9conomique d\u00e9c\u00e9d\u00e9 au Maroc et inhum\u00e9 le m\u00eame jour au cimeti\u00e8re de Keur Maloum Diaw. Selon des t\u00e9moins, le malaise s\u2019est produit pendant la s\u00e9rie de t\u00e9moignages pr\u00e9c\u00e9dant la pri\u00e8re, moment souvent marqu\u00e9 par de longues interventions.<\/p>\n<p>Cet incident relance le d\u00e9bat sur la longueur excessive des c\u00e9r\u00e9monies fun\u00e8bres au S\u00e9n\u00e9gal. Des observateurs appellent \u00e0 des r\u00e9formes simples : \"<em>raccourcir les c\u00e9r\u00e9monies<\/em>\", \"<em>privil\u00e9gier la pri\u00e8re<\/em>\", \"<em>am\u00e9nager des espaces assis et ombrag\u00e9s<\/em>\", ou encore \"<em>former les comit\u00e9s fun\u00e9raires \u00e0 une meilleure gestion du temps<\/em>\". La pr\u00e9sence de secouristes lors de rassemblements importants est \u00e9galement jug\u00e9e n\u00e9cessaire pour intervenir en cas d\u2019urgence.<\/p>\n<div class='share-to-whatsapp-wrapper'><div class='share-on-whsp'>PARTAGER SUR : <\/div><a data-text='KAOLACK - Un homme d\u00e9c\u00e8de lors d\u2019une pri\u00e8re mortuaire' data-link='https:\/\/www.nettali.com\/2025\/09\/29\/kaolack-un-homme-decede-lors-dune-priere-mortuaire\/' class='whatsapp-button whatsapp-share'>WhatsApp<\/a><div class='clear '><\/div><\/div>","protected":false},"excerpt":{"rendered":"<p>NETTALI.COM - A Kaolack, une pri\u00e8re mortuaire a tourn\u00e9 au drame ce lundi 29 septembre 2025. N. Camara, commer\u00e7ant connu du march\u00e9 central et du quartier Sam, a succomb\u00e9 \u00e0 un malaise alors qu\u2019il assistait \u00e0 la c\u00e9r\u00e9monie organis\u00e9e \u00e0 la mosqu\u00e9e Diakaye L\u00e9bou de Kasnack. \u00c9vacu\u00e9 en urgence \u00e0 l\u2019h\u00f4pital, il est d\u00e9c\u00e9d\u00e9 peu [&hellip;]<\/p>\n","protected":false},"author":5,"featured_media":150560,"comment_status":"open","ping_status":"open","sticky":false,"template":"","format":"standard","meta":{"_et_pb_use_builder":"","_et_pb_old_content":""},"categories":[3],"tags":[],"yoast_head":"<!-- This site is optimized with the Yoast SEO Premium plugin v17.8 (Yoast SEO v17.8) - https:\/\/yoast.com\/wordpress\/plugins\/seo\/ -->\n<title>KAOLACK - Un homme d\u00e9c\u00e8de lors d\u2019une pri\u00e8re mortuaire | Nettali.com<\/title>\n<meta name=\"robots\" content=\"index, follow, max-snippet:-1, max-image-preview:large, max-video-preview:-1\" \/>\n<link rel=\"canonical\" href=\"https:\/\/www.nettali.com\/2025\/09\/29\/kaolack-un-homme-decede-lors-dune-priere-mortuaire\/\" \/>\n<meta property=\"og:locale\" content=\"fr_FR\" \/>\n<meta property=\"og:type\" content=\"article\" \/>\n<meta property=\"og:title\" content=\"KAOLACK - Un homme d\u00e9c\u00e8de lors d\u2019une pri\u00e8re mortuaire\" \/>\n<meta property=\"og:description\" content=\"NETTALI.COM - A Kaolack, une pri\u00e8re mortuaire a tourn\u00e9 au drame ce lundi 29 septembre 2025. N. Camara, commer\u00e7ant connu du march\u00e9 central et du quartier Sam, a succomb\u00e9 \u00e0 un malaise alors qu\u2019il assistait \u00e0 la c\u00e9r\u00e9monie organis\u00e9e \u00e0 la mosqu\u00e9e Diakaye L\u00e9bou de Kasnack. \u00c9vacu\u00e9 en urgence \u00e0 l\u2019h\u00f4pital, il est d\u00e9c\u00e9d\u00e9 peu [&hellip;]\" \/>\n<meta property=\"og:url\" content=\"https:\/\/www.nettali.com\/2025\/09\/29\/kaolack-un-homme-decede-lors-dune-priere-mortuaire\/\" \/>\n<meta property=\"og:site_name\" content=\"Nettali.com\" \/>\n<meta property=\"article:publisher\" content=\"https:\/\/www.facebook.com\/nettalicom\" \/>\n<meta property=\"article:published_time\" content=\"2025-09-29T22:44:35+00:00\" \/>\n<meta property=\"og:image\" content=\"https:\/\/www.nettali.com\/wp-content\/uploads\/2025\/03\/accident-4.png\" \/>\n\t<meta property=\"og:image:width\" content=\"1200\" \/>\n\t<meta property=\"og:image:height\" content=\"1000\" \/>\n<meta name=\"twitter:card\" content=\"summary_large_image\" \/>\n<meta name=\"twitter:label1\" content=\"\u00c9crit par\" \/>\n\t<meta name=\"twitter:data1\" content=\"Ibrahima\" \/>\n\t<meta name=\"twitter:label2\" content=\"Dur\u00e9e de lecture estim\u00e9e\" \/>\n\t<meta name=\"twitter:data2\" content=\"1 minute\" \/>\n<script type=\"application\/ld+json\" class=\"yoast-schema-graph\">{\"@context\":\"https:\/\/schema.org\",\"@graph\":[{\"@type\":\"WebSite\",\"@id\":\"https:\/\/www.nettali.com\/#website\",\"url\":\"https:\/\/www.nettali.com\/\",\"name\":\"Nettali.com\",\"description\":\"Le rendez-vous critique du Net\",\"potentialAction\":[{\"@type\":\"SearchAction\",\"target\":{\"@type\":\"EntryPoint\",\"urlTemplate\":\"https:\/\/www.nettali.com\/?s={search_term_string}\"},\"query-input\":\"required name=search_term_string\"}],\"inLanguage\":\"fr-FR\"},{\"@type\":\"ImageObject\",\"@id\":\"https:\/\/www.nettali.com\/2025\/09\/29\/kaolack-un-homme-decede-lors-dune-priere-mortuaire\/#primaryimage\",\"inLanguage\":\"fr-FR\",\"url\":\"https:\/\/www.nettali.com\/wp-content\/uploads\/2025\/03\/accident-4.png\",\"contentUrl\":\"https:\/\/www.nettali.com\/wp-content\/uploads\/2025\/03\/accident-4.png\",\"width\":1200,\"height\":1000},{\"@type\":\"WebPage\",\"@id\":\"https:\/\/www.nettali.com\/2025\/09\/29\/kaolack-un-homme-decede-lors-dune-priere-mortuaire\/#webpage\",\"url\":\"https:\/\/www.nettali.com\/2025\/09\/29\/kaolack-un-homme-decede-lors-dune-priere-mortuaire\/\",\"name\":\"KAOLACK - Un homme d\\u00e9c\\u00e8de lors d\\u2019une pri\\u00e8re mortuaire | Nettali.com\",\"isPartOf\":{\"@id\":\"https:\/\/www.nettali.com\/#website\"},\"primaryImageOfPage\":{\"@id\":\"https:\/\/www.nettali.com\/2025\/09\/29\/kaolack-un-homme-decede-lors-dune-priere-mortuaire\/#primaryimage\"},\"datePublished\":\"2025-09-29T22:44:35+00:00\",\"dateModified\":\"2025-09-29T22:44:35+00:00\",\"author\":{\"@id\":\"https:\/\/www.nettali.com\/#\/schema\/person\/bb147657c2986240405a608162b9bb23\"},\"breadcrumb\":{\"@id\":\"https:\/\/www.nettali.com\/2025\/09\/29\/kaolack-un-homme-decede-lors-dune-priere-mortuaire\/#breadcrumb\"},\"inLanguage\":\"fr-FR\",\"potentialAction\":[{\"@type\":\"ReadAction\",\"target\":[\"https:\/\/www.nettali.com\/2025\/09\/29\/kaolack-un-homme-decede-lors-dune-priere-mortuaire\/\"]}]},{\"@type\":\"BreadcrumbList\",\"@id\":\"https:\/\/www.nettali.com\/2025\/09\/29\/kaolack-un-homme-decede-lors-dune-priere-mortuaire\/#breadcrumb\",\"itemListElement\":[{\"@type\":\"ListItem\",\"position\":1,\"name\":\"Accueil\",\"item\":\"https:\/\/www.nettali.com\/\"},{\"@type\":\"ListItem\",\"position\":2,\"name\":\"KAOLACK - Un homme d\\u00e9c\\u00e8de lors d\\u2019une pri\\u00e8re mortuaire\"}]},{\"@type\":\"Person\",\"@id\":\"https:\/\/www.nettali.com\/#\/schema\/person\/bb147657c2986240405a608162b9bb23\",\"name\":\"Ibrahima\",\"image\":{\"@type\":\"ImageObject\",\"@id\":\"https:\/\/www.nettali.com\/#personlogo\",\"inLanguage\":\"fr-FR\",\"url\":\"https:\/\/secure.gravatar.com\/avatar\/26a8a81f09f0dd7624c9d5c36c9ba3a2?s=96&d=mm&r=g\",\"contentUrl\":\"https:\/\/secure.gravatar.com\/avatar\/26a8a81f09f0dd7624c9d5c36c9ba3a2?s=96&d=mm&r=g\",\"caption\":\"Ibrahima\"},\"sameAs\":[\"https:\/\/www.nettali.com\"]}]}<\/script>\n<!-- \/ Yoast SEO Premium plugin. -->","yoast_head_json":{"title":"KAOLACK - Un homme d\u00e9c\u00e8de lors d\u2019une pri\u00e8re mortuaire | Nettali.com","robots":{"index":"index","follow":"follow","max-snippet":"max-snippet:-1","max-image-preview":"max-image-preview:large","max-video-preview":"max-video-preview:-1"},"canonical":"https:\/\/www.nettali.com\/2025\/09\/29\/kaolack-un-homme-decede-lors-dune-priere-mortuaire\/","og_locale":"fr_FR","og_type":"article","og_title":"KAOLACK - Un homme d\u00e9c\u00e8de lors d\u2019une pri\u00e8re mortuaire","og_description":"NETTALI.COM - A Kaolack, une pri\u00e8re mortuaire a tourn\u00e9 au drame ce lundi 29 septembre 2025. N. Camara, commer\u00e7ant connu du march\u00e9 central et du quartier Sam, a succomb\u00e9 \u00e0 un malaise alors qu\u2019il assistait \u00e0 la c\u00e9r\u00e9monie organis\u00e9e \u00e0 la mosqu\u00e9e Diakaye L\u00e9bou de Kasnack. \u00c9vacu\u00e9 en urgence \u00e0 l\u2019h\u00f4pital, il est d\u00e9c\u00e9d\u00e9 peu [&hellip;]","og_url":"https:\/\/www.nettali.com\/2025\/09\/29\/kaolack-un-homme-decede-lors-dune-priere-mortuaire\/","og_site_name":"Nettali.com","article_publisher":"https:\/\/www.facebook.com\/nettalicom","article_published_time":"2025-09-29T22:44:35+00:00","og_image":[{"width":1200,"height":1000,"url":"https:\/\/www.nettali.com\/wp-content\/uploads\/2025\/03\/accident-4.png","type":"image\/png"}],"twitter_card":"summary_large_image","twitter_misc":{"\u00c9crit par":"Ibrahima","Dur\u00e9e de lecture estim\u00e9e":"1 minute"},"schema":{"@context":"https:\/\/schema.org","@graph":[{"@type":"WebSite","@id":"https:\/\/www.nettali.com\/#website","url":"https:\/\/www.nettali.com\/","name":"Nettali.com","description":"Le rendez-vous critique du Net","potentialAction":[{"@type":"SearchAction","target":{"@type":"EntryPoint","urlTemplate":"https:\/\/www.nettali.com\/?s={search_term_string}"},"query-input":"required name=search_term_string"}],"inLanguage":"fr-FR"},{"@type":"ImageObject","@id":"https:\/\/www.nettali.com\/2025\/09\/29\/kaolack-un-homme-decede-lors-dune-priere-mortuaire\/#primaryimage","inLanguage":"fr-FR","url":"https:\/\/www.nettali.com\/wp-content\/uploads\/2025\/03\/accident-4.png","contentUrl":"https:\/\/www.nettali.com\/wp-content\/uploads\/2025\/03\/accident-4.png","width":1200,"height":1000},{"@type":"WebPage","@id":"https:\/\/www.nettali.com\/2025\/09\/29\/kaolack-un-homme-decede-lors-dune-priere-mortuaire\/#webpage","url":"https:\/\/www.nettali.com\/2025\/09\/29\/kaolack-un-homme-decede-lors-dune-priere-mortuaire\/","name":"KAOLACK - Un homme d\u00e9c\u00e8de lors d\u2019une pri\u00e8re mortuaire | Nettali.com","isPartOf":{"@id":"https:\/\/www.nettali.com\/#website"},"primaryImageOfPage":{"@id":"https:\/\/www.nettali.com\/2025\/09\/29\/kaolack-un-homme-decede-lors-dune-priere-mortuaire\/#primaryimage"},"datePublished":"2025-09-29T22:44:35+00:00","dateModified":"2025-09-29T22:44:35+00:00","author":{"@id":"https:\/\/www.nettali.com\/#\/schema\/person\/bb147657c2986240405a608162b9bb23"},"breadcrumb":{"@id":"https:\/\/www.nettali.com\/2025\/09\/29\/kaolack-un-homme-decede-lors-dune-priere-mortuaire\/#breadcrumb"},"inLanguage":"fr-FR","potentialAction":[{"@type":"ReadAction","target":["https:\/\/www.nettali.com\/2025\/09\/29\/kaolack-un-homme-decede-lors-dune-priere-mortuaire\/"]}]},{"@type":"BreadcrumbList","@id":"https:\/\/www.nettali.com\/2025\/09\/29\/kaolack-un-homme-decede-lors-dune-priere-mortuaire\/#breadcrumb","itemListElement":[{"@type":"ListItem","position":1,"name":"Accueil","item":"https:\/\/www.nettali.com\/"},{"@type":"ListItem","position":2,"name":"KAOLACK - Un homme d\u00e9c\u00e8de lors d\u2019une pri\u00e8re mortuaire"}]},{"@type":"Person","@id":"https:\/\/www.nettali.com\/#\/schema\/person\/bb147657c2986240405a608162b9bb23","name":"Ibrahima","image":{"@type":"ImageObject","@id":"https:\/\/www.nettali.com\/#personlogo","inLanguage":"fr-FR","url":"https:\/\/secure.gravatar.com\/avatar\/26a8a81f09f0dd7624c9d5c36c9ba3a2?s=96&d=mm&r=g","contentUrl":"https:\/\/secure.gravatar.com\/avatar\/26a8a81f09f0dd7624c9d5c36c9ba3a2?s=96&d=mm&r=g","caption":"Ibrahima"},"sameAs":["https:\/\/www.nettali.com"]}]}},"_links":{"self":[{"href":"https:\/\/www.nettali.com\/rest\/wp\/v2\/posts\/162058"}],"collection":[{"href":"https:\/\/www.nettali.com\/rest\/wp\/v2\/posts"}],"about":[{"href":"https:\/\/www.nettali.com\/rest\/wp\/v2\/types\/post"}],"author":[{"embeddable":true,"href":"https:\/\/www.nettali.com\/rest\/wp\/v2\/users\/5"}],"replies":[{"embeddable":true,"href":"https:\/\/www.nettali.com\/rest\/wp\/v2\/comments?post=162058"}],"version-history":[{"count":3,"href":"https:\/\/www.nettali.com\/rest\/wp\/v2\/posts\/162058\/revisions"}],"predecessor-version":[{"id":162061,"href":"https:\/\/www.nettali.com\/rest\/wp\/v2\/posts\/162058\/revisions\/162061"}],"wp:featuredmedia":[{"embeddable":true,"href":"https:\/\/www.nettali.com\/rest\/wp\/v2\/media\/150560"}],"wp:attachment":[{"href":"https:\/\/www.nettali.com\/rest\/wp\/v2\/media?parent=162058"}],"wp:term":[{"taxonomy":"category","embeddable":true,"href":"https:\/\/www.nettali.com\/rest\/wp\/v2\/categories?post=162058"},{"taxonomy":"post_tag","embeddable":true,"href":"https:\/\/www.nettali.com\/rest\/wp\/v2\/tags?post=162058"}],"curies":[{"name":"wp","href":"https:\/\/api.w.org\/{rel}","templated":true}]}}