{"id":162000,"date":"2025-09-28T14:54:45","date_gmt":"2025-09-28T14:54:45","guid":{"rendered":"https:\/\/www.nettali.com\/?p=162000"},"modified":"2025-09-29T09:04:55","modified_gmt":"2025-09-29T09:04:55","slug":"entretien-exclusif-macky-sall-revient-sur-le-tournant-decisif-de-sa-carriere-politique","status":"publish","type":"post","link":"https:\/\/www.nettali.com\/2025\/09\/28\/entretien-exclusif-macky-sall-revient-sur-le-tournant-decisif-de-sa-carriere-politique\/","title":{"rendered":"ENTRETIEN EXCLUSIF - Macky Sall revient sur le tournant d\u00e9cisif de sa carri\u00e8re politique"},"content":{"rendered":"<article class=\"text-token-text-primary w-full focus:outline-none scroll-mt-[calc(var(--header-height)+min(200px,max(70px,20svh)))]\" dir=\"auto\" tabindex=\"-1\" data-turn-id=\"request-685002de-1814-800c-aa37-c17913546009-14\" data-testid=\"conversation-turn-144\" data-scroll-anchor=\"true\" data-turn=\"assistant\">\n<div class=\"text-base my-auto mx-auto pb-10 [--thread-content-margin:--spacing(4)] thread-sm:[--thread-content-margin:--spacing(6)] thread-lg:[--thread-content-margin:--spacing(16)] px-(--thread-content-margin)\">\n<div class=\"[--thread-content-max-width:40rem] thread-lg:[--thread-content-max-width:48rem] mx-auto max-w-(--thread-content-max-width) flex-1 group\/turn-messages focus-visible:outline-hidden relative flex w-full min-w-0 flex-col agent-turn\" tabindex=\"-1\">\n<div class=\"flex max-w-full flex-col grow\">\n<div class=\"min-h-8 text-message relative flex w-full flex-col items-end gap-2 text-start break-words whitespace-normal [.text-message+&amp;]:mt-5\" dir=\"auto\" data-message-author-role=\"assistant\" data-message-id=\"32b3e462-7318-473a-8993-1ca5d3a3ffe5\" data-message-model-slug=\"gpt-5\">\n<div class=\"flex w-full flex-col gap-1 empty:hidden first:pt-[3px]\">\n<div class=\"markdown prose dark:prose-invert w-full break-words light markdown-new-styling\">\n<p data-start=\"213\" data-end=\"513\">NETTALI.COM - Dans un entretien accord\u00e9 \u00e0 H5 Motivation, l\u2019ancien pr\u00e9sident s\u00e9n\u00e9galais Macky Sall (2012-2024) est revenu sur son parcours, de sa formation d\u2019ing\u00e9nieur \u00e0 son ascension politique. Il a notamment \u00e9voqu\u00e9 une p\u00e9riode charni\u00e8re, entre 2007 et 2009, qui a marqu\u00e9 un tournant d\u00e9cisif dans sa trajectoire.<\/p>\n<p data-start=\"515\" data-end=\"1012\"><em>\u00ab Avec Me Abdoulaye Wade, j\u2019ai \u00e9t\u00e9 plusieurs fois ministre. J\u2019ai dirig\u00e9 les Infrastructures apr\u00e8s le naufrage du Joola, ce qui fut un travail tr\u00e8s dur. J\u2019ai ensuite \u00e9t\u00e9 Premier ministre pendant trois ans et demi. En 2007, Wade m\u2019a nomm\u00e9 directeur de campagne pour la pr\u00e9sidentielle, qu\u2019il a remport\u00e9e d\u00e8s le premier tour. Par la suite, il a d\u00e9cid\u00e9 de m\u2019envoyer \u00e0 l\u2019Assembl\u00e9e nationale, o\u00f9 je suis devenu pr\u00e9sident du Parlement. Et c\u2019est l\u00e0 que tous mes probl\u00e8mes ont commenc\u00e9<\/em> \u00bb, a-t-il confi\u00e9.<\/p>\n<p data-start=\"1014\" data-end=\"1430\">\u00c0 l\u2019Assembl\u00e9e nationale, Macky Sall se heurte aux jeux d\u2019influence et s\u2019attire l\u2019hostilit\u00e9 d\u2019une partie du Parti d\u00e9mocratique s\u00e9n\u00e9galais (PDS). En 2009, convoqu\u00e9 par le pr\u00e9sident Wade, il est limog\u00e9 de la t\u00eate du Parlement. <em>\u00ab J\u2019ai vu la solitude et le vide s\u2019est cr\u00e9\u00e9 de lui-m\u00eame. Ce qui est normal car personne ne voulait mourir avec moi. J\u2019ai d\u00e9cid\u00e9 de d\u00e9missionner et de rejoindre l\u2019opposition \u00bb<\/em>, a-t-il ajout\u00e9.<\/p>\n<p data-start=\"1432\" data-end=\"1673\">Ce d\u00e9part marque la rupture avec le PDS et ouvre un nouveau chapitre : la cr\u00e9ation de l\u2019Alliance pour la R\u00e9publique (APR), qui le conduira, trois ans plus tard, \u00e0 la pr\u00e9sidence de la R\u00e9publique du S\u00e9n\u00e9gal, qu\u2019il exercera pendant 12 ann\u00e9es.<\/p>\n<\/div>\n<\/div>\n<\/div>\n<\/div>\n<\/div>\n<\/div>\n<\/article>\n<p>https:\/\/www.youtube.com\/watch?v=C5Rbn_3Ypv0<\/p>\n<div class='share-to-whatsapp-wrapper'><div class='share-on-whsp'>PARTAGER SUR : <\/div><a data-text='ENTRETIEN EXCLUSIF - Macky Sall revient sur le tournant d\u00e9cisif de sa carri\u00e8re politique' data-link='https:\/\/www.nettali.com\/2025\/09\/28\/entretien-exclusif-macky-sall-revient-sur-le-tournant-decisif-de-sa-carriere-politique\/' class='whatsapp-button whatsapp-share'>WhatsApp<\/a><div class='clear '><\/div><\/div>","protected":false},"excerpt":{"rendered":"<p>NETTALI.COM - Dans un entretien accord\u00e9 \u00e0 H5 Motivation, l\u2019ancien pr\u00e9sident s\u00e9n\u00e9galais Macky Sall (2012-2024) est revenu sur son parcours, de sa formation d\u2019ing\u00e9nieur \u00e0 son ascension politique. Il a notamment \u00e9voqu\u00e9 une p\u00e9riode charni\u00e8re, entre 2007 et 2009, qui a marqu\u00e9 un tournant d\u00e9cisif dans sa trajectoire. \u00ab Avec Me Abdoulaye Wade, j\u2019ai \u00e9t\u00e9 [&hellip;]<\/p>\n","protected":false},"author":4,"featured_media":162001,"comment_status":"open","ping_status":"open","sticky":false,"template":"","format":"standard","meta":{"_et_pb_use_builder":"","_et_pb_old_content":""},"categories":[2],"tags":[],"yoast_head":"<!-- This site is optimized with the Yoast SEO Premium plugin v17.8 (Yoast SEO v17.8) - https:\/\/yoast.com\/wordpress\/plugins\/seo\/ -->\n<title>ENTRETIEN EXCLUSIF - Macky Sall revient sur le tournant d\u00e9cisif de sa carri\u00e8re politique | Nettali.com<\/title>\n<meta name=\"robots\" content=\"index, follow, max-snippet:-1, max-image-preview:large, max-video-preview:-1\" \/>\n<link rel=\"canonical\" href=\"https:\/\/www.nettali.com\/2025\/09\/28\/entretien-exclusif-macky-sall-revient-sur-le-tournant-decisif-de-sa-carriere-politique\/\" \/>\n<meta property=\"og:locale\" content=\"fr_FR\" \/>\n<meta property=\"og:type\" content=\"article\" \/>\n<meta property=\"og:title\" content=\"ENTRETIEN EXCLUSIF - Macky Sall revient sur le tournant d\u00e9cisif de sa carri\u00e8re politique\" \/>\n<meta property=\"og:description\" content=\"NETTALI.COM - Dans un entretien accord\u00e9 \u00e0 H5 Motivation, l\u2019ancien pr\u00e9sident s\u00e9n\u00e9galais Macky Sall (2012-2024) est revenu sur son parcours, de sa formation d\u2019ing\u00e9nieur \u00e0 son ascension politique. Il a notamment \u00e9voqu\u00e9 une p\u00e9riode charni\u00e8re, entre 2007 et 2009, qui a marqu\u00e9 un tournant d\u00e9cisif dans sa trajectoire. \u00ab Avec Me Abdoulaye Wade, j\u2019ai \u00e9t\u00e9 [&hellip;]\" \/>\n<meta property=\"og:url\" content=\"https:\/\/www.nettali.com\/2025\/09\/28\/entretien-exclusif-macky-sall-revient-sur-le-tournant-decisif-de-sa-carriere-politique\/\" \/>\n<meta property=\"og:site_name\" content=\"Nettali.com\" \/>\n<meta property=\"article:publisher\" content=\"https:\/\/www.facebook.com\/nettalicom\" \/>\n<meta property=\"article:published_time\" content=\"2025-09-28T14:54:45+00:00\" \/>\n<meta property=\"article:modified_time\" content=\"2025-09-29T09:04:55+00:00\" \/>\n<meta property=\"og:image\" content=\"https:\/\/www.nettali.com\/wp-content\/uploads\/2025\/09\/Macky-Sall.jpg\" \/>\n\t<meta property=\"og:image:width\" content=\"686\" \/>\n\t<meta property=\"og:image:height\" content=\"386\" \/>\n<meta name=\"twitter:card\" content=\"summary_large_image\" \/>\n<meta name=\"twitter:label1\" content=\"\u00c9crit par\" \/>\n\t<meta name=\"twitter:data1\" content=\"Daouda\" \/>\n\t<meta name=\"twitter:label2\" content=\"Dur\u00e9e de lecture estim\u00e9e\" \/>\n\t<meta name=\"twitter:data2\" content=\"2 minutes\" \/>\n<script type=\"application\/ld+json\" class=\"yoast-schema-graph\">{\"@context\":\"https:\/\/schema.org\",\"@graph\":[{\"@type\":\"WebSite\",\"@id\":\"https:\/\/www.nettali.com\/#website\",\"url\":\"https:\/\/www.nettali.com\/\",\"name\":\"Nettali.com\",\"description\":\"Le rendez-vous critique du Net\",\"potentialAction\":[{\"@type\":\"SearchAction\",\"target\":{\"@type\":\"EntryPoint\",\"urlTemplate\":\"https:\/\/www.nettali.com\/?s={search_term_string}\"},\"query-input\":\"required name=search_term_string\"}],\"inLanguage\":\"fr-FR\"},{\"@type\":\"ImageObject\",\"@id\":\"https:\/\/www.nettali.com\/2025\/09\/28\/entretien-exclusif-macky-sall-revient-sur-le-tournant-decisif-de-sa-carriere-politique\/#primaryimage\",\"inLanguage\":\"fr-FR\",\"url\":\"https:\/\/www.nettali.com\/wp-content\/uploads\/2025\/09\/Macky-Sall.jpg\",\"contentUrl\":\"https:\/\/www.nettali.com\/wp-content\/uploads\/2025\/09\/Macky-Sall.jpg\",\"width\":686,\"height\":386},{\"@type\":\"WebPage\",\"@id\":\"https:\/\/www.nettali.com\/2025\/09\/28\/entretien-exclusif-macky-sall-revient-sur-le-tournant-decisif-de-sa-carriere-politique\/#webpage\",\"url\":\"https:\/\/www.nettali.com\/2025\/09\/28\/entretien-exclusif-macky-sall-revient-sur-le-tournant-decisif-de-sa-carriere-politique\/\",\"name\":\"ENTRETIEN EXCLUSIF - Macky Sall revient sur le tournant d\\u00e9cisif de sa carri\\u00e8re politique | Nettali.com\",\"isPartOf\":{\"@id\":\"https:\/\/www.nettali.com\/#website\"},\"primaryImageOfPage\":{\"@id\":\"https:\/\/www.nettali.com\/2025\/09\/28\/entretien-exclusif-macky-sall-revient-sur-le-tournant-decisif-de-sa-carriere-politique\/#primaryimage\"},\"datePublished\":\"2025-09-28T14:54:45+00:00\",\"dateModified\":\"2025-09-29T09:04:55+00:00\",\"author\":{\"@id\":\"https:\/\/www.nettali.com\/#\/schema\/person\/3317e0bb3aa1da309fbf7b2780901bf4\"},\"breadcrumb\":{\"@id\":\"https:\/\/www.nettali.com\/2025\/09\/28\/entretien-exclusif-macky-sall-revient-sur-le-tournant-decisif-de-sa-carriere-politique\/#breadcrumb\"},\"inLanguage\":\"fr-FR\",\"potentialAction\":[{\"@type\":\"ReadAction\",\"target\":[\"https:\/\/www.nettali.com\/2025\/09\/28\/entretien-exclusif-macky-sall-revient-sur-le-tournant-decisif-de-sa-carriere-politique\/\"]}]},{\"@type\":\"BreadcrumbList\",\"@id\":\"https:\/\/www.nettali.com\/2025\/09\/28\/entretien-exclusif-macky-sall-revient-sur-le-tournant-decisif-de-sa-carriere-politique\/#breadcrumb\",\"itemListElement\":[{\"@type\":\"ListItem\",\"position\":1,\"name\":\"Accueil\",\"item\":\"https:\/\/www.nettali.com\/\"},{\"@type\":\"ListItem\",\"position\":2,\"name\":\"ENTRETIEN EXCLUSIF - Macky Sall revient sur le tournant d\\u00e9cisif de sa carri\\u00e8re politique\"}]},{\"@type\":\"Person\",\"@id\":\"https:\/\/www.nettali.com\/#\/schema\/person\/3317e0bb3aa1da309fbf7b2780901bf4\",\"name\":\"Daouda\",\"image\":{\"@type\":\"ImageObject\",\"@id\":\"https:\/\/www.nettali.com\/#personlogo\",\"inLanguage\":\"fr-FR\",\"url\":\"https:\/\/secure.gravatar.com\/avatar\/8d143b5a49345098ddcfee1c49c2f47c?s=96&d=mm&r=g\",\"contentUrl\":\"https:\/\/secure.gravatar.com\/avatar\/8d143b5a49345098ddcfee1c49c2f47c?s=96&d=mm&r=g\",\"caption\":\"Daouda\"},\"sameAs\":[\"https:\/\/www.nettali.com\"]}]}<\/script>\n<!-- \/ Yoast SEO Premium plugin. -->","yoast_head_json":{"title":"ENTRETIEN EXCLUSIF - Macky Sall revient sur le tournant d\u00e9cisif de sa carri\u00e8re politique | Nettali.com","robots":{"index":"index","follow":"follow","max-snippet":"max-snippet:-1","max-image-preview":"max-image-preview:large","max-video-preview":"max-video-preview:-1"},"canonical":"https:\/\/www.nettali.com\/2025\/09\/28\/entretien-exclusif-macky-sall-revient-sur-le-tournant-decisif-de-sa-carriere-politique\/","og_locale":"fr_FR","og_type":"article","og_title":"ENTRETIEN EXCLUSIF - Macky Sall revient sur le tournant d\u00e9cisif de sa carri\u00e8re politique","og_description":"NETTALI.COM - Dans un entretien accord\u00e9 \u00e0 H5 Motivation, l\u2019ancien pr\u00e9sident s\u00e9n\u00e9galais Macky Sall (2012-2024) est revenu sur son parcours, de sa formation d\u2019ing\u00e9nieur \u00e0 son ascension politique. Il a notamment \u00e9voqu\u00e9 une p\u00e9riode charni\u00e8re, entre 2007 et 2009, qui a marqu\u00e9 un tournant d\u00e9cisif dans sa trajectoire. \u00ab Avec Me Abdoulaye Wade, j\u2019ai \u00e9t\u00e9 [&hellip;]","og_url":"https:\/\/www.nettali.com\/2025\/09\/28\/entretien-exclusif-macky-sall-revient-sur-le-tournant-decisif-de-sa-carriere-politique\/","og_site_name":"Nettali.com","article_publisher":"https:\/\/www.facebook.com\/nettalicom","article_published_time":"2025-09-28T14:54:45+00:00","article_modified_time":"2025-09-29T09:04:55+00:00","og_image":[{"width":686,"height":386,"url":"https:\/\/www.nettali.com\/wp-content\/uploads\/2025\/09\/Macky-Sall.jpg","type":"image\/jpeg"}],"twitter_card":"summary_large_image","twitter_misc":{"\u00c9crit par":"Daouda","Dur\u00e9e de lecture estim\u00e9e":"2 minutes"},"schema":{"@context":"https:\/\/schema.org","@graph":[{"@type":"WebSite","@id":"https:\/\/www.nettali.com\/#website","url":"https:\/\/www.nettali.com\/","name":"Nettali.com","description":"Le rendez-vous critique du Net","potentialAction":[{"@type":"SearchAction","target":{"@type":"EntryPoint","urlTemplate":"https:\/\/www.nettali.com\/?s={search_term_string}"},"query-input":"required name=search_term_string"}],"inLanguage":"fr-FR"},{"@type":"ImageObject","@id":"https:\/\/www.nettali.com\/2025\/09\/28\/entretien-exclusif-macky-sall-revient-sur-le-tournant-decisif-de-sa-carriere-politique\/#primaryimage","inLanguage":"fr-FR","url":"https:\/\/www.nettali.com\/wp-content\/uploads\/2025\/09\/Macky-Sall.jpg","contentUrl":"https:\/\/www.nettali.com\/wp-content\/uploads\/2025\/09\/Macky-Sall.jpg","width":686,"height":386},{"@type":"WebPage","@id":"https:\/\/www.nettali.com\/2025\/09\/28\/entretien-exclusif-macky-sall-revient-sur-le-tournant-decisif-de-sa-carriere-politique\/#webpage","url":"https:\/\/www.nettali.com\/2025\/09\/28\/entretien-exclusif-macky-sall-revient-sur-le-tournant-decisif-de-sa-carriere-politique\/","name":"ENTRETIEN EXCLUSIF - Macky Sall revient sur le tournant d\u00e9cisif de sa carri\u00e8re politique | Nettali.com","isPartOf":{"@id":"https:\/\/www.nettali.com\/#website"},"primaryImageOfPage":{"@id":"https:\/\/www.nettali.com\/2025\/09\/28\/entretien-exclusif-macky-sall-revient-sur-le-tournant-decisif-de-sa-carriere-politique\/#primaryimage"},"datePublished":"2025-09-28T14:54:45+00:00","dateModified":"2025-09-29T09:04:55+00:00","author":{"@id":"https:\/\/www.nettali.com\/#\/schema\/person\/3317e0bb3aa1da309fbf7b2780901bf4"},"breadcrumb":{"@id":"https:\/\/www.nettali.com\/2025\/09\/28\/entretien-exclusif-macky-sall-revient-sur-le-tournant-decisif-de-sa-carriere-politique\/#breadcrumb"},"inLanguage":"fr-FR","potentialAction":[{"@type":"ReadAction","target":["https:\/\/www.nettali.com\/2025\/09\/28\/entretien-exclusif-macky-sall-revient-sur-le-tournant-decisif-de-sa-carriere-politique\/"]}]},{"@type":"BreadcrumbList","@id":"https:\/\/www.nettali.com\/2025\/09\/28\/entretien-exclusif-macky-sall-revient-sur-le-tournant-decisif-de-sa-carriere-politique\/#breadcrumb","itemListElement":[{"@type":"ListItem","position":1,"name":"Accueil","item":"https:\/\/www.nettali.com\/"},{"@type":"ListItem","position":2,"name":"ENTRETIEN EXCLUSIF - Macky Sall revient sur le tournant d\u00e9cisif de sa carri\u00e8re politique"}]},{"@type":"Person","@id":"https:\/\/www.nettali.com\/#\/schema\/person\/3317e0bb3aa1da309fbf7b2780901bf4","name":"Daouda","image":{"@type":"ImageObject","@id":"https:\/\/www.nettali.com\/#personlogo","inLanguage":"fr-FR","url":"https:\/\/secure.gravatar.com\/avatar\/8d143b5a49345098ddcfee1c49c2f47c?s=96&d=mm&r=g","contentUrl":"https:\/\/secure.gravatar.com\/avatar\/8d143b5a49345098ddcfee1c49c2f47c?s=96&d=mm&r=g","caption":"Daouda"},"sameAs":["https:\/\/www.nettali.com"]}]}},"_links":{"self":[{"href":"https:\/\/www.nettali.com\/rest\/wp\/v2\/posts\/162000"}],"collection":[{"href":"https:\/\/www.nettali.com\/rest\/wp\/v2\/posts"}],"about":[{"href":"https:\/\/www.nettali.com\/rest\/wp\/v2\/types\/post"}],"author":[{"embeddable":true,"href":"https:\/\/www.nettali.com\/rest\/wp\/v2\/users\/4"}],"replies":[{"embeddable":true,"href":"https:\/\/www.nettali.com\/rest\/wp\/v2\/comments?post=162000"}],"version-history":[{"count":1,"href":"https:\/\/www.nettali.com\/rest\/wp\/v2\/posts\/162000\/revisions"}],"predecessor-version":[{"id":162002,"href":"https:\/\/www.nettali.com\/rest\/wp\/v2\/posts\/162000\/revisions\/162002"}],"wp:featuredmedia":[{"embeddable":true,"href":"https:\/\/www.nettali.com\/rest\/wp\/v2\/media\/162001"}],"wp:attachment":[{"href":"https:\/\/www.nettali.com\/rest\/wp\/v2\/media?parent=162000"}],"wp:term":[{"taxonomy":"category","embeddable":true,"href":"https:\/\/www.nettali.com\/rest\/wp\/v2\/categories?post=162000"},{"taxonomy":"post_tag","embeddable":true,"href":"https:\/\/www.nettali.com\/rest\/wp\/v2\/tags?post=162000"}],"curies":[{"name":"wp","href":"https:\/\/api.w.org\/{rel}","templated":true}]}}