{"id":161992,"date":"2025-09-28T08:27:02","date_gmt":"2025-09-28T08:27:02","guid":{"rendered":"https:\/\/www.nettali.com\/?p=161992"},"modified":"2025-09-28T07:27:16","modified_gmt":"2025-09-28T07:27:16","slug":"monaco-lamine-camara-out-pour-2-mois","status":"publish","type":"post","link":"https:\/\/www.nettali.com\/2025\/09\/28\/monaco-lamine-camara-out-pour-2-mois\/","title":{"rendered":"MONACO - Lamine Camara out pour 2 mois"},"content":{"rendered":"<p><strong>NETTALI.COM - Victime d'une entorse \u00e0 la cheville, vendredi \u00e0 l\u2019entra\u00eenement, Lamine Camara pourrait \u00eatre \u00e9loign\u00e9 des terrains pendant 2 mois. L\u2019information est relay\u00e9e par l\u2019entra\u00eeneur de Monaco, Adi H\u00fctter.\u00a0<\/strong><\/p>\n<p>\"<em>Je pense que son absence sera proche de deux mois<\/em>\", a regrett\u00e9 l\u2019Autrichien apr\u00e8s la d\u00e9faite face \u00e0 Lorient (0-3), samedi. Le S\u00e9n\u00e9galais souffre d\u2019une entorse.<\/p>\n<p>Sur ses r\u00e9seaux sociaux, le joueur de 21 ans a publi\u00e9 une photo montrant son articulation entour\u00e9e d\u2019une botte de protection. Si ce soin est logique dans le cadre d\u2019une telle blessure, il n\u2019avait rien de rassurant concernant la pr\u00e9sence de l\u2019ancien Messin face \u00e0 Manchester City, ce mercredi 1er octobre (21h), pour la deuxi\u00e8me journ\u00e9e de la Ligue des champions. \"<em>Merci les gars, on reviendra plus fort\",<\/em>\u00a0a post\u00e9 le g\u00e9nie s\u00e9n\u00e9galais sur les r\u00e9seaux sociaux.<\/p>\n<p>Lamine Camara va donc manquer les deux matchs du mois d\u2019octobre face au Sud Soudan et la Mauritanie, comptant pour les 9e et 10e journ\u00e9es du groupe B des \u00e9liminatoires de la Coupe du monde 2026.<\/p>\n<div class='share-to-whatsapp-wrapper'><div class='share-on-whsp'>PARTAGER SUR : <\/div><a data-text='MONACO - Lamine Camara out pour 2 mois' data-link='https:\/\/www.nettali.com\/2025\/09\/28\/monaco-lamine-camara-out-pour-2-mois\/' class='whatsapp-button whatsapp-share'>WhatsApp<\/a><div class='clear '><\/div><\/div>","protected":false},"excerpt":{"rendered":"<p>NETTALI.COM - Victime d'une entorse \u00e0 la cheville, vendredi \u00e0 l\u2019entra\u00eenement, Lamine Camara pourrait \u00eatre \u00e9loign\u00e9 des terrains pendant 2 mois. L\u2019information est relay\u00e9e par l\u2019entra\u00eeneur de Monaco, Adi H\u00fctter.\u00a0 \"Je pense que son absence sera proche de deux mois\", a regrett\u00e9 l\u2019Autrichien apr\u00e8s la d\u00e9faite face \u00e0 Lorient (0-3), samedi. Le S\u00e9n\u00e9galais souffre d\u2019une [&hellip;]<\/p>\n","protected":false},"author":5,"featured_media":161986,"comment_status":"open","ping_status":"open","sticky":false,"template":"","format":"standard","meta":{"_et_pb_use_builder":"","_et_pb_old_content":""},"categories":[6],"tags":[],"yoast_head":"<!-- This site is optimized with the Yoast SEO Premium plugin v17.8 (Yoast SEO v17.8) - https:\/\/yoast.com\/wordpress\/plugins\/seo\/ -->\n<title>MONACO - Lamine Camara out pour 2 mois | Nettali.com<\/title>\n<meta name=\"robots\" content=\"index, follow, max-snippet:-1, max-image-preview:large, max-video-preview:-1\" \/>\n<link rel=\"canonical\" href=\"https:\/\/www.nettali.com\/2025\/09\/28\/monaco-lamine-camara-out-pour-2-mois\/\" \/>\n<meta property=\"og:locale\" content=\"fr_FR\" \/>\n<meta property=\"og:type\" content=\"article\" \/>\n<meta property=\"og:title\" content=\"MONACO - Lamine Camara out pour 2 mois\" \/>\n<meta property=\"og:description\" content=\"NETTALI.COM - Victime d&#039;une entorse \u00e0 la cheville, vendredi \u00e0 l\u2019entra\u00eenement, Lamine Camara pourrait \u00eatre \u00e9loign\u00e9 des terrains pendant 2 mois. L\u2019information est relay\u00e9e par l\u2019entra\u00eeneur de Monaco, Adi H\u00fctter.\u00a0 &quot;Je pense que son absence sera proche de deux mois&quot;, a regrett\u00e9 l\u2019Autrichien apr\u00e8s la d\u00e9faite face \u00e0 Lorient (0-3), samedi. Le S\u00e9n\u00e9galais souffre d\u2019une [&hellip;]\" \/>\n<meta property=\"og:url\" content=\"https:\/\/www.nettali.com\/2025\/09\/28\/monaco-lamine-camara-out-pour-2-mois\/\" \/>\n<meta property=\"og:site_name\" content=\"Nettali.com\" \/>\n<meta property=\"article:publisher\" content=\"https:\/\/www.facebook.com\/nettalicom\" \/>\n<meta property=\"article:published_time\" content=\"2025-09-28T08:27:02+00:00\" \/>\n<meta property=\"article:modified_time\" content=\"2025-09-28T07:27:16+00:00\" \/>\n<meta property=\"og:image\" content=\"https:\/\/www.nettali.com\/wp-content\/uploads\/2025\/09\/images-1-5.jpeg\" \/>\n\t<meta property=\"og:image:width\" content=\"610\" \/>\n\t<meta property=\"og:image:height\" content=\"434\" \/>\n<meta name=\"twitter:card\" content=\"summary_large_image\" \/>\n<meta name=\"twitter:label1\" content=\"\u00c9crit par\" \/>\n\t<meta name=\"twitter:data1\" content=\"Ibrahima\" \/>\n\t<meta name=\"twitter:label2\" content=\"Dur\u00e9e de lecture estim\u00e9e\" \/>\n\t<meta name=\"twitter:data2\" content=\"1 minute\" \/>\n<script type=\"application\/ld+json\" class=\"yoast-schema-graph\">{\"@context\":\"https:\/\/schema.org\",\"@graph\":[{\"@type\":\"WebSite\",\"@id\":\"https:\/\/www.nettali.com\/#website\",\"url\":\"https:\/\/www.nettali.com\/\",\"name\":\"Nettali.com\",\"description\":\"Le rendez-vous critique du Net\",\"potentialAction\":[{\"@type\":\"SearchAction\",\"target\":{\"@type\":\"EntryPoint\",\"urlTemplate\":\"https:\/\/www.nettali.com\/?s={search_term_string}\"},\"query-input\":\"required name=search_term_string\"}],\"inLanguage\":\"fr-FR\"},{\"@type\":\"ImageObject\",\"@id\":\"https:\/\/www.nettali.com\/2025\/09\/28\/monaco-lamine-camara-out-pour-2-mois\/#primaryimage\",\"inLanguage\":\"fr-FR\",\"url\":\"https:\/\/www.nettali.com\/wp-content\/uploads\/2025\/09\/images-1-5.jpeg\",\"contentUrl\":\"https:\/\/www.nettali.com\/wp-content\/uploads\/2025\/09\/images-1-5.jpeg\",\"width\":610,\"height\":434},{\"@type\":\"WebPage\",\"@id\":\"https:\/\/www.nettali.com\/2025\/09\/28\/monaco-lamine-camara-out-pour-2-mois\/#webpage\",\"url\":\"https:\/\/www.nettali.com\/2025\/09\/28\/monaco-lamine-camara-out-pour-2-mois\/\",\"name\":\"MONACO - Lamine Camara out pour 2 mois | Nettali.com\",\"isPartOf\":{\"@id\":\"https:\/\/www.nettali.com\/#website\"},\"primaryImageOfPage\":{\"@id\":\"https:\/\/www.nettali.com\/2025\/09\/28\/monaco-lamine-camara-out-pour-2-mois\/#primaryimage\"},\"datePublished\":\"2025-09-28T08:27:02+00:00\",\"dateModified\":\"2025-09-28T07:27:16+00:00\",\"author\":{\"@id\":\"https:\/\/www.nettali.com\/#\/schema\/person\/bb147657c2986240405a608162b9bb23\"},\"breadcrumb\":{\"@id\":\"https:\/\/www.nettali.com\/2025\/09\/28\/monaco-lamine-camara-out-pour-2-mois\/#breadcrumb\"},\"inLanguage\":\"fr-FR\",\"potentialAction\":[{\"@type\":\"ReadAction\",\"target\":[\"https:\/\/www.nettali.com\/2025\/09\/28\/monaco-lamine-camara-out-pour-2-mois\/\"]}]},{\"@type\":\"BreadcrumbList\",\"@id\":\"https:\/\/www.nettali.com\/2025\/09\/28\/monaco-lamine-camara-out-pour-2-mois\/#breadcrumb\",\"itemListElement\":[{\"@type\":\"ListItem\",\"position\":1,\"name\":\"Accueil\",\"item\":\"https:\/\/www.nettali.com\/\"},{\"@type\":\"ListItem\",\"position\":2,\"name\":\"MONACO - Lamine Camara out pour 2 mois\"}]},{\"@type\":\"Person\",\"@id\":\"https:\/\/www.nettali.com\/#\/schema\/person\/bb147657c2986240405a608162b9bb23\",\"name\":\"Ibrahima\",\"image\":{\"@type\":\"ImageObject\",\"@id\":\"https:\/\/www.nettali.com\/#personlogo\",\"inLanguage\":\"fr-FR\",\"url\":\"https:\/\/secure.gravatar.com\/avatar\/26a8a81f09f0dd7624c9d5c36c9ba3a2?s=96&d=mm&r=g\",\"contentUrl\":\"https:\/\/secure.gravatar.com\/avatar\/26a8a81f09f0dd7624c9d5c36c9ba3a2?s=96&d=mm&r=g\",\"caption\":\"Ibrahima\"},\"sameAs\":[\"https:\/\/www.nettali.com\"]}]}<\/script>\n<!-- \/ Yoast SEO Premium plugin. -->","yoast_head_json":{"title":"MONACO - Lamine Camara out pour 2 mois | Nettali.com","robots":{"index":"index","follow":"follow","max-snippet":"max-snippet:-1","max-image-preview":"max-image-preview:large","max-video-preview":"max-video-preview:-1"},"canonical":"https:\/\/www.nettali.com\/2025\/09\/28\/monaco-lamine-camara-out-pour-2-mois\/","og_locale":"fr_FR","og_type":"article","og_title":"MONACO - Lamine Camara out pour 2 mois","og_description":"NETTALI.COM - Victime d'une entorse \u00e0 la cheville, vendredi \u00e0 l\u2019entra\u00eenement, Lamine Camara pourrait \u00eatre \u00e9loign\u00e9 des terrains pendant 2 mois. L\u2019information est relay\u00e9e par l\u2019entra\u00eeneur de Monaco, Adi H\u00fctter.\u00a0 \"Je pense que son absence sera proche de deux mois\", a regrett\u00e9 l\u2019Autrichien apr\u00e8s la d\u00e9faite face \u00e0 Lorient (0-3), samedi. Le S\u00e9n\u00e9galais souffre d\u2019une [&hellip;]","og_url":"https:\/\/www.nettali.com\/2025\/09\/28\/monaco-lamine-camara-out-pour-2-mois\/","og_site_name":"Nettali.com","article_publisher":"https:\/\/www.facebook.com\/nettalicom","article_published_time":"2025-09-28T08:27:02+00:00","article_modified_time":"2025-09-28T07:27:16+00:00","og_image":[{"width":610,"height":434,"url":"https:\/\/www.nettali.com\/wp-content\/uploads\/2025\/09\/images-1-5.jpeg","type":"image\/jpeg"}],"twitter_card":"summary_large_image","twitter_misc":{"\u00c9crit par":"Ibrahima","Dur\u00e9e de lecture estim\u00e9e":"1 minute"},"schema":{"@context":"https:\/\/schema.org","@graph":[{"@type":"WebSite","@id":"https:\/\/www.nettali.com\/#website","url":"https:\/\/www.nettali.com\/","name":"Nettali.com","description":"Le rendez-vous critique du Net","potentialAction":[{"@type":"SearchAction","target":{"@type":"EntryPoint","urlTemplate":"https:\/\/www.nettali.com\/?s={search_term_string}"},"query-input":"required name=search_term_string"}],"inLanguage":"fr-FR"},{"@type":"ImageObject","@id":"https:\/\/www.nettali.com\/2025\/09\/28\/monaco-lamine-camara-out-pour-2-mois\/#primaryimage","inLanguage":"fr-FR","url":"https:\/\/www.nettali.com\/wp-content\/uploads\/2025\/09\/images-1-5.jpeg","contentUrl":"https:\/\/www.nettali.com\/wp-content\/uploads\/2025\/09\/images-1-5.jpeg","width":610,"height":434},{"@type":"WebPage","@id":"https:\/\/www.nettali.com\/2025\/09\/28\/monaco-lamine-camara-out-pour-2-mois\/#webpage","url":"https:\/\/www.nettali.com\/2025\/09\/28\/monaco-lamine-camara-out-pour-2-mois\/","name":"MONACO - Lamine Camara out pour 2 mois | Nettali.com","isPartOf":{"@id":"https:\/\/www.nettali.com\/#website"},"primaryImageOfPage":{"@id":"https:\/\/www.nettali.com\/2025\/09\/28\/monaco-lamine-camara-out-pour-2-mois\/#primaryimage"},"datePublished":"2025-09-28T08:27:02+00:00","dateModified":"2025-09-28T07:27:16+00:00","author":{"@id":"https:\/\/www.nettali.com\/#\/schema\/person\/bb147657c2986240405a608162b9bb23"},"breadcrumb":{"@id":"https:\/\/www.nettali.com\/2025\/09\/28\/monaco-lamine-camara-out-pour-2-mois\/#breadcrumb"},"inLanguage":"fr-FR","potentialAction":[{"@type":"ReadAction","target":["https:\/\/www.nettali.com\/2025\/09\/28\/monaco-lamine-camara-out-pour-2-mois\/"]}]},{"@type":"BreadcrumbList","@id":"https:\/\/www.nettali.com\/2025\/09\/28\/monaco-lamine-camara-out-pour-2-mois\/#breadcrumb","itemListElement":[{"@type":"ListItem","position":1,"name":"Accueil","item":"https:\/\/www.nettali.com\/"},{"@type":"ListItem","position":2,"name":"MONACO - Lamine Camara out pour 2 mois"}]},{"@type":"Person","@id":"https:\/\/www.nettali.com\/#\/schema\/person\/bb147657c2986240405a608162b9bb23","name":"Ibrahima","image":{"@type":"ImageObject","@id":"https:\/\/www.nettali.com\/#personlogo","inLanguage":"fr-FR","url":"https:\/\/secure.gravatar.com\/avatar\/26a8a81f09f0dd7624c9d5c36c9ba3a2?s=96&d=mm&r=g","contentUrl":"https:\/\/secure.gravatar.com\/avatar\/26a8a81f09f0dd7624c9d5c36c9ba3a2?s=96&d=mm&r=g","caption":"Ibrahima"},"sameAs":["https:\/\/www.nettali.com"]}]}},"_links":{"self":[{"href":"https:\/\/www.nettali.com\/rest\/wp\/v2\/posts\/161992"}],"collection":[{"href":"https:\/\/www.nettali.com\/rest\/wp\/v2\/posts"}],"about":[{"href":"https:\/\/www.nettali.com\/rest\/wp\/v2\/types\/post"}],"author":[{"embeddable":true,"href":"https:\/\/www.nettali.com\/rest\/wp\/v2\/users\/5"}],"replies":[{"embeddable":true,"href":"https:\/\/www.nettali.com\/rest\/wp\/v2\/comments?post=161992"}],"version-history":[{"count":1,"href":"https:\/\/www.nettali.com\/rest\/wp\/v2\/posts\/161992\/revisions"}],"predecessor-version":[{"id":161993,"href":"https:\/\/www.nettali.com\/rest\/wp\/v2\/posts\/161992\/revisions\/161993"}],"wp:featuredmedia":[{"embeddable":true,"href":"https:\/\/www.nettali.com\/rest\/wp\/v2\/media\/161986"}],"wp:attachment":[{"href":"https:\/\/www.nettali.com\/rest\/wp\/v2\/media?parent=161992"}],"wp:term":[{"taxonomy":"category","embeddable":true,"href":"https:\/\/www.nettali.com\/rest\/wp\/v2\/categories?post=161992"},{"taxonomy":"post_tag","embeddable":true,"href":"https:\/\/www.nettali.com\/rest\/wp\/v2\/tags?post=161992"}],"curies":[{"name":"wp","href":"https:\/\/api.w.org\/{rel}","templated":true}]}}