{"id":161984,"date":"2025-09-28T09:27:37","date_gmt":"2025-09-28T09:27:37","guid":{"rendered":"https:\/\/www.nettali.com\/?p=161984"},"modified":"2025-09-28T07:27:54","modified_gmt":"2025-09-28T07:27:54","slug":"1er-tour-coupe-caf-generation-foot-renversee-par-lafad-3-5","status":"publish","type":"post","link":"https:\/\/www.nettali.com\/2025\/09\/28\/1er-tour-coupe-caf-generation-foot-renversee-par-lafad-3-5\/","title":{"rendered":"1ER TOUR COUPE CAF - G\u00e9n\u00e9ration Foot renvers\u00e9e par l'AFAD (3-5)"},"content":{"rendered":"<p><strong>NETTALI.COM - L\u2019acad\u00e9mie G\u00e9n\u00e9ration Foot est encore sortie pr\u00e9matur\u00e9ment en Coupe CAF apr\u00e8s sa d\u00e9faite chez les Ivoiriens de l\u2019AFAD Dj\u00e9kanou (3-5) ce samedi en match retour du premier tour pr\u00e9liminaire.<\/strong><\/p>\n<p>Cruelle d\u00e9sillusion pour G\u00e9n\u00e9ration Foot. Alors qu\u2019ils menaient par deux buts \u00e0 z\u00e9ro apr\u00e8s seulement 35 minutes de jeu, les Acad\u00e9miciens ont finalement \u00e9t\u00e9 battus par l\u2019AFAD (5-3) lors du match retour du premier tour de la Coupe CAF.<\/p>\n<p>Les Acad\u00e9miciens ont conc\u00e9d\u00e9 le coup de froid \u00e0 la 92e minute. Un but contre son camp alors que le quatri\u00e8me arbitre venait d\u2019afficher 8 minutes de temps additionnel. A l\u2019aller, le score \u00e9tait d\u2019un but partout.<\/p>\n<p>GF avait marqu\u00e9 un pas important en menant par deux buts \u00e0 z\u00e9ro gr\u00e2ce au doubl\u00e9 du jeune S\u00e9ga Fall Mbodj (28e et 31e). Les Ivoiriens \u00e9galisent avant que Mouhamed Dieng ne s\u2019y prenne en deux temps suite \u00e0 une merveille de passe de Abass Badji. L\u00e0 encore, les Ivoiriens \u00e9galisent puis lib\u00e8rent leur public au enchainant deux cartouches. L\u2019adversaire a su profiter de sa sup\u00e9riorit\u00e9 num\u00e9rique apr\u00e8s le carton rouge du d\u00e9fenseur Justino Cabo.<\/p>\n<p>Une \u00e9limination am\u00e8re pour G\u00e9n\u00e9ration Foot, qui avait pourtant tous les atouts en main pour d\u00e9crocher sa qualification au deuxi\u00e8me tour. Mais comme souvent, les \u00e9quipes s\u00e9n\u00e9galaises sont victimes d'arbitrage. Le trio arbitral de ce match retour a \u00e9t\u00e9 tout sauf correct.<\/p>\n<div class='share-to-whatsapp-wrapper'><div class='share-on-whsp'>PARTAGER SUR : <\/div><a data-text='1ER TOUR COUPE CAF - G\u00e9n\u00e9ration Foot renvers\u00e9e par l'AFAD (3-5)' data-link='https:\/\/www.nettali.com\/2025\/09\/28\/1er-tour-coupe-caf-generation-foot-renversee-par-lafad-3-5\/' class='whatsapp-button whatsapp-share'>WhatsApp<\/a><div class='clear '><\/div><\/div>","protected":false},"excerpt":{"rendered":"<p>NETTALI.COM - L\u2019acad\u00e9mie G\u00e9n\u00e9ration Foot est encore sortie pr\u00e9matur\u00e9ment en Coupe CAF apr\u00e8s sa d\u00e9faite chez les Ivoiriens de l\u2019AFAD Dj\u00e9kanou (3-5) ce samedi en match retour du premier tour pr\u00e9liminaire. Cruelle d\u00e9sillusion pour G\u00e9n\u00e9ration Foot. Alors qu\u2019ils menaient par deux buts \u00e0 z\u00e9ro apr\u00e8s seulement 35 minutes de jeu, les Acad\u00e9miciens ont finalement \u00e9t\u00e9 [&hellip;]<\/p>\n","protected":false},"author":5,"featured_media":161985,"comment_status":"open","ping_status":"open","sticky":false,"template":"","format":"standard","meta":{"_et_pb_use_builder":"","_et_pb_old_content":""},"categories":[6],"tags":[],"yoast_head":"<!-- This site is optimized with the Yoast SEO Premium plugin v17.8 (Yoast SEO v17.8) - https:\/\/yoast.com\/wordpress\/plugins\/seo\/ -->\n<title>1ER TOUR COUPE CAF - G\u00e9n\u00e9ration Foot renvers\u00e9e par l&#039;AFAD (3-5) | Nettali.com<\/title>\n<meta name=\"robots\" content=\"index, follow, max-snippet:-1, max-image-preview:large, max-video-preview:-1\" \/>\n<link rel=\"canonical\" href=\"https:\/\/www.nettali.com\/2025\/09\/28\/1er-tour-coupe-caf-generation-foot-renversee-par-lafad-3-5\/\" \/>\n<meta property=\"og:locale\" content=\"fr_FR\" \/>\n<meta property=\"og:type\" content=\"article\" \/>\n<meta property=\"og:title\" content=\"1ER TOUR COUPE CAF - G\u00e9n\u00e9ration Foot renvers\u00e9e par l&#039;AFAD (3-5)\" \/>\n<meta property=\"og:description\" content=\"NETTALI.COM - L\u2019acad\u00e9mie G\u00e9n\u00e9ration Foot est encore sortie pr\u00e9matur\u00e9ment en Coupe CAF apr\u00e8s sa d\u00e9faite chez les Ivoiriens de l\u2019AFAD Dj\u00e9kanou (3-5) ce samedi en match retour du premier tour pr\u00e9liminaire. Cruelle d\u00e9sillusion pour G\u00e9n\u00e9ration Foot. Alors qu\u2019ils menaient par deux buts \u00e0 z\u00e9ro apr\u00e8s seulement 35 minutes de jeu, les Acad\u00e9miciens ont finalement \u00e9t\u00e9 [&hellip;]\" \/>\n<meta property=\"og:url\" content=\"https:\/\/www.nettali.com\/2025\/09\/28\/1er-tour-coupe-caf-generation-foot-renversee-par-lafad-3-5\/\" \/>\n<meta property=\"og:site_name\" content=\"Nettali.com\" \/>\n<meta property=\"article:publisher\" content=\"https:\/\/www.facebook.com\/nettalicom\" \/>\n<meta property=\"article:published_time\" content=\"2025-09-28T09:27:37+00:00\" \/>\n<meta property=\"article:modified_time\" content=\"2025-09-28T07:27:54+00:00\" \/>\n<meta property=\"og:image\" content=\"https:\/\/www.nettali.com\/wp-content\/uploads\/2025\/09\/74833162-52021199.jpg\" \/>\n\t<meta property=\"og:image:width\" content=\"1125\" \/>\n\t<meta property=\"og:image:height\" content=\"838\" \/>\n<meta name=\"twitter:card\" content=\"summary_large_image\" \/>\n<meta name=\"twitter:label1\" content=\"\u00c9crit par\" \/>\n\t<meta name=\"twitter:data1\" content=\"Ibrahima\" \/>\n\t<meta name=\"twitter:label2\" content=\"Dur\u00e9e de lecture estim\u00e9e\" \/>\n\t<meta name=\"twitter:data2\" content=\"1 minute\" \/>\n<script type=\"application\/ld+json\" class=\"yoast-schema-graph\">{\"@context\":\"https:\/\/schema.org\",\"@graph\":[{\"@type\":\"WebSite\",\"@id\":\"https:\/\/www.nettali.com\/#website\",\"url\":\"https:\/\/www.nettali.com\/\",\"name\":\"Nettali.com\",\"description\":\"Le rendez-vous critique du Net\",\"potentialAction\":[{\"@type\":\"SearchAction\",\"target\":{\"@type\":\"EntryPoint\",\"urlTemplate\":\"https:\/\/www.nettali.com\/?s={search_term_string}\"},\"query-input\":\"required name=search_term_string\"}],\"inLanguage\":\"fr-FR\"},{\"@type\":\"ImageObject\",\"@id\":\"https:\/\/www.nettali.com\/2025\/09\/28\/1er-tour-coupe-caf-generation-foot-renversee-par-lafad-3-5\/#primaryimage\",\"inLanguage\":\"fr-FR\",\"url\":\"https:\/\/www.nettali.com\/wp-content\/uploads\/2025\/09\/74833162-52021199.jpg\",\"contentUrl\":\"https:\/\/www.nettali.com\/wp-content\/uploads\/2025\/09\/74833162-52021199.jpg\",\"width\":1125,\"height\":838},{\"@type\":\"WebPage\",\"@id\":\"https:\/\/www.nettali.com\/2025\/09\/28\/1er-tour-coupe-caf-generation-foot-renversee-par-lafad-3-5\/#webpage\",\"url\":\"https:\/\/www.nettali.com\/2025\/09\/28\/1er-tour-coupe-caf-generation-foot-renversee-par-lafad-3-5\/\",\"name\":\"1ER TOUR COUPE CAF - G\\u00e9n\\u00e9ration Foot renvers\\u00e9e par l'AFAD (3-5) | Nettali.com\",\"isPartOf\":{\"@id\":\"https:\/\/www.nettali.com\/#website\"},\"primaryImageOfPage\":{\"@id\":\"https:\/\/www.nettali.com\/2025\/09\/28\/1er-tour-coupe-caf-generation-foot-renversee-par-lafad-3-5\/#primaryimage\"},\"datePublished\":\"2025-09-28T09:27:37+00:00\",\"dateModified\":\"2025-09-28T07:27:54+00:00\",\"author\":{\"@id\":\"https:\/\/www.nettali.com\/#\/schema\/person\/bb147657c2986240405a608162b9bb23\"},\"breadcrumb\":{\"@id\":\"https:\/\/www.nettali.com\/2025\/09\/28\/1er-tour-coupe-caf-generation-foot-renversee-par-lafad-3-5\/#breadcrumb\"},\"inLanguage\":\"fr-FR\",\"potentialAction\":[{\"@type\":\"ReadAction\",\"target\":[\"https:\/\/www.nettali.com\/2025\/09\/28\/1er-tour-coupe-caf-generation-foot-renversee-par-lafad-3-5\/\"]}]},{\"@type\":\"BreadcrumbList\",\"@id\":\"https:\/\/www.nettali.com\/2025\/09\/28\/1er-tour-coupe-caf-generation-foot-renversee-par-lafad-3-5\/#breadcrumb\",\"itemListElement\":[{\"@type\":\"ListItem\",\"position\":1,\"name\":\"Accueil\",\"item\":\"https:\/\/www.nettali.com\/\"},{\"@type\":\"ListItem\",\"position\":2,\"name\":\"1ER TOUR COUPE CAF - G\\u00e9n\\u00e9ration Foot renvers\\u00e9e par l'AFAD (3-5)\"}]},{\"@type\":\"Person\",\"@id\":\"https:\/\/www.nettali.com\/#\/schema\/person\/bb147657c2986240405a608162b9bb23\",\"name\":\"Ibrahima\",\"image\":{\"@type\":\"ImageObject\",\"@id\":\"https:\/\/www.nettali.com\/#personlogo\",\"inLanguage\":\"fr-FR\",\"url\":\"https:\/\/secure.gravatar.com\/avatar\/26a8a81f09f0dd7624c9d5c36c9ba3a2?s=96&d=mm&r=g\",\"contentUrl\":\"https:\/\/secure.gravatar.com\/avatar\/26a8a81f09f0dd7624c9d5c36c9ba3a2?s=96&d=mm&r=g\",\"caption\":\"Ibrahima\"},\"sameAs\":[\"https:\/\/www.nettali.com\"]}]}<\/script>\n<!-- \/ Yoast SEO Premium plugin. -->","yoast_head_json":{"title":"1ER TOUR COUPE CAF - G\u00e9n\u00e9ration Foot renvers\u00e9e par l'AFAD (3-5) | Nettali.com","robots":{"index":"index","follow":"follow","max-snippet":"max-snippet:-1","max-image-preview":"max-image-preview:large","max-video-preview":"max-video-preview:-1"},"canonical":"https:\/\/www.nettali.com\/2025\/09\/28\/1er-tour-coupe-caf-generation-foot-renversee-par-lafad-3-5\/","og_locale":"fr_FR","og_type":"article","og_title":"1ER TOUR COUPE CAF - G\u00e9n\u00e9ration Foot renvers\u00e9e par l'AFAD (3-5)","og_description":"NETTALI.COM - L\u2019acad\u00e9mie G\u00e9n\u00e9ration Foot est encore sortie pr\u00e9matur\u00e9ment en Coupe CAF apr\u00e8s sa d\u00e9faite chez les Ivoiriens de l\u2019AFAD Dj\u00e9kanou (3-5) ce samedi en match retour du premier tour pr\u00e9liminaire. Cruelle d\u00e9sillusion pour G\u00e9n\u00e9ration Foot. Alors qu\u2019ils menaient par deux buts \u00e0 z\u00e9ro apr\u00e8s seulement 35 minutes de jeu, les Acad\u00e9miciens ont finalement \u00e9t\u00e9 [&hellip;]","og_url":"https:\/\/www.nettali.com\/2025\/09\/28\/1er-tour-coupe-caf-generation-foot-renversee-par-lafad-3-5\/","og_site_name":"Nettali.com","article_publisher":"https:\/\/www.facebook.com\/nettalicom","article_published_time":"2025-09-28T09:27:37+00:00","article_modified_time":"2025-09-28T07:27:54+00:00","og_image":[{"width":1125,"height":838,"url":"https:\/\/www.nettali.com\/wp-content\/uploads\/2025\/09\/74833162-52021199.jpg","type":"image\/jpeg"}],"twitter_card":"summary_large_image","twitter_misc":{"\u00c9crit par":"Ibrahima","Dur\u00e9e de lecture estim\u00e9e":"1 minute"},"schema":{"@context":"https:\/\/schema.org","@graph":[{"@type":"WebSite","@id":"https:\/\/www.nettali.com\/#website","url":"https:\/\/www.nettali.com\/","name":"Nettali.com","description":"Le rendez-vous critique du Net","potentialAction":[{"@type":"SearchAction","target":{"@type":"EntryPoint","urlTemplate":"https:\/\/www.nettali.com\/?s={search_term_string}"},"query-input":"required name=search_term_string"}],"inLanguage":"fr-FR"},{"@type":"ImageObject","@id":"https:\/\/www.nettali.com\/2025\/09\/28\/1er-tour-coupe-caf-generation-foot-renversee-par-lafad-3-5\/#primaryimage","inLanguage":"fr-FR","url":"https:\/\/www.nettali.com\/wp-content\/uploads\/2025\/09\/74833162-52021199.jpg","contentUrl":"https:\/\/www.nettali.com\/wp-content\/uploads\/2025\/09\/74833162-52021199.jpg","width":1125,"height":838},{"@type":"WebPage","@id":"https:\/\/www.nettali.com\/2025\/09\/28\/1er-tour-coupe-caf-generation-foot-renversee-par-lafad-3-5\/#webpage","url":"https:\/\/www.nettali.com\/2025\/09\/28\/1er-tour-coupe-caf-generation-foot-renversee-par-lafad-3-5\/","name":"1ER TOUR COUPE CAF - G\u00e9n\u00e9ration Foot renvers\u00e9e par l'AFAD (3-5) | Nettali.com","isPartOf":{"@id":"https:\/\/www.nettali.com\/#website"},"primaryImageOfPage":{"@id":"https:\/\/www.nettali.com\/2025\/09\/28\/1er-tour-coupe-caf-generation-foot-renversee-par-lafad-3-5\/#primaryimage"},"datePublished":"2025-09-28T09:27:37+00:00","dateModified":"2025-09-28T07:27:54+00:00","author":{"@id":"https:\/\/www.nettali.com\/#\/schema\/person\/bb147657c2986240405a608162b9bb23"},"breadcrumb":{"@id":"https:\/\/www.nettali.com\/2025\/09\/28\/1er-tour-coupe-caf-generation-foot-renversee-par-lafad-3-5\/#breadcrumb"},"inLanguage":"fr-FR","potentialAction":[{"@type":"ReadAction","target":["https:\/\/www.nettali.com\/2025\/09\/28\/1er-tour-coupe-caf-generation-foot-renversee-par-lafad-3-5\/"]}]},{"@type":"BreadcrumbList","@id":"https:\/\/www.nettali.com\/2025\/09\/28\/1er-tour-coupe-caf-generation-foot-renversee-par-lafad-3-5\/#breadcrumb","itemListElement":[{"@type":"ListItem","position":1,"name":"Accueil","item":"https:\/\/www.nettali.com\/"},{"@type":"ListItem","position":2,"name":"1ER TOUR COUPE CAF - G\u00e9n\u00e9ration Foot renvers\u00e9e par l'AFAD (3-5)"}]},{"@type":"Person","@id":"https:\/\/www.nettali.com\/#\/schema\/person\/bb147657c2986240405a608162b9bb23","name":"Ibrahima","image":{"@type":"ImageObject","@id":"https:\/\/www.nettali.com\/#personlogo","inLanguage":"fr-FR","url":"https:\/\/secure.gravatar.com\/avatar\/26a8a81f09f0dd7624c9d5c36c9ba3a2?s=96&d=mm&r=g","contentUrl":"https:\/\/secure.gravatar.com\/avatar\/26a8a81f09f0dd7624c9d5c36c9ba3a2?s=96&d=mm&r=g","caption":"Ibrahima"},"sameAs":["https:\/\/www.nettali.com"]}]}},"_links":{"self":[{"href":"https:\/\/www.nettali.com\/rest\/wp\/v2\/posts\/161984"}],"collection":[{"href":"https:\/\/www.nettali.com\/rest\/wp\/v2\/posts"}],"about":[{"href":"https:\/\/www.nettali.com\/rest\/wp\/v2\/types\/post"}],"author":[{"embeddable":true,"href":"https:\/\/www.nettali.com\/rest\/wp\/v2\/users\/5"}],"replies":[{"embeddable":true,"href":"https:\/\/www.nettali.com\/rest\/wp\/v2\/comments?post=161984"}],"version-history":[{"count":1,"href":"https:\/\/www.nettali.com\/rest\/wp\/v2\/posts\/161984\/revisions"}],"predecessor-version":[{"id":161987,"href":"https:\/\/www.nettali.com\/rest\/wp\/v2\/posts\/161984\/revisions\/161987"}],"wp:featuredmedia":[{"embeddable":true,"href":"https:\/\/www.nettali.com\/rest\/wp\/v2\/media\/161985"}],"wp:attachment":[{"href":"https:\/\/www.nettali.com\/rest\/wp\/v2\/media?parent=161984"}],"wp:term":[{"taxonomy":"category","embeddable":true,"href":"https:\/\/www.nettali.com\/rest\/wp\/v2\/categories?post=161984"},{"taxonomy":"post_tag","embeddable":true,"href":"https:\/\/www.nettali.com\/rest\/wp\/v2\/tags?post=161984"}],"curies":[{"name":"wp","href":"https:\/\/api.w.org\/{rel}","templated":true}]}}