{"id":161976,"date":"2025-09-28T07:06:16","date_gmt":"2025-09-28T07:06:16","guid":{"rendered":"https:\/\/www.nettali.com\/?p=161976"},"modified":"2025-09-28T07:06:16","modified_gmt":"2025-09-28T07:06:16","slug":"louga-une-grande-manifestation-pour-exiger-la-liberation-de-moustapha-diop","status":"publish","type":"post","link":"https:\/\/www.nettali.com\/2025\/09\/28\/louga-une-grande-manifestation-pour-exiger-la-liberation-de-moustapha-diop\/","title":{"rendered":"LOUGA - Une grande manifestation pour exiger la lib\u00e9ration de Moustapha Diop"},"content":{"rendered":"<p data-start=\"164\" data-end=\"373\"><strong>NETTALI.COM - La capitale du Ndiambour a vibr\u00e9 ce week-end au rythme d\u2019une mobilisation populaire en faveur de Moustapha Diop, ancien ministre de l\u2019Industrie et des Petites et Moyennes Industries et actuel maire de Louga.<\/strong><\/p>\n<p data-start=\"375\" data-end=\"709\">Des centaines de militants, sympathisants et citoyens, arborant brassards rouges et pancartes, ont envahi les rues pour r\u00e9clamer sa lib\u00e9ration. Sous mandat de d\u00e9p\u00f4t dans le cadre de la gestion des Fonds Covid-19, le nom de l\u2019\u00e9dile a r\u00e9sonn\u00e9 tout au long de la marche au rythme du slogan : \u00ab Lib\u00e9rez Moustapha, Lib\u00e9rez Moustapha ! \u00bb.<\/p>\n<p data-start=\"711\" data-end=\"916\">Mais au-del\u00e0 du cas de Moustapha Diop, les manifestants ont \u00e9galement \u00e9largi leurs revendications \u00e0 la lib\u00e9ration d\u2019autres d\u00e9tenus, qu\u2019ils consid\u00e8rent comme des \u00ab victimes politiques du nouveau r\u00e9gime \u00bb.<\/p>\n<div class='share-to-whatsapp-wrapper'><div class='share-on-whsp'>PARTAGER SUR : <\/div><a data-text='LOUGA - Une grande manifestation pour exiger la lib\u00e9ration de Moustapha Diop' data-link='https:\/\/www.nettali.com\/2025\/09\/28\/louga-une-grande-manifestation-pour-exiger-la-liberation-de-moustapha-diop\/' class='whatsapp-button whatsapp-share'>WhatsApp<\/a><div class='clear '><\/div><\/div>","protected":false},"excerpt":{"rendered":"<p>NETTALI.COM - La capitale du Ndiambour a vibr\u00e9 ce week-end au rythme d\u2019une mobilisation populaire en faveur de Moustapha Diop, ancien ministre de l\u2019Industrie et des Petites et Moyennes Industries et actuel maire de Louga. Des centaines de militants, sympathisants et citoyens, arborant brassards rouges et pancartes, ont envahi les rues pour r\u00e9clamer sa lib\u00e9ration. [&hellip;]<\/p>\n","protected":false},"author":4,"featured_media":161977,"comment_status":"open","ping_status":"open","sticky":false,"template":"","format":"standard","meta":{"_et_pb_use_builder":"","_et_pb_old_content":""},"categories":[2],"tags":[],"yoast_head":"<!-- This site is optimized with the Yoast SEO Premium plugin v17.8 (Yoast SEO v17.8) - https:\/\/yoast.com\/wordpress\/plugins\/seo\/ -->\n<title>LOUGA - Une grande manifestation pour exiger la lib\u00e9ration de Moustapha Diop | Nettali.com<\/title>\n<meta name=\"robots\" content=\"index, follow, max-snippet:-1, max-image-preview:large, max-video-preview:-1\" \/>\n<link rel=\"canonical\" href=\"https:\/\/www.nettali.com\/2025\/09\/28\/louga-une-grande-manifestation-pour-exiger-la-liberation-de-moustapha-diop\/\" \/>\n<meta property=\"og:locale\" content=\"fr_FR\" \/>\n<meta property=\"og:type\" content=\"article\" \/>\n<meta property=\"og:title\" content=\"LOUGA - Une grande manifestation pour exiger la lib\u00e9ration de Moustapha Diop\" \/>\n<meta property=\"og:description\" content=\"NETTALI.COM - La capitale du Ndiambour a vibr\u00e9 ce week-end au rythme d\u2019une mobilisation populaire en faveur de Moustapha Diop, ancien ministre de l\u2019Industrie et des Petites et Moyennes Industries et actuel maire de Louga. Des centaines de militants, sympathisants et citoyens, arborant brassards rouges et pancartes, ont envahi les rues pour r\u00e9clamer sa lib\u00e9ration. [&hellip;]\" \/>\n<meta property=\"og:url\" content=\"https:\/\/www.nettali.com\/2025\/09\/28\/louga-une-grande-manifestation-pour-exiger-la-liberation-de-moustapha-diop\/\" \/>\n<meta property=\"og:site_name\" content=\"Nettali.com\" \/>\n<meta property=\"article:publisher\" content=\"https:\/\/www.facebook.com\/nettalicom\" \/>\n<meta property=\"article:published_time\" content=\"2025-09-28T07:06:16+00:00\" \/>\n<meta property=\"og:image\" content=\"https:\/\/www.nettali.com\/wp-content\/uploads\/2025\/09\/manifestation-Moustapha-Diop.jpg\" \/>\n\t<meta property=\"og:image:width\" content=\"1696\" \/>\n\t<meta property=\"og:image:height\" content=\"965\" \/>\n<meta name=\"twitter:card\" content=\"summary_large_image\" \/>\n<meta name=\"twitter:label1\" content=\"\u00c9crit par\" \/>\n\t<meta name=\"twitter:data1\" content=\"Daouda\" \/>\n\t<meta name=\"twitter:label2\" content=\"Dur\u00e9e de lecture estim\u00e9e\" \/>\n\t<meta name=\"twitter:data2\" content=\"1 minute\" \/>\n<script type=\"application\/ld+json\" class=\"yoast-schema-graph\">{\"@context\":\"https:\/\/schema.org\",\"@graph\":[{\"@type\":\"WebSite\",\"@id\":\"https:\/\/www.nettali.com\/#website\",\"url\":\"https:\/\/www.nettali.com\/\",\"name\":\"Nettali.com\",\"description\":\"Le rendez-vous critique du Net\",\"potentialAction\":[{\"@type\":\"SearchAction\",\"target\":{\"@type\":\"EntryPoint\",\"urlTemplate\":\"https:\/\/www.nettali.com\/?s={search_term_string}\"},\"query-input\":\"required name=search_term_string\"}],\"inLanguage\":\"fr-FR\"},{\"@type\":\"ImageObject\",\"@id\":\"https:\/\/www.nettali.com\/2025\/09\/28\/louga-une-grande-manifestation-pour-exiger-la-liberation-de-moustapha-diop\/#primaryimage\",\"inLanguage\":\"fr-FR\",\"url\":\"https:\/\/www.nettali.com\/wp-content\/uploads\/2025\/09\/manifestation-Moustapha-Diop.jpg\",\"contentUrl\":\"https:\/\/www.nettali.com\/wp-content\/uploads\/2025\/09\/manifestation-Moustapha-Diop.jpg\",\"width\":1696,\"height\":965},{\"@type\":\"WebPage\",\"@id\":\"https:\/\/www.nettali.com\/2025\/09\/28\/louga-une-grande-manifestation-pour-exiger-la-liberation-de-moustapha-diop\/#webpage\",\"url\":\"https:\/\/www.nettali.com\/2025\/09\/28\/louga-une-grande-manifestation-pour-exiger-la-liberation-de-moustapha-diop\/\",\"name\":\"LOUGA - Une grande manifestation pour exiger la lib\\u00e9ration de Moustapha Diop | Nettali.com\",\"isPartOf\":{\"@id\":\"https:\/\/www.nettali.com\/#website\"},\"primaryImageOfPage\":{\"@id\":\"https:\/\/www.nettali.com\/2025\/09\/28\/louga-une-grande-manifestation-pour-exiger-la-liberation-de-moustapha-diop\/#primaryimage\"},\"datePublished\":\"2025-09-28T07:06:16+00:00\",\"dateModified\":\"2025-09-28T07:06:16+00:00\",\"author\":{\"@id\":\"https:\/\/www.nettali.com\/#\/schema\/person\/3317e0bb3aa1da309fbf7b2780901bf4\"},\"breadcrumb\":{\"@id\":\"https:\/\/www.nettali.com\/2025\/09\/28\/louga-une-grande-manifestation-pour-exiger-la-liberation-de-moustapha-diop\/#breadcrumb\"},\"inLanguage\":\"fr-FR\",\"potentialAction\":[{\"@type\":\"ReadAction\",\"target\":[\"https:\/\/www.nettali.com\/2025\/09\/28\/louga-une-grande-manifestation-pour-exiger-la-liberation-de-moustapha-diop\/\"]}]},{\"@type\":\"BreadcrumbList\",\"@id\":\"https:\/\/www.nettali.com\/2025\/09\/28\/louga-une-grande-manifestation-pour-exiger-la-liberation-de-moustapha-diop\/#breadcrumb\",\"itemListElement\":[{\"@type\":\"ListItem\",\"position\":1,\"name\":\"Accueil\",\"item\":\"https:\/\/www.nettali.com\/\"},{\"@type\":\"ListItem\",\"position\":2,\"name\":\"LOUGA - Une grande manifestation pour exiger la lib\\u00e9ration de Moustapha Diop\"}]},{\"@type\":\"Person\",\"@id\":\"https:\/\/www.nettali.com\/#\/schema\/person\/3317e0bb3aa1da309fbf7b2780901bf4\",\"name\":\"Daouda\",\"image\":{\"@type\":\"ImageObject\",\"@id\":\"https:\/\/www.nettali.com\/#personlogo\",\"inLanguage\":\"fr-FR\",\"url\":\"https:\/\/secure.gravatar.com\/avatar\/8d143b5a49345098ddcfee1c49c2f47c?s=96&d=mm&r=g\",\"contentUrl\":\"https:\/\/secure.gravatar.com\/avatar\/8d143b5a49345098ddcfee1c49c2f47c?s=96&d=mm&r=g\",\"caption\":\"Daouda\"},\"sameAs\":[\"https:\/\/www.nettali.com\"]}]}<\/script>\n<!-- \/ Yoast SEO Premium plugin. -->","yoast_head_json":{"title":"LOUGA - Une grande manifestation pour exiger la lib\u00e9ration de Moustapha Diop | Nettali.com","robots":{"index":"index","follow":"follow","max-snippet":"max-snippet:-1","max-image-preview":"max-image-preview:large","max-video-preview":"max-video-preview:-1"},"canonical":"https:\/\/www.nettali.com\/2025\/09\/28\/louga-une-grande-manifestation-pour-exiger-la-liberation-de-moustapha-diop\/","og_locale":"fr_FR","og_type":"article","og_title":"LOUGA - Une grande manifestation pour exiger la lib\u00e9ration de Moustapha Diop","og_description":"NETTALI.COM - La capitale du Ndiambour a vibr\u00e9 ce week-end au rythme d\u2019une mobilisation populaire en faveur de Moustapha Diop, ancien ministre de l\u2019Industrie et des Petites et Moyennes Industries et actuel maire de Louga. Des centaines de militants, sympathisants et citoyens, arborant brassards rouges et pancartes, ont envahi les rues pour r\u00e9clamer sa lib\u00e9ration. [&hellip;]","og_url":"https:\/\/www.nettali.com\/2025\/09\/28\/louga-une-grande-manifestation-pour-exiger-la-liberation-de-moustapha-diop\/","og_site_name":"Nettali.com","article_publisher":"https:\/\/www.facebook.com\/nettalicom","article_published_time":"2025-09-28T07:06:16+00:00","og_image":[{"width":1696,"height":965,"url":"https:\/\/www.nettali.com\/wp-content\/uploads\/2025\/09\/manifestation-Moustapha-Diop.jpg","type":"image\/jpeg"}],"twitter_card":"summary_large_image","twitter_misc":{"\u00c9crit par":"Daouda","Dur\u00e9e de lecture estim\u00e9e":"1 minute"},"schema":{"@context":"https:\/\/schema.org","@graph":[{"@type":"WebSite","@id":"https:\/\/www.nettali.com\/#website","url":"https:\/\/www.nettali.com\/","name":"Nettali.com","description":"Le rendez-vous critique du Net","potentialAction":[{"@type":"SearchAction","target":{"@type":"EntryPoint","urlTemplate":"https:\/\/www.nettali.com\/?s={search_term_string}"},"query-input":"required name=search_term_string"}],"inLanguage":"fr-FR"},{"@type":"ImageObject","@id":"https:\/\/www.nettali.com\/2025\/09\/28\/louga-une-grande-manifestation-pour-exiger-la-liberation-de-moustapha-diop\/#primaryimage","inLanguage":"fr-FR","url":"https:\/\/www.nettali.com\/wp-content\/uploads\/2025\/09\/manifestation-Moustapha-Diop.jpg","contentUrl":"https:\/\/www.nettali.com\/wp-content\/uploads\/2025\/09\/manifestation-Moustapha-Diop.jpg","width":1696,"height":965},{"@type":"WebPage","@id":"https:\/\/www.nettali.com\/2025\/09\/28\/louga-une-grande-manifestation-pour-exiger-la-liberation-de-moustapha-diop\/#webpage","url":"https:\/\/www.nettali.com\/2025\/09\/28\/louga-une-grande-manifestation-pour-exiger-la-liberation-de-moustapha-diop\/","name":"LOUGA - Une grande manifestation pour exiger la lib\u00e9ration de Moustapha Diop | Nettali.com","isPartOf":{"@id":"https:\/\/www.nettali.com\/#website"},"primaryImageOfPage":{"@id":"https:\/\/www.nettali.com\/2025\/09\/28\/louga-une-grande-manifestation-pour-exiger-la-liberation-de-moustapha-diop\/#primaryimage"},"datePublished":"2025-09-28T07:06:16+00:00","dateModified":"2025-09-28T07:06:16+00:00","author":{"@id":"https:\/\/www.nettali.com\/#\/schema\/person\/3317e0bb3aa1da309fbf7b2780901bf4"},"breadcrumb":{"@id":"https:\/\/www.nettali.com\/2025\/09\/28\/louga-une-grande-manifestation-pour-exiger-la-liberation-de-moustapha-diop\/#breadcrumb"},"inLanguage":"fr-FR","potentialAction":[{"@type":"ReadAction","target":["https:\/\/www.nettali.com\/2025\/09\/28\/louga-une-grande-manifestation-pour-exiger-la-liberation-de-moustapha-diop\/"]}]},{"@type":"BreadcrumbList","@id":"https:\/\/www.nettali.com\/2025\/09\/28\/louga-une-grande-manifestation-pour-exiger-la-liberation-de-moustapha-diop\/#breadcrumb","itemListElement":[{"@type":"ListItem","position":1,"name":"Accueil","item":"https:\/\/www.nettali.com\/"},{"@type":"ListItem","position":2,"name":"LOUGA - Une grande manifestation pour exiger la lib\u00e9ration de Moustapha Diop"}]},{"@type":"Person","@id":"https:\/\/www.nettali.com\/#\/schema\/person\/3317e0bb3aa1da309fbf7b2780901bf4","name":"Daouda","image":{"@type":"ImageObject","@id":"https:\/\/www.nettali.com\/#personlogo","inLanguage":"fr-FR","url":"https:\/\/secure.gravatar.com\/avatar\/8d143b5a49345098ddcfee1c49c2f47c?s=96&d=mm&r=g","contentUrl":"https:\/\/secure.gravatar.com\/avatar\/8d143b5a49345098ddcfee1c49c2f47c?s=96&d=mm&r=g","caption":"Daouda"},"sameAs":["https:\/\/www.nettali.com"]}]}},"_links":{"self":[{"href":"https:\/\/www.nettali.com\/rest\/wp\/v2\/posts\/161976"}],"collection":[{"href":"https:\/\/www.nettali.com\/rest\/wp\/v2\/posts"}],"about":[{"href":"https:\/\/www.nettali.com\/rest\/wp\/v2\/types\/post"}],"author":[{"embeddable":true,"href":"https:\/\/www.nettali.com\/rest\/wp\/v2\/users\/4"}],"replies":[{"embeddable":true,"href":"https:\/\/www.nettali.com\/rest\/wp\/v2\/comments?post=161976"}],"version-history":[{"count":1,"href":"https:\/\/www.nettali.com\/rest\/wp\/v2\/posts\/161976\/revisions"}],"predecessor-version":[{"id":161978,"href":"https:\/\/www.nettali.com\/rest\/wp\/v2\/posts\/161976\/revisions\/161978"}],"wp:featuredmedia":[{"embeddable":true,"href":"https:\/\/www.nettali.com\/rest\/wp\/v2\/media\/161977"}],"wp:attachment":[{"href":"https:\/\/www.nettali.com\/rest\/wp\/v2\/media?parent=161976"}],"wp:term":[{"taxonomy":"category","embeddable":true,"href":"https:\/\/www.nettali.com\/rest\/wp\/v2\/categories?post=161976"},{"taxonomy":"post_tag","embeddable":true,"href":"https:\/\/www.nettali.com\/rest\/wp\/v2\/tags?post=161976"}],"curies":[{"name":"wp","href":"https:\/\/api.w.org\/{rel}","templated":true}]}}