{"id":161961,"date":"2025-09-27T15:29:46","date_gmt":"2025-09-27T15:29:46","guid":{"rendered":"https:\/\/www.nettali.com\/?p=161961"},"modified":"2025-09-27T12:30:03","modified_gmt":"2025-09-27T12:30:03","slug":"officiel-sergio-busquets-annonce-sa-retraite","status":"publish","type":"post","link":"https:\/\/www.nettali.com\/2025\/09\/27\/officiel-sergio-busquets-annonce-sa-retraite\/","title":{"rendered":"OFFICIEL - Sergio Busquets annonce sa retraite"},"content":{"rendered":"<p><strong>NETTALI.COM - Il \u00e9tait le dernier du trio magique du Bar\u00e7a \u00e0 encore fouler les terrains. Apr\u00e8s Xavi et Iniesta, Sergio Busquets a, lui aussi, d\u00e9cid\u00e9 de raccrocher les crampons. Il a fait l'annonce dans la nuit de jeudi \u00e0 vendredi sur ses r\u00e9seaux sociaux. A 37 ans, l\u2019homme aux grandes guiboles prendra sa retraite \u00e0 la fin de la saison avec l\u2019Inter Miami, qu\u2019il a rejoint en 2023, apr\u00e8s pr\u00e8s de vingt ans pass\u00e9s au FC Barcelone.<\/strong><\/p>\n<p>\"<em>Le moment est venu de dire au revoir. Le football m\u2019a offert des exp\u00e9riences uniques et des souvenirs inoubliables. Je remercie le FC Barcelone, le club de ma vie, o\u00f9 j\u2019ai r\u00e9alis\u00e9 mon r\u00eave d\u2019enfant<\/em>\", a annonc\u00e9 Sergio.<\/p>\n<p>\"<em>Au Bar\u00e7a, j\u2019ai r\u00e9alis\u00e9 les r\u00eaves que j\u2019avais enfant. J\u2019ai port\u00e9 ce maillot que j\u2019aimais des centaines de fois. J\u2019ai c\u00e9l\u00e9br\u00e9 beaucoup de titres et v\u00e9cu des moments uniques au Camp Nou que jamais je n\u2019oublierai<\/em>\", a-t-il ajout\u00e9.<\/p>\n<p>Le milieu espagnol a \u00e9t\u00e9 promu en \u00e9quipe premi\u00e8re du Bar\u00e7a en 2008 et a disput\u00e9 722 matchs officiels avec le club catalan avant de rejoindre l\u2019Inter Miami aux \u00c9tats-Unis en 2023.<\/p>\n<p>Avec l\u2019Espagne, il a remport\u00e9 la Coupe du Monde et l\u2019Euro, disputant 143 matchs internationaux. En club, il a d\u00e9croch\u00e9 9 titres de Liga, 7 Coupes du Roi et 3 Ligue des Champions, marquant l\u2019histoire du football espagnol. Busquets dit \u00e0 dieu au football apr\u00e8s avoir gagn\u00e9 32 troph\u00e9es. L'un des plus beaux palmar\u00e8s.<\/p>\n<div class='share-to-whatsapp-wrapper'><div class='share-on-whsp'>PARTAGER SUR : <\/div><a data-text='OFFICIEL - Sergio Busquets annonce sa retraite' data-link='https:\/\/www.nettali.com\/2025\/09\/27\/officiel-sergio-busquets-annonce-sa-retraite\/' class='whatsapp-button whatsapp-share'>WhatsApp<\/a><div class='clear '><\/div><\/div>","protected":false},"excerpt":{"rendered":"<p>NETTALI.COM - Il \u00e9tait le dernier du trio magique du Bar\u00e7a \u00e0 encore fouler les terrains. Apr\u00e8s Xavi et Iniesta, Sergio Busquets a, lui aussi, d\u00e9cid\u00e9 de raccrocher les crampons. Il a fait l'annonce dans la nuit de jeudi \u00e0 vendredi sur ses r\u00e9seaux sociaux. A 37 ans, l\u2019homme aux grandes guiboles prendra sa retraite [&hellip;]<\/p>\n","protected":false},"author":5,"featured_media":161935,"comment_status":"open","ping_status":"open","sticky":false,"template":"","format":"standard","meta":{"_et_pb_use_builder":"","_et_pb_old_content":""},"categories":[6],"tags":[],"yoast_head":"<!-- This site is optimized with the Yoast SEO Premium plugin v17.8 (Yoast SEO v17.8) - https:\/\/yoast.com\/wordpress\/plugins\/seo\/ -->\n<title>OFFICIEL - Sergio Busquets annonce sa retraite | Nettali.com<\/title>\n<meta name=\"robots\" content=\"index, follow, max-snippet:-1, max-image-preview:large, max-video-preview:-1\" \/>\n<link rel=\"canonical\" href=\"https:\/\/www.nettali.com\/2025\/09\/27\/officiel-sergio-busquets-annonce-sa-retraite\/\" \/>\n<meta property=\"og:locale\" content=\"fr_FR\" \/>\n<meta property=\"og:type\" content=\"article\" \/>\n<meta property=\"og:title\" content=\"OFFICIEL - Sergio Busquets annonce sa retraite\" \/>\n<meta property=\"og:description\" content=\"NETTALI.COM - Il \u00e9tait le dernier du trio magique du Bar\u00e7a \u00e0 encore fouler les terrains. Apr\u00e8s Xavi et Iniesta, Sergio Busquets a, lui aussi, d\u00e9cid\u00e9 de raccrocher les crampons. Il a fait l&#039;annonce dans la nuit de jeudi \u00e0 vendredi sur ses r\u00e9seaux sociaux. A 37 ans, l\u2019homme aux grandes guiboles prendra sa retraite [&hellip;]\" \/>\n<meta property=\"og:url\" content=\"https:\/\/www.nettali.com\/2025\/09\/27\/officiel-sergio-busquets-annonce-sa-retraite\/\" \/>\n<meta property=\"og:site_name\" content=\"Nettali.com\" \/>\n<meta property=\"article:publisher\" content=\"https:\/\/www.facebook.com\/nettalicom\" \/>\n<meta property=\"article:published_time\" content=\"2025-09-27T15:29:46+00:00\" \/>\n<meta property=\"article:modified_time\" content=\"2025-09-27T12:30:03+00:00\" \/>\n<meta property=\"og:image\" content=\"https:\/\/www.nettali.com\/wp-content\/uploads\/2025\/09\/f4823767120c30da018e814825bfb57f88b7485af78b265d1edc9c1623396393-1200-675.png\" \/>\n\t<meta property=\"og:image:width\" content=\"1200\" \/>\n\t<meta property=\"og:image:height\" content=\"675\" \/>\n<meta name=\"twitter:card\" content=\"summary_large_image\" \/>\n<meta name=\"twitter:label1\" content=\"\u00c9crit par\" \/>\n\t<meta name=\"twitter:data1\" content=\"Ibrahima\" \/>\n\t<meta name=\"twitter:label2\" content=\"Dur\u00e9e de lecture estim\u00e9e\" \/>\n\t<meta name=\"twitter:data2\" content=\"2 minutes\" \/>\n<script type=\"application\/ld+json\" class=\"yoast-schema-graph\">{\"@context\":\"https:\/\/schema.org\",\"@graph\":[{\"@type\":\"WebSite\",\"@id\":\"https:\/\/www.nettali.com\/#website\",\"url\":\"https:\/\/www.nettali.com\/\",\"name\":\"Nettali.com\",\"description\":\"Le rendez-vous critique du Net\",\"potentialAction\":[{\"@type\":\"SearchAction\",\"target\":{\"@type\":\"EntryPoint\",\"urlTemplate\":\"https:\/\/www.nettali.com\/?s={search_term_string}\"},\"query-input\":\"required name=search_term_string\"}],\"inLanguage\":\"fr-FR\"},{\"@type\":\"ImageObject\",\"@id\":\"https:\/\/www.nettali.com\/2025\/09\/27\/officiel-sergio-busquets-annonce-sa-retraite\/#primaryimage\",\"inLanguage\":\"fr-FR\",\"url\":\"https:\/\/www.nettali.com\/wp-content\/uploads\/2025\/09\/f4823767120c30da018e814825bfb57f88b7485af78b265d1edc9c1623396393-1200-675.png\",\"contentUrl\":\"https:\/\/www.nettali.com\/wp-content\/uploads\/2025\/09\/f4823767120c30da018e814825bfb57f88b7485af78b265d1edc9c1623396393-1200-675.png\",\"width\":1200,\"height\":675},{\"@type\":\"WebPage\",\"@id\":\"https:\/\/www.nettali.com\/2025\/09\/27\/officiel-sergio-busquets-annonce-sa-retraite\/#webpage\",\"url\":\"https:\/\/www.nettali.com\/2025\/09\/27\/officiel-sergio-busquets-annonce-sa-retraite\/\",\"name\":\"OFFICIEL - Sergio Busquets annonce sa retraite | Nettali.com\",\"isPartOf\":{\"@id\":\"https:\/\/www.nettali.com\/#website\"},\"primaryImageOfPage\":{\"@id\":\"https:\/\/www.nettali.com\/2025\/09\/27\/officiel-sergio-busquets-annonce-sa-retraite\/#primaryimage\"},\"datePublished\":\"2025-09-27T15:29:46+00:00\",\"dateModified\":\"2025-09-27T12:30:03+00:00\",\"author\":{\"@id\":\"https:\/\/www.nettali.com\/#\/schema\/person\/bb147657c2986240405a608162b9bb23\"},\"breadcrumb\":{\"@id\":\"https:\/\/www.nettali.com\/2025\/09\/27\/officiel-sergio-busquets-annonce-sa-retraite\/#breadcrumb\"},\"inLanguage\":\"fr-FR\",\"potentialAction\":[{\"@type\":\"ReadAction\",\"target\":[\"https:\/\/www.nettali.com\/2025\/09\/27\/officiel-sergio-busquets-annonce-sa-retraite\/\"]}]},{\"@type\":\"BreadcrumbList\",\"@id\":\"https:\/\/www.nettali.com\/2025\/09\/27\/officiel-sergio-busquets-annonce-sa-retraite\/#breadcrumb\",\"itemListElement\":[{\"@type\":\"ListItem\",\"position\":1,\"name\":\"Accueil\",\"item\":\"https:\/\/www.nettali.com\/\"},{\"@type\":\"ListItem\",\"position\":2,\"name\":\"OFFICIEL - Sergio Busquets annonce sa retraite\"}]},{\"@type\":\"Person\",\"@id\":\"https:\/\/www.nettali.com\/#\/schema\/person\/bb147657c2986240405a608162b9bb23\",\"name\":\"Ibrahima\",\"image\":{\"@type\":\"ImageObject\",\"@id\":\"https:\/\/www.nettali.com\/#personlogo\",\"inLanguage\":\"fr-FR\",\"url\":\"https:\/\/secure.gravatar.com\/avatar\/26a8a81f09f0dd7624c9d5c36c9ba3a2?s=96&d=mm&r=g\",\"contentUrl\":\"https:\/\/secure.gravatar.com\/avatar\/26a8a81f09f0dd7624c9d5c36c9ba3a2?s=96&d=mm&r=g\",\"caption\":\"Ibrahima\"},\"sameAs\":[\"https:\/\/www.nettali.com\"]}]}<\/script>\n<!-- \/ Yoast SEO Premium plugin. -->","yoast_head_json":{"title":"OFFICIEL - Sergio Busquets annonce sa retraite | Nettali.com","robots":{"index":"index","follow":"follow","max-snippet":"max-snippet:-1","max-image-preview":"max-image-preview:large","max-video-preview":"max-video-preview:-1"},"canonical":"https:\/\/www.nettali.com\/2025\/09\/27\/officiel-sergio-busquets-annonce-sa-retraite\/","og_locale":"fr_FR","og_type":"article","og_title":"OFFICIEL - Sergio Busquets annonce sa retraite","og_description":"NETTALI.COM - Il \u00e9tait le dernier du trio magique du Bar\u00e7a \u00e0 encore fouler les terrains. Apr\u00e8s Xavi et Iniesta, Sergio Busquets a, lui aussi, d\u00e9cid\u00e9 de raccrocher les crampons. Il a fait l'annonce dans la nuit de jeudi \u00e0 vendredi sur ses r\u00e9seaux sociaux. A 37 ans, l\u2019homme aux grandes guiboles prendra sa retraite [&hellip;]","og_url":"https:\/\/www.nettali.com\/2025\/09\/27\/officiel-sergio-busquets-annonce-sa-retraite\/","og_site_name":"Nettali.com","article_publisher":"https:\/\/www.facebook.com\/nettalicom","article_published_time":"2025-09-27T15:29:46+00:00","article_modified_time":"2025-09-27T12:30:03+00:00","og_image":[{"width":1200,"height":675,"url":"https:\/\/www.nettali.com\/wp-content\/uploads\/2025\/09\/f4823767120c30da018e814825bfb57f88b7485af78b265d1edc9c1623396393-1200-675.png","type":"image\/png"}],"twitter_card":"summary_large_image","twitter_misc":{"\u00c9crit par":"Ibrahima","Dur\u00e9e de lecture estim\u00e9e":"2 minutes"},"schema":{"@context":"https:\/\/schema.org","@graph":[{"@type":"WebSite","@id":"https:\/\/www.nettali.com\/#website","url":"https:\/\/www.nettali.com\/","name":"Nettali.com","description":"Le rendez-vous critique du Net","potentialAction":[{"@type":"SearchAction","target":{"@type":"EntryPoint","urlTemplate":"https:\/\/www.nettali.com\/?s={search_term_string}"},"query-input":"required name=search_term_string"}],"inLanguage":"fr-FR"},{"@type":"ImageObject","@id":"https:\/\/www.nettali.com\/2025\/09\/27\/officiel-sergio-busquets-annonce-sa-retraite\/#primaryimage","inLanguage":"fr-FR","url":"https:\/\/www.nettali.com\/wp-content\/uploads\/2025\/09\/f4823767120c30da018e814825bfb57f88b7485af78b265d1edc9c1623396393-1200-675.png","contentUrl":"https:\/\/www.nettali.com\/wp-content\/uploads\/2025\/09\/f4823767120c30da018e814825bfb57f88b7485af78b265d1edc9c1623396393-1200-675.png","width":1200,"height":675},{"@type":"WebPage","@id":"https:\/\/www.nettali.com\/2025\/09\/27\/officiel-sergio-busquets-annonce-sa-retraite\/#webpage","url":"https:\/\/www.nettali.com\/2025\/09\/27\/officiel-sergio-busquets-annonce-sa-retraite\/","name":"OFFICIEL - Sergio Busquets annonce sa retraite | Nettali.com","isPartOf":{"@id":"https:\/\/www.nettali.com\/#website"},"primaryImageOfPage":{"@id":"https:\/\/www.nettali.com\/2025\/09\/27\/officiel-sergio-busquets-annonce-sa-retraite\/#primaryimage"},"datePublished":"2025-09-27T15:29:46+00:00","dateModified":"2025-09-27T12:30:03+00:00","author":{"@id":"https:\/\/www.nettali.com\/#\/schema\/person\/bb147657c2986240405a608162b9bb23"},"breadcrumb":{"@id":"https:\/\/www.nettali.com\/2025\/09\/27\/officiel-sergio-busquets-annonce-sa-retraite\/#breadcrumb"},"inLanguage":"fr-FR","potentialAction":[{"@type":"ReadAction","target":["https:\/\/www.nettali.com\/2025\/09\/27\/officiel-sergio-busquets-annonce-sa-retraite\/"]}]},{"@type":"BreadcrumbList","@id":"https:\/\/www.nettali.com\/2025\/09\/27\/officiel-sergio-busquets-annonce-sa-retraite\/#breadcrumb","itemListElement":[{"@type":"ListItem","position":1,"name":"Accueil","item":"https:\/\/www.nettali.com\/"},{"@type":"ListItem","position":2,"name":"OFFICIEL - Sergio Busquets annonce sa retraite"}]},{"@type":"Person","@id":"https:\/\/www.nettali.com\/#\/schema\/person\/bb147657c2986240405a608162b9bb23","name":"Ibrahima","image":{"@type":"ImageObject","@id":"https:\/\/www.nettali.com\/#personlogo","inLanguage":"fr-FR","url":"https:\/\/secure.gravatar.com\/avatar\/26a8a81f09f0dd7624c9d5c36c9ba3a2?s=96&d=mm&r=g","contentUrl":"https:\/\/secure.gravatar.com\/avatar\/26a8a81f09f0dd7624c9d5c36c9ba3a2?s=96&d=mm&r=g","caption":"Ibrahima"},"sameAs":["https:\/\/www.nettali.com"]}]}},"_links":{"self":[{"href":"https:\/\/www.nettali.com\/rest\/wp\/v2\/posts\/161961"}],"collection":[{"href":"https:\/\/www.nettali.com\/rest\/wp\/v2\/posts"}],"about":[{"href":"https:\/\/www.nettali.com\/rest\/wp\/v2\/types\/post"}],"author":[{"embeddable":true,"href":"https:\/\/www.nettali.com\/rest\/wp\/v2\/users\/5"}],"replies":[{"embeddable":true,"href":"https:\/\/www.nettali.com\/rest\/wp\/v2\/comments?post=161961"}],"version-history":[{"count":1,"href":"https:\/\/www.nettali.com\/rest\/wp\/v2\/posts\/161961\/revisions"}],"predecessor-version":[{"id":161962,"href":"https:\/\/www.nettali.com\/rest\/wp\/v2\/posts\/161961\/revisions\/161962"}],"wp:featuredmedia":[{"embeddable":true,"href":"https:\/\/www.nettali.com\/rest\/wp\/v2\/media\/161935"}],"wp:attachment":[{"href":"https:\/\/www.nettali.com\/rest\/wp\/v2\/media?parent=161961"}],"wp:term":[{"taxonomy":"category","embeddable":true,"href":"https:\/\/www.nettali.com\/rest\/wp\/v2\/categories?post=161961"},{"taxonomy":"post_tag","embeddable":true,"href":"https:\/\/www.nettali.com\/rest\/wp\/v2\/tags?post=161961"}],"curies":[{"name":"wp","href":"https:\/\/api.w.org\/{rel}","templated":true}]}}