{"id":161959,"date":"2025-09-27T13:09:13","date_gmt":"2025-09-27T13:09:13","guid":{"rendered":"https:\/\/www.nettali.com\/?p=161959"},"modified":"2025-09-27T10:11:02","modified_gmt":"2025-09-27T10:11:02","slug":"psg-les-blessures-ninquietent-pas-enrique","status":"publish","type":"post","link":"https:\/\/www.nettali.com\/2025\/09\/27\/psg-les-blessures-ninquietent-pas-enrique\/","title":{"rendered":"PSG - Les blessures n'inqui\u00e8tent pas Enrique"},"content":{"rendered":"<p><strong>NETTALI.COM -<\/strong> Peu \u00e9pargn\u00e9 par les p\u00e9pins physiques depuis le d\u00e9but de la saison, le Paris Saint- Germain a annonc\u00e9 ce vendredi la blessure de son capitaine Marquinhos (31 ans, 4 matchs et 1 but toutes comp\u00e9titions cette saison), touch\u00e9 au quadriceps gauche. Face \u00e0 cette h\u00e9catombe, Luis Enrique se veut serein.<\/p>\n<p>\"<em>C'est le football, il faut s'adapter \u00e0 ces situations. Ce n'est rien d'important. On se pr\u00e9pare pour g\u00e9rer tout ce qui se passe sur un terrain de foot. Je ne suis pas pr\u00e9occup\u00e9. C'est le haut niveau. (\u2026) On cherche \u00e0 pr\u00e9voir toutes les choses qui vont se passer mais je ne suis pas devin. Je cherche \u00e0 l'\u00eatre avant les matchs mais je ne sais pas quand les joueurs se blesseront. Je ne suis pas du tout pr\u00e9occup\u00e9 et c'est une mentalit\u00e9 que j'essaie de transmettre \u00e0 mes joueurs, aux supporters. On a plein de joueurs au campus qui peuvent jouer<\/em>\", a assur\u00e9 l\u2019entra\u00eeneur parisien en conf\u00e9rence de presse.<\/p>\n<p>L\u2019Espagnol est ensuite revenu sur la blessure de son d\u00e9fenseur central : \"<em>Sur la derni\u00e8re action du match contre Marseille (0-1), il a ressenti une petite douleur. Rien d'important mais il faut \u00eatre attentif et ne pas prendre de risques. Sur un match de cette intensit\u00e9, c'est normal. C'est dommage parce que ce n'est notre capitaine, mais il faut \u00eatre pr\u00eat et nous le sommes.<\/em>\"<\/p>\n<p>Annonc\u00e9 absent plusieurs semaines, le Br\u00e9silien manquera le d\u00e9placement \u00e0 Barcelone mercredi prochain.<\/p>\n<div class='share-to-whatsapp-wrapper'><div class='share-on-whsp'>PARTAGER SUR : <\/div><a data-text='PSG - Les blessures n'inqui\u00e8tent pas Enrique' data-link='https:\/\/www.nettali.com\/2025\/09\/27\/psg-les-blessures-ninquietent-pas-enrique\/' class='whatsapp-button whatsapp-share'>WhatsApp<\/a><div class='clear '><\/div><\/div>","protected":false},"excerpt":{"rendered":"<p>NETTALI.COM - Peu \u00e9pargn\u00e9 par les p\u00e9pins physiques depuis le d\u00e9but de la saison, le Paris Saint- Germain a annonc\u00e9 ce vendredi la blessure de son capitaine Marquinhos (31 ans, 4 matchs et 1 but toutes comp\u00e9titions cette saison), touch\u00e9 au quadriceps gauche. Face \u00e0 cette h\u00e9catombe, Luis Enrique se veut serein. \"C'est le football, [&hellip;]<\/p>\n","protected":false},"author":2,"featured_media":161483,"comment_status":"open","ping_status":"open","sticky":false,"template":"","format":"standard","meta":{"_et_pb_use_builder":"","_et_pb_old_content":""},"categories":[6],"tags":[],"yoast_head":"<!-- This site is optimized with the Yoast SEO Premium plugin v17.8 (Yoast SEO v17.8) - https:\/\/yoast.com\/wordpress\/plugins\/seo\/ -->\n<title>PSG - Les blessures n&#039;inqui\u00e8tent pas Enrique | Nettali.com<\/title>\n<meta name=\"robots\" content=\"index, follow, max-snippet:-1, max-image-preview:large, max-video-preview:-1\" \/>\n<link rel=\"canonical\" href=\"https:\/\/www.nettali.com\/2025\/09\/27\/psg-les-blessures-ninquietent-pas-enrique\/\" \/>\n<meta property=\"og:locale\" content=\"fr_FR\" \/>\n<meta property=\"og:type\" content=\"article\" \/>\n<meta property=\"og:title\" content=\"PSG - Les blessures n&#039;inqui\u00e8tent pas Enrique\" \/>\n<meta property=\"og:description\" content=\"NETTALI.COM - Peu \u00e9pargn\u00e9 par les p\u00e9pins physiques depuis le d\u00e9but de la saison, le Paris Saint- Germain a annonc\u00e9 ce vendredi la blessure de son capitaine Marquinhos (31 ans, 4 matchs et 1 but toutes comp\u00e9titions cette saison), touch\u00e9 au quadriceps gauche. Face \u00e0 cette h\u00e9catombe, Luis Enrique se veut serein. &quot;C&#039;est le football, [&hellip;]\" \/>\n<meta property=\"og:url\" content=\"https:\/\/www.nettali.com\/2025\/09\/27\/psg-les-blessures-ninquietent-pas-enrique\/\" \/>\n<meta property=\"og:site_name\" content=\"Nettali.com\" \/>\n<meta property=\"article:publisher\" content=\"https:\/\/www.facebook.com\/nettalicom\" \/>\n<meta property=\"article:published_time\" content=\"2025-09-27T13:09:13+00:00\" \/>\n<meta property=\"article:modified_time\" content=\"2025-09-27T10:11:02+00:00\" \/>\n<meta property=\"og:image\" content=\"https:\/\/www.nettali.com\/wp-content\/uploads\/2025\/09\/655e4.jpeg\" \/>\n\t<meta property=\"og:image:width\" content=\"828\" \/>\n\t<meta property=\"og:image:height\" content=\"552\" \/>\n<meta name=\"twitter:card\" content=\"summary_large_image\" \/>\n<meta name=\"twitter:label1\" content=\"\u00c9crit par\" \/>\n\t<meta name=\"twitter:data1\" content=\"CK\" \/>\n\t<meta name=\"twitter:label2\" content=\"Dur\u00e9e de lecture estim\u00e9e\" \/>\n\t<meta name=\"twitter:data2\" content=\"2 minutes\" \/>\n<script type=\"application\/ld+json\" class=\"yoast-schema-graph\">{\"@context\":\"https:\/\/schema.org\",\"@graph\":[{\"@type\":\"WebSite\",\"@id\":\"https:\/\/www.nettali.com\/#website\",\"url\":\"https:\/\/www.nettali.com\/\",\"name\":\"Nettali.com\",\"description\":\"Le rendez-vous critique du Net\",\"potentialAction\":[{\"@type\":\"SearchAction\",\"target\":{\"@type\":\"EntryPoint\",\"urlTemplate\":\"https:\/\/www.nettali.com\/?s={search_term_string}\"},\"query-input\":\"required name=search_term_string\"}],\"inLanguage\":\"fr-FR\"},{\"@type\":\"ImageObject\",\"@id\":\"https:\/\/www.nettali.com\/2025\/09\/27\/psg-les-blessures-ninquietent-pas-enrique\/#primaryimage\",\"inLanguage\":\"fr-FR\",\"url\":\"https:\/\/www.nettali.com\/wp-content\/uploads\/2025\/09\/655e4.jpeg\",\"contentUrl\":\"https:\/\/www.nettali.com\/wp-content\/uploads\/2025\/09\/655e4.jpeg\",\"width\":828,\"height\":552},{\"@type\":\"WebPage\",\"@id\":\"https:\/\/www.nettali.com\/2025\/09\/27\/psg-les-blessures-ninquietent-pas-enrique\/#webpage\",\"url\":\"https:\/\/www.nettali.com\/2025\/09\/27\/psg-les-blessures-ninquietent-pas-enrique\/\",\"name\":\"PSG - Les blessures n'inqui\\u00e8tent pas Enrique | Nettali.com\",\"isPartOf\":{\"@id\":\"https:\/\/www.nettali.com\/#website\"},\"primaryImageOfPage\":{\"@id\":\"https:\/\/www.nettali.com\/2025\/09\/27\/psg-les-blessures-ninquietent-pas-enrique\/#primaryimage\"},\"datePublished\":\"2025-09-27T13:09:13+00:00\",\"dateModified\":\"2025-09-27T10:11:02+00:00\",\"author\":{\"@id\":\"https:\/\/www.nettali.com\/#\/schema\/person\/d8ac7b7e27ddad43f1c0d2ef090d7f71\"},\"breadcrumb\":{\"@id\":\"https:\/\/www.nettali.com\/2025\/09\/27\/psg-les-blessures-ninquietent-pas-enrique\/#breadcrumb\"},\"inLanguage\":\"fr-FR\",\"potentialAction\":[{\"@type\":\"ReadAction\",\"target\":[\"https:\/\/www.nettali.com\/2025\/09\/27\/psg-les-blessures-ninquietent-pas-enrique\/\"]}]},{\"@type\":\"BreadcrumbList\",\"@id\":\"https:\/\/www.nettali.com\/2025\/09\/27\/psg-les-blessures-ninquietent-pas-enrique\/#breadcrumb\",\"itemListElement\":[{\"@type\":\"ListItem\",\"position\":1,\"name\":\"Accueil\",\"item\":\"https:\/\/www.nettali.com\/\"},{\"@type\":\"ListItem\",\"position\":2,\"name\":\"PSG - Les blessures n'inqui\\u00e8tent pas Enrique\"}]},{\"@type\":\"Person\",\"@id\":\"https:\/\/www.nettali.com\/#\/schema\/person\/d8ac7b7e27ddad43f1c0d2ef090d7f71\",\"name\":\"CK\",\"image\":{\"@type\":\"ImageObject\",\"@id\":\"https:\/\/www.nettali.com\/#personlogo\",\"inLanguage\":\"fr-FR\",\"url\":\"https:\/\/secure.gravatar.com\/avatar\/1d8d5118b9327d94da7cd4ce7f17fec2?s=96&d=mm&r=g\",\"contentUrl\":\"https:\/\/secure.gravatar.com\/avatar\/1d8d5118b9327d94da7cd4ce7f17fec2?s=96&d=mm&r=g\",\"caption\":\"CK\"},\"sameAs\":[\"https:\/\/www.nettali.com\"]}]}<\/script>\n<!-- \/ Yoast SEO Premium plugin. -->","yoast_head_json":{"title":"PSG - Les blessures n'inqui\u00e8tent pas Enrique | Nettali.com","robots":{"index":"index","follow":"follow","max-snippet":"max-snippet:-1","max-image-preview":"max-image-preview:large","max-video-preview":"max-video-preview:-1"},"canonical":"https:\/\/www.nettali.com\/2025\/09\/27\/psg-les-blessures-ninquietent-pas-enrique\/","og_locale":"fr_FR","og_type":"article","og_title":"PSG - Les blessures n'inqui\u00e8tent pas Enrique","og_description":"NETTALI.COM - Peu \u00e9pargn\u00e9 par les p\u00e9pins physiques depuis le d\u00e9but de la saison, le Paris Saint- Germain a annonc\u00e9 ce vendredi la blessure de son capitaine Marquinhos (31 ans, 4 matchs et 1 but toutes comp\u00e9titions cette saison), touch\u00e9 au quadriceps gauche. Face \u00e0 cette h\u00e9catombe, Luis Enrique se veut serein. \"C'est le football, [&hellip;]","og_url":"https:\/\/www.nettali.com\/2025\/09\/27\/psg-les-blessures-ninquietent-pas-enrique\/","og_site_name":"Nettali.com","article_publisher":"https:\/\/www.facebook.com\/nettalicom","article_published_time":"2025-09-27T13:09:13+00:00","article_modified_time":"2025-09-27T10:11:02+00:00","og_image":[{"width":828,"height":552,"url":"https:\/\/www.nettali.com\/wp-content\/uploads\/2025\/09\/655e4.jpeg","type":"image\/jpeg"}],"twitter_card":"summary_large_image","twitter_misc":{"\u00c9crit par":"CK","Dur\u00e9e de lecture estim\u00e9e":"2 minutes"},"schema":{"@context":"https:\/\/schema.org","@graph":[{"@type":"WebSite","@id":"https:\/\/www.nettali.com\/#website","url":"https:\/\/www.nettali.com\/","name":"Nettali.com","description":"Le rendez-vous critique du Net","potentialAction":[{"@type":"SearchAction","target":{"@type":"EntryPoint","urlTemplate":"https:\/\/www.nettali.com\/?s={search_term_string}"},"query-input":"required name=search_term_string"}],"inLanguage":"fr-FR"},{"@type":"ImageObject","@id":"https:\/\/www.nettali.com\/2025\/09\/27\/psg-les-blessures-ninquietent-pas-enrique\/#primaryimage","inLanguage":"fr-FR","url":"https:\/\/www.nettali.com\/wp-content\/uploads\/2025\/09\/655e4.jpeg","contentUrl":"https:\/\/www.nettali.com\/wp-content\/uploads\/2025\/09\/655e4.jpeg","width":828,"height":552},{"@type":"WebPage","@id":"https:\/\/www.nettali.com\/2025\/09\/27\/psg-les-blessures-ninquietent-pas-enrique\/#webpage","url":"https:\/\/www.nettali.com\/2025\/09\/27\/psg-les-blessures-ninquietent-pas-enrique\/","name":"PSG - Les blessures n'inqui\u00e8tent pas Enrique | Nettali.com","isPartOf":{"@id":"https:\/\/www.nettali.com\/#website"},"primaryImageOfPage":{"@id":"https:\/\/www.nettali.com\/2025\/09\/27\/psg-les-blessures-ninquietent-pas-enrique\/#primaryimage"},"datePublished":"2025-09-27T13:09:13+00:00","dateModified":"2025-09-27T10:11:02+00:00","author":{"@id":"https:\/\/www.nettali.com\/#\/schema\/person\/d8ac7b7e27ddad43f1c0d2ef090d7f71"},"breadcrumb":{"@id":"https:\/\/www.nettali.com\/2025\/09\/27\/psg-les-blessures-ninquietent-pas-enrique\/#breadcrumb"},"inLanguage":"fr-FR","potentialAction":[{"@type":"ReadAction","target":["https:\/\/www.nettali.com\/2025\/09\/27\/psg-les-blessures-ninquietent-pas-enrique\/"]}]},{"@type":"BreadcrumbList","@id":"https:\/\/www.nettali.com\/2025\/09\/27\/psg-les-blessures-ninquietent-pas-enrique\/#breadcrumb","itemListElement":[{"@type":"ListItem","position":1,"name":"Accueil","item":"https:\/\/www.nettali.com\/"},{"@type":"ListItem","position":2,"name":"PSG - Les blessures n'inqui\u00e8tent pas Enrique"}]},{"@type":"Person","@id":"https:\/\/www.nettali.com\/#\/schema\/person\/d8ac7b7e27ddad43f1c0d2ef090d7f71","name":"CK","image":{"@type":"ImageObject","@id":"https:\/\/www.nettali.com\/#personlogo","inLanguage":"fr-FR","url":"https:\/\/secure.gravatar.com\/avatar\/1d8d5118b9327d94da7cd4ce7f17fec2?s=96&d=mm&r=g","contentUrl":"https:\/\/secure.gravatar.com\/avatar\/1d8d5118b9327d94da7cd4ce7f17fec2?s=96&d=mm&r=g","caption":"CK"},"sameAs":["https:\/\/www.nettali.com"]}]}},"_links":{"self":[{"href":"https:\/\/www.nettali.com\/rest\/wp\/v2\/posts\/161959"}],"collection":[{"href":"https:\/\/www.nettali.com\/rest\/wp\/v2\/posts"}],"about":[{"href":"https:\/\/www.nettali.com\/rest\/wp\/v2\/types\/post"}],"author":[{"embeddable":true,"href":"https:\/\/www.nettali.com\/rest\/wp\/v2\/users\/2"}],"replies":[{"embeddable":true,"href":"https:\/\/www.nettali.com\/rest\/wp\/v2\/comments?post=161959"}],"version-history":[{"count":1,"href":"https:\/\/www.nettali.com\/rest\/wp\/v2\/posts\/161959\/revisions"}],"predecessor-version":[{"id":161960,"href":"https:\/\/www.nettali.com\/rest\/wp\/v2\/posts\/161959\/revisions\/161960"}],"wp:featuredmedia":[{"embeddable":true,"href":"https:\/\/www.nettali.com\/rest\/wp\/v2\/media\/161483"}],"wp:attachment":[{"href":"https:\/\/www.nettali.com\/rest\/wp\/v2\/media?parent=161959"}],"wp:term":[{"taxonomy":"category","embeddable":true,"href":"https:\/\/www.nettali.com\/rest\/wp\/v2\/categories?post=161959"},{"taxonomy":"post_tag","embeddable":true,"href":"https:\/\/www.nettali.com\/rest\/wp\/v2\/tags?post=161959"}],"curies":[{"name":"wp","href":"https:\/\/api.w.org\/{rel}","templated":true}]}}