{"id":161951,"date":"2025-09-27T09:50:17","date_gmt":"2025-09-27T09:50:17","guid":{"rendered":"https:\/\/www.nettali.com\/?p=161951"},"modified":"2025-09-28T07:14:42","modified_gmt":"2025-09-28T07:14:42","slug":"subventions-a-la-presse-mamadou-ibra-kane-souligne-lurgence-de-les-distribuer","status":"publish","type":"post","link":"https:\/\/www.nettali.com\/2025\/09\/27\/subventions-a-la-presse-mamadou-ibra-kane-souligne-lurgence-de-les-distribuer\/","title":{"rendered":"SUBVENTIONS A LA PRESSE - Mamadou Ibra Kane souligne l\u2019urgence de les distribuer"},"content":{"rendered":"<p><strong>NETTALI.COM Le Fonds d\u2019Appui et de D\u00e9veloppement de la Presse (FADP) a \u00e9t\u00e9 pr\u00e9sent\u00e9, le vendredi 26 septembres, aux acteurs de la presse s\u00e9n\u00e9galaise. Et m\u00eame si la plateforme d\u2019inscription sera lanc\u00e9e, d\u2019apr\u00e8s les autorit\u00e9s, les travailleurs des entreprises de presse sont lasses d\u2019attendre ces subventions qui n'ont pas \u00e9t\u00e9 octroy\u00e9es en 2024 et en 2025 ; sans oublier les contrats publicitaires liant les entreprises de presse avec les entreprises publiques qui ont \u00e9t\u00e9 unilat\u00e9ralement r\u00e9sili\u00e9s.<\/strong><\/p>\n<p>Aux yeux des acteurs, cette rencontre \u00e9tait imp\u00e9rative en raison d\u2019une situation d\u2019urgence. \u201c<em>Nous estimons qu\u2019aujourd\u2019hui, le minist\u00e8re de la Communication doit discuter avec les chefs d\u2019entreprise pour pouvoir trouver une solution \u00e0 la situation de crise qui pr\u00e9vaut au niveau de la presse. Parce qu\u2019apr\u00e8s la Covid-19, nous avons encha\u00een\u00e9 avec une p\u00e9riode de 19 mois o\u00f9 les entreprises de presse n\u2019ont b\u00e9n\u00e9fici\u00e9 d\u2019aucun fonds public, o\u00f9 elles n\u2019ont pas re\u00e7u la subvention aux m\u00e9dias depuis maintenant deux ann\u00e9es<\/em>\u201d, a d\u00e9clar\u00e9 Mamadou Ibra Kane, saluant ainsi la possibilit\u00e9 donn\u00e9e par le minist\u00e8re de discuter avec les acteurs des m\u00e9dias.<\/p>\n<p>En m\u00eame temps qu\u2019il se r\u00e9jouit de cette solution de l\u2019\u00c9tat avec les entreprises de presse, une grande crainte se lit sur son visage. \u201c<em>La subvention pour l\u2019ann\u00e9e 2024 a \u00e9t\u00e9 retourn\u00e9e au Tr\u00e9sor public parce qu\u2019elle n\u2019avait pas \u00e9t\u00e9 distribu\u00e9e. Cette ann\u00e9e, c\u2019est la m\u00eame menace qui nous guette, en ce sens que si ce n\u2019est pas distribu\u00e9 avant le dernier trimestre de l\u2019ann\u00e9e 2025, cette aide-l\u00e0 sera encore perdue<\/em>\u201d, a expliqu\u00e9 le Pr\u00e9sident du Conseil des diffuseurs et \u00e9diteurs de la presse du S\u00e9n\u00e9gal.<\/p>\n<p>\u00c0 cet effet, le journaliste souligne l\u2019imp\u00e9ratif de consid\u00e9rer la situation actuelle des entreprises qui, depuis 2020, ont subi les cons\u00e9quences de la Covid-19 et dont l\u2019activit\u00e9 est d\u00e9ficitaire \u00e0 60 %, voire 90 %. Cette crise est aggrav\u00e9e par le changement de r\u00e9gime, le non-paiement des prestations fournies aux entreprises de presse, l\u2019absence de distribution de l\u2019aide \u00e0 la presse et la r\u00e9siliation unilat\u00e9rale des contrats de publicit\u00e9 par le gouvernement actuel. \u201c<em>Aujourd\u2019hui, c\u2019est une situation d\u2019urgence. Il ne s\u2019agit pas de dire si on doit distribuer la subvention aux m\u00e9dias ou pas. Il s\u2019agit de voir comment, de mani\u00e8re ponctuelle, en l\u2019espace d\u2019un mois, on puisse octroyer des subventions pour l\u2019exploitation des m\u00e9dias. Parce qu\u2019il y a eu des milliers d\u2019emplois qui ont \u00e9t\u00e9 perdus rien qu\u2019entre 2024 et 2025. Il y a des arr\u00eats de salaire pour certains qui d\u00e9passent un an, il n\u2019y a plus de cotisation sociale, c\u2019est-\u00e0-dire pour la retraite, ni pour les allocations familiales et les accidents de travail. Il n\u2019y a plus de couverture maladie. C\u2019est une situation d\u2019urgence<\/em>\u201d, a indiqu\u00e9 Mamadou Ibra Kane.<\/p>\n<p>Peut-on dire que ce sont les types de besoins prioritaires ? \u201c<em>Oui, c\u2019est-\u00e0-dire qu\u2019aujourd\u2019hui, cette ann\u00e9e-l\u00e0, en ce seul mois qui nous reste, il nous faut n\u00e9cessairement des subventions pour l\u2019exploitation<\/em>\u201d, a soutenu le Pr\u00e9sident du patronat de la presse.<\/p>\n<p>Interrog\u00e9 sur les crit\u00e8res d\u2019\u00e9ligibilit\u00e9, Mamadou Ibra Kane r\u00e9torque : \u201c<em>Vous savez, vous ne pouvez pas sortir de cinq ans de Covid, deux ans d\u2019absence de distribution de subvention et d\u2019absence de cotisation, et parler de crit\u00e8res. C\u2019est parce que vous voulez \u00eatre complice de l\u2019assassinat de la presse priv\u00e9e s\u00e9n\u00e9galaise.<\/em>\u201d<\/p>\n<p>Le journaliste d\u2019ajouter, en insistant sur la situation qu\u2019il qualifie d\u2019urgence : \u201c<em>Aujourd\u2019hui, c\u2019est des subventions. Nous avons connu des probl\u00e8mes ; maintenant, on oublie pour que la presse puisse souffler. Et \u00e0 partir de l\u2019ann\u00e9e prochaine, on met en place un syst\u00e8me. Mais raconter comme \u00e7a des crit\u00e8res ; des crit\u00e8res pour qui ? M\u00eame les entreprises du secteur public de la presse, ont des arri\u00e9r\u00e9s de cotisation sociale. Elles ne pourraient pas, en principe, avoir le quitus ni fiscal, ni social.<\/em>\u201d En ce qui concerne la gouvernance du fonds, le journaliste fait confiance aux membres du comit\u00e9 d\u2019attribution.<\/p>\n<p>\u201c<em>Nous sommes des r\u00e9publicains. Il y a des repr\u00e9sentants de diff\u00e9rents minist\u00e8res qui sont dans ce comit\u00e9 d\u2019attribution. Oui, nous avons un pr\u00e9jug\u00e9 favorable, jusqu\u2019\u00e0 preuve du contraire<\/em>\u201d, dit-il avant d\u2019insister sur la situation qui le pr\u00e9occupe tant.<\/p>\n<p>\u201c<em>Je parle pour vous : les gens voudraient que la situation soit d\u00e9cant\u00e9e tr\u00e8s rapidement. Oui, dans ce mois-l\u00e0. On ne doit pas aller au-del\u00e0 des 30 jours. Sans \u00e7a, les fonds seront perdus. La situation est exceptionnelle. Absolument. Et \u00e7a, c\u2019est la volont\u00e9 politique uniquement du pr\u00e9sident de la R\u00e9publique et de son Premier ministre. Ce n\u2019est pas autre chose<\/em>\u201d, a-t-il poursuivi.<\/p>\n<p><strong>Pr\u00e9sentation de la plateforme de l\u2019ADPME li\u00e9e au Fonds d'appui et de d\u00e9veloppement de la Presse\u00a0<\/strong><\/p>\n<p>Parall\u00e8lement, une pr\u00e9sentation du Fonds d\u2019Appui et de D\u00e9veloppement de la Presse (FADP) a \u00e9t\u00e9 faite, le vendredi 26 septembre, devant les acteurs, \u00e0 Dakar, par le minist\u00e8re de la Communication, des T\u00e9l\u00e9communications et du Num\u00e9rique. Elle a permis de montrer aux acteurs comment remplir la plateforme de l\u2019Agence de D\u00e9veloppement et d\u2019Encadrement des Petites et Moyennes Entreprises (ADPME) et de rappeler les crit\u00e8res d\u2019\u00e9ligibilit\u00e9. Tr\u00e8s bient\u00f4t, cette plateforme sera ouverte pour les inscriptions, selon les autorit\u00e9s. \u201c<em>Les crit\u00e8res restent les m\u00eames par rapport au fonds, \u00e7a n\u2019a pas chang\u00e9<\/em>\u201d, a soutenu Mamadou Moustapha Diouf de la direction de la Communication.<\/p>\n<p>Celui-ci note qu\u2019il y a des postes budg\u00e9taires tels que la formation et le financement de mat\u00e9riel. Ces lignes sont pr\u00e9vues. Mais d\u00e9sormais, le fonds s\u2019attache au projet. M. Diouf pr\u00e9cise que les entreprises re\u00e7oivent du financement sur la base de la pertinence du projet qu\u2019elles pr\u00e9sentent et de l\u2019expression des besoins. \u201c<em>Vous venez, vous pr\u00e9sentez un projet ; on ne sait pas si c\u2019est l\u2019entreprise d\u2019un tel ou d\u2019un tel. C\u2019est le projet qu\u2019on regarde, la viabilit\u00e9, la pertinence. Et on accompagne ce projet-l\u00e0 avec un syst\u00e8me de suivi et d\u2019\u00e9valuation pilot\u00e9 par l\u2019ADPME, qui a l\u2019exp\u00e9rience de \u00e7a<\/em>\u201d, a-t-il soulign\u00e9.<\/p>\n<p>Le budget global du fonds est de 1,9 milliard FCFA. Qu\u2019en est-il du m\u00e9canisme de contr\u00f4le \u00e0 posteriori ? Cette partie est g\u00e9r\u00e9e par l\u2019ADPME. Il y a un m\u00e9canisme de suivi qui se fera au fur et \u00e0 mesure. Un contr\u00f4le se fera apr\u00e8s le financement pour d\u00e9terminer l\u2019impact des projets financ\u00e9s.<\/p>\n<p>\u00c0 la question de savoir s\u2019il existe des m\u00e9canismes concrets pour garantir que le fonds ne devienne pas un instrument de pression, Mamadou Moustapha Diouf r\u00e9torque : \u201c<em>Non, non, \u00e7a ne risque pas d\u2019arriver, dans le sens o\u00f9, comme je l\u2019ai dit tout \u00e0 l\u2019heure, on va financer des projets. C\u2019est structurant ! C\u2019est un accompagnement structurant qui se d\u00e9marque de ce qui se faisait avant. Parce que les gens venaient et recevaient le fonds \u00e0 la t\u00eate du client, selon la proximit\u00e9 avec certaines autorit\u00e9s, etc. Donc, maintenant, comme je l\u2019ai dit, le processus, avec l\u2019ADPME et le comit\u00e9 de gestion, c\u2019est de suivre le projet, de rester sur le projet, la viabilit\u00e9, la pertinence et surtout l\u2019impact.<\/em>\u201d<\/p>\n<p>&nbsp;<\/p>\n<div class='share-to-whatsapp-wrapper'><div class='share-on-whsp'>PARTAGER SUR : <\/div><a data-text='SUBVENTIONS A LA PRESSE - Mamadou Ibra Kane souligne l\u2019urgence de les distribuer' data-link='https:\/\/www.nettali.com\/2025\/09\/27\/subventions-a-la-presse-mamadou-ibra-kane-souligne-lurgence-de-les-distribuer\/' class='whatsapp-button whatsapp-share'>WhatsApp<\/a><div class='clear '><\/div><\/div>","protected":false},"excerpt":{"rendered":"<p>NETTALI.COM Le Fonds d\u2019Appui et de D\u00e9veloppement de la Presse (FADP) a \u00e9t\u00e9 pr\u00e9sent\u00e9, le vendredi 26 septembres, aux acteurs de la presse s\u00e9n\u00e9galaise. Et m\u00eame si la plateforme d\u2019inscription sera lanc\u00e9e, d\u2019apr\u00e8s les autorit\u00e9s, les travailleurs des entreprises de presse sont lasses d\u2019attendre ces subventions qui n'ont pas \u00e9t\u00e9 octroy\u00e9es en 2024 et en [&hellip;]<\/p>\n","protected":false},"author":2,"featured_media":161952,"comment_status":"open","ping_status":"open","sticky":false,"template":"","format":"standard","meta":{"_et_pb_use_builder":"","_et_pb_old_content":""},"categories":[4],"tags":[],"yoast_head":"<!-- This site is optimized with the Yoast SEO Premium plugin v17.8 (Yoast SEO v17.8) - https:\/\/yoast.com\/wordpress\/plugins\/seo\/ -->\n<title>SUBVENTIONS A LA PRESSE - Mamadou Ibra Kane souligne l\u2019urgence de les distribuer | Nettali.com<\/title>\n<meta name=\"robots\" content=\"index, follow, max-snippet:-1, max-image-preview:large, max-video-preview:-1\" \/>\n<link rel=\"canonical\" href=\"https:\/\/www.nettali.com\/2025\/09\/27\/subventions-a-la-presse-mamadou-ibra-kane-souligne-lurgence-de-les-distribuer\/\" \/>\n<meta property=\"og:locale\" content=\"fr_FR\" \/>\n<meta property=\"og:type\" content=\"article\" \/>\n<meta property=\"og:title\" content=\"SUBVENTIONS A LA PRESSE - Mamadou Ibra Kane souligne l\u2019urgence de les distribuer\" \/>\n<meta property=\"og:description\" content=\"NETTALI.COM Le Fonds d\u2019Appui et de D\u00e9veloppement de la Presse (FADP) a \u00e9t\u00e9 pr\u00e9sent\u00e9, le vendredi 26 septembres, aux acteurs de la presse s\u00e9n\u00e9galaise. Et m\u00eame si la plateforme d\u2019inscription sera lanc\u00e9e, d\u2019apr\u00e8s les autorit\u00e9s, les travailleurs des entreprises de presse sont lasses d\u2019attendre ces subventions qui n&#039;ont pas \u00e9t\u00e9 octroy\u00e9es en 2024 et en [&hellip;]\" \/>\n<meta property=\"og:url\" content=\"https:\/\/www.nettali.com\/2025\/09\/27\/subventions-a-la-presse-mamadou-ibra-kane-souligne-lurgence-de-les-distribuer\/\" \/>\n<meta property=\"og:site_name\" content=\"Nettali.com\" \/>\n<meta property=\"article:publisher\" content=\"https:\/\/www.facebook.com\/nettalicom\" \/>\n<meta property=\"article:published_time\" content=\"2025-09-27T09:50:17+00:00\" \/>\n<meta property=\"article:modified_time\" content=\"2025-09-28T07:14:42+00:00\" \/>\n<meta property=\"og:image\" content=\"https:\/\/www.nettali.com\/wp-content\/uploads\/2025\/09\/Mamadou-Ibra-Kane.jpg\" \/>\n\t<meta property=\"og:image:width\" content=\"696\" \/>\n\t<meta property=\"og:image:height\" content=\"392\" \/>\n<meta name=\"twitter:card\" content=\"summary_large_image\" \/>\n<meta name=\"twitter:label1\" content=\"\u00c9crit par\" \/>\n\t<meta name=\"twitter:data1\" content=\"CK\" \/>\n\t<meta name=\"twitter:label2\" content=\"Dur\u00e9e de lecture estim\u00e9e\" \/>\n\t<meta name=\"twitter:data2\" content=\"6 minutes\" \/>\n<script type=\"application\/ld+json\" class=\"yoast-schema-graph\">{\"@context\":\"https:\/\/schema.org\",\"@graph\":[{\"@type\":\"WebSite\",\"@id\":\"https:\/\/www.nettali.com\/#website\",\"url\":\"https:\/\/www.nettali.com\/\",\"name\":\"Nettali.com\",\"description\":\"Le rendez-vous critique du Net\",\"potentialAction\":[{\"@type\":\"SearchAction\",\"target\":{\"@type\":\"EntryPoint\",\"urlTemplate\":\"https:\/\/www.nettali.com\/?s={search_term_string}\"},\"query-input\":\"required name=search_term_string\"}],\"inLanguage\":\"fr-FR\"},{\"@type\":\"ImageObject\",\"@id\":\"https:\/\/www.nettali.com\/2025\/09\/27\/subventions-a-la-presse-mamadou-ibra-kane-souligne-lurgence-de-les-distribuer\/#primaryimage\",\"inLanguage\":\"fr-FR\",\"url\":\"https:\/\/www.nettali.com\/wp-content\/uploads\/2025\/09\/Mamadou-Ibra-Kane.jpg\",\"contentUrl\":\"https:\/\/www.nettali.com\/wp-content\/uploads\/2025\/09\/Mamadou-Ibra-Kane.jpg\",\"width\":696,\"height\":392},{\"@type\":\"WebPage\",\"@id\":\"https:\/\/www.nettali.com\/2025\/09\/27\/subventions-a-la-presse-mamadou-ibra-kane-souligne-lurgence-de-les-distribuer\/#webpage\",\"url\":\"https:\/\/www.nettali.com\/2025\/09\/27\/subventions-a-la-presse-mamadou-ibra-kane-souligne-lurgence-de-les-distribuer\/\",\"name\":\"SUBVENTIONS A LA PRESSE - Mamadou Ibra Kane souligne l\\u2019urgence de les distribuer | Nettali.com\",\"isPartOf\":{\"@id\":\"https:\/\/www.nettali.com\/#website\"},\"primaryImageOfPage\":{\"@id\":\"https:\/\/www.nettali.com\/2025\/09\/27\/subventions-a-la-presse-mamadou-ibra-kane-souligne-lurgence-de-les-distribuer\/#primaryimage\"},\"datePublished\":\"2025-09-27T09:50:17+00:00\",\"dateModified\":\"2025-09-28T07:14:42+00:00\",\"author\":{\"@id\":\"https:\/\/www.nettali.com\/#\/schema\/person\/d8ac7b7e27ddad43f1c0d2ef090d7f71\"},\"breadcrumb\":{\"@id\":\"https:\/\/www.nettali.com\/2025\/09\/27\/subventions-a-la-presse-mamadou-ibra-kane-souligne-lurgence-de-les-distribuer\/#breadcrumb\"},\"inLanguage\":\"fr-FR\",\"potentialAction\":[{\"@type\":\"ReadAction\",\"target\":[\"https:\/\/www.nettali.com\/2025\/09\/27\/subventions-a-la-presse-mamadou-ibra-kane-souligne-lurgence-de-les-distribuer\/\"]}]},{\"@type\":\"BreadcrumbList\",\"@id\":\"https:\/\/www.nettali.com\/2025\/09\/27\/subventions-a-la-presse-mamadou-ibra-kane-souligne-lurgence-de-les-distribuer\/#breadcrumb\",\"itemListElement\":[{\"@type\":\"ListItem\",\"position\":1,\"name\":\"Accueil\",\"item\":\"https:\/\/www.nettali.com\/\"},{\"@type\":\"ListItem\",\"position\":2,\"name\":\"SUBVENTIONS A LA PRESSE - Mamadou Ibra Kane souligne l\\u2019urgence de les distribuer\"}]},{\"@type\":\"Person\",\"@id\":\"https:\/\/www.nettali.com\/#\/schema\/person\/d8ac7b7e27ddad43f1c0d2ef090d7f71\",\"name\":\"CK\",\"image\":{\"@type\":\"ImageObject\",\"@id\":\"https:\/\/www.nettali.com\/#personlogo\",\"inLanguage\":\"fr-FR\",\"url\":\"https:\/\/secure.gravatar.com\/avatar\/1d8d5118b9327d94da7cd4ce7f17fec2?s=96&d=mm&r=g\",\"contentUrl\":\"https:\/\/secure.gravatar.com\/avatar\/1d8d5118b9327d94da7cd4ce7f17fec2?s=96&d=mm&r=g\",\"caption\":\"CK\"},\"sameAs\":[\"https:\/\/www.nettali.com\"]}]}<\/script>\n<!-- \/ Yoast SEO Premium plugin. -->","yoast_head_json":{"title":"SUBVENTIONS A LA PRESSE - Mamadou Ibra Kane souligne l\u2019urgence de les distribuer | Nettali.com","robots":{"index":"index","follow":"follow","max-snippet":"max-snippet:-1","max-image-preview":"max-image-preview:large","max-video-preview":"max-video-preview:-1"},"canonical":"https:\/\/www.nettali.com\/2025\/09\/27\/subventions-a-la-presse-mamadou-ibra-kane-souligne-lurgence-de-les-distribuer\/","og_locale":"fr_FR","og_type":"article","og_title":"SUBVENTIONS A LA PRESSE - Mamadou Ibra Kane souligne l\u2019urgence de les distribuer","og_description":"NETTALI.COM Le Fonds d\u2019Appui et de D\u00e9veloppement de la Presse (FADP) a \u00e9t\u00e9 pr\u00e9sent\u00e9, le vendredi 26 septembres, aux acteurs de la presse s\u00e9n\u00e9galaise. Et m\u00eame si la plateforme d\u2019inscription sera lanc\u00e9e, d\u2019apr\u00e8s les autorit\u00e9s, les travailleurs des entreprises de presse sont lasses d\u2019attendre ces subventions qui n'ont pas \u00e9t\u00e9 octroy\u00e9es en 2024 et en [&hellip;]","og_url":"https:\/\/www.nettali.com\/2025\/09\/27\/subventions-a-la-presse-mamadou-ibra-kane-souligne-lurgence-de-les-distribuer\/","og_site_name":"Nettali.com","article_publisher":"https:\/\/www.facebook.com\/nettalicom","article_published_time":"2025-09-27T09:50:17+00:00","article_modified_time":"2025-09-28T07:14:42+00:00","og_image":[{"width":696,"height":392,"url":"https:\/\/www.nettali.com\/wp-content\/uploads\/2025\/09\/Mamadou-Ibra-Kane.jpg","type":"image\/jpeg"}],"twitter_card":"summary_large_image","twitter_misc":{"\u00c9crit par":"CK","Dur\u00e9e de lecture estim\u00e9e":"6 minutes"},"schema":{"@context":"https:\/\/schema.org","@graph":[{"@type":"WebSite","@id":"https:\/\/www.nettali.com\/#website","url":"https:\/\/www.nettali.com\/","name":"Nettali.com","description":"Le rendez-vous critique du Net","potentialAction":[{"@type":"SearchAction","target":{"@type":"EntryPoint","urlTemplate":"https:\/\/www.nettali.com\/?s={search_term_string}"},"query-input":"required name=search_term_string"}],"inLanguage":"fr-FR"},{"@type":"ImageObject","@id":"https:\/\/www.nettali.com\/2025\/09\/27\/subventions-a-la-presse-mamadou-ibra-kane-souligne-lurgence-de-les-distribuer\/#primaryimage","inLanguage":"fr-FR","url":"https:\/\/www.nettali.com\/wp-content\/uploads\/2025\/09\/Mamadou-Ibra-Kane.jpg","contentUrl":"https:\/\/www.nettali.com\/wp-content\/uploads\/2025\/09\/Mamadou-Ibra-Kane.jpg","width":696,"height":392},{"@type":"WebPage","@id":"https:\/\/www.nettali.com\/2025\/09\/27\/subventions-a-la-presse-mamadou-ibra-kane-souligne-lurgence-de-les-distribuer\/#webpage","url":"https:\/\/www.nettali.com\/2025\/09\/27\/subventions-a-la-presse-mamadou-ibra-kane-souligne-lurgence-de-les-distribuer\/","name":"SUBVENTIONS A LA PRESSE - Mamadou Ibra Kane souligne l\u2019urgence de les distribuer | Nettali.com","isPartOf":{"@id":"https:\/\/www.nettali.com\/#website"},"primaryImageOfPage":{"@id":"https:\/\/www.nettali.com\/2025\/09\/27\/subventions-a-la-presse-mamadou-ibra-kane-souligne-lurgence-de-les-distribuer\/#primaryimage"},"datePublished":"2025-09-27T09:50:17+00:00","dateModified":"2025-09-28T07:14:42+00:00","author":{"@id":"https:\/\/www.nettali.com\/#\/schema\/person\/d8ac7b7e27ddad43f1c0d2ef090d7f71"},"breadcrumb":{"@id":"https:\/\/www.nettali.com\/2025\/09\/27\/subventions-a-la-presse-mamadou-ibra-kane-souligne-lurgence-de-les-distribuer\/#breadcrumb"},"inLanguage":"fr-FR","potentialAction":[{"@type":"ReadAction","target":["https:\/\/www.nettali.com\/2025\/09\/27\/subventions-a-la-presse-mamadou-ibra-kane-souligne-lurgence-de-les-distribuer\/"]}]},{"@type":"BreadcrumbList","@id":"https:\/\/www.nettali.com\/2025\/09\/27\/subventions-a-la-presse-mamadou-ibra-kane-souligne-lurgence-de-les-distribuer\/#breadcrumb","itemListElement":[{"@type":"ListItem","position":1,"name":"Accueil","item":"https:\/\/www.nettali.com\/"},{"@type":"ListItem","position":2,"name":"SUBVENTIONS A LA PRESSE - Mamadou Ibra Kane souligne l\u2019urgence de les distribuer"}]},{"@type":"Person","@id":"https:\/\/www.nettali.com\/#\/schema\/person\/d8ac7b7e27ddad43f1c0d2ef090d7f71","name":"CK","image":{"@type":"ImageObject","@id":"https:\/\/www.nettali.com\/#personlogo","inLanguage":"fr-FR","url":"https:\/\/secure.gravatar.com\/avatar\/1d8d5118b9327d94da7cd4ce7f17fec2?s=96&d=mm&r=g","contentUrl":"https:\/\/secure.gravatar.com\/avatar\/1d8d5118b9327d94da7cd4ce7f17fec2?s=96&d=mm&r=g","caption":"CK"},"sameAs":["https:\/\/www.nettali.com"]}]}},"_links":{"self":[{"href":"https:\/\/www.nettali.com\/rest\/wp\/v2\/posts\/161951"}],"collection":[{"href":"https:\/\/www.nettali.com\/rest\/wp\/v2\/posts"}],"about":[{"href":"https:\/\/www.nettali.com\/rest\/wp\/v2\/types\/post"}],"author":[{"embeddable":true,"href":"https:\/\/www.nettali.com\/rest\/wp\/v2\/users\/2"}],"replies":[{"embeddable":true,"href":"https:\/\/www.nettali.com\/rest\/wp\/v2\/comments?post=161951"}],"version-history":[{"count":3,"href":"https:\/\/www.nettali.com\/rest\/wp\/v2\/posts\/161951\/revisions"}],"predecessor-version":[{"id":161955,"href":"https:\/\/www.nettali.com\/rest\/wp\/v2\/posts\/161951\/revisions\/161955"}],"wp:featuredmedia":[{"embeddable":true,"href":"https:\/\/www.nettali.com\/rest\/wp\/v2\/media\/161952"}],"wp:attachment":[{"href":"https:\/\/www.nettali.com\/rest\/wp\/v2\/media?parent=161951"}],"wp:term":[{"taxonomy":"category","embeddable":true,"href":"https:\/\/www.nettali.com\/rest\/wp\/v2\/categories?post=161951"},{"taxonomy":"post_tag","embeddable":true,"href":"https:\/\/www.nettali.com\/rest\/wp\/v2\/tags?post=161951"}],"curies":[{"name":"wp","href":"https:\/\/api.w.org\/{rel}","templated":true}]}}