{"id":161949,"date":"2025-09-27T09:23:38","date_gmt":"2025-09-27T09:23:38","guid":{"rendered":"https:\/\/www.nettali.com\/?p=161949"},"modified":"2025-09-27T09:52:45","modified_gmt":"2025-09-27T09:52:45","slug":"front-social-le-pm-secoue-ses-hommes","status":"publish","type":"post","link":"https:\/\/www.nettali.com\/2025\/09\/27\/front-social-le-pm-secoue-ses-hommes\/","title":{"rendered":"FRONT SOCIAL - Le PM secoue ses hommes"},"content":{"rendered":"<p><strong>NETTALI.COM -<\/strong> Le Premier ministre semble prendre au s\u00e9rieux la menace des syndicats, qui ont appel\u00e9, le jeudi 25 septembre, \u00e0 la mobilisation des travailleurs. Selon nos sources, il a pris, le vendredi 26 septembre, une note pour donner des instructions fermes \u00e0 ses ministres.<\/p>\n<p>Le Pacte national de stabilit\u00e9 sociale, pour une croissance inclusive et durable sign\u00e9 le 1er mai 2025, indique-t-il, selon nos sources, pr\u00e9voit un plan d\u2019action sur trois ans. Ce plan d\u2019action, selon le PM, doit servir de feuille de route pour une bonne mise en oeuvre de l\u2019accord, avec des activit\u00e9s et sous activit\u00e9s clairement identifi\u00e9es. Dans cette perspective, il a somm\u00e9 ses ministres de prendre toutes les dispositions pour la r\u00e9alisation desdites activit\u00e9s. Ce qui passe forc\u00e9ment par la budg\u00e9tisation dans le cadre de la loi des finances.<\/p>\n<p>\u201c<em>A cet \u00e9gard, je vous demande d\u2019identifier avec pr\u00e9cision, et d\u2019int\u00e9grer de fa\u00e7on prioritaire dans vos propositions budg\u00e9taires pour la Loi de Finances Initiales 2026, les activit\u00e9s relevant de votre responsabilit\u00e9<\/em>\u201d, ordonne-t-il \u00e0 tous les membres du Gouvernement.<\/p>\n<p>Pour rappel, avant-hier, jeudi, les centrales syndicales avaient anim\u00e9 une conf\u00e9rence de presse pour d\u00e9noncer les lenteurs dans la mise en oeuvre des accords.<\/p>\n<p>\u201c\u2026<em>Face \u00e0 ce contexte, le front syndical pour la d\u00e9fense du travail dont tous les membres sont signataires du pacte appelle les travailleurs \u00e0 la mobilisation pour la sauvegarde des acquis et se pr\u00e9parer \u00e0 de nouvelles conqu\u00eates<\/em>\u201d, mena\u00e7aient les camarades de Mody Guiro.<\/p>\n<p>Le front avait dans le m\u00eame sillage d\u00e9cid\u00e9 de d\u00e9rouler le plan d\u2019action suivant : organisation d\u2019une assembl\u00e9e g\u00e9n\u00e9rale des d\u00e9l\u00e9gu\u00e9s du personnel le 15 octobre 2025, organisation d\u2019une journ\u00e9e nationale d\u2019action : d\u00e9p\u00f4t pr\u00e9avis de gr\u00e8ve, sit-in marches, etc.<\/p>\n<p>Par ailleurs, il faut noter, d\u2019apr\u00e8s les syndicalistes, que certains accords doivent conna\u00eetre un d\u00e9but d\u2019ex\u00e9cution cette ann\u00e9e m\u00eame\u2026. Or, pour les actions dont parle le PM et qui doivent \u00eatre budg\u00e9tis\u00e9es dans la LFI, il faudra attendre 2026 pour voir leur mise en oeuvre.<\/p>\n<p>EnQu\u00eate<\/p>\n<div class='share-to-whatsapp-wrapper'><div class='share-on-whsp'>PARTAGER SUR : <\/div><a data-text='FRONT SOCIAL - Le PM secoue ses hommes' data-link='https:\/\/www.nettali.com\/2025\/09\/27\/front-social-le-pm-secoue-ses-hommes\/' class='whatsapp-button whatsapp-share'>WhatsApp<\/a><div class='clear '><\/div><\/div>","protected":false},"excerpt":{"rendered":"<p>NETTALI.COM - Le Premier ministre semble prendre au s\u00e9rieux la menace des syndicats, qui ont appel\u00e9, le jeudi 25 septembre, \u00e0 la mobilisation des travailleurs. Selon nos sources, il a pris, le vendredi 26 septembre, une note pour donner des instructions fermes \u00e0 ses ministres. Le Pacte national de stabilit\u00e9 sociale, pour une croissance inclusive [&hellip;]<\/p>\n","protected":false},"author":2,"featured_media":160564,"comment_status":"open","ping_status":"open","sticky":false,"template":"","format":"standard","meta":{"_et_pb_use_builder":"","_et_pb_old_content":""},"categories":[2],"tags":[],"yoast_head":"<!-- This site is optimized with the Yoast SEO Premium plugin v17.8 (Yoast SEO v17.8) - https:\/\/yoast.com\/wordpress\/plugins\/seo\/ -->\n<title>FRONT SOCIAL - Le PM secoue ses hommes | Nettali.com<\/title>\n<meta name=\"robots\" content=\"index, follow, max-snippet:-1, max-image-preview:large, max-video-preview:-1\" \/>\n<link rel=\"canonical\" href=\"https:\/\/www.nettali.com\/2025\/09\/27\/front-social-le-pm-secoue-ses-hommes\/\" \/>\n<meta property=\"og:locale\" content=\"fr_FR\" \/>\n<meta property=\"og:type\" content=\"article\" \/>\n<meta property=\"og:title\" content=\"FRONT SOCIAL - Le PM secoue ses hommes\" \/>\n<meta property=\"og:description\" content=\"NETTALI.COM - Le Premier ministre semble prendre au s\u00e9rieux la menace des syndicats, qui ont appel\u00e9, le jeudi 25 septembre, \u00e0 la mobilisation des travailleurs. Selon nos sources, il a pris, le vendredi 26 septembre, une note pour donner des instructions fermes \u00e0 ses ministres. Le Pacte national de stabilit\u00e9 sociale, pour une croissance inclusive [&hellip;]\" \/>\n<meta property=\"og:url\" content=\"https:\/\/www.nettali.com\/2025\/09\/27\/front-social-le-pm-secoue-ses-hommes\/\" \/>\n<meta property=\"og:site_name\" content=\"Nettali.com\" \/>\n<meta property=\"article:publisher\" content=\"https:\/\/www.facebook.com\/nettalicom\" \/>\n<meta property=\"article:published_time\" content=\"2025-09-27T09:23:38+00:00\" \/>\n<meta property=\"article:modified_time\" content=\"2025-09-27T09:52:45+00:00\" \/>\n<meta property=\"og:image\" content=\"https:\/\/www.nettali.com\/wp-content\/uploads\/2025\/09\/Ousmane-Sonko-Plan-de-redressement-economique-du-Senegal.jpg\" \/>\n\t<meta property=\"og:image:width\" content=\"2048\" \/>\n\t<meta property=\"og:image:height\" content=\"1364\" \/>\n<meta name=\"twitter:card\" content=\"summary_large_image\" \/>\n<meta name=\"twitter:label1\" content=\"\u00c9crit par\" \/>\n\t<meta name=\"twitter:data1\" content=\"CK\" \/>\n\t<meta name=\"twitter:label2\" content=\"Dur\u00e9e de lecture estim\u00e9e\" \/>\n\t<meta name=\"twitter:data2\" content=\"2 minutes\" \/>\n<script type=\"application\/ld+json\" class=\"yoast-schema-graph\">{\"@context\":\"https:\/\/schema.org\",\"@graph\":[{\"@type\":\"WebSite\",\"@id\":\"https:\/\/www.nettali.com\/#website\",\"url\":\"https:\/\/www.nettali.com\/\",\"name\":\"Nettali.com\",\"description\":\"Le rendez-vous critique du Net\",\"potentialAction\":[{\"@type\":\"SearchAction\",\"target\":{\"@type\":\"EntryPoint\",\"urlTemplate\":\"https:\/\/www.nettali.com\/?s={search_term_string}\"},\"query-input\":\"required name=search_term_string\"}],\"inLanguage\":\"fr-FR\"},{\"@type\":\"ImageObject\",\"@id\":\"https:\/\/www.nettali.com\/2025\/09\/27\/front-social-le-pm-secoue-ses-hommes\/#primaryimage\",\"inLanguage\":\"fr-FR\",\"url\":\"https:\/\/www.nettali.com\/wp-content\/uploads\/2025\/09\/Ousmane-Sonko-Plan-de-redressement-economique-du-Senegal.jpg\",\"contentUrl\":\"https:\/\/www.nettali.com\/wp-content\/uploads\/2025\/09\/Ousmane-Sonko-Plan-de-redressement-economique-du-Senegal.jpg\",\"width\":2048,\"height\":1364},{\"@type\":\"WebPage\",\"@id\":\"https:\/\/www.nettali.com\/2025\/09\/27\/front-social-le-pm-secoue-ses-hommes\/#webpage\",\"url\":\"https:\/\/www.nettali.com\/2025\/09\/27\/front-social-le-pm-secoue-ses-hommes\/\",\"name\":\"FRONT SOCIAL - Le PM secoue ses hommes | Nettali.com\",\"isPartOf\":{\"@id\":\"https:\/\/www.nettali.com\/#website\"},\"primaryImageOfPage\":{\"@id\":\"https:\/\/www.nettali.com\/2025\/09\/27\/front-social-le-pm-secoue-ses-hommes\/#primaryimage\"},\"datePublished\":\"2025-09-27T09:23:38+00:00\",\"dateModified\":\"2025-09-27T09:52:45+00:00\",\"author\":{\"@id\":\"https:\/\/www.nettali.com\/#\/schema\/person\/d8ac7b7e27ddad43f1c0d2ef090d7f71\"},\"breadcrumb\":{\"@id\":\"https:\/\/www.nettali.com\/2025\/09\/27\/front-social-le-pm-secoue-ses-hommes\/#breadcrumb\"},\"inLanguage\":\"fr-FR\",\"potentialAction\":[{\"@type\":\"ReadAction\",\"target\":[\"https:\/\/www.nettali.com\/2025\/09\/27\/front-social-le-pm-secoue-ses-hommes\/\"]}]},{\"@type\":\"BreadcrumbList\",\"@id\":\"https:\/\/www.nettali.com\/2025\/09\/27\/front-social-le-pm-secoue-ses-hommes\/#breadcrumb\",\"itemListElement\":[{\"@type\":\"ListItem\",\"position\":1,\"name\":\"Accueil\",\"item\":\"https:\/\/www.nettali.com\/\"},{\"@type\":\"ListItem\",\"position\":2,\"name\":\"FRONT SOCIAL - Le PM secoue ses hommes\"}]},{\"@type\":\"Person\",\"@id\":\"https:\/\/www.nettali.com\/#\/schema\/person\/d8ac7b7e27ddad43f1c0d2ef090d7f71\",\"name\":\"CK\",\"image\":{\"@type\":\"ImageObject\",\"@id\":\"https:\/\/www.nettali.com\/#personlogo\",\"inLanguage\":\"fr-FR\",\"url\":\"https:\/\/secure.gravatar.com\/avatar\/1d8d5118b9327d94da7cd4ce7f17fec2?s=96&d=mm&r=g\",\"contentUrl\":\"https:\/\/secure.gravatar.com\/avatar\/1d8d5118b9327d94da7cd4ce7f17fec2?s=96&d=mm&r=g\",\"caption\":\"CK\"},\"sameAs\":[\"https:\/\/www.nettali.com\"]}]}<\/script>\n<!-- \/ Yoast SEO Premium plugin. -->","yoast_head_json":{"title":"FRONT SOCIAL - Le PM secoue ses hommes | Nettali.com","robots":{"index":"index","follow":"follow","max-snippet":"max-snippet:-1","max-image-preview":"max-image-preview:large","max-video-preview":"max-video-preview:-1"},"canonical":"https:\/\/www.nettali.com\/2025\/09\/27\/front-social-le-pm-secoue-ses-hommes\/","og_locale":"fr_FR","og_type":"article","og_title":"FRONT SOCIAL - Le PM secoue ses hommes","og_description":"NETTALI.COM - Le Premier ministre semble prendre au s\u00e9rieux la menace des syndicats, qui ont appel\u00e9, le jeudi 25 septembre, \u00e0 la mobilisation des travailleurs. Selon nos sources, il a pris, le vendredi 26 septembre, une note pour donner des instructions fermes \u00e0 ses ministres. Le Pacte national de stabilit\u00e9 sociale, pour une croissance inclusive [&hellip;]","og_url":"https:\/\/www.nettali.com\/2025\/09\/27\/front-social-le-pm-secoue-ses-hommes\/","og_site_name":"Nettali.com","article_publisher":"https:\/\/www.facebook.com\/nettalicom","article_published_time":"2025-09-27T09:23:38+00:00","article_modified_time":"2025-09-27T09:52:45+00:00","og_image":[{"width":2048,"height":1364,"url":"https:\/\/www.nettali.com\/wp-content\/uploads\/2025\/09\/Ousmane-Sonko-Plan-de-redressement-economique-du-Senegal.jpg","type":"image\/jpeg"}],"twitter_card":"summary_large_image","twitter_misc":{"\u00c9crit par":"CK","Dur\u00e9e de lecture estim\u00e9e":"2 minutes"},"schema":{"@context":"https:\/\/schema.org","@graph":[{"@type":"WebSite","@id":"https:\/\/www.nettali.com\/#website","url":"https:\/\/www.nettali.com\/","name":"Nettali.com","description":"Le rendez-vous critique du Net","potentialAction":[{"@type":"SearchAction","target":{"@type":"EntryPoint","urlTemplate":"https:\/\/www.nettali.com\/?s={search_term_string}"},"query-input":"required name=search_term_string"}],"inLanguage":"fr-FR"},{"@type":"ImageObject","@id":"https:\/\/www.nettali.com\/2025\/09\/27\/front-social-le-pm-secoue-ses-hommes\/#primaryimage","inLanguage":"fr-FR","url":"https:\/\/www.nettali.com\/wp-content\/uploads\/2025\/09\/Ousmane-Sonko-Plan-de-redressement-economique-du-Senegal.jpg","contentUrl":"https:\/\/www.nettali.com\/wp-content\/uploads\/2025\/09\/Ousmane-Sonko-Plan-de-redressement-economique-du-Senegal.jpg","width":2048,"height":1364},{"@type":"WebPage","@id":"https:\/\/www.nettali.com\/2025\/09\/27\/front-social-le-pm-secoue-ses-hommes\/#webpage","url":"https:\/\/www.nettali.com\/2025\/09\/27\/front-social-le-pm-secoue-ses-hommes\/","name":"FRONT SOCIAL - Le PM secoue ses hommes | Nettali.com","isPartOf":{"@id":"https:\/\/www.nettali.com\/#website"},"primaryImageOfPage":{"@id":"https:\/\/www.nettali.com\/2025\/09\/27\/front-social-le-pm-secoue-ses-hommes\/#primaryimage"},"datePublished":"2025-09-27T09:23:38+00:00","dateModified":"2025-09-27T09:52:45+00:00","author":{"@id":"https:\/\/www.nettali.com\/#\/schema\/person\/d8ac7b7e27ddad43f1c0d2ef090d7f71"},"breadcrumb":{"@id":"https:\/\/www.nettali.com\/2025\/09\/27\/front-social-le-pm-secoue-ses-hommes\/#breadcrumb"},"inLanguage":"fr-FR","potentialAction":[{"@type":"ReadAction","target":["https:\/\/www.nettali.com\/2025\/09\/27\/front-social-le-pm-secoue-ses-hommes\/"]}]},{"@type":"BreadcrumbList","@id":"https:\/\/www.nettali.com\/2025\/09\/27\/front-social-le-pm-secoue-ses-hommes\/#breadcrumb","itemListElement":[{"@type":"ListItem","position":1,"name":"Accueil","item":"https:\/\/www.nettali.com\/"},{"@type":"ListItem","position":2,"name":"FRONT SOCIAL - Le PM secoue ses hommes"}]},{"@type":"Person","@id":"https:\/\/www.nettali.com\/#\/schema\/person\/d8ac7b7e27ddad43f1c0d2ef090d7f71","name":"CK","image":{"@type":"ImageObject","@id":"https:\/\/www.nettali.com\/#personlogo","inLanguage":"fr-FR","url":"https:\/\/secure.gravatar.com\/avatar\/1d8d5118b9327d94da7cd4ce7f17fec2?s=96&d=mm&r=g","contentUrl":"https:\/\/secure.gravatar.com\/avatar\/1d8d5118b9327d94da7cd4ce7f17fec2?s=96&d=mm&r=g","caption":"CK"},"sameAs":["https:\/\/www.nettali.com"]}]}},"_links":{"self":[{"href":"https:\/\/www.nettali.com\/rest\/wp\/v2\/posts\/161949"}],"collection":[{"href":"https:\/\/www.nettali.com\/rest\/wp\/v2\/posts"}],"about":[{"href":"https:\/\/www.nettali.com\/rest\/wp\/v2\/types\/post"}],"author":[{"embeddable":true,"href":"https:\/\/www.nettali.com\/rest\/wp\/v2\/users\/2"}],"replies":[{"embeddable":true,"href":"https:\/\/www.nettali.com\/rest\/wp\/v2\/comments?post=161949"}],"version-history":[{"count":1,"href":"https:\/\/www.nettali.com\/rest\/wp\/v2\/posts\/161949\/revisions"}],"predecessor-version":[{"id":161950,"href":"https:\/\/www.nettali.com\/rest\/wp\/v2\/posts\/161949\/revisions\/161950"}],"wp:featuredmedia":[{"embeddable":true,"href":"https:\/\/www.nettali.com\/rest\/wp\/v2\/media\/160564"}],"wp:attachment":[{"href":"https:\/\/www.nettali.com\/rest\/wp\/v2\/media?parent=161949"}],"wp:term":[{"taxonomy":"category","embeddable":true,"href":"https:\/\/www.nettali.com\/rest\/wp\/v2\/categories?post=161949"},{"taxonomy":"post_tag","embeddable":true,"href":"https:\/\/www.nettali.com\/rest\/wp\/v2\/tags?post=161949"}],"curies":[{"name":"wp","href":"https:\/\/api.w.org\/{rel}","templated":true}]}}