{"id":161933,"date":"2025-09-27T10:00:16","date_gmt":"2025-09-27T10:00:16","guid":{"rendered":"https:\/\/www.nettali.com\/?p=161933"},"modified":"2025-09-27T10:04:25","modified_gmt":"2025-09-27T10:04:25","slug":"psg-marquinhos-out-plusieurs-semaines","status":"publish","type":"post","link":"https:\/\/www.nettali.com\/2025\/09\/27\/psg-marquinhos-out-plusieurs-semaines\/","title":{"rendered":"PSG - Marquinhos out plusieurs semaines"},"content":{"rendered":"<p><strong>NETTALI.COM - Le capitaine du PSG Marquinhos ne s'est pas entra\u00een\u00e9 ce vendredi. Selon le point m\u00e9dical effectu\u00e9 par le club, le Br\u00e9silien est touch\u00e9 au quadriceps gauche et manquera deux \u00e0 trois semaines de comp\u00e9tition, donc le choc de Ligue des champions contre le FC Barcelone.<\/strong><\/p>\n<p>La liste des absents ne cesse de s'allonger pour le PSG. D\u00e9j\u00e0 priv\u00e9 de plusieurs \u00e9l\u00e9ments importants comme Joao Neves, D\u00e9sir\u00e9 Dou\u00e9 et Ousmane Demb\u00e9l\u00e9 qui poursuivent leur processus de r\u00e9\u00e9ducation, le club de la capitale a annonc\u00e9 ce vendredi 26 septembre que Marquinhos serait \u00e0 son tour absent.<\/p>\n<p>D'apr\u00e8s le point m\u00e9dical publi\u00e9 par Paris ce vendredi, le Br\u00e9silien est touch\u00e9 au quadriceps gauche et <em>\"restera en soins ces prochaines semaines\".<\/em> Il manquera ainsi le match de Ligue 1 contre Auxerre (samedi, 19h05) et surtout le choc de Ligue des champions contre le FC Barcelone (mercredi, 19 heures). Il pourrait faire son retour apr\u00e8s la tr\u00eave internationale (6-14 octobre).<\/p>\n<p>Depuis la reprise du PSG mi-ao\u00fbt lors de la Supercoupe d'Europe contre Tottenham, Marquinhos (31 ans) avait jou\u00e9 un peu plus de la moiti\u00e9 des matches de son \u00e9quipe (4 sur 7), \u00e0 chaque fois en tant que titulaire. Le capitaine parisien avait notamment \u00e9t\u00e9 align\u00e9 d'entr\u00e9e lundi, lors du Classique perdu \u00e0 Marseille (0-1) et mi-septembre pour le premier match de Ligue des champions contre l'Atalanta Bergame (4-0) lors duquel il avait ouvert le score.<\/p>\n<div class='share-to-whatsapp-wrapper'><div class='share-on-whsp'>PARTAGER SUR : <\/div><a data-text='PSG - Marquinhos out plusieurs semaines' data-link='https:\/\/www.nettali.com\/2025\/09\/27\/psg-marquinhos-out-plusieurs-semaines\/' class='whatsapp-button whatsapp-share'>WhatsApp<\/a><div class='clear '><\/div><\/div>","protected":false},"excerpt":{"rendered":"<p>NETTALI.COM - Le capitaine du PSG Marquinhos ne s'est pas entra\u00een\u00e9 ce vendredi. Selon le point m\u00e9dical effectu\u00e9 par le club, le Br\u00e9silien est touch\u00e9 au quadriceps gauche et manquera deux \u00e0 trois semaines de comp\u00e9tition, donc le choc de Ligue des champions contre le FC Barcelone. La liste des absents ne cesse de s'allonger [&hellip;]<\/p>\n","protected":false},"author":5,"featured_media":161934,"comment_status":"open","ping_status":"open","sticky":false,"template":"","format":"standard","meta":{"_et_pb_use_builder":"","_et_pb_old_content":""},"categories":[6],"tags":[],"yoast_head":"<!-- This site is optimized with the Yoast SEO Premium plugin v17.8 (Yoast SEO v17.8) - https:\/\/yoast.com\/wordpress\/plugins\/seo\/ -->\n<title>PSG - Marquinhos out plusieurs semaines | Nettali.com<\/title>\n<meta name=\"robots\" content=\"index, follow, max-snippet:-1, max-image-preview:large, max-video-preview:-1\" \/>\n<link rel=\"canonical\" href=\"https:\/\/www.nettali.com\/2025\/09\/27\/psg-marquinhos-out-plusieurs-semaines\/\" \/>\n<meta property=\"og:locale\" content=\"fr_FR\" \/>\n<meta property=\"og:type\" content=\"article\" \/>\n<meta property=\"og:title\" content=\"PSG - Marquinhos out plusieurs semaines\" \/>\n<meta property=\"og:description\" content=\"NETTALI.COM - Le capitaine du PSG Marquinhos ne s&#039;est pas entra\u00een\u00e9 ce vendredi. Selon le point m\u00e9dical effectu\u00e9 par le club, le Br\u00e9silien est touch\u00e9 au quadriceps gauche et manquera deux \u00e0 trois semaines de comp\u00e9tition, donc le choc de Ligue des champions contre le FC Barcelone. La liste des absents ne cesse de s&#039;allonger [&hellip;]\" \/>\n<meta property=\"og:url\" content=\"https:\/\/www.nettali.com\/2025\/09\/27\/psg-marquinhos-out-plusieurs-semaines\/\" \/>\n<meta property=\"og:site_name\" content=\"Nettali.com\" \/>\n<meta property=\"article:publisher\" content=\"https:\/\/www.facebook.com\/nettalicom\" \/>\n<meta property=\"article:published_time\" content=\"2025-09-27T10:00:16+00:00\" \/>\n<meta property=\"article:modified_time\" content=\"2025-09-27T10:04:25+00:00\" \/>\n<meta property=\"og:image\" content=\"https:\/\/www.nettali.com\/wp-content\/uploads\/2025\/09\/01k1jbz7f3rt0cxth4jy.jpeg\" \/>\n\t<meta property=\"og:image:width\" content=\"720\" \/>\n\t<meta property=\"og:image:height\" content=\"405\" \/>\n<meta name=\"twitter:card\" content=\"summary_large_image\" \/>\n<meta name=\"twitter:label1\" content=\"\u00c9crit par\" \/>\n\t<meta name=\"twitter:data1\" content=\"Ibrahima\" \/>\n\t<meta name=\"twitter:label2\" content=\"Dur\u00e9e de lecture estim\u00e9e\" \/>\n\t<meta name=\"twitter:data2\" content=\"2 minutes\" \/>\n<script type=\"application\/ld+json\" class=\"yoast-schema-graph\">{\"@context\":\"https:\/\/schema.org\",\"@graph\":[{\"@type\":\"WebSite\",\"@id\":\"https:\/\/www.nettali.com\/#website\",\"url\":\"https:\/\/www.nettali.com\/\",\"name\":\"Nettali.com\",\"description\":\"Le rendez-vous critique du Net\",\"potentialAction\":[{\"@type\":\"SearchAction\",\"target\":{\"@type\":\"EntryPoint\",\"urlTemplate\":\"https:\/\/www.nettali.com\/?s={search_term_string}\"},\"query-input\":\"required name=search_term_string\"}],\"inLanguage\":\"fr-FR\"},{\"@type\":\"ImageObject\",\"@id\":\"https:\/\/www.nettali.com\/2025\/09\/27\/psg-marquinhos-out-plusieurs-semaines\/#primaryimage\",\"inLanguage\":\"fr-FR\",\"url\":\"https:\/\/www.nettali.com\/wp-content\/uploads\/2025\/09\/01k1jbz7f3rt0cxth4jy.jpeg\",\"contentUrl\":\"https:\/\/www.nettali.com\/wp-content\/uploads\/2025\/09\/01k1jbz7f3rt0cxth4jy.jpeg\",\"width\":720,\"height\":405},{\"@type\":\"WebPage\",\"@id\":\"https:\/\/www.nettali.com\/2025\/09\/27\/psg-marquinhos-out-plusieurs-semaines\/#webpage\",\"url\":\"https:\/\/www.nettali.com\/2025\/09\/27\/psg-marquinhos-out-plusieurs-semaines\/\",\"name\":\"PSG - Marquinhos out plusieurs semaines | Nettali.com\",\"isPartOf\":{\"@id\":\"https:\/\/www.nettali.com\/#website\"},\"primaryImageOfPage\":{\"@id\":\"https:\/\/www.nettali.com\/2025\/09\/27\/psg-marquinhos-out-plusieurs-semaines\/#primaryimage\"},\"datePublished\":\"2025-09-27T10:00:16+00:00\",\"dateModified\":\"2025-09-27T10:04:25+00:00\",\"author\":{\"@id\":\"https:\/\/www.nettali.com\/#\/schema\/person\/bb147657c2986240405a608162b9bb23\"},\"breadcrumb\":{\"@id\":\"https:\/\/www.nettali.com\/2025\/09\/27\/psg-marquinhos-out-plusieurs-semaines\/#breadcrumb\"},\"inLanguage\":\"fr-FR\",\"potentialAction\":[{\"@type\":\"ReadAction\",\"target\":[\"https:\/\/www.nettali.com\/2025\/09\/27\/psg-marquinhos-out-plusieurs-semaines\/\"]}]},{\"@type\":\"BreadcrumbList\",\"@id\":\"https:\/\/www.nettali.com\/2025\/09\/27\/psg-marquinhos-out-plusieurs-semaines\/#breadcrumb\",\"itemListElement\":[{\"@type\":\"ListItem\",\"position\":1,\"name\":\"Accueil\",\"item\":\"https:\/\/www.nettali.com\/\"},{\"@type\":\"ListItem\",\"position\":2,\"name\":\"PSG - Marquinhos out plusieurs semaines\"}]},{\"@type\":\"Person\",\"@id\":\"https:\/\/www.nettali.com\/#\/schema\/person\/bb147657c2986240405a608162b9bb23\",\"name\":\"Ibrahima\",\"image\":{\"@type\":\"ImageObject\",\"@id\":\"https:\/\/www.nettali.com\/#personlogo\",\"inLanguage\":\"fr-FR\",\"url\":\"https:\/\/secure.gravatar.com\/avatar\/26a8a81f09f0dd7624c9d5c36c9ba3a2?s=96&d=mm&r=g\",\"contentUrl\":\"https:\/\/secure.gravatar.com\/avatar\/26a8a81f09f0dd7624c9d5c36c9ba3a2?s=96&d=mm&r=g\",\"caption\":\"Ibrahima\"},\"sameAs\":[\"https:\/\/www.nettali.com\"]}]}<\/script>\n<!-- \/ Yoast SEO Premium plugin. -->","yoast_head_json":{"title":"PSG - Marquinhos out plusieurs semaines | Nettali.com","robots":{"index":"index","follow":"follow","max-snippet":"max-snippet:-1","max-image-preview":"max-image-preview:large","max-video-preview":"max-video-preview:-1"},"canonical":"https:\/\/www.nettali.com\/2025\/09\/27\/psg-marquinhos-out-plusieurs-semaines\/","og_locale":"fr_FR","og_type":"article","og_title":"PSG - Marquinhos out plusieurs semaines","og_description":"NETTALI.COM - Le capitaine du PSG Marquinhos ne s'est pas entra\u00een\u00e9 ce vendredi. Selon le point m\u00e9dical effectu\u00e9 par le club, le Br\u00e9silien est touch\u00e9 au quadriceps gauche et manquera deux \u00e0 trois semaines de comp\u00e9tition, donc le choc de Ligue des champions contre le FC Barcelone. La liste des absents ne cesse de s'allonger [&hellip;]","og_url":"https:\/\/www.nettali.com\/2025\/09\/27\/psg-marquinhos-out-plusieurs-semaines\/","og_site_name":"Nettali.com","article_publisher":"https:\/\/www.facebook.com\/nettalicom","article_published_time":"2025-09-27T10:00:16+00:00","article_modified_time":"2025-09-27T10:04:25+00:00","og_image":[{"width":720,"height":405,"url":"https:\/\/www.nettali.com\/wp-content\/uploads\/2025\/09\/01k1jbz7f3rt0cxth4jy.jpeg","type":"image\/jpeg"}],"twitter_card":"summary_large_image","twitter_misc":{"\u00c9crit par":"Ibrahima","Dur\u00e9e de lecture estim\u00e9e":"2 minutes"},"schema":{"@context":"https:\/\/schema.org","@graph":[{"@type":"WebSite","@id":"https:\/\/www.nettali.com\/#website","url":"https:\/\/www.nettali.com\/","name":"Nettali.com","description":"Le rendez-vous critique du Net","potentialAction":[{"@type":"SearchAction","target":{"@type":"EntryPoint","urlTemplate":"https:\/\/www.nettali.com\/?s={search_term_string}"},"query-input":"required name=search_term_string"}],"inLanguage":"fr-FR"},{"@type":"ImageObject","@id":"https:\/\/www.nettali.com\/2025\/09\/27\/psg-marquinhos-out-plusieurs-semaines\/#primaryimage","inLanguage":"fr-FR","url":"https:\/\/www.nettali.com\/wp-content\/uploads\/2025\/09\/01k1jbz7f3rt0cxth4jy.jpeg","contentUrl":"https:\/\/www.nettali.com\/wp-content\/uploads\/2025\/09\/01k1jbz7f3rt0cxth4jy.jpeg","width":720,"height":405},{"@type":"WebPage","@id":"https:\/\/www.nettali.com\/2025\/09\/27\/psg-marquinhos-out-plusieurs-semaines\/#webpage","url":"https:\/\/www.nettali.com\/2025\/09\/27\/psg-marquinhos-out-plusieurs-semaines\/","name":"PSG - Marquinhos out plusieurs semaines | Nettali.com","isPartOf":{"@id":"https:\/\/www.nettali.com\/#website"},"primaryImageOfPage":{"@id":"https:\/\/www.nettali.com\/2025\/09\/27\/psg-marquinhos-out-plusieurs-semaines\/#primaryimage"},"datePublished":"2025-09-27T10:00:16+00:00","dateModified":"2025-09-27T10:04:25+00:00","author":{"@id":"https:\/\/www.nettali.com\/#\/schema\/person\/bb147657c2986240405a608162b9bb23"},"breadcrumb":{"@id":"https:\/\/www.nettali.com\/2025\/09\/27\/psg-marquinhos-out-plusieurs-semaines\/#breadcrumb"},"inLanguage":"fr-FR","potentialAction":[{"@type":"ReadAction","target":["https:\/\/www.nettali.com\/2025\/09\/27\/psg-marquinhos-out-plusieurs-semaines\/"]}]},{"@type":"BreadcrumbList","@id":"https:\/\/www.nettali.com\/2025\/09\/27\/psg-marquinhos-out-plusieurs-semaines\/#breadcrumb","itemListElement":[{"@type":"ListItem","position":1,"name":"Accueil","item":"https:\/\/www.nettali.com\/"},{"@type":"ListItem","position":2,"name":"PSG - Marquinhos out plusieurs semaines"}]},{"@type":"Person","@id":"https:\/\/www.nettali.com\/#\/schema\/person\/bb147657c2986240405a608162b9bb23","name":"Ibrahima","image":{"@type":"ImageObject","@id":"https:\/\/www.nettali.com\/#personlogo","inLanguage":"fr-FR","url":"https:\/\/secure.gravatar.com\/avatar\/26a8a81f09f0dd7624c9d5c36c9ba3a2?s=96&d=mm&r=g","contentUrl":"https:\/\/secure.gravatar.com\/avatar\/26a8a81f09f0dd7624c9d5c36c9ba3a2?s=96&d=mm&r=g","caption":"Ibrahima"},"sameAs":["https:\/\/www.nettali.com"]}]}},"_links":{"self":[{"href":"https:\/\/www.nettali.com\/rest\/wp\/v2\/posts\/161933"}],"collection":[{"href":"https:\/\/www.nettali.com\/rest\/wp\/v2\/posts"}],"about":[{"href":"https:\/\/www.nettali.com\/rest\/wp\/v2\/types\/post"}],"author":[{"embeddable":true,"href":"https:\/\/www.nettali.com\/rest\/wp\/v2\/users\/5"}],"replies":[{"embeddable":true,"href":"https:\/\/www.nettali.com\/rest\/wp\/v2\/comments?post=161933"}],"version-history":[{"count":3,"href":"https:\/\/www.nettali.com\/rest\/wp\/v2\/posts\/161933\/revisions"}],"predecessor-version":[{"id":161940,"href":"https:\/\/www.nettali.com\/rest\/wp\/v2\/posts\/161933\/revisions\/161940"}],"wp:featuredmedia":[{"embeddable":true,"href":"https:\/\/www.nettali.com\/rest\/wp\/v2\/media\/161934"}],"wp:attachment":[{"href":"https:\/\/www.nettali.com\/rest\/wp\/v2\/media?parent=161933"}],"wp:term":[{"taxonomy":"category","embeddable":true,"href":"https:\/\/www.nettali.com\/rest\/wp\/v2\/categories?post=161933"},{"taxonomy":"post_tag","embeddable":true,"href":"https:\/\/www.nettali.com\/rest\/wp\/v2\/tags?post=161933"}],"curies":[{"name":"wp","href":"https:\/\/api.w.org\/{rel}","templated":true}]}}