{"id":161916,"date":"2025-09-27T11:00:58","date_gmt":"2025-09-27T11:00:58","guid":{"rendered":"https:\/\/www.nettali.com\/?p=161916"},"modified":"2025-09-27T09:01:29","modified_gmt":"2025-09-27T09:01:29","slug":"kaolack-un-deficit-de-396-enseignants-a-combler-avant-la-rentree-scolaire","status":"publish","type":"post","link":"https:\/\/www.nettali.com\/2025\/09\/27\/kaolack-un-deficit-de-396-enseignants-a-combler-avant-la-rentree-scolaire\/","title":{"rendered":"KAOLACK - Un d\u00e9ficit de 396 enseignants \u00e0 combler avant la rentr\u00e9e scolaire"},"content":{"rendered":"<p>\u200e<strong>NETTALI.COM - \u00c0 quelques jours de la rentr\u00e9e des classes, l\u2019Inspection d\u2019Acad\u00e9mie de Kaolack fait face \u00e0 un manque criard d\u2019enseignants. Le gouverneur Mouhamadou Moctar Watt a r\u00e9v\u00e9l\u00e9 que 396 postes restent \u00e0 pourvoir, malgr\u00e9 les efforts de recrutement d\u00e9ploy\u00e9s par l\u2019\u00c9tat.<\/strong><\/p>\n<p>\u200e\u00c0 l\u2019occasion de la r\u00e9union du Comit\u00e9 R\u00e9gional de D\u00e9veloppement (CRD) pr\u00e9paratoire \u00e0 la rentr\u00e9e scolaire, le gouverneur de Kaolack, Mouhamadou Moctar Watt a dress\u00e9 un tableau pr\u00e9occupant de la situation \u00e9ducative dans la r\u00e9gion. Selon lui, l\u2019Inspection d\u2019Acad\u00e9mie enregistre un d\u00e9ficit global de 396 enseignants, dont 276 pour le pr\u00e9scolaire et l\u2019\u00e9l\u00e9mentaire et 120 pour le moyen secondaire.<\/p>\n<p>\u200e\u00ab <em>Nous avons un d\u00e9ficit de 276 enseignants pour le pr\u00e9scolaire et l\u2019\u00e9l\u00e9mentaire. Et pour ce qui est du moyen secondaire, ce d\u00e9ficit s\u2019\u00e9tablit \u00e0 120 enseignants<\/em> \u00bb, a-t-il indiqu\u00e9, jeudi 25 septembre, lors de cette rencontre pr\u00e9paratoire.<\/p>\n<p>\u200ePour att\u00e9nuer ce manque, des mesures d\u2019adaptation sont envisag\u00e9es. Parmi elles figurent la r\u00e9affectation de certains chefs d\u2019\u00e9tablissement vers les salles de classe ainsi que le recours aux classes multigrades. \u00ab <em>Dans un premier temps, nous avons rendu compte \u00e0 la hi\u00e9rarchie nationale. Mais, au niveau r\u00e9gional, nous pouvons obliger certains chefs d\u2019\u00e9tablissement \u00e0 retourner en classe pour r\u00e9sorber v\u00e9ritablement ce d\u00e9ficit<\/em> \u00bb, a pr\u00e9cis\u00e9 le gouverneur.<\/p>\n<p>\u200eMalgr\u00e9 un effort exceptionnel de recrutement de pr\u00e8s de 2 000 enseignants par l\u2019\u00c9tat, le probl\u00e8me persiste. \u00c0 cela s\u2019ajoutent d\u2019autres difficult\u00e9s mat\u00e9rielles : 39 \u00e9tablissements scolaires sont actuellement inond\u00e9s dans la r\u00e9gion, dont 29 \u00e0 Kaolack. Des op\u00e9rations de pompage sont pr\u00e9vues pour permettre la reprise normale des cours.<\/p>\n<p>\u200ePar ailleurs, le gouverneur a attir\u00e9 l\u2019attention sur le manque de tables-bancs, estim\u00e9 \u00e0 17 476 unit\u00e9s. Sur ce point, il a sollicit\u00e9 l\u2019appui de la Chambre des M\u00e9tiers et des artisans afin d\u2019assurer la r\u00e9habilitation et la r\u00e9paration du mobilier endommag\u00e9.<\/p>\n<p>\u200eDans un contexte marqu\u00e9 par l\u2019apparition r\u00e9cente de la maladie de Mpox au S\u00e9n\u00e9gal, M. Watt a aussi appel\u00e9 les enseignants \u00e0 int\u00e9grer, d\u00e8s la rentr\u00e9e, une le\u00e7on de vie sur la sant\u00e9. Objectif : faire de chaque \u00e9l\u00e8ve un relais d\u2019information et de sensibilisation aupr\u00e8s de sa famille.<\/p>\n<div class='share-to-whatsapp-wrapper'><div class='share-on-whsp'>PARTAGER SUR : <\/div><a data-text='KAOLACK - Un d\u00e9ficit de 396 enseignants \u00e0 combler avant la rentr\u00e9e scolaire' data-link='https:\/\/www.nettali.com\/2025\/09\/27\/kaolack-un-deficit-de-396-enseignants-a-combler-avant-la-rentree-scolaire\/' class='whatsapp-button whatsapp-share'>WhatsApp<\/a><div class='clear '><\/div><\/div>","protected":false},"excerpt":{"rendered":"<p>\u200eNETTALI.COM - \u00c0 quelques jours de la rentr\u00e9e des classes, l\u2019Inspection d\u2019Acad\u00e9mie de Kaolack fait face \u00e0 un manque criard d\u2019enseignants. Le gouverneur Mouhamadou Moctar Watt a r\u00e9v\u00e9l\u00e9 que 396 postes restent \u00e0 pourvoir, malgr\u00e9 les efforts de recrutement d\u00e9ploy\u00e9s par l\u2019\u00c9tat. \u200e\u00c0 l\u2019occasion de la r\u00e9union du Comit\u00e9 R\u00e9gional de D\u00e9veloppement (CRD) pr\u00e9paratoire \u00e0 [&hellip;]<\/p>\n","protected":false},"author":6,"featured_media":39273,"comment_status":"open","ping_status":"open","sticky":false,"template":"","format":"standard","meta":{"_et_pb_use_builder":"","_et_pb_old_content":""},"categories":[3],"tags":[],"yoast_head":"<!-- This site is optimized with the Yoast SEO Premium plugin v17.8 (Yoast SEO v17.8) - https:\/\/yoast.com\/wordpress\/plugins\/seo\/ -->\n<title>KAOLACK - Un d\u00e9ficit de 396 enseignants \u00e0 combler avant la rentr\u00e9e scolaire | Nettali.com<\/title>\n<meta name=\"robots\" content=\"index, follow, max-snippet:-1, max-image-preview:large, max-video-preview:-1\" \/>\n<link rel=\"canonical\" href=\"https:\/\/www.nettali.com\/2025\/09\/27\/kaolack-un-deficit-de-396-enseignants-a-combler-avant-la-rentree-scolaire\/\" \/>\n<meta property=\"og:locale\" content=\"fr_FR\" \/>\n<meta property=\"og:type\" content=\"article\" \/>\n<meta property=\"og:title\" content=\"KAOLACK - Un d\u00e9ficit de 396 enseignants \u00e0 combler avant la rentr\u00e9e scolaire\" \/>\n<meta property=\"og:description\" content=\"\u200eNETTALI.COM - \u00c0 quelques jours de la rentr\u00e9e des classes, l\u2019Inspection d\u2019Acad\u00e9mie de Kaolack fait face \u00e0 un manque criard d\u2019enseignants. Le gouverneur Mouhamadou Moctar Watt a r\u00e9v\u00e9l\u00e9 que 396 postes restent \u00e0 pourvoir, malgr\u00e9 les efforts de recrutement d\u00e9ploy\u00e9s par l\u2019\u00c9tat. \u200e\u00c0 l\u2019occasion de la r\u00e9union du Comit\u00e9 R\u00e9gional de D\u00e9veloppement (CRD) pr\u00e9paratoire \u00e0 [&hellip;]\" \/>\n<meta property=\"og:url\" content=\"https:\/\/www.nettali.com\/2025\/09\/27\/kaolack-un-deficit-de-396-enseignants-a-combler-avant-la-rentree-scolaire\/\" \/>\n<meta property=\"og:site_name\" content=\"Nettali.com\" \/>\n<meta property=\"article:publisher\" content=\"https:\/\/www.facebook.com\/nettalicom\" \/>\n<meta property=\"article:published_time\" content=\"2025-09-27T11:00:58+00:00\" \/>\n<meta property=\"article:modified_time\" content=\"2025-09-27T09:01:29+00:00\" \/>\n<meta property=\"og:image\" content=\"https:\/\/www.nettali.com\/wp-content\/uploads\/2020\/06\/l-ecole-de-mbouleme-au-senegal-avec-des-salles-de-classe-encore-en-paille-et-la-premiere-a-etre-realisee-en-dur-en-2019-1578674888.jpg\" \/>\n\t<meta property=\"og:image:width\" content=\"1000\" \/>\n\t<meta property=\"og:image:height\" content=\"766\" \/>\n<meta name=\"twitter:card\" content=\"summary_large_image\" \/>\n<meta name=\"twitter:label1\" content=\"\u00c9crit par\" \/>\n\t<meta name=\"twitter:data1\" content=\"Fatou\" \/>\n\t<meta name=\"twitter:label2\" content=\"Dur\u00e9e de lecture estim\u00e9e\" \/>\n\t<meta name=\"twitter:data2\" content=\"2 minutes\" \/>\n<script type=\"application\/ld+json\" class=\"yoast-schema-graph\">{\"@context\":\"https:\/\/schema.org\",\"@graph\":[{\"@type\":\"WebSite\",\"@id\":\"https:\/\/www.nettali.com\/#website\",\"url\":\"https:\/\/www.nettali.com\/\",\"name\":\"Nettali.com\",\"description\":\"Le rendez-vous critique du Net\",\"potentialAction\":[{\"@type\":\"SearchAction\",\"target\":{\"@type\":\"EntryPoint\",\"urlTemplate\":\"https:\/\/www.nettali.com\/?s={search_term_string}\"},\"query-input\":\"required name=search_term_string\"}],\"inLanguage\":\"fr-FR\"},{\"@type\":\"ImageObject\",\"@id\":\"https:\/\/www.nettali.com\/2025\/09\/27\/kaolack-un-deficit-de-396-enseignants-a-combler-avant-la-rentree-scolaire\/#primaryimage\",\"inLanguage\":\"fr-FR\",\"url\":\"https:\/\/www.nettali.com\/wp-content\/uploads\/2020\/06\/l-ecole-de-mbouleme-au-senegal-avec-des-salles-de-classe-encore-en-paille-et-la-premiere-a-etre-realisee-en-dur-en-2019-1578674888.jpg\",\"contentUrl\":\"https:\/\/www.nettali.com\/wp-content\/uploads\/2020\/06\/l-ecole-de-mbouleme-au-senegal-avec-des-salles-de-classe-encore-en-paille-et-la-premiere-a-etre-realisee-en-dur-en-2019-1578674888.jpg\",\"width\":1000,\"height\":766},{\"@type\":\"WebPage\",\"@id\":\"https:\/\/www.nettali.com\/2025\/09\/27\/kaolack-un-deficit-de-396-enseignants-a-combler-avant-la-rentree-scolaire\/#webpage\",\"url\":\"https:\/\/www.nettali.com\/2025\/09\/27\/kaolack-un-deficit-de-396-enseignants-a-combler-avant-la-rentree-scolaire\/\",\"name\":\"KAOLACK - Un d\\u00e9ficit de 396 enseignants \\u00e0 combler avant la rentr\\u00e9e scolaire | Nettali.com\",\"isPartOf\":{\"@id\":\"https:\/\/www.nettali.com\/#website\"},\"primaryImageOfPage\":{\"@id\":\"https:\/\/www.nettali.com\/2025\/09\/27\/kaolack-un-deficit-de-396-enseignants-a-combler-avant-la-rentree-scolaire\/#primaryimage\"},\"datePublished\":\"2025-09-27T11:00:58+00:00\",\"dateModified\":\"2025-09-27T09:01:29+00:00\",\"author\":{\"@id\":\"https:\/\/www.nettali.com\/#\/schema\/person\/418274a86bdf87caff7a3ef476bd0bbf\"},\"breadcrumb\":{\"@id\":\"https:\/\/www.nettali.com\/2025\/09\/27\/kaolack-un-deficit-de-396-enseignants-a-combler-avant-la-rentree-scolaire\/#breadcrumb\"},\"inLanguage\":\"fr-FR\",\"potentialAction\":[{\"@type\":\"ReadAction\",\"target\":[\"https:\/\/www.nettali.com\/2025\/09\/27\/kaolack-un-deficit-de-396-enseignants-a-combler-avant-la-rentree-scolaire\/\"]}]},{\"@type\":\"BreadcrumbList\",\"@id\":\"https:\/\/www.nettali.com\/2025\/09\/27\/kaolack-un-deficit-de-396-enseignants-a-combler-avant-la-rentree-scolaire\/#breadcrumb\",\"itemListElement\":[{\"@type\":\"ListItem\",\"position\":1,\"name\":\"Accueil\",\"item\":\"https:\/\/www.nettali.com\/\"},{\"@type\":\"ListItem\",\"position\":2,\"name\":\"KAOLACK - Un d\\u00e9ficit de 396 enseignants \\u00e0 combler avant la rentr\\u00e9e scolaire\"}]},{\"@type\":\"Person\",\"@id\":\"https:\/\/www.nettali.com\/#\/schema\/person\/418274a86bdf87caff7a3ef476bd0bbf\",\"name\":\"Fatou\",\"image\":{\"@type\":\"ImageObject\",\"@id\":\"https:\/\/www.nettali.com\/#personlogo\",\"inLanguage\":\"fr-FR\",\"url\":\"https:\/\/secure.gravatar.com\/avatar\/5a9442a2bee7b4dcf167cab035858e9a?s=96&d=mm&r=g\",\"contentUrl\":\"https:\/\/secure.gravatar.com\/avatar\/5a9442a2bee7b4dcf167cab035858e9a?s=96&d=mm&r=g\",\"caption\":\"Fatou\"},\"sameAs\":[\"https:\/\/www.nettali.com\"]}]}<\/script>\n<!-- \/ Yoast SEO Premium plugin. -->","yoast_head_json":{"title":"KAOLACK - Un d\u00e9ficit de 396 enseignants \u00e0 combler avant la rentr\u00e9e scolaire | Nettali.com","robots":{"index":"index","follow":"follow","max-snippet":"max-snippet:-1","max-image-preview":"max-image-preview:large","max-video-preview":"max-video-preview:-1"},"canonical":"https:\/\/www.nettali.com\/2025\/09\/27\/kaolack-un-deficit-de-396-enseignants-a-combler-avant-la-rentree-scolaire\/","og_locale":"fr_FR","og_type":"article","og_title":"KAOLACK - Un d\u00e9ficit de 396 enseignants \u00e0 combler avant la rentr\u00e9e scolaire","og_description":"\u200eNETTALI.COM - \u00c0 quelques jours de la rentr\u00e9e des classes, l\u2019Inspection d\u2019Acad\u00e9mie de Kaolack fait face \u00e0 un manque criard d\u2019enseignants. Le gouverneur Mouhamadou Moctar Watt a r\u00e9v\u00e9l\u00e9 que 396 postes restent \u00e0 pourvoir, malgr\u00e9 les efforts de recrutement d\u00e9ploy\u00e9s par l\u2019\u00c9tat. \u200e\u00c0 l\u2019occasion de la r\u00e9union du Comit\u00e9 R\u00e9gional de D\u00e9veloppement (CRD) pr\u00e9paratoire \u00e0 [&hellip;]","og_url":"https:\/\/www.nettali.com\/2025\/09\/27\/kaolack-un-deficit-de-396-enseignants-a-combler-avant-la-rentree-scolaire\/","og_site_name":"Nettali.com","article_publisher":"https:\/\/www.facebook.com\/nettalicom","article_published_time":"2025-09-27T11:00:58+00:00","article_modified_time":"2025-09-27T09:01:29+00:00","og_image":[{"width":1000,"height":766,"url":"https:\/\/www.nettali.com\/wp-content\/uploads\/2020\/06\/l-ecole-de-mbouleme-au-senegal-avec-des-salles-de-classe-encore-en-paille-et-la-premiere-a-etre-realisee-en-dur-en-2019-1578674888.jpg","type":"image\/jpeg"}],"twitter_card":"summary_large_image","twitter_misc":{"\u00c9crit par":"Fatou","Dur\u00e9e de lecture estim\u00e9e":"2 minutes"},"schema":{"@context":"https:\/\/schema.org","@graph":[{"@type":"WebSite","@id":"https:\/\/www.nettali.com\/#website","url":"https:\/\/www.nettali.com\/","name":"Nettali.com","description":"Le rendez-vous critique du Net","potentialAction":[{"@type":"SearchAction","target":{"@type":"EntryPoint","urlTemplate":"https:\/\/www.nettali.com\/?s={search_term_string}"},"query-input":"required name=search_term_string"}],"inLanguage":"fr-FR"},{"@type":"ImageObject","@id":"https:\/\/www.nettali.com\/2025\/09\/27\/kaolack-un-deficit-de-396-enseignants-a-combler-avant-la-rentree-scolaire\/#primaryimage","inLanguage":"fr-FR","url":"https:\/\/www.nettali.com\/wp-content\/uploads\/2020\/06\/l-ecole-de-mbouleme-au-senegal-avec-des-salles-de-classe-encore-en-paille-et-la-premiere-a-etre-realisee-en-dur-en-2019-1578674888.jpg","contentUrl":"https:\/\/www.nettali.com\/wp-content\/uploads\/2020\/06\/l-ecole-de-mbouleme-au-senegal-avec-des-salles-de-classe-encore-en-paille-et-la-premiere-a-etre-realisee-en-dur-en-2019-1578674888.jpg","width":1000,"height":766},{"@type":"WebPage","@id":"https:\/\/www.nettali.com\/2025\/09\/27\/kaolack-un-deficit-de-396-enseignants-a-combler-avant-la-rentree-scolaire\/#webpage","url":"https:\/\/www.nettali.com\/2025\/09\/27\/kaolack-un-deficit-de-396-enseignants-a-combler-avant-la-rentree-scolaire\/","name":"KAOLACK - Un d\u00e9ficit de 396 enseignants \u00e0 combler avant la rentr\u00e9e scolaire | Nettali.com","isPartOf":{"@id":"https:\/\/www.nettali.com\/#website"},"primaryImageOfPage":{"@id":"https:\/\/www.nettali.com\/2025\/09\/27\/kaolack-un-deficit-de-396-enseignants-a-combler-avant-la-rentree-scolaire\/#primaryimage"},"datePublished":"2025-09-27T11:00:58+00:00","dateModified":"2025-09-27T09:01:29+00:00","author":{"@id":"https:\/\/www.nettali.com\/#\/schema\/person\/418274a86bdf87caff7a3ef476bd0bbf"},"breadcrumb":{"@id":"https:\/\/www.nettali.com\/2025\/09\/27\/kaolack-un-deficit-de-396-enseignants-a-combler-avant-la-rentree-scolaire\/#breadcrumb"},"inLanguage":"fr-FR","potentialAction":[{"@type":"ReadAction","target":["https:\/\/www.nettali.com\/2025\/09\/27\/kaolack-un-deficit-de-396-enseignants-a-combler-avant-la-rentree-scolaire\/"]}]},{"@type":"BreadcrumbList","@id":"https:\/\/www.nettali.com\/2025\/09\/27\/kaolack-un-deficit-de-396-enseignants-a-combler-avant-la-rentree-scolaire\/#breadcrumb","itemListElement":[{"@type":"ListItem","position":1,"name":"Accueil","item":"https:\/\/www.nettali.com\/"},{"@type":"ListItem","position":2,"name":"KAOLACK - Un d\u00e9ficit de 396 enseignants \u00e0 combler avant la rentr\u00e9e scolaire"}]},{"@type":"Person","@id":"https:\/\/www.nettali.com\/#\/schema\/person\/418274a86bdf87caff7a3ef476bd0bbf","name":"Fatou","image":{"@type":"ImageObject","@id":"https:\/\/www.nettali.com\/#personlogo","inLanguage":"fr-FR","url":"https:\/\/secure.gravatar.com\/avatar\/5a9442a2bee7b4dcf167cab035858e9a?s=96&d=mm&r=g","contentUrl":"https:\/\/secure.gravatar.com\/avatar\/5a9442a2bee7b4dcf167cab035858e9a?s=96&d=mm&r=g","caption":"Fatou"},"sameAs":["https:\/\/www.nettali.com"]}]}},"_links":{"self":[{"href":"https:\/\/www.nettali.com\/rest\/wp\/v2\/posts\/161916"}],"collection":[{"href":"https:\/\/www.nettali.com\/rest\/wp\/v2\/posts"}],"about":[{"href":"https:\/\/www.nettali.com\/rest\/wp\/v2\/types\/post"}],"author":[{"embeddable":true,"href":"https:\/\/www.nettali.com\/rest\/wp\/v2\/users\/6"}],"replies":[{"embeddable":true,"href":"https:\/\/www.nettali.com\/rest\/wp\/v2\/comments?post=161916"}],"version-history":[{"count":3,"href":"https:\/\/www.nettali.com\/rest\/wp\/v2\/posts\/161916\/revisions"}],"predecessor-version":[{"id":161938,"href":"https:\/\/www.nettali.com\/rest\/wp\/v2\/posts\/161916\/revisions\/161938"}],"wp:featuredmedia":[{"embeddable":true,"href":"https:\/\/www.nettali.com\/rest\/wp\/v2\/media\/39273"}],"wp:attachment":[{"href":"https:\/\/www.nettali.com\/rest\/wp\/v2\/media?parent=161916"}],"wp:term":[{"taxonomy":"category","embeddable":true,"href":"https:\/\/www.nettali.com\/rest\/wp\/v2\/categories?post=161916"},{"taxonomy":"post_tag","embeddable":true,"href":"https:\/\/www.nettali.com\/rest\/wp\/v2\/tags?post=161916"}],"curies":[{"name":"wp","href":"https:\/\/api.w.org\/{rel}","templated":true}]}}